{"id":461299,"date":"2026-04-29T14:33:05","date_gmt":"2026-04-29T17:33:05","guid":{"rendered":"https:\/\/portaltela.pt\/noticias\/2026\/04\/29\/portugal-tem-atingido-niveis-historicos-de-empregabilidade-diz-montenegro\/"},"modified":"2026-04-29T14:33:05","modified_gmt":"2026-04-29T17:33:05","slug":"portugal-tem-atingido-niveis-historicos-de-empregabilidade-diz-montenegro","status":"publish","type":"post","link":"https:\/\/portaltela.pt\/noticias\/economia\/2026\/04\/29\/portugal-tem-atingido-niveis-historicos-de-empregabilidade-diz-montenegro\/","title":{"rendered":"Portugal tem atingido n\u00edveis hist\u00f3ricos de empregabilidade, diz Montenegro"},"content":{"rendered":"<p>Portugal registou n\u00edveis elevados de empregabilidade, conforme afirmou Lu\u00eds Montenegro durante a apresenta\u00e7\u00e3o do PTRR. A declara\u00e7\u00e3o ocorreu no Pavilh\u00e3o de Portugal, em Lisboa, na ter\u00e7a-feira, 28 de abril, e foi repetida no debate parlamentar de 29 de abril.<\/p>\n<p>O Primeiro-Ministro mencionou a situa\u00e7\u00e3o or\u00e7amental est\u00e1vel e o aumento do rendimento das fam\u00edlias e trabalhadores. Analistas interpretam o foco como tentativa de sinalizar recupera\u00e7\u00e3o econ\u00f3mica e efic\u00e1cia das pol\u00edticas p\u00fablicas em curso.<\/p>\n<p>Dados oficiais indicam que, em mar\u00e7o de 2026, a taxa de emprego em Portugal foi de 65,7%. Este valor \u00e9 o segundo maior da s\u00e9rie desde fevereiro de 1998, perto do m\u00e1ximo de 65,8% registado no \u00faltimo ano.<\/p>\n<p>A taxa de 65,7% foi atingida pela primeira vez em setembro de 2025, j\u00e1 durante o segundo mandato de Montenegro. Desde ent\u00e3o, verificou-se apenas uma descida de 0,1 pontos percentuais.<\/p>\n<h3>Dados de emprego<\/h3>\n<p>Informa\u00e7\u00e3o provis\u00f3ria do INE mostra que o recorde anterior foi registado entre dezembro de 2025 e janeiro de 2026. A proximidade com o m\u00e1ximo hist\u00f3rico refor\u00e7a a leitura de um momento de maior empregabilidade no pa\u00eds.<\/p>\n","protected":false},"excerpt":{"rendered":"<ul>\n<li>Em mar\u00e7o de 2026, a taxa de emprego em Portugal era de 65,7 por cento, segundo dados provis\u00f3rios do Instituto Nacional de Estat\u00edstica (INE).<\/li>\n<li>Este valor \u00e9 o segundo maior da s\u00e9rie do INE desde fevereiro de 1998 e est\u00e1 a apenas 0,1 p.p. do m\u00e1ximo hist\u00f3rico de 65,8 por cento.<\/li>\n<li>O recorde de 65,8 por cento foi atingido em dezembro de 2025 e janeiro de 2026, j\u00e1 na atual legislatura.<\/li>\n<li>A marca de 65,7 por cento foi atingida pela primeira vez em setembro de 2025, durante o segundo mandato do Governo liderado por Lu\u00eds Montenegro.<\/li>\n<li>Veredicto: a afirma\u00e7\u00e3o de Lu\u00eds Montenegro \u00e9 verdadeira, situando-se muito pr\u00f3ximo do m\u00e1ximo hist\u00f3rico e tendo sido atingida recentemente.<\/li>\n<\/ul>\n","protected":false},"author":2,"featured_media":461304,"comment_status":"closed","ping_status":"closed","sticky":false,"template":"","format":"standard","meta":{"footnotes":""},"categories":[2,6735],"tags":[28,1006,34,981,2832,1014],"class_list":["post-461299","post","type-post","status-publish","format-standard","has-post-thumbnail","hentry","category-economia","category-negocios","tag-economia","tag-emprego","tag-governo","tag-lisboa","tag-politica","tag-portugal"],"yoast_head":"<!-- This site is optimized with the Yoast SEO plugin v27.2 - https:\/\/yoast.com\/product\/yoast-seo-wordpress\/ -->\n<title>Portugal tem atingido n\u00edveis hist\u00f3ricos de empregabilidade, diz Montenegro - Portal Tela Portugal<\/title>\n<meta name=\"robots\" content=\"index, follow, max-snippet:-1, max-image-preview:large, max-video-preview:-1\" \/>\n<meta property=\"og:locale\" content=\"pt_PT\" \/>\n<meta property=\"og:type\" content=\"article\" \/>\n<meta property=\"og:title\" content=\"Portugal tem atingido n\u00edveis hist\u00f3ricos de empregabilidade, diz Montenegro - Portal Tela Portugal\" \/>\n<meta property=\"og:description\" content=\"Em mar\u00e7o de 2026, a taxa de emprego em Portugal era de 65,7 por cento, segundo dados provis\u00f3rios do Instituto Nacional de Estat\u00edstica (INE). Este valor \u00e9 o segundo maior da s\u00e9rie do INE desde fevereiro de 1998 e est\u00e1 a apenas 0,1 p.p. do m\u00e1ximo hist\u00f3rico de 65,8 por cento. O recorde de 65,8 por cento foi atingido em dezembro de 2025 e janeiro de 2026, j\u00e1 na atual legislatura. A marca de 65,7 por cento foi atingida pela primeira vez em setembro de 2025, durante o segundo mandato do Governo liderado por Lu\u00eds Montenegro. Veredicto: a afirma\u00e7\u00e3o de Lu\u00eds Montenegro \u00e9 verdadeira, situando-se muito pr\u00f3ximo do m\u00e1ximo hist\u00f3rico e tendo sido atingida recentemente.\" \/>\n<meta property=\"og:url\" content=\"https:\/\/portaltela.pt\/noticias\/2026\/04\/29\/portugal-tem-atingido-niveis-historicos-de-empregabilidade-diz-montenegro\/\" \/>\n<meta property=\"og:site_name\" content=\"Portal Tela Portugal\" \/>\n<meta property=\"article:published_time\" content=\"2026-04-29T17:33:05+00:00\" \/>\n<meta name=\"author\" content=\"Telinha\" \/>\n<meta name=\"twitter:card\" content=\"summary_large_image\" \/>\n<meta name=\"twitter:label1\" content=\"Escrito por\" \/>\n\t<meta name=\"twitter:data1\" content=\"Telinha\" \/>\n\t<meta name=\"twitter:label2\" content=\"Tempo estimado de leitura\" \/>\n\t<meta name=\"twitter:data2\" content=\"1 minuto\" \/>\n<script type=\"application\/ld+json\" class=\"yoast-schema-graph\">{\"@context\":\"https:\/\/schema.org\",\"@graph\":[{\"@type\":\"Article\",\"@id\":\"https:\/\/portaltela.pt\/noticias\/2026\/04\/29\/portugal-tem-atingido-niveis-historicos-de-empregabilidade-diz-montenegro\/#article\",\"isPartOf\":{\"@id\":\"https:\/\/portaltela.pt\/noticias\/2026\/04\/29\/portugal-tem-atingido-niveis-historicos-de-empregabilidade-diz-montenegro\/\"},\"author\":{\"name\":\"Telinha\",\"@id\":\"https:\/\/portaltela.pt\/#\/schema\/person\/c4278d4a6028830caff9ee44b42d32ed\"},\"headline\":\"Portugal tem atingido n\u00edveis hist\u00f3ricos de empregabilidade, diz Montenegro\",\"datePublished\":\"2026-04-29T17:33:05+00:00\",\"mainEntityOfPage\":{\"@id\":\"https:\/\/portaltela.pt\/noticias\/2026\/04\/29\/portugal-tem-atingido-niveis-historicos-de-empregabilidade-diz-montenegro\/\"},\"wordCount\":203,\"image\":{\"@id\":\"https:\/\/portaltela.pt\/noticias\/2026\/04\/29\/portugal-tem-atingido-niveis-historicos-de-empregabilidade-diz-montenegro\/#primaryimage\"},\"thumbnailUrl\":\"https:\/\/portaltela.pt\/s.01k8rhncp4jt1\/2026\/04\/2084980.jpg\",\"keywords\":[\"economia\",\"emprego\",\"governo\",\"Lisboa\",\"pol\u00edtica\",\"Portugal\"],\"articleSection\":[\"Economia\",\"Neg\u00f3cios\"],\"inLanguage\":\"pt-PT\"},{\"@type\":\"WebPage\",\"@id\":\"https:\/\/portaltela.pt\/noticias\/2026\/04\/29\/portugal-tem-atingido-niveis-historicos-de-empregabilidade-diz-montenegro\/\",\"url\":\"https:\/\/portaltela.pt\/noticias\/2026\/04\/29\/portugal-tem-atingido-niveis-historicos-de-empregabilidade-diz-montenegro\/\",\"name\":\"Portugal tem atingido n\u00edveis hist\u00f3ricos de empregabilidade, diz Montenegro - Portal Tela Portugal\",\"isPartOf\":{\"@id\":\"https:\/\/portaltela.pt\/#website\"},\"primaryImageOfPage\":{\"@id\":\"https:\/\/portaltela.pt\/noticias\/2026\/04\/29\/portugal-tem-atingido-niveis-historicos-de-empregabilidade-diz-montenegro\/#primaryimage\"},\"image\":{\"@id\":\"https:\/\/portaltela.pt\/noticias\/2026\/04\/29\/portugal-tem-atingido-niveis-historicos-de-empregabilidade-diz-montenegro\/#primaryimage\"},\"thumbnailUrl\":\"https:\/\/portaltela.pt\/s.01k8rhncp4jt1\/2026\/04\/2084980.jpg\",\"datePublished\":\"2026-04-29T17:33:05+00:00\",\"author\":{\"@id\":\"https:\/\/portaltela.pt\/#\/schema\/person\/c4278d4a6028830caff9ee44b42d32ed\"},\"breadcrumb\":{\"@id\":\"https:\/\/portaltela.pt\/noticias\/2026\/04\/29\/portugal-tem-atingido-niveis-historicos-de-empregabilidade-diz-montenegro\/#breadcrumb\"},\"inLanguage\":\"pt-PT\",\"potentialAction\":[{\"@type\":\"ReadAction\",\"target\":[\"https:\/\/portaltela.pt\/noticias\/2026\/04\/29\/portugal-tem-atingido-niveis-historicos-de-empregabilidade-diz-montenegro\/\"]}]},{\"@type\":\"ImageObject\",\"inLanguage\":\"pt-PT\",\"@id\":\"https:\/\/portaltela.pt\/noticias\/2026\/04\/29\/portugal-tem-atingido-niveis-historicos-de-empregabilidade-diz-montenegro\/#primaryimage\",\"url\":\"https:\/\/portaltela.pt\/s.01k8rhncp4jt1\/2026\/04\/2084980.jpg\",\"contentUrl\":\"https:\/\/portaltela.pt\/s.01k8rhncp4jt1\/2026\/04\/2084980.jpg\",\"width\":796,\"height\":448,\"caption\":\"O primeiro-ministro, Lu\u00eds Montenegro, falou na cerim\u00f3nia de apresenta\u00e7\u00e3o do PTRR\"},{\"@type\":\"BreadcrumbList\",\"@id\":\"https:\/\/portaltela.pt\/noticias\/2026\/04\/29\/portugal-tem-atingido-niveis-historicos-de-empregabilidade-diz-montenegro\/#breadcrumb\",\"itemListElement\":[{\"@type\":\"ListItem\",\"position\":1,\"name\":\"In\u00edcio\",\"item\":\"https:\/\/portaltela.pt\/\"},{\"@type\":\"ListItem\",\"position\":2,\"name\":\"Portugal tem atingido n\u00edveis hist\u00f3ricos de empregabilidade, diz Montenegro\"}]},{\"@type\":\"WebSite\",\"@id\":\"https:\/\/portaltela.pt\/#website\",\"url\":\"https:\/\/portaltela.pt\/\",\"name\":\"Portal Tela Portugal\",\"description\":\"\",\"potentialAction\":[{\"@type\":\"SearchAction\",\"target\":{\"@type\":\"EntryPoint\",\"urlTemplate\":\"https:\/\/portaltela.pt\/?s={search_term_string}\"},\"query-input\":{\"@type\":\"PropertyValueSpecification\",\"valueRequired\":true,\"valueName\":\"search_term_string\"}}],\"inLanguage\":\"pt-PT\"},{\"@type\":\"Person\",\"@id\":\"https:\/\/portaltela.pt\/#\/schema\/person\/c4278d4a6028830caff9ee44b42d32ed\",\"name\":\"Telinha\",\"image\":{\"@type\":\"ImageObject\",\"inLanguage\":\"pt-PT\",\"@id\":\"https:\/\/portaltela.pt\/s.01k8rhncp4jt1\/2025\/11\/talking-bot-125x125.png\",\"url\":\"https:\/\/portaltela.pt\/s.01k8rhncp4jt1\/2025\/11\/talking-bot-125x125.png\",\"contentUrl\":\"https:\/\/portaltela.pt\/s.01k8rhncp4jt1\/2025\/11\/talking-bot-125x125.png\",\"caption\":\"Telinha\"},\"sameAs\":[\"https:\/\/portaltela.pt\/\"],\"url\":\"https:\/\/portaltela.pt\/por\/367410592786\/\"}]}<\/script>\n<!-- \/ Yoast SEO plugin. -->","yoast_head_json":{"title":"Portugal tem atingido n\u00edveis hist\u00f3ricos de empregabilidade, diz Montenegro - Portal Tela Portugal","robots":{"index":"index","follow":"follow","max-snippet":"max-snippet:-1","max-image-preview":"max-image-preview:large","max-video-preview":"max-video-preview:-1"},"og_locale":"pt_PT","og_type":"article","og_title":"Portugal tem atingido n\u00edveis hist\u00f3ricos de empregabilidade, diz Montenegro - Portal Tela Portugal","og_description":"Em mar\u00e7o de 2026, a taxa de emprego em Portugal era de 65,7 por cento, segundo dados provis\u00f3rios do Instituto Nacional de Estat\u00edstica (INE). Este valor \u00e9 o segundo maior da s\u00e9rie do INE desde fevereiro de 1998 e est\u00e1 a apenas 0,1 p.p. do m\u00e1ximo hist\u00f3rico de 65,8 por cento. O recorde de 65,8 por cento foi atingido em dezembro de 2025 e janeiro de 2026, j\u00e1 na atual legislatura. A marca de 65,7 por cento foi atingida pela primeira vez em setembro de 2025, durante o segundo mandato do Governo liderado por Lu\u00eds Montenegro. Veredicto: a afirma\u00e7\u00e3o de Lu\u00eds Montenegro \u00e9 verdadeira, situando-se muito pr\u00f3ximo do m\u00e1ximo hist\u00f3rico e tendo sido atingida recentemente.","og_url":"https:\/\/portaltela.pt\/noticias\/2026\/04\/29\/portugal-tem-atingido-niveis-historicos-de-empregabilidade-diz-montenegro\/","og_site_name":"Portal Tela Portugal","article_published_time":"2026-04-29T17:33:05+00:00","author":"Telinha","twitter_card":"summary_large_image","twitter_misc":{"Escrito por":"Telinha","Tempo estimado de leitura":"1 minuto"},"schema":{"@context":"https:\/\/schema.org","@graph":[{"@type":"Article","@id":"https:\/\/portaltela.pt\/noticias\/2026\/04\/29\/portugal-tem-atingido-niveis-historicos-de-empregabilidade-diz-montenegro\/#article","isPartOf":{"@id":"https:\/\/portaltela.pt\/noticias\/2026\/04\/29\/portugal-tem-atingido-niveis-historicos-de-empregabilidade-diz-montenegro\/"},"author":{"name":"Telinha","@id":"https:\/\/portaltela.pt\/#\/schema\/person\/c4278d4a6028830caff9ee44b42d32ed"},"headline":"Portugal tem atingido n\u00edveis hist\u00f3ricos de empregabilidade, diz Montenegro","datePublished":"2026-04-29T17:33:05+00:00","mainEntityOfPage":{"@id":"https:\/\/portaltela.pt\/noticias\/2026\/04\/29\/portugal-tem-atingido-niveis-historicos-de-empregabilidade-diz-montenegro\/"},"wordCount":203,"image":{"@id":"https:\/\/portaltela.pt\/noticias\/2026\/04\/29\/portugal-tem-atingido-niveis-historicos-de-empregabilidade-diz-montenegro\/#primaryimage"},"thumbnailUrl":"https:\/\/portaltela.pt\/s.01k8rhncp4jt1\/2026\/04\/2084980.jpg","keywords":["economia","emprego","governo","Lisboa","pol\u00edtica","Portugal"],"articleSection":["Economia","Neg\u00f3cios"],"inLanguage":"pt-PT"},{"@type":"WebPage","@id":"https:\/\/portaltela.pt\/noticias\/2026\/04\/29\/portugal-tem-atingido-niveis-historicos-de-empregabilidade-diz-montenegro\/","url":"https:\/\/portaltela.pt\/noticias\/2026\/04\/29\/portugal-tem-atingido-niveis-historicos-de-empregabilidade-diz-montenegro\/","name":"Portugal tem atingido n\u00edveis hist\u00f3ricos de empregabilidade, diz Montenegro - Portal Tela Portugal","isPartOf":{"@id":"https:\/\/portaltela.pt\/#website"},"primaryImageOfPage":{"@id":"https:\/\/portaltela.pt\/noticias\/2026\/04\/29\/portugal-tem-atingido-niveis-historicos-de-empregabilidade-diz-montenegro\/#primaryimage"},"image":{"@id":"https:\/\/portaltela.pt\/noticias\/2026\/04\/29\/portugal-tem-atingido-niveis-historicos-de-empregabilidade-diz-montenegro\/#primaryimage"},"thumbnailUrl":"https:\/\/portaltela.pt\/s.01k8rhncp4jt1\/2026\/04\/2084980.jpg","datePublished":"2026-04-29T17:33:05+00:00","author":{"@id":"https:\/\/portaltela.pt\/#\/schema\/person\/c4278d4a6028830caff9ee44b42d32ed"},"breadcrumb":{"@id":"https:\/\/portaltela.pt\/noticias\/2026\/04\/29\/portugal-tem-atingido-niveis-historicos-de-empregabilidade-diz-montenegro\/#breadcrumb"},"inLanguage":"pt-PT","potentialAction":[{"@type":"ReadAction","target":["https:\/\/portaltela.pt\/noticias\/2026\/04\/29\/portugal-tem-atingido-niveis-historicos-de-empregabilidade-diz-montenegro\/"]}]},{"@type":"ImageObject","inLanguage":"pt-PT","@id":"https:\/\/portaltela.pt\/noticias\/2026\/04\/29\/portugal-tem-atingido-niveis-historicos-de-empregabilidade-diz-montenegro\/#primaryimage","url":"https:\/\/portaltela.pt\/s.01k8rhncp4jt1\/2026\/04\/2084980.jpg","contentUrl":"https:\/\/portaltela.pt\/s.01k8rhncp4jt1\/2026\/04\/2084980.jpg","width":796,"height":448,"caption":"O primeiro-ministro, Lu\u00eds Montenegro, falou na cerim\u00f3nia de apresenta\u00e7\u00e3o do PTRR"},{"@type":"BreadcrumbList","@id":"https:\/\/portaltela.pt\/noticias\/2026\/04\/29\/portugal-tem-atingido-niveis-historicos-de-empregabilidade-diz-montenegro\/#breadcrumb","itemListElement":[{"@type":"ListItem","position":1,"name":"In\u00edcio","item":"https:\/\/portaltela.pt\/"},{"@type":"ListItem","position":2,"name":"Portugal tem atingido n\u00edveis hist\u00f3ricos de empregabilidade, diz Montenegro"}]},{"@type":"WebSite","@id":"https:\/\/portaltela.pt\/#website","url":"https:\/\/portaltela.pt\/","name":"Portal Tela Portugal","description":"","potentialAction":[{"@type":"SearchAction","target":{"@type":"EntryPoint","urlTemplate":"https:\/\/portaltela.pt\/?s={search_term_string}"},"query-input":{"@type":"PropertyValueSpecification","valueRequired":true,"valueName":"search_term_string"}}],"inLanguage":"pt-PT"},{"@type":"Person","@id":"https:\/\/portaltela.pt\/#\/schema\/person\/c4278d4a6028830caff9ee44b42d32ed","name":"Telinha","image":{"@type":"ImageObject","inLanguage":"pt-PT","@id":"https:\/\/portaltela.pt\/s.01k8rhncp4jt1\/2025\/11\/talking-bot-125x125.png","url":"https:\/\/portaltela.pt\/s.01k8rhncp4jt1\/2025\/11\/talking-bot-125x125.png","contentUrl":"https:\/\/portaltela.pt\/s.01k8rhncp4jt1\/2025\/11\/talking-bot-125x125.png","caption":"Telinha"},"sameAs":["https:\/\/portaltela.pt\/"],"url":"https:\/\/portaltela.pt\/por\/367410592786\/"}]}},"_links":{"self":[{"href":"https:\/\/portaltela.pt\/api\/wp\/v2\/posts\/461299","targetHints":{"allow":["GET"]}}],"collection":[{"href":"https:\/\/portaltela.pt\/api\/wp\/v2\/posts"}],"about":[{"href":"https:\/\/portaltela.pt\/api\/wp\/v2\/types\/post"}],"author":[{"embeddable":true,"href":"https:\/\/portaltela.pt\/api\/wp\/v2\/users\/2"}],"replies":[{"embeddable":true,"href":"https:\/\/portaltela.pt\/api\/wp\/v2\/comments?post=461299"}],"version-history":[{"count":0,"href":"https:\/\/portaltela.pt\/api\/wp\/v2\/posts\/461299\/revisions"}],"wp:featuredmedia":[{"embeddable":true,"href":"https:\/\/portaltela.pt\/api\/wp\/v2\/media\/461304"}],"wp:attachment":[{"href":"https:\/\/portaltela.pt\/api\/wp\/v2\/media?parent=461299"}],"wp:term":[{"taxonomy":"category","embeddable":true,"href":"https:\/\/portaltela.pt\/api\/wp\/v2\/categories?post=461299"},{"taxonomy":"post_tag","embeddable":true,"href":"https:\/\/portaltela.pt\/api\/wp\/v2\/tags?post=461299"}],"curies":[{"name":"wp","href":"https:\/\/api.w.org\/{rel}","templated":true}]}}