{"id":461289,"date":"2026-04-29T14:18:28","date_gmt":"2026-04-29T17:18:28","guid":{"rendered":"https:\/\/portaltela.pt\/noticias\/2026\/04\/29\/presidente-da-camara-de-londres-reage-a-ataque-com-faca-contra-dois-judeus\/"},"modified":"2026-04-29T14:18:28","modified_gmt":"2026-04-29T17:18:28","slug":"presidente-da-camara-de-londres-reage-a-ataque-com-faca-contra-dois-judeus","status":"publish","type":"post","link":"https:\/\/portaltela.pt\/policia\/2026\/04\/29\/presidente-da-camara-de-londres-reage-a-ataque-com-faca-contra-dois-judeus\/","title":{"rendered":"Presidente da C\u00e2mara de Londres reage a ataque com faca contra dois judeus"},"content":{"rendered":"<p>Um ataque com faca em Londres, na quarta-feira, deixou dois homens judeus feridos. A pol\u00edcia classificou o incidente como terrorismo. O suspeito foi detido por tentativa de homic\u00eddio, e o presidente da c\u00e2mara, Sadiq Khan, pediu refor\u00e7os policiais para proteger a comunidade.<\/p>\n<p>A investiga\u00e7\u00e3o est\u00e1 a decorrer, com agentes a recolher provas no local. A pol\u00edcia n\u00e3o revelou a identidade das v\u00edtimas nem o estado de sa\u00fade atual.<\/p>\n<p>Sadiq Khan rejeita qualquer toler\u00e2ncia para ataques contra comunidades religiosas. O edil disse estar indignado, chocado e pediu uma presen\u00e7a policial mais vis\u00edvel e permanente em \u00e1reas com hist\u00f3rico de viol\u00eancia contra minorias.<\/p>\n","protected":false},"excerpt":{"rendered":"<ul>\n<li>O presidente da c\u00e2mara de Londres, Sadiq Khan, reagiu ao ataque com faca que feriu dois homens judeus, nesta quarta-feira, defendendo maior presen\u00e7a policial para proteger a comunidade.<\/li>\n<li>A pol\u00edcia brit\u00e2nica classificou o incidente como um ato de terrorismo.<\/li>\n<li>Um suspeito foi detido por tentativa de homic\u00eddio.<\/li>\n<li>Khan pediu medidas de prote\u00e7\u00e3o adicionais para a comunidade judaica, ap\u00f3s o ataque.<\/li>\n<\/ul>\n","protected":false},"author":2,"featured_media":461292,"comment_status":"closed","ping_status":"closed","sticky":false,"template":"","format":"standard","meta":{"footnotes":""},"categories":[6907,6781],"tags":[3035,2376,104,9939,4989,939],"class_list":["post-461289","post","type-post","status-publish","format-standard","has-post-thumbnail","hentry","category-crime","category-policia","tag-comunidade","tag-londres","tag-religiao","tag-sadiq-khan","tag-terrorismo","tag-violencia"],"yoast_head":"<!-- This site is optimized with the Yoast SEO plugin v27.2 - https:\/\/yoast.com\/product\/yoast-seo-wordpress\/ -->\n<title>Presidente da C\u00e2mara de Londres reage a ataque com faca contra dois judeus - Portal Tela Portugal<\/title>\n<meta name=\"robots\" content=\"index, follow, max-snippet:-1, max-image-preview:large, max-video-preview:-1\" \/>\n<meta property=\"og:locale\" content=\"pt_PT\" \/>\n<meta property=\"og:type\" content=\"article\" \/>\n<meta property=\"og:title\" content=\"Presidente da C\u00e2mara de Londres reage a ataque com faca contra dois judeus - Portal Tela Portugal\" \/>\n<meta property=\"og:description\" content=\"O presidente da c\u00e2mara de Londres, Sadiq Khan, reagiu ao ataque com faca que feriu dois homens judeus, nesta quarta-feira, defendendo maior presen\u00e7a policial para proteger a comunidade. A pol\u00edcia brit\u00e2nica classificou o incidente como um ato de terrorismo. Um suspeito foi detido por tentativa de homic\u00eddio. Khan pediu medidas de prote\u00e7\u00e3o adicionais para a comunidade judaica, ap\u00f3s o ataque.\" \/>\n<meta property=\"og:url\" content=\"https:\/\/portaltela.pt\/noticias\/2026\/04\/29\/presidente-da-camara-de-londres-reage-a-ataque-com-faca-contra-dois-judeus\/\" \/>\n<meta property=\"og:site_name\" content=\"Portal Tela Portugal\" \/>\n<meta property=\"article:published_time\" content=\"2026-04-29T17:18:28+00:00\" \/>\n<meta name=\"author\" content=\"Telinha\" \/>\n<meta name=\"twitter:card\" content=\"summary_large_image\" \/>\n<meta name=\"twitter:label1\" content=\"Escrito por\" \/>\n\t<meta name=\"twitter:data1\" content=\"Telinha\" \/>\n\t<meta name=\"twitter:label2\" content=\"Tempo estimado de leitura\" \/>\n\t<meta name=\"twitter:data2\" content=\"1 minuto\" \/>\n<script type=\"application\/ld+json\" class=\"yoast-schema-graph\">{\"@context\":\"https:\/\/schema.org\",\"@graph\":[{\"@type\":\"Article\",\"@id\":\"https:\/\/portaltela.pt\/noticias\/2026\/04\/29\/presidente-da-camara-de-londres-reage-a-ataque-com-faca-contra-dois-judeus\/#article\",\"isPartOf\":{\"@id\":\"https:\/\/portaltela.pt\/noticias\/2026\/04\/29\/presidente-da-camara-de-londres-reage-a-ataque-com-faca-contra-dois-judeus\/\"},\"author\":{\"name\":\"Telinha\",\"@id\":\"https:\/\/portaltela.pt\/#\/schema\/person\/c4278d4a6028830caff9ee44b42d32ed\"},\"headline\":\"Presidente da C\u00e2mara de Londres reage a ataque com faca contra dois judeus\",\"datePublished\":\"2026-04-29T17:18:28+00:00\",\"mainEntityOfPage\":{\"@id\":\"https:\/\/portaltela.pt\/noticias\/2026\/04\/29\/presidente-da-camara-de-londres-reage-a-ataque-com-faca-contra-dois-judeus\/\"},\"wordCount\":129,\"image\":{\"@id\":\"https:\/\/portaltela.pt\/noticias\/2026\/04\/29\/presidente-da-camara-de-londres-reage-a-ataque-com-faca-contra-dois-judeus\/#primaryimage\"},\"thumbnailUrl\":\"https:\/\/portaltela.pt\/s.01k8rhncp4jt1\/2026\/04\/img_1280x722uu2026-04-29-18-15-41-2281891.jpg\",\"keywords\":[\"comunidade\",\"Londres\",\"religi\u00e3o\",\"Sadiq Khan\",\"terrorismo\",\"viol\u00eancia\"],\"articleSection\":[\"Crime\",\"Pol\u00edcia\"],\"inLanguage\":\"pt-PT\"},{\"@type\":\"WebPage\",\"@id\":\"https:\/\/portaltela.pt\/noticias\/2026\/04\/29\/presidente-da-camara-de-londres-reage-a-ataque-com-faca-contra-dois-judeus\/\",\"url\":\"https:\/\/portaltela.pt\/noticias\/2026\/04\/29\/presidente-da-camara-de-londres-reage-a-ataque-com-faca-contra-dois-judeus\/\",\"name\":\"Presidente da C\u00e2mara de Londres reage a ataque com faca contra dois judeus - Portal Tela Portugal\",\"isPartOf\":{\"@id\":\"https:\/\/portaltela.pt\/#website\"},\"primaryImageOfPage\":{\"@id\":\"https:\/\/portaltela.pt\/noticias\/2026\/04\/29\/presidente-da-camara-de-londres-reage-a-ataque-com-faca-contra-dois-judeus\/#primaryimage\"},\"image\":{\"@id\":\"https:\/\/portaltela.pt\/noticias\/2026\/04\/29\/presidente-da-camara-de-londres-reage-a-ataque-com-faca-contra-dois-judeus\/#primaryimage\"},\"thumbnailUrl\":\"https:\/\/portaltela.pt\/s.01k8rhncp4jt1\/2026\/04\/img_1280x722uu2026-04-29-18-15-41-2281891.jpg\",\"datePublished\":\"2026-04-29T17:18:28+00:00\",\"author\":{\"@id\":\"https:\/\/portaltela.pt\/#\/schema\/person\/c4278d4a6028830caff9ee44b42d32ed\"},\"breadcrumb\":{\"@id\":\"https:\/\/portaltela.pt\/noticias\/2026\/04\/29\/presidente-da-camara-de-londres-reage-a-ataque-com-faca-contra-dois-judeus\/#breadcrumb\"},\"inLanguage\":\"pt-PT\",\"potentialAction\":[{\"@type\":\"ReadAction\",\"target\":[\"https:\/\/portaltela.pt\/noticias\/2026\/04\/29\/presidente-da-camara-de-londres-reage-a-ataque-com-faca-contra-dois-judeus\/\"]}]},{\"@type\":\"ImageObject\",\"inLanguage\":\"pt-PT\",\"@id\":\"https:\/\/portaltela.pt\/noticias\/2026\/04\/29\/presidente-da-camara-de-londres-reage-a-ataque-com-faca-contra-dois-judeus\/#primaryimage\",\"url\":\"https:\/\/portaltela.pt\/s.01k8rhncp4jt1\/2026\/04\/img_1280x722uu2026-04-29-18-15-41-2281891.jpg\",\"contentUrl\":\"https:\/\/portaltela.pt\/s.01k8rhncp4jt1\/2026\/04\/img_1280x722uu2026-04-29-18-15-41-2281891.jpg\",\"width\":796,\"height\":448,\"caption\":\"Photo\"},{\"@type\":\"BreadcrumbList\",\"@id\":\"https:\/\/portaltela.pt\/noticias\/2026\/04\/29\/presidente-da-camara-de-londres-reage-a-ataque-com-faca-contra-dois-judeus\/#breadcrumb\",\"itemListElement\":[{\"@type\":\"ListItem\",\"position\":1,\"name\":\"In\u00edcio\",\"item\":\"https:\/\/portaltela.pt\/\"},{\"@type\":\"ListItem\",\"position\":2,\"name\":\"Presidente da C\u00e2mara de Londres reage a ataque com faca contra dois judeus\"}]},{\"@type\":\"WebSite\",\"@id\":\"https:\/\/portaltela.pt\/#website\",\"url\":\"https:\/\/portaltela.pt\/\",\"name\":\"Portal Tela Portugal\",\"description\":\"\",\"potentialAction\":[{\"@type\":\"SearchAction\",\"target\":{\"@type\":\"EntryPoint\",\"urlTemplate\":\"https:\/\/portaltela.pt\/?s={search_term_string}\"},\"query-input\":{\"@type\":\"PropertyValueSpecification\",\"valueRequired\":true,\"valueName\":\"search_term_string\"}}],\"inLanguage\":\"pt-PT\"},{\"@type\":\"Person\",\"@id\":\"https:\/\/portaltela.pt\/#\/schema\/person\/c4278d4a6028830caff9ee44b42d32ed\",\"name\":\"Telinha\",\"image\":{\"@type\":\"ImageObject\",\"inLanguage\":\"pt-PT\",\"@id\":\"https:\/\/portaltela.pt\/s.01k8rhncp4jt1\/2025\/11\/talking-bot-125x125.png\",\"url\":\"https:\/\/portaltela.pt\/s.01k8rhncp4jt1\/2025\/11\/talking-bot-125x125.png\",\"contentUrl\":\"https:\/\/portaltela.pt\/s.01k8rhncp4jt1\/2025\/11\/talking-bot-125x125.png\",\"caption\":\"Telinha\"},\"sameAs\":[\"https:\/\/portaltela.pt\/\"],\"url\":\"https:\/\/portaltela.pt\/por\/367410592786\/\"}]}<\/script>\n<!-- \/ Yoast SEO plugin. -->","yoast_head_json":{"title":"Presidente da C\u00e2mara de Londres reage a ataque com faca contra dois judeus - Portal Tela Portugal","robots":{"index":"index","follow":"follow","max-snippet":"max-snippet:-1","max-image-preview":"max-image-preview:large","max-video-preview":"max-video-preview:-1"},"og_locale":"pt_PT","og_type":"article","og_title":"Presidente da C\u00e2mara de Londres reage a ataque com faca contra dois judeus - Portal Tela Portugal","og_description":"O presidente da c\u00e2mara de Londres, Sadiq Khan, reagiu ao ataque com faca que feriu dois homens judeus, nesta quarta-feira, defendendo maior presen\u00e7a policial para proteger a comunidade. A pol\u00edcia brit\u00e2nica classificou o incidente como um ato de terrorismo. Um suspeito foi detido por tentativa de homic\u00eddio. Khan pediu medidas de prote\u00e7\u00e3o adicionais para a comunidade judaica, ap\u00f3s o ataque.","og_url":"https:\/\/portaltela.pt\/noticias\/2026\/04\/29\/presidente-da-camara-de-londres-reage-a-ataque-com-faca-contra-dois-judeus\/","og_site_name":"Portal Tela Portugal","article_published_time":"2026-04-29T17:18:28+00:00","author":"Telinha","twitter_card":"summary_large_image","twitter_misc":{"Escrito por":"Telinha","Tempo estimado de leitura":"1 minuto"},"schema":{"@context":"https:\/\/schema.org","@graph":[{"@type":"Article","@id":"https:\/\/portaltela.pt\/noticias\/2026\/04\/29\/presidente-da-camara-de-londres-reage-a-ataque-com-faca-contra-dois-judeus\/#article","isPartOf":{"@id":"https:\/\/portaltela.pt\/noticias\/2026\/04\/29\/presidente-da-camara-de-londres-reage-a-ataque-com-faca-contra-dois-judeus\/"},"author":{"name":"Telinha","@id":"https:\/\/portaltela.pt\/#\/schema\/person\/c4278d4a6028830caff9ee44b42d32ed"},"headline":"Presidente da C\u00e2mara de Londres reage a ataque com faca contra dois judeus","datePublished":"2026-04-29T17:18:28+00:00","mainEntityOfPage":{"@id":"https:\/\/portaltela.pt\/noticias\/2026\/04\/29\/presidente-da-camara-de-londres-reage-a-ataque-com-faca-contra-dois-judeus\/"},"wordCount":129,"image":{"@id":"https:\/\/portaltela.pt\/noticias\/2026\/04\/29\/presidente-da-camara-de-londres-reage-a-ataque-com-faca-contra-dois-judeus\/#primaryimage"},"thumbnailUrl":"https:\/\/portaltela.pt\/s.01k8rhncp4jt1\/2026\/04\/img_1280x722uu2026-04-29-18-15-41-2281891.jpg","keywords":["comunidade","Londres","religi\u00e3o","Sadiq Khan","terrorismo","viol\u00eancia"],"articleSection":["Crime","Pol\u00edcia"],"inLanguage":"pt-PT"},{"@type":"WebPage","@id":"https:\/\/portaltela.pt\/noticias\/2026\/04\/29\/presidente-da-camara-de-londres-reage-a-ataque-com-faca-contra-dois-judeus\/","url":"https:\/\/portaltela.pt\/noticias\/2026\/04\/29\/presidente-da-camara-de-londres-reage-a-ataque-com-faca-contra-dois-judeus\/","name":"Presidente da C\u00e2mara de Londres reage a ataque com faca contra dois judeus - Portal Tela Portugal","isPartOf":{"@id":"https:\/\/portaltela.pt\/#website"},"primaryImageOfPage":{"@id":"https:\/\/portaltela.pt\/noticias\/2026\/04\/29\/presidente-da-camara-de-londres-reage-a-ataque-com-faca-contra-dois-judeus\/#primaryimage"},"image":{"@id":"https:\/\/portaltela.pt\/noticias\/2026\/04\/29\/presidente-da-camara-de-londres-reage-a-ataque-com-faca-contra-dois-judeus\/#primaryimage"},"thumbnailUrl":"https:\/\/portaltela.pt\/s.01k8rhncp4jt1\/2026\/04\/img_1280x722uu2026-04-29-18-15-41-2281891.jpg","datePublished":"2026-04-29T17:18:28+00:00","author":{"@id":"https:\/\/portaltela.pt\/#\/schema\/person\/c4278d4a6028830caff9ee44b42d32ed"},"breadcrumb":{"@id":"https:\/\/portaltela.pt\/noticias\/2026\/04\/29\/presidente-da-camara-de-londres-reage-a-ataque-com-faca-contra-dois-judeus\/#breadcrumb"},"inLanguage":"pt-PT","potentialAction":[{"@type":"ReadAction","target":["https:\/\/portaltela.pt\/noticias\/2026\/04\/29\/presidente-da-camara-de-londres-reage-a-ataque-com-faca-contra-dois-judeus\/"]}]},{"@type":"ImageObject","inLanguage":"pt-PT","@id":"https:\/\/portaltela.pt\/noticias\/2026\/04\/29\/presidente-da-camara-de-londres-reage-a-ataque-com-faca-contra-dois-judeus\/#primaryimage","url":"https:\/\/portaltela.pt\/s.01k8rhncp4jt1\/2026\/04\/img_1280x722uu2026-04-29-18-15-41-2281891.jpg","contentUrl":"https:\/\/portaltela.pt\/s.01k8rhncp4jt1\/2026\/04\/img_1280x722uu2026-04-29-18-15-41-2281891.jpg","width":796,"height":448,"caption":"Photo"},{"@type":"BreadcrumbList","@id":"https:\/\/portaltela.pt\/noticias\/2026\/04\/29\/presidente-da-camara-de-londres-reage-a-ataque-com-faca-contra-dois-judeus\/#breadcrumb","itemListElement":[{"@type":"ListItem","position":1,"name":"In\u00edcio","item":"https:\/\/portaltela.pt\/"},{"@type":"ListItem","position":2,"name":"Presidente da C\u00e2mara de Londres reage a ataque com faca contra dois judeus"}]},{"@type":"WebSite","@id":"https:\/\/portaltela.pt\/#website","url":"https:\/\/portaltela.pt\/","name":"Portal Tela Portugal","description":"","potentialAction":[{"@type":"SearchAction","target":{"@type":"EntryPoint","urlTemplate":"https:\/\/portaltela.pt\/?s={search_term_string}"},"query-input":{"@type":"PropertyValueSpecification","valueRequired":true,"valueName":"search_term_string"}}],"inLanguage":"pt-PT"},{"@type":"Person","@id":"https:\/\/portaltela.pt\/#\/schema\/person\/c4278d4a6028830caff9ee44b42d32ed","name":"Telinha","image":{"@type":"ImageObject","inLanguage":"pt-PT","@id":"https:\/\/portaltela.pt\/s.01k8rhncp4jt1\/2025\/11\/talking-bot-125x125.png","url":"https:\/\/portaltela.pt\/s.01k8rhncp4jt1\/2025\/11\/talking-bot-125x125.png","contentUrl":"https:\/\/portaltela.pt\/s.01k8rhncp4jt1\/2025\/11\/talking-bot-125x125.png","caption":"Telinha"},"sameAs":["https:\/\/portaltela.pt\/"],"url":"https:\/\/portaltela.pt\/por\/367410592786\/"}]}},"_links":{"self":[{"href":"https:\/\/portaltela.pt\/api\/wp\/v2\/posts\/461289","targetHints":{"allow":["GET"]}}],"collection":[{"href":"https:\/\/portaltela.pt\/api\/wp\/v2\/posts"}],"about":[{"href":"https:\/\/portaltela.pt\/api\/wp\/v2\/types\/post"}],"author":[{"embeddable":true,"href":"https:\/\/portaltela.pt\/api\/wp\/v2\/users\/2"}],"replies":[{"embeddable":true,"href":"https:\/\/portaltela.pt\/api\/wp\/v2\/comments?post=461289"}],"version-history":[{"count":0,"href":"https:\/\/portaltela.pt\/api\/wp\/v2\/posts\/461289\/revisions"}],"wp:featuredmedia":[{"embeddable":true,"href":"https:\/\/portaltela.pt\/api\/wp\/v2\/media\/461292"}],"wp:attachment":[{"href":"https:\/\/portaltela.pt\/api\/wp\/v2\/media?parent=461289"}],"wp:term":[{"taxonomy":"category","embeddable":true,"href":"https:\/\/portaltela.pt\/api\/wp\/v2\/categories?post=461289"},{"taxonomy":"post_tag","embeddable":true,"href":"https:\/\/portaltela.pt\/api\/wp\/v2\/tags?post=461289"}],"curies":[{"name":"wp","href":"https:\/\/api.w.org\/{rel}","templated":true}]}}