{"id":461272,"date":"2026-04-29T14:03:37","date_gmt":"2026-04-29T17:03:37","guid":{"rendered":"https:\/\/portaltela.pt\/noticias\/2026\/04\/29\/ataque-com-faca-em-londres-e-classificado-como-incidente-terrorista-contra-judeus\/"},"modified":"2026-04-29T14:03:37","modified_gmt":"2026-04-29T17:03:37","slug":"ataque-com-faca-em-londres-e-classificado-como-incidente-terrorista-contra-judeus","status":"publish","type":"post","link":"https:\/\/portaltela.pt\/internacionais\/2026\/04\/29\/ataque-com-faca-em-londres-e-classificado-como-incidente-terrorista-contra-judeus\/","title":{"rendered":"Ataque com faca em Londres \u00e9 classificado como incidente terrorista contra judeus"},"content":{"rendered":"<p>Dois homens judeus foram esfaqueados numa rua de Londres na tarde de quarta-feira. A pol\u00edcia brit\u00e2nica classificou o ataque como um incidente terrorista. O suspeito, de 45 anos, foi detido no local e est\u00e1 a ser investigado por tentativa de homic\u00eddio. As v\u00edtimas receberam atendimento no local e foram transferidas para o hospital, onde permanecem est\u00e1veis.<\/p>\n<p>A investiga\u00e7\u00e3o aponta para um ato dirigido contra a comunidade judaica, embora o motivo exacto ainda esteja a ser apurado. As autoridades confirmam que o caso est\u00e1 a ser tratado como terrorista e que o inqu\u00e9rito prossegue com an\u00e1lise de testemunhos e imagens de c\u00e2maras de vigil\u00e2ncia.<\/p>\n<p>O detido permanece detido, sem informa\u00e7\u00f5es sobre fian\u00e7a no momento. N\u00e3o foram divulgadas informa\u00e7\u00f5es adicionais sobre a identidade das v\u00edtimas nem sobre poss\u00edveis liga\u00e7\u00f5es com grupos extremistas. A pol\u00edcia continua a recolher evid\u00eancias e a falar com moradores da \u00e1rea.<\/p>\n<h3>Investiga\u00e7\u00e3o em curso<\/h3>\n<p>As autoridades solicitam que qualquer testemunha que tenha informa\u00e7\u00f5es pertinente contacte a linha de apoio da pol\u00edcia ou as autoridades locais. O incidente ocorreu numa hora de maior movimento na cidade, aumentando a necessidade de seguran\u00e7a e vigil\u00e2ncia na \u00e1rea.<\/p>\n<p>A pol\u00edcia refor\u00e7a que mant\u00e9m o foco na seguran\u00e7a p\u00fablica e na prote\u00e7\u00e3o de comunidades vulner\u00e1veis. N\u00e3o houve, at\u00e9 ao momento, informa\u00e7\u00f5es sobre outros ferimentos ou danos materiais significativos na freguesia onde ocorreu o ataque.<\/p>\n","protected":false},"excerpt":{"rendered":"<ul>\n<li>Dois homens judeus foram esfaqueados numa rua de Londres, este quarta-feira.<\/li>\n<li>A pol\u00edcia brit\u00e2nica classificou o ataque como um incidente terrorista contra a comunidade judaica.<\/li>\n<li>O suspeito, de 45 anos, foi detido no local e est\u00e1 a ser investigado por tentativa de homic\u00eddio.<\/li>\n<li>As v\u00edtimas foram assistidas no local e transportadas para o hospital, onde permanecem em condi\u00e7\u00e3o est\u00e1vel.<\/li>\n<\/ul>\n","protected":false},"author":2,"featured_media":461282,"comment_status":"closed","ping_status":"closed","sticky":false,"template":"","format":"standard","meta":{"footnotes":""},"categories":[6912],"tags":[8504,8475,7921,8796,8482,8273],"class_list":["post-461272","post","type-post","status-publish","format-standard","has-post-thumbnail","hentry","category-internacionais","tag-_antissemitismo","tag-_comunidade","tag-_crime","tag-_londres","tag-_terrorismo","tag-_violencia"],"yoast_head":"<!-- This site is optimized with the Yoast SEO plugin v27.2 - https:\/\/yoast.com\/product\/yoast-seo-wordpress\/ -->\n<title>Ataque com faca em Londres \u00e9 classificado como incidente terrorista contra judeus - Portal Tela Portugal<\/title>\n<meta name=\"robots\" content=\"index, follow, max-snippet:-1, max-image-preview:large, max-video-preview:-1\" \/>\n<meta property=\"og:locale\" content=\"pt_PT\" \/>\n<meta property=\"og:type\" content=\"article\" \/>\n<meta property=\"og:title\" content=\"Ataque com faca em Londres \u00e9 classificado como incidente terrorista contra judeus - Portal Tela Portugal\" \/>\n<meta property=\"og:description\" content=\"Dois homens judeus foram esfaqueados numa rua de Londres, este quarta-feira. A pol\u00edcia brit\u00e2nica classificou o ataque como um incidente terrorista contra a comunidade judaica. O suspeito, de 45 anos, foi detido no local e est\u00e1 a ser investigado por tentativa de homic\u00eddio. As v\u00edtimas foram assistidas no local e transportadas para o hospital, onde permanecem em condi\u00e7\u00e3o est\u00e1vel.\" \/>\n<meta property=\"og:url\" content=\"https:\/\/portaltela.pt\/noticias\/2026\/04\/29\/ataque-com-faca-em-londres-e-classificado-como-incidente-terrorista-contra-judeus\/\" \/>\n<meta property=\"og:site_name\" content=\"Portal Tela Portugal\" \/>\n<meta property=\"article:published_time\" content=\"2026-04-29T17:03:37+00:00\" \/>\n<meta name=\"author\" content=\"Telinha\" \/>\n<meta name=\"twitter:card\" content=\"summary_large_image\" \/>\n<meta name=\"twitter:label1\" content=\"Escrito por\" \/>\n\t<meta name=\"twitter:data1\" content=\"Telinha\" \/>\n\t<meta name=\"twitter:label2\" content=\"Tempo estimado de leitura\" \/>\n\t<meta name=\"twitter:data2\" content=\"1 minuto\" \/>\n<script type=\"application\/ld+json\" class=\"yoast-schema-graph\">{\"@context\":\"https:\/\/schema.org\",\"@graph\":[{\"@type\":\"Article\",\"@id\":\"https:\/\/portaltela.pt\/noticias\/2026\/04\/29\/ataque-com-faca-em-londres-e-classificado-como-incidente-terrorista-contra-judeus\/#article\",\"isPartOf\":{\"@id\":\"https:\/\/portaltela.pt\/noticias\/2026\/04\/29\/ataque-com-faca-em-londres-e-classificado-como-incidente-terrorista-contra-judeus\/\"},\"author\":{\"name\":\"Telinha\",\"@id\":\"https:\/\/portaltela.pt\/#\/schema\/person\/c4278d4a6028830caff9ee44b42d32ed\"},\"headline\":\"Ataque com faca em Londres \u00e9 classificado como incidente terrorista contra judeus\",\"datePublished\":\"2026-04-29T17:03:37+00:00\",\"mainEntityOfPage\":{\"@id\":\"https:\/\/portaltela.pt\/noticias\/2026\/04\/29\/ataque-com-faca-em-londres-e-classificado-como-incidente-terrorista-contra-judeus\/\"},\"wordCount\":264,\"image\":{\"@id\":\"https:\/\/portaltela.pt\/noticias\/2026\/04\/29\/ataque-com-faca-em-londres-e-classificado-como-incidente-terrorista-contra-judeus\/#primaryimage\"},\"thumbnailUrl\":\"https:\/\/portaltela.pt\/s.01k8rhncp4jt1\/2026\/04\/img_1280x722uu2026-04-29-17-45-02-2281887.jpg\",\"keywords\":[\"_antissemitismo\",\"_comunidade\",\"_crime\",\"_Londres\",\"_terrorismo\",\"_viol\u00eancia\"],\"articleSection\":[\"Internacionais\"],\"inLanguage\":\"pt-PT\"},{\"@type\":\"WebPage\",\"@id\":\"https:\/\/portaltela.pt\/noticias\/2026\/04\/29\/ataque-com-faca-em-londres-e-classificado-como-incidente-terrorista-contra-judeus\/\",\"url\":\"https:\/\/portaltela.pt\/noticias\/2026\/04\/29\/ataque-com-faca-em-londres-e-classificado-como-incidente-terrorista-contra-judeus\/\",\"name\":\"Ataque com faca em Londres \u00e9 classificado como incidente terrorista contra judeus - Portal Tela Portugal\",\"isPartOf\":{\"@id\":\"https:\/\/portaltela.pt\/#website\"},\"primaryImageOfPage\":{\"@id\":\"https:\/\/portaltela.pt\/noticias\/2026\/04\/29\/ataque-com-faca-em-londres-e-classificado-como-incidente-terrorista-contra-judeus\/#primaryimage\"},\"image\":{\"@id\":\"https:\/\/portaltela.pt\/noticias\/2026\/04\/29\/ataque-com-faca-em-londres-e-classificado-como-incidente-terrorista-contra-judeus\/#primaryimage\"},\"thumbnailUrl\":\"https:\/\/portaltela.pt\/s.01k8rhncp4jt1\/2026\/04\/img_1280x722uu2026-04-29-17-45-02-2281887.jpg\",\"datePublished\":\"2026-04-29T17:03:37+00:00\",\"author\":{\"@id\":\"https:\/\/portaltela.pt\/#\/schema\/person\/c4278d4a6028830caff9ee44b42d32ed\"},\"breadcrumb\":{\"@id\":\"https:\/\/portaltela.pt\/noticias\/2026\/04\/29\/ataque-com-faca-em-londres-e-classificado-como-incidente-terrorista-contra-judeus\/#breadcrumb\"},\"inLanguage\":\"pt-PT\",\"potentialAction\":[{\"@type\":\"ReadAction\",\"target\":[\"https:\/\/portaltela.pt\/noticias\/2026\/04\/29\/ataque-com-faca-em-londres-e-classificado-como-incidente-terrorista-contra-judeus\/\"]}]},{\"@type\":\"ImageObject\",\"inLanguage\":\"pt-PT\",\"@id\":\"https:\/\/portaltela.pt\/noticias\/2026\/04\/29\/ataque-com-faca-em-londres-e-classificado-como-incidente-terrorista-contra-judeus\/#primaryimage\",\"url\":\"https:\/\/portaltela.pt\/s.01k8rhncp4jt1\/2026\/04\/img_1280x722uu2026-04-29-17-45-02-2281887.jpg\",\"contentUrl\":\"https:\/\/portaltela.pt\/s.01k8rhncp4jt1\/2026\/04\/img_1280x722uu2026-04-29-17-45-02-2281887.jpg\",\"width\":796,\"height\":448,\"caption\":\"Imagem relacionada ao incidente\"},{\"@type\":\"BreadcrumbList\",\"@id\":\"https:\/\/portaltela.pt\/noticias\/2026\/04\/29\/ataque-com-faca-em-londres-e-classificado-como-incidente-terrorista-contra-judeus\/#breadcrumb\",\"itemListElement\":[{\"@type\":\"ListItem\",\"position\":1,\"name\":\"In\u00edcio\",\"item\":\"https:\/\/portaltela.pt\/\"},{\"@type\":\"ListItem\",\"position\":2,\"name\":\"Ataque com faca em Londres \u00e9 classificado como incidente terrorista contra judeus\"}]},{\"@type\":\"WebSite\",\"@id\":\"https:\/\/portaltela.pt\/#website\",\"url\":\"https:\/\/portaltela.pt\/\",\"name\":\"Portal Tela Portugal\",\"description\":\"\",\"potentialAction\":[{\"@type\":\"SearchAction\",\"target\":{\"@type\":\"EntryPoint\",\"urlTemplate\":\"https:\/\/portaltela.pt\/?s={search_term_string}\"},\"query-input\":{\"@type\":\"PropertyValueSpecification\",\"valueRequired\":true,\"valueName\":\"search_term_string\"}}],\"inLanguage\":\"pt-PT\"},{\"@type\":\"Person\",\"@id\":\"https:\/\/portaltela.pt\/#\/schema\/person\/c4278d4a6028830caff9ee44b42d32ed\",\"name\":\"Telinha\",\"image\":{\"@type\":\"ImageObject\",\"inLanguage\":\"pt-PT\",\"@id\":\"https:\/\/portaltela.pt\/s.01k8rhncp4jt1\/2025\/11\/talking-bot-125x125.png\",\"url\":\"https:\/\/portaltela.pt\/s.01k8rhncp4jt1\/2025\/11\/talking-bot-125x125.png\",\"contentUrl\":\"https:\/\/portaltela.pt\/s.01k8rhncp4jt1\/2025\/11\/talking-bot-125x125.png\",\"caption\":\"Telinha\"},\"sameAs\":[\"https:\/\/portaltela.pt\/\"],\"url\":\"https:\/\/portaltela.pt\/por\/367410592786\/\"}]}<\/script>\n<!-- \/ Yoast SEO plugin. -->","yoast_head_json":{"title":"Ataque com faca em Londres \u00e9 classificado como incidente terrorista contra judeus - Portal Tela Portugal","robots":{"index":"index","follow":"follow","max-snippet":"max-snippet:-1","max-image-preview":"max-image-preview:large","max-video-preview":"max-video-preview:-1"},"og_locale":"pt_PT","og_type":"article","og_title":"Ataque com faca em Londres \u00e9 classificado como incidente terrorista contra judeus - Portal Tela Portugal","og_description":"Dois homens judeus foram esfaqueados numa rua de Londres, este quarta-feira. A pol\u00edcia brit\u00e2nica classificou o ataque como um incidente terrorista contra a comunidade judaica. O suspeito, de 45 anos, foi detido no local e est\u00e1 a ser investigado por tentativa de homic\u00eddio. As v\u00edtimas foram assistidas no local e transportadas para o hospital, onde permanecem em condi\u00e7\u00e3o est\u00e1vel.","og_url":"https:\/\/portaltela.pt\/noticias\/2026\/04\/29\/ataque-com-faca-em-londres-e-classificado-como-incidente-terrorista-contra-judeus\/","og_site_name":"Portal Tela Portugal","article_published_time":"2026-04-29T17:03:37+00:00","author":"Telinha","twitter_card":"summary_large_image","twitter_misc":{"Escrito por":"Telinha","Tempo estimado de leitura":"1 minuto"},"schema":{"@context":"https:\/\/schema.org","@graph":[{"@type":"Article","@id":"https:\/\/portaltela.pt\/noticias\/2026\/04\/29\/ataque-com-faca-em-londres-e-classificado-como-incidente-terrorista-contra-judeus\/#article","isPartOf":{"@id":"https:\/\/portaltela.pt\/noticias\/2026\/04\/29\/ataque-com-faca-em-londres-e-classificado-como-incidente-terrorista-contra-judeus\/"},"author":{"name":"Telinha","@id":"https:\/\/portaltela.pt\/#\/schema\/person\/c4278d4a6028830caff9ee44b42d32ed"},"headline":"Ataque com faca em Londres \u00e9 classificado como incidente terrorista contra judeus","datePublished":"2026-04-29T17:03:37+00:00","mainEntityOfPage":{"@id":"https:\/\/portaltela.pt\/noticias\/2026\/04\/29\/ataque-com-faca-em-londres-e-classificado-como-incidente-terrorista-contra-judeus\/"},"wordCount":264,"image":{"@id":"https:\/\/portaltela.pt\/noticias\/2026\/04\/29\/ataque-com-faca-em-londres-e-classificado-como-incidente-terrorista-contra-judeus\/#primaryimage"},"thumbnailUrl":"https:\/\/portaltela.pt\/s.01k8rhncp4jt1\/2026\/04\/img_1280x722uu2026-04-29-17-45-02-2281887.jpg","keywords":["_antissemitismo","_comunidade","_crime","_Londres","_terrorismo","_viol\u00eancia"],"articleSection":["Internacionais"],"inLanguage":"pt-PT"},{"@type":"WebPage","@id":"https:\/\/portaltela.pt\/noticias\/2026\/04\/29\/ataque-com-faca-em-londres-e-classificado-como-incidente-terrorista-contra-judeus\/","url":"https:\/\/portaltela.pt\/noticias\/2026\/04\/29\/ataque-com-faca-em-londres-e-classificado-como-incidente-terrorista-contra-judeus\/","name":"Ataque com faca em Londres \u00e9 classificado como incidente terrorista contra judeus - Portal Tela Portugal","isPartOf":{"@id":"https:\/\/portaltela.pt\/#website"},"primaryImageOfPage":{"@id":"https:\/\/portaltela.pt\/noticias\/2026\/04\/29\/ataque-com-faca-em-londres-e-classificado-como-incidente-terrorista-contra-judeus\/#primaryimage"},"image":{"@id":"https:\/\/portaltela.pt\/noticias\/2026\/04\/29\/ataque-com-faca-em-londres-e-classificado-como-incidente-terrorista-contra-judeus\/#primaryimage"},"thumbnailUrl":"https:\/\/portaltela.pt\/s.01k8rhncp4jt1\/2026\/04\/img_1280x722uu2026-04-29-17-45-02-2281887.jpg","datePublished":"2026-04-29T17:03:37+00:00","author":{"@id":"https:\/\/portaltela.pt\/#\/schema\/person\/c4278d4a6028830caff9ee44b42d32ed"},"breadcrumb":{"@id":"https:\/\/portaltela.pt\/noticias\/2026\/04\/29\/ataque-com-faca-em-londres-e-classificado-como-incidente-terrorista-contra-judeus\/#breadcrumb"},"inLanguage":"pt-PT","potentialAction":[{"@type":"ReadAction","target":["https:\/\/portaltela.pt\/noticias\/2026\/04\/29\/ataque-com-faca-em-londres-e-classificado-como-incidente-terrorista-contra-judeus\/"]}]},{"@type":"ImageObject","inLanguage":"pt-PT","@id":"https:\/\/portaltela.pt\/noticias\/2026\/04\/29\/ataque-com-faca-em-londres-e-classificado-como-incidente-terrorista-contra-judeus\/#primaryimage","url":"https:\/\/portaltela.pt\/s.01k8rhncp4jt1\/2026\/04\/img_1280x722uu2026-04-29-17-45-02-2281887.jpg","contentUrl":"https:\/\/portaltela.pt\/s.01k8rhncp4jt1\/2026\/04\/img_1280x722uu2026-04-29-17-45-02-2281887.jpg","width":796,"height":448,"caption":"Imagem relacionada ao incidente"},{"@type":"BreadcrumbList","@id":"https:\/\/portaltela.pt\/noticias\/2026\/04\/29\/ataque-com-faca-em-londres-e-classificado-como-incidente-terrorista-contra-judeus\/#breadcrumb","itemListElement":[{"@type":"ListItem","position":1,"name":"In\u00edcio","item":"https:\/\/portaltela.pt\/"},{"@type":"ListItem","position":2,"name":"Ataque com faca em Londres \u00e9 classificado como incidente terrorista contra judeus"}]},{"@type":"WebSite","@id":"https:\/\/portaltela.pt\/#website","url":"https:\/\/portaltela.pt\/","name":"Portal Tela Portugal","description":"","potentialAction":[{"@type":"SearchAction","target":{"@type":"EntryPoint","urlTemplate":"https:\/\/portaltela.pt\/?s={search_term_string}"},"query-input":{"@type":"PropertyValueSpecification","valueRequired":true,"valueName":"search_term_string"}}],"inLanguage":"pt-PT"},{"@type":"Person","@id":"https:\/\/portaltela.pt\/#\/schema\/person\/c4278d4a6028830caff9ee44b42d32ed","name":"Telinha","image":{"@type":"ImageObject","inLanguage":"pt-PT","@id":"https:\/\/portaltela.pt\/s.01k8rhncp4jt1\/2025\/11\/talking-bot-125x125.png","url":"https:\/\/portaltela.pt\/s.01k8rhncp4jt1\/2025\/11\/talking-bot-125x125.png","contentUrl":"https:\/\/portaltela.pt\/s.01k8rhncp4jt1\/2025\/11\/talking-bot-125x125.png","caption":"Telinha"},"sameAs":["https:\/\/portaltela.pt\/"],"url":"https:\/\/portaltela.pt\/por\/367410592786\/"}]}},"_links":{"self":[{"href":"https:\/\/portaltela.pt\/api\/wp\/v2\/posts\/461272","targetHints":{"allow":["GET"]}}],"collection":[{"href":"https:\/\/portaltela.pt\/api\/wp\/v2\/posts"}],"about":[{"href":"https:\/\/portaltela.pt\/api\/wp\/v2\/types\/post"}],"author":[{"embeddable":true,"href":"https:\/\/portaltela.pt\/api\/wp\/v2\/users\/2"}],"replies":[{"embeddable":true,"href":"https:\/\/portaltela.pt\/api\/wp\/v2\/comments?post=461272"}],"version-history":[{"count":0,"href":"https:\/\/portaltela.pt\/api\/wp\/v2\/posts\/461272\/revisions"}],"wp:featuredmedia":[{"embeddable":true,"href":"https:\/\/portaltela.pt\/api\/wp\/v2\/media\/461282"}],"wp:attachment":[{"href":"https:\/\/portaltela.pt\/api\/wp\/v2\/media?parent=461272"}],"wp:term":[{"taxonomy":"category","embeddable":true,"href":"https:\/\/portaltela.pt\/api\/wp\/v2\/categories?post=461272"},{"taxonomy":"post_tag","embeddable":true,"href":"https:\/\/portaltela.pt\/api\/wp\/v2\/tags?post=461272"}],"curies":[{"name":"wp","href":"https:\/\/api.w.org\/{rel}","templated":true}]}}