{"id":461271,"date":"2026-04-29T14:03:36","date_gmt":"2026-04-29T17:03:36","guid":{"rendered":"https:\/\/portaltela.pt\/noticias\/2026\/04\/29\/unai-emery-elogia-vitor-pereira-e-o-nottingham-forest\/"},"modified":"2026-04-29T14:03:36","modified_gmt":"2026-04-29T17:03:36","slug":"unai-emery-elogia-vitor-pereira-e-o-nottingham-forest","status":"publish","type":"post","link":"https:\/\/portaltela.pt\/desporto\/futebol\/2026\/04\/29\/unai-emery-elogia-vitor-pereira-e-o-nottingham-forest\/","title":{"rendered":"Unai Emery elogia V\u00edtor Pereira e o Nottingham Forest"},"content":{"rendered":"<p>O treinador do Aston Villa, Unai Emery, elogiou V\u00edtor Pereira e o Nottingham Forest na v\u00e9spera da meia-final da Liga Europa, primeira m\u00e3o marcada para as 20h. A confer\u00eancia de imprensa de antevis\u00e3o destacou o percurso da equipa inglesa e o sucesso recente do advers\u00e1rio.<\/p>\n<p>Emery frisou que o Forest tem feito um percurso muito s\u00f3lido na prova e demonstrou confian\u00e7a. O t\u00e9cnico espanhol salientou a competitividade da Liga Europa e a forma como as eliminat\u00f3rias anteriores, frente a FC Porto e Midtjylland, foram disputadas, ainda que com vaga conquistada de forma estreita.<\/p>\n<p>O Aston Villa mant\u00e9m o equil\u00edbrio entre confian\u00e7a e respeito pelo rival. O treinador sublinhou que as duas forma\u00e7\u00f5es chegam ao duelo com equipas com hist\u00f3ria europeia, cada uma a tentar honrar esse passado vitorioso nos dois jogos da eliminat\u00f3ria.<\/p>\n<p>O capit\u00e3o do Villa, Ollie Watkins, admitiu que o objetivo de levantar o trof\u00e9u ainda n\u00e3o foi vivido por si, ao contr\u00e1rio de alguns companheiros que j\u00e1 ganharam pr\u00e9mios. O ponta-de-lan\u00e7a recordou o entusiasmo com a promo\u00e7\u00e3o \u00e0 Premier League e afirmou que vencer o trof\u00e9u seria uma conquista particularmente especial.<\/p>\n","protected":false},"excerpt":{"rendered":"<ul>\n<li>Unai Emery, treinador do Aston Villa, antecipa a primeira m\u00e3o das meias finais da Liga Europa, \u00e0s 20h, elogiando V\u00edtor Pereira e o Nottingham Forest.<\/li>\n<li>O t\u00e9cnico espanhol elogiou o percurso do Forest na competi\u00e7\u00e3o, destacando que joga bem, est\u00e1 confiante e \u00e9 competitivo.<\/li>\n<li>Disse que h\u00e1 50 por cento de hip\u00f3teses de sucesso para cada equipa e que os dois duelos s\u00e3o muito importantes para ambos os lados.<\/li>\n<li>Referiu que o Forest tem uma grande hist\u00f3ria na Europa pela conquista da Ta\u00e7a dos Campe\u00f5es Europeus, e o Villa tamb\u00e9m tem a sua, que pretende honrar.<\/li>\n<li>Ollie Watkins, capit\u00e3o do Aston Villa, disse que ambiciona vencer trof\u00e9us e que conquistar a Liga Europa seria especialmente significativo.<\/li>\n<\/ul>\n","protected":false},"author":2,"featured_media":461284,"comment_status":"closed","ping_status":"closed","sticky":false,"template":"","format":"standard","meta":{"footnotes":""},"categories":[21,24],"tags":[5625,32,3338,7221,4761,2393],"class_list":["post-461271","post","type-post","status-publish","format-standard","has-post-thumbnail","hentry","category-desporto","category-futebol","tag-aston-villa","tag-futebol","tag-futebol-internacional","tag-noticias","tag-nottingham-forest","tag-unai-emery"],"yoast_head":"<!-- This site is optimized with the Yoast SEO plugin v27.2 - https:\/\/yoast.com\/product\/yoast-seo-wordpress\/ -->\n<title>Unai Emery elogia V\u00edtor Pereira e o Nottingham Forest - Portal Tela Portugal<\/title>\n<meta name=\"robots\" content=\"index, follow, max-snippet:-1, max-image-preview:large, max-video-preview:-1\" \/>\n<meta property=\"og:locale\" content=\"pt_PT\" \/>\n<meta property=\"og:type\" content=\"article\" \/>\n<meta property=\"og:title\" content=\"Unai Emery elogia V\u00edtor Pereira e o Nottingham Forest - Portal Tela Portugal\" \/>\n<meta property=\"og:description\" content=\"Unai Emery, treinador do Aston Villa, antecipa a primeira m\u00e3o das meias finais da Liga Europa, \u00e0s 20h, elogiando V\u00edtor Pereira e o Nottingham Forest. O t\u00e9cnico espanhol elogiou o percurso do Forest na competi\u00e7\u00e3o, destacando que joga bem, est\u00e1 confiante e \u00e9 competitivo. Disse que h\u00e1 50 por cento de hip\u00f3teses de sucesso para cada equipa e que os dois duelos s\u00e3o muito importantes para ambos os lados. Referiu que o Forest tem uma grande hist\u00f3ria na Europa pela conquista da Ta\u00e7a dos Campe\u00f5es Europeus, e o Villa tamb\u00e9m tem a sua, que pretende honrar. Ollie Watkins, capit\u00e3o do Aston Villa, disse que ambiciona vencer trof\u00e9us e que conquistar a Liga Europa seria especialmente significativo.\" \/>\n<meta property=\"og:url\" content=\"https:\/\/portaltela.pt\/noticias\/2026\/04\/29\/unai-emery-elogia-vitor-pereira-e-o-nottingham-forest\/\" \/>\n<meta property=\"og:site_name\" content=\"Portal Tela Portugal\" \/>\n<meta property=\"article:published_time\" content=\"2026-04-29T17:03:36+00:00\" \/>\n<meta name=\"author\" content=\"Telinha\" \/>\n<meta name=\"twitter:card\" content=\"summary_large_image\" \/>\n<meta name=\"twitter:label1\" content=\"Escrito por\" \/>\n\t<meta name=\"twitter:data1\" content=\"Telinha\" \/>\n\t<meta name=\"twitter:label2\" content=\"Tempo estimado de leitura\" \/>\n\t<meta name=\"twitter:data2\" content=\"1 minuto\" \/>\n<script type=\"application\/ld+json\" class=\"yoast-schema-graph\">{\"@context\":\"https:\/\/schema.org\",\"@graph\":[{\"@type\":\"Article\",\"@id\":\"https:\/\/portaltela.pt\/noticias\/2026\/04\/29\/unai-emery-elogia-vitor-pereira-e-o-nottingham-forest\/#article\",\"isPartOf\":{\"@id\":\"https:\/\/portaltela.pt\/noticias\/2026\/04\/29\/unai-emery-elogia-vitor-pereira-e-o-nottingham-forest\/\"},\"author\":{\"name\":\"Telinha\",\"@id\":\"https:\/\/portaltela.pt\/#\/schema\/person\/c4278d4a6028830caff9ee44b42d32ed\"},\"headline\":\"Unai Emery elogia V\u00edtor Pereira e o Nottingham Forest\",\"datePublished\":\"2026-04-29T17:03:36+00:00\",\"mainEntityOfPage\":{\"@id\":\"https:\/\/portaltela.pt\/noticias\/2026\/04\/29\/unai-emery-elogia-vitor-pereira-e-o-nottingham-forest\/\"},\"wordCount\":217,\"image\":{\"@id\":\"https:\/\/portaltela.pt\/noticias\/2026\/04\/29\/unai-emery-elogia-vitor-pereira-e-o-nottingham-forest\/#primaryimage\"},\"thumbnailUrl\":\"https:\/\/portaltela.pt\/s.01k8rhncp4jt1\/2026\/04\/img_920x518uu2025-04-15-18-40-03-2356460-im-639130808733304462.jpg\",\"keywords\":[\"Aston Villa\",\"futebol\",\"futebol internacional\",\"not\u00edcias\",\"Nottingham Forest\",\"Unai Emery\"],\"articleSection\":[\"Desporto\",\"Futebol\"],\"inLanguage\":\"pt-PT\"},{\"@type\":\"WebPage\",\"@id\":\"https:\/\/portaltela.pt\/noticias\/2026\/04\/29\/unai-emery-elogia-vitor-pereira-e-o-nottingham-forest\/\",\"url\":\"https:\/\/portaltela.pt\/noticias\/2026\/04\/29\/unai-emery-elogia-vitor-pereira-e-o-nottingham-forest\/\",\"name\":\"Unai Emery elogia V\u00edtor Pereira e o Nottingham Forest - Portal Tela Portugal\",\"isPartOf\":{\"@id\":\"https:\/\/portaltela.pt\/#website\"},\"primaryImageOfPage\":{\"@id\":\"https:\/\/portaltela.pt\/noticias\/2026\/04\/29\/unai-emery-elogia-vitor-pereira-e-o-nottingham-forest\/#primaryimage\"},\"image\":{\"@id\":\"https:\/\/portaltela.pt\/noticias\/2026\/04\/29\/unai-emery-elogia-vitor-pereira-e-o-nottingham-forest\/#primaryimage\"},\"thumbnailUrl\":\"https:\/\/portaltela.pt\/s.01k8rhncp4jt1\/2026\/04\/img_920x518uu2025-04-15-18-40-03-2356460-im-639130808733304462.jpg\",\"datePublished\":\"2026-04-29T17:03:36+00:00\",\"author\":{\"@id\":\"https:\/\/portaltela.pt\/#\/schema\/person\/c4278d4a6028830caff9ee44b42d32ed\"},\"breadcrumb\":{\"@id\":\"https:\/\/portaltela.pt\/noticias\/2026\/04\/29\/unai-emery-elogia-vitor-pereira-e-o-nottingham-forest\/#breadcrumb\"},\"inLanguage\":\"pt-PT\",\"potentialAction\":[{\"@type\":\"ReadAction\",\"target\":[\"https:\/\/portaltela.pt\/noticias\/2026\/04\/29\/unai-emery-elogia-vitor-pereira-e-o-nottingham-forest\/\"]}]},{\"@type\":\"ImageObject\",\"inLanguage\":\"pt-PT\",\"@id\":\"https:\/\/portaltela.pt\/noticias\/2026\/04\/29\/unai-emery-elogia-vitor-pereira-e-o-nottingham-forest\/#primaryimage\",\"url\":\"https:\/\/portaltela.pt\/s.01k8rhncp4jt1\/2026\/04\/img_920x518uu2025-04-15-18-40-03-2356460-im-639130808733304462.jpg\",\"contentUrl\":\"https:\/\/portaltela.pt\/s.01k8rhncp4jt1\/2026\/04\/img_920x518uu2025-04-15-18-40-03-2356460-im-639130808733304462.jpg\",\"width\":796,\"height\":448,\"caption\":\"Unai Emery divide chances com Nottingham Forest\"},{\"@type\":\"BreadcrumbList\",\"@id\":\"https:\/\/portaltela.pt\/noticias\/2026\/04\/29\/unai-emery-elogia-vitor-pereira-e-o-nottingham-forest\/#breadcrumb\",\"itemListElement\":[{\"@type\":\"ListItem\",\"position\":1,\"name\":\"In\u00edcio\",\"item\":\"https:\/\/portaltela.pt\/\"},{\"@type\":\"ListItem\",\"position\":2,\"name\":\"Unai Emery elogia V\u00edtor Pereira e o Nottingham Forest\"}]},{\"@type\":\"WebSite\",\"@id\":\"https:\/\/portaltela.pt\/#website\",\"url\":\"https:\/\/portaltela.pt\/\",\"name\":\"Portal Tela Portugal\",\"description\":\"\",\"potentialAction\":[{\"@type\":\"SearchAction\",\"target\":{\"@type\":\"EntryPoint\",\"urlTemplate\":\"https:\/\/portaltela.pt\/?s={search_term_string}\"},\"query-input\":{\"@type\":\"PropertyValueSpecification\",\"valueRequired\":true,\"valueName\":\"search_term_string\"}}],\"inLanguage\":\"pt-PT\"},{\"@type\":\"Person\",\"@id\":\"https:\/\/portaltela.pt\/#\/schema\/person\/c4278d4a6028830caff9ee44b42d32ed\",\"name\":\"Telinha\",\"image\":{\"@type\":\"ImageObject\",\"inLanguage\":\"pt-PT\",\"@id\":\"https:\/\/portaltela.pt\/s.01k8rhncp4jt1\/2025\/11\/talking-bot-125x125.png\",\"url\":\"https:\/\/portaltela.pt\/s.01k8rhncp4jt1\/2025\/11\/talking-bot-125x125.png\",\"contentUrl\":\"https:\/\/portaltela.pt\/s.01k8rhncp4jt1\/2025\/11\/talking-bot-125x125.png\",\"caption\":\"Telinha\"},\"sameAs\":[\"https:\/\/portaltela.pt\/\"],\"url\":\"https:\/\/portaltela.pt\/por\/367410592786\/\"}]}<\/script>\n<!-- \/ Yoast SEO plugin. -->","yoast_head_json":{"title":"Unai Emery elogia V\u00edtor Pereira e o Nottingham Forest - Portal Tela Portugal","robots":{"index":"index","follow":"follow","max-snippet":"max-snippet:-1","max-image-preview":"max-image-preview:large","max-video-preview":"max-video-preview:-1"},"og_locale":"pt_PT","og_type":"article","og_title":"Unai Emery elogia V\u00edtor Pereira e o Nottingham Forest - Portal Tela Portugal","og_description":"Unai Emery, treinador do Aston Villa, antecipa a primeira m\u00e3o das meias finais da Liga Europa, \u00e0s 20h, elogiando V\u00edtor Pereira e o Nottingham Forest. O t\u00e9cnico espanhol elogiou o percurso do Forest na competi\u00e7\u00e3o, destacando que joga bem, est\u00e1 confiante e \u00e9 competitivo. Disse que h\u00e1 50 por cento de hip\u00f3teses de sucesso para cada equipa e que os dois duelos s\u00e3o muito importantes para ambos os lados. Referiu que o Forest tem uma grande hist\u00f3ria na Europa pela conquista da Ta\u00e7a dos Campe\u00f5es Europeus, e o Villa tamb\u00e9m tem a sua, que pretende honrar. Ollie Watkins, capit\u00e3o do Aston Villa, disse que ambiciona vencer trof\u00e9us e que conquistar a Liga Europa seria especialmente significativo.","og_url":"https:\/\/portaltela.pt\/noticias\/2026\/04\/29\/unai-emery-elogia-vitor-pereira-e-o-nottingham-forest\/","og_site_name":"Portal Tela Portugal","article_published_time":"2026-04-29T17:03:36+00:00","author":"Telinha","twitter_card":"summary_large_image","twitter_misc":{"Escrito por":"Telinha","Tempo estimado de leitura":"1 minuto"},"schema":{"@context":"https:\/\/schema.org","@graph":[{"@type":"Article","@id":"https:\/\/portaltela.pt\/noticias\/2026\/04\/29\/unai-emery-elogia-vitor-pereira-e-o-nottingham-forest\/#article","isPartOf":{"@id":"https:\/\/portaltela.pt\/noticias\/2026\/04\/29\/unai-emery-elogia-vitor-pereira-e-o-nottingham-forest\/"},"author":{"name":"Telinha","@id":"https:\/\/portaltela.pt\/#\/schema\/person\/c4278d4a6028830caff9ee44b42d32ed"},"headline":"Unai Emery elogia V\u00edtor Pereira e o Nottingham Forest","datePublished":"2026-04-29T17:03:36+00:00","mainEntityOfPage":{"@id":"https:\/\/portaltela.pt\/noticias\/2026\/04\/29\/unai-emery-elogia-vitor-pereira-e-o-nottingham-forest\/"},"wordCount":217,"image":{"@id":"https:\/\/portaltela.pt\/noticias\/2026\/04\/29\/unai-emery-elogia-vitor-pereira-e-o-nottingham-forest\/#primaryimage"},"thumbnailUrl":"https:\/\/portaltela.pt\/s.01k8rhncp4jt1\/2026\/04\/img_920x518uu2025-04-15-18-40-03-2356460-im-639130808733304462.jpg","keywords":["Aston Villa","futebol","futebol internacional","not\u00edcias","Nottingham Forest","Unai Emery"],"articleSection":["Desporto","Futebol"],"inLanguage":"pt-PT"},{"@type":"WebPage","@id":"https:\/\/portaltela.pt\/noticias\/2026\/04\/29\/unai-emery-elogia-vitor-pereira-e-o-nottingham-forest\/","url":"https:\/\/portaltela.pt\/noticias\/2026\/04\/29\/unai-emery-elogia-vitor-pereira-e-o-nottingham-forest\/","name":"Unai Emery elogia V\u00edtor Pereira e o Nottingham Forest - Portal Tela Portugal","isPartOf":{"@id":"https:\/\/portaltela.pt\/#website"},"primaryImageOfPage":{"@id":"https:\/\/portaltela.pt\/noticias\/2026\/04\/29\/unai-emery-elogia-vitor-pereira-e-o-nottingham-forest\/#primaryimage"},"image":{"@id":"https:\/\/portaltela.pt\/noticias\/2026\/04\/29\/unai-emery-elogia-vitor-pereira-e-o-nottingham-forest\/#primaryimage"},"thumbnailUrl":"https:\/\/portaltela.pt\/s.01k8rhncp4jt1\/2026\/04\/img_920x518uu2025-04-15-18-40-03-2356460-im-639130808733304462.jpg","datePublished":"2026-04-29T17:03:36+00:00","author":{"@id":"https:\/\/portaltela.pt\/#\/schema\/person\/c4278d4a6028830caff9ee44b42d32ed"},"breadcrumb":{"@id":"https:\/\/portaltela.pt\/noticias\/2026\/04\/29\/unai-emery-elogia-vitor-pereira-e-o-nottingham-forest\/#breadcrumb"},"inLanguage":"pt-PT","potentialAction":[{"@type":"ReadAction","target":["https:\/\/portaltela.pt\/noticias\/2026\/04\/29\/unai-emery-elogia-vitor-pereira-e-o-nottingham-forest\/"]}]},{"@type":"ImageObject","inLanguage":"pt-PT","@id":"https:\/\/portaltela.pt\/noticias\/2026\/04\/29\/unai-emery-elogia-vitor-pereira-e-o-nottingham-forest\/#primaryimage","url":"https:\/\/portaltela.pt\/s.01k8rhncp4jt1\/2026\/04\/img_920x518uu2025-04-15-18-40-03-2356460-im-639130808733304462.jpg","contentUrl":"https:\/\/portaltela.pt\/s.01k8rhncp4jt1\/2026\/04\/img_920x518uu2025-04-15-18-40-03-2356460-im-639130808733304462.jpg","width":796,"height":448,"caption":"Unai Emery divide chances com Nottingham Forest"},{"@type":"BreadcrumbList","@id":"https:\/\/portaltela.pt\/noticias\/2026\/04\/29\/unai-emery-elogia-vitor-pereira-e-o-nottingham-forest\/#breadcrumb","itemListElement":[{"@type":"ListItem","position":1,"name":"In\u00edcio","item":"https:\/\/portaltela.pt\/"},{"@type":"ListItem","position":2,"name":"Unai Emery elogia V\u00edtor Pereira e o Nottingham Forest"}]},{"@type":"WebSite","@id":"https:\/\/portaltela.pt\/#website","url":"https:\/\/portaltela.pt\/","name":"Portal Tela Portugal","description":"","potentialAction":[{"@type":"SearchAction","target":{"@type":"EntryPoint","urlTemplate":"https:\/\/portaltela.pt\/?s={search_term_string}"},"query-input":{"@type":"PropertyValueSpecification","valueRequired":true,"valueName":"search_term_string"}}],"inLanguage":"pt-PT"},{"@type":"Person","@id":"https:\/\/portaltela.pt\/#\/schema\/person\/c4278d4a6028830caff9ee44b42d32ed","name":"Telinha","image":{"@type":"ImageObject","inLanguage":"pt-PT","@id":"https:\/\/portaltela.pt\/s.01k8rhncp4jt1\/2025\/11\/talking-bot-125x125.png","url":"https:\/\/portaltela.pt\/s.01k8rhncp4jt1\/2025\/11\/talking-bot-125x125.png","contentUrl":"https:\/\/portaltela.pt\/s.01k8rhncp4jt1\/2025\/11\/talking-bot-125x125.png","caption":"Telinha"},"sameAs":["https:\/\/portaltela.pt\/"],"url":"https:\/\/portaltela.pt\/por\/367410592786\/"}]}},"_links":{"self":[{"href":"https:\/\/portaltela.pt\/api\/wp\/v2\/posts\/461271","targetHints":{"allow":["GET"]}}],"collection":[{"href":"https:\/\/portaltela.pt\/api\/wp\/v2\/posts"}],"about":[{"href":"https:\/\/portaltela.pt\/api\/wp\/v2\/types\/post"}],"author":[{"embeddable":true,"href":"https:\/\/portaltela.pt\/api\/wp\/v2\/users\/2"}],"replies":[{"embeddable":true,"href":"https:\/\/portaltela.pt\/api\/wp\/v2\/comments?post=461271"}],"version-history":[{"count":0,"href":"https:\/\/portaltela.pt\/api\/wp\/v2\/posts\/461271\/revisions"}],"wp:featuredmedia":[{"embeddable":true,"href":"https:\/\/portaltela.pt\/api\/wp\/v2\/media\/461284"}],"wp:attachment":[{"href":"https:\/\/portaltela.pt\/api\/wp\/v2\/media?parent=461271"}],"wp:term":[{"taxonomy":"category","embeddable":true,"href":"https:\/\/portaltela.pt\/api\/wp\/v2\/categories?post=461271"},{"taxonomy":"post_tag","embeddable":true,"href":"https:\/\/portaltela.pt\/api\/wp\/v2\/tags?post=461271"}],"curies":[{"name":"wp","href":"https:\/\/api.w.org\/{rel}","templated":true}]}}