{"id":461270,"date":"2026-04-29T14:03:34","date_gmt":"2026-04-29T17:03:34","guid":{"rendered":"https:\/\/portaltela.pt\/noticias\/2026\/04\/29\/bryant-lazaro-comanda-o-estoril-em-braga-na-ausencia-de-ian-cathro\/"},"modified":"2026-04-29T14:03:34","modified_gmt":"2026-04-29T17:03:34","slug":"bryant-lazaro-comanda-o-estoril-em-braga-na-ausencia-de-ian-cathro","status":"publish","type":"post","link":"https:\/\/portaltela.pt\/desporto\/futebol\/2026\/04\/29\/bryant-lazaro-comanda-o-estoril-em-braga-na-ausencia-de-ian-cathro\/","title":{"rendered":"Bryant Lazaro comanda o Estoril em Braga na aus\u00eancia de Ian Cathro"},"content":{"rendered":"<p>O Estoril Praia recebe o Sp. Braga em jogo da Liga Betclic, num momento de menos brilho para os canarinhos, que acumulam cinco derrotas seguidas. A principal novidade \u00e9 a aus\u00eancia do treinador Ian Cathro, expulso na \u00faltima jornada frente ao Famalic\u00e3o.<\/p>\n<p>Como consequ\u00eancia, Bryant Lazaro vai liderar o banco da equipa em Braga, enquanto o escoc\u00eas Cathro fica na bancada a assistir ao encontro. A decis\u00e3o envolve tamb\u00e9m a gest\u00e3o do plantel, j\u00e1 que Boma e Lacximicant tamb\u00e9m est\u00e3o fora por diversas raz\u00f5es f\u00edsicas.<\/p>\n<p>No contexto do campeonato, o Estoril procura interromper a sequ\u00eancia negativa e somar pontos importantes. Lazaro assume fun\u00e7\u00f5es t\u00e9cnicas interinamente, com Cathro afastado por cart\u00e3o vermelho direto na rece\u00e7\u00e3o ao Famalic\u00e3o.<\/p>\n<p>O duelo realiza-se no terreno do Sp. Braga, numa jornada que promete ser decisiva para a rea\u00e7\u00e3o do Estoril na tabela. O clube n\u00e3o teve apenas contratempos desportivos, mas tamb\u00e9m limita\u00e7\u00f5es por les\u00f5es que afetam o plantel.<\/p>\n","protected":false},"excerpt":{"rendered":"<ul>\n<li>O Estoril soma cinco derrotas seguidas na Liga Betclic e enfrentar o Sp. Braga com fraquezas no plantel, incluindo Boma e Lacximicant.<\/li>\n<li>A maior baixa desta vez \u00e9 o treinador Ian Cathro, expulso na \u00faltima jornada frente ao Famalic\u00e3o.<\/li>\n<li>Por isso, Bryant Lazaro vai assumir o comando da equipa no banco, com o escoc\u00eas na bancada.<\/li>\n<li>A partida diante do Sp. Braga est\u00e1 marcada para Rodrigo? (N\u00e3o foi especificado) \u2013 manter apenas: o duelo \u00e9 em Braga, com Lazaro a orientar a equipa no banco.<\/li>\n<\/ul>\n","protected":false},"author":2,"featured_media":461281,"comment_status":"closed","ping_status":"closed","sticky":false,"template":"","format":"standard","meta":{"footnotes":""},"categories":[21,24],"tags":[8655,7973,7902,7755,8096,8639],"class_list":["post-461270","post","type-post","status-publish","format-standard","has-post-thumbnail","hentry","category-desporto","category-futebol","tag-_1-liga","tag-_braga","tag-_desporto","tag-_futebol","tag-_liga","tag-_sporting"],"yoast_head":"<!-- This site is optimized with the Yoast SEO plugin v27.2 - https:\/\/yoast.com\/product\/yoast-seo-wordpress\/ -->\n<title>Bryant Lazaro comanda o Estoril em Braga na aus\u00eancia de Ian Cathro - Portal Tela Portugal<\/title>\n<meta name=\"robots\" content=\"index, follow, max-snippet:-1, max-image-preview:large, max-video-preview:-1\" \/>\n<meta property=\"og:locale\" content=\"pt_PT\" \/>\n<meta property=\"og:type\" content=\"article\" \/>\n<meta property=\"og:title\" content=\"Bryant Lazaro comanda o Estoril em Braga na aus\u00eancia de Ian Cathro - Portal Tela Portugal\" \/>\n<meta property=\"og:description\" content=\"O Estoril soma cinco derrotas seguidas na Liga Betclic e enfrentar o Sp. Braga com fraquezas no plantel, incluindo Boma e Lacximicant. A maior baixa desta vez \u00e9 o treinador Ian Cathro, expulso na \u00faltima jornada frente ao Famalic\u00e3o. Por isso, Bryant Lazaro vai assumir o comando da equipa no banco, com o escoc\u00eas na bancada. A partida diante do Sp. Braga est\u00e1 marcada para Rodrigo? (N\u00e3o foi especificado) \u2013 manter apenas: o duelo \u00e9 em Braga, com Lazaro a orientar a equipa no banco.\" \/>\n<meta property=\"og:url\" content=\"https:\/\/portaltela.pt\/noticias\/2026\/04\/29\/bryant-lazaro-comanda-o-estoril-em-braga-na-ausencia-de-ian-cathro\/\" \/>\n<meta property=\"og:site_name\" content=\"Portal Tela Portugal\" \/>\n<meta property=\"article:published_time\" content=\"2026-04-29T17:03:34+00:00\" \/>\n<meta name=\"author\" content=\"Telinha\" \/>\n<meta name=\"twitter:card\" content=\"summary_large_image\" \/>\n<meta name=\"twitter:label1\" content=\"Escrito por\" \/>\n\t<meta name=\"twitter:data1\" content=\"Telinha\" \/>\n\t<meta name=\"twitter:label2\" content=\"Tempo estimado de leitura\" \/>\n\t<meta name=\"twitter:data2\" content=\"1 minuto\" \/>\n<script type=\"application\/ld+json\" class=\"yoast-schema-graph\">{\"@context\":\"https:\/\/schema.org\",\"@graph\":[{\"@type\":\"Article\",\"@id\":\"https:\/\/portaltela.pt\/noticias\/2026\/04\/29\/bryant-lazaro-comanda-o-estoril-em-braga-na-ausencia-de-ian-cathro\/#article\",\"isPartOf\":{\"@id\":\"https:\/\/portaltela.pt\/noticias\/2026\/04\/29\/bryant-lazaro-comanda-o-estoril-em-braga-na-ausencia-de-ian-cathro\/\"},\"author\":{\"name\":\"Telinha\",\"@id\":\"https:\/\/portaltela.pt\/#\/schema\/person\/c4278d4a6028830caff9ee44b42d32ed\"},\"headline\":\"Bryant Lazaro comanda o Estoril em Braga na aus\u00eancia de Ian Cathro\",\"datePublished\":\"2026-04-29T17:03:34+00:00\",\"mainEntityOfPage\":{\"@id\":\"https:\/\/portaltela.pt\/noticias\/2026\/04\/29\/bryant-lazaro-comanda-o-estoril-em-braga-na-ausencia-de-ian-cathro\/\"},\"wordCount\":187,\"image\":{\"@id\":\"https:\/\/portaltela.pt\/noticias\/2026\/04\/29\/bryant-lazaro-comanda-o-estoril-em-braga-na-ausencia-de-ian-cathro\/#primaryimage\"},\"thumbnailUrl\":\"https:\/\/portaltela.pt\/s.01k8rhncp4jt1\/2026\/04\/img_920x518uu2026-04-29-17-45-27-2435946-im-639130815687742696.jpg\",\"keywords\":[\"_1. Liga\",\"_Braga\",\"_desporto\",\"_futebol\",\"_Liga\",\"_Sporting\"],\"articleSection\":[\"Desporto\",\"Futebol\"],\"inLanguage\":\"pt-PT\"},{\"@type\":\"WebPage\",\"@id\":\"https:\/\/portaltela.pt\/noticias\/2026\/04\/29\/bryant-lazaro-comanda-o-estoril-em-braga-na-ausencia-de-ian-cathro\/\",\"url\":\"https:\/\/portaltela.pt\/noticias\/2026\/04\/29\/bryant-lazaro-comanda-o-estoril-em-braga-na-ausencia-de-ian-cathro\/\",\"name\":\"Bryant Lazaro comanda o Estoril em Braga na aus\u00eancia de Ian Cathro - Portal Tela Portugal\",\"isPartOf\":{\"@id\":\"https:\/\/portaltela.pt\/#website\"},\"primaryImageOfPage\":{\"@id\":\"https:\/\/portaltela.pt\/noticias\/2026\/04\/29\/bryant-lazaro-comanda-o-estoril-em-braga-na-ausencia-de-ian-cathro\/#primaryimage\"},\"image\":{\"@id\":\"https:\/\/portaltela.pt\/noticias\/2026\/04\/29\/bryant-lazaro-comanda-o-estoril-em-braga-na-ausencia-de-ian-cathro\/#primaryimage\"},\"thumbnailUrl\":\"https:\/\/portaltela.pt\/s.01k8rhncp4jt1\/2026\/04\/img_920x518uu2026-04-29-17-45-27-2435946-im-639130815687742696.jpg\",\"datePublished\":\"2026-04-29T17:03:34+00:00\",\"author\":{\"@id\":\"https:\/\/portaltela.pt\/#\/schema\/person\/c4278d4a6028830caff9ee44b42d32ed\"},\"breadcrumb\":{\"@id\":\"https:\/\/portaltela.pt\/noticias\/2026\/04\/29\/bryant-lazaro-comanda-o-estoril-em-braga-na-ausencia-de-ian-cathro\/#breadcrumb\"},\"inLanguage\":\"pt-PT\",\"potentialAction\":[{\"@type\":\"ReadAction\",\"target\":[\"https:\/\/portaltela.pt\/noticias\/2026\/04\/29\/bryant-lazaro-comanda-o-estoril-em-braga-na-ausencia-de-ian-cathro\/\"]}]},{\"@type\":\"ImageObject\",\"inLanguage\":\"pt-PT\",\"@id\":\"https:\/\/portaltela.pt\/noticias\/2026\/04\/29\/bryant-lazaro-comanda-o-estoril-em-braga-na-ausencia-de-ian-cathro\/#primaryimage\",\"url\":\"https:\/\/portaltela.pt\/s.01k8rhncp4jt1\/2026\/04\/img_920x518uu2026-04-29-17-45-27-2435946-im-639130815687742696.jpg\",\"contentUrl\":\"https:\/\/portaltela.pt\/s.01k8rhncp4jt1\/2026\/04\/img_920x518uu2026-04-29-17-45-27-2435946-im-639130815687742696.jpg\",\"width\":796,\"height\":448,\"caption\":\"Bryant Lazaro ao lado de Ian Cathro em jogo contra o Sporting em Alvalade\"},{\"@type\":\"BreadcrumbList\",\"@id\":\"https:\/\/portaltela.pt\/noticias\/2026\/04\/29\/bryant-lazaro-comanda-o-estoril-em-braga-na-ausencia-de-ian-cathro\/#breadcrumb\",\"itemListElement\":[{\"@type\":\"ListItem\",\"position\":1,\"name\":\"In\u00edcio\",\"item\":\"https:\/\/portaltela.pt\/\"},{\"@type\":\"ListItem\",\"position\":2,\"name\":\"Bryant Lazaro comanda o Estoril em Braga na aus\u00eancia de Ian Cathro\"}]},{\"@type\":\"WebSite\",\"@id\":\"https:\/\/portaltela.pt\/#website\",\"url\":\"https:\/\/portaltela.pt\/\",\"name\":\"Portal Tela Portugal\",\"description\":\"\",\"potentialAction\":[{\"@type\":\"SearchAction\",\"target\":{\"@type\":\"EntryPoint\",\"urlTemplate\":\"https:\/\/portaltela.pt\/?s={search_term_string}\"},\"query-input\":{\"@type\":\"PropertyValueSpecification\",\"valueRequired\":true,\"valueName\":\"search_term_string\"}}],\"inLanguage\":\"pt-PT\"},{\"@type\":\"Person\",\"@id\":\"https:\/\/portaltela.pt\/#\/schema\/person\/c4278d4a6028830caff9ee44b42d32ed\",\"name\":\"Telinha\",\"image\":{\"@type\":\"ImageObject\",\"inLanguage\":\"pt-PT\",\"@id\":\"https:\/\/portaltela.pt\/s.01k8rhncp4jt1\/2025\/11\/talking-bot-125x125.png\",\"url\":\"https:\/\/portaltela.pt\/s.01k8rhncp4jt1\/2025\/11\/talking-bot-125x125.png\",\"contentUrl\":\"https:\/\/portaltela.pt\/s.01k8rhncp4jt1\/2025\/11\/talking-bot-125x125.png\",\"caption\":\"Telinha\"},\"sameAs\":[\"https:\/\/portaltela.pt\/\"],\"url\":\"https:\/\/portaltela.pt\/por\/367410592786\/\"}]}<\/script>\n<!-- \/ Yoast SEO plugin. -->","yoast_head_json":{"title":"Bryant Lazaro comanda o Estoril em Braga na aus\u00eancia de Ian Cathro - Portal Tela Portugal","robots":{"index":"index","follow":"follow","max-snippet":"max-snippet:-1","max-image-preview":"max-image-preview:large","max-video-preview":"max-video-preview:-1"},"og_locale":"pt_PT","og_type":"article","og_title":"Bryant Lazaro comanda o Estoril em Braga na aus\u00eancia de Ian Cathro - Portal Tela Portugal","og_description":"O Estoril soma cinco derrotas seguidas na Liga Betclic e enfrentar o Sp. Braga com fraquezas no plantel, incluindo Boma e Lacximicant. A maior baixa desta vez \u00e9 o treinador Ian Cathro, expulso na \u00faltima jornada frente ao Famalic\u00e3o. Por isso, Bryant Lazaro vai assumir o comando da equipa no banco, com o escoc\u00eas na bancada. A partida diante do Sp. Braga est\u00e1 marcada para Rodrigo? (N\u00e3o foi especificado) \u2013 manter apenas: o duelo \u00e9 em Braga, com Lazaro a orientar a equipa no banco.","og_url":"https:\/\/portaltela.pt\/noticias\/2026\/04\/29\/bryant-lazaro-comanda-o-estoril-em-braga-na-ausencia-de-ian-cathro\/","og_site_name":"Portal Tela Portugal","article_published_time":"2026-04-29T17:03:34+00:00","author":"Telinha","twitter_card":"summary_large_image","twitter_misc":{"Escrito por":"Telinha","Tempo estimado de leitura":"1 minuto"},"schema":{"@context":"https:\/\/schema.org","@graph":[{"@type":"Article","@id":"https:\/\/portaltela.pt\/noticias\/2026\/04\/29\/bryant-lazaro-comanda-o-estoril-em-braga-na-ausencia-de-ian-cathro\/#article","isPartOf":{"@id":"https:\/\/portaltela.pt\/noticias\/2026\/04\/29\/bryant-lazaro-comanda-o-estoril-em-braga-na-ausencia-de-ian-cathro\/"},"author":{"name":"Telinha","@id":"https:\/\/portaltela.pt\/#\/schema\/person\/c4278d4a6028830caff9ee44b42d32ed"},"headline":"Bryant Lazaro comanda o Estoril em Braga na aus\u00eancia de Ian Cathro","datePublished":"2026-04-29T17:03:34+00:00","mainEntityOfPage":{"@id":"https:\/\/portaltela.pt\/noticias\/2026\/04\/29\/bryant-lazaro-comanda-o-estoril-em-braga-na-ausencia-de-ian-cathro\/"},"wordCount":187,"image":{"@id":"https:\/\/portaltela.pt\/noticias\/2026\/04\/29\/bryant-lazaro-comanda-o-estoril-em-braga-na-ausencia-de-ian-cathro\/#primaryimage"},"thumbnailUrl":"https:\/\/portaltela.pt\/s.01k8rhncp4jt1\/2026\/04\/img_920x518uu2026-04-29-17-45-27-2435946-im-639130815687742696.jpg","keywords":["_1. Liga","_Braga","_desporto","_futebol","_Liga","_Sporting"],"articleSection":["Desporto","Futebol"],"inLanguage":"pt-PT"},{"@type":"WebPage","@id":"https:\/\/portaltela.pt\/noticias\/2026\/04\/29\/bryant-lazaro-comanda-o-estoril-em-braga-na-ausencia-de-ian-cathro\/","url":"https:\/\/portaltela.pt\/noticias\/2026\/04\/29\/bryant-lazaro-comanda-o-estoril-em-braga-na-ausencia-de-ian-cathro\/","name":"Bryant Lazaro comanda o Estoril em Braga na aus\u00eancia de Ian Cathro - Portal Tela Portugal","isPartOf":{"@id":"https:\/\/portaltela.pt\/#website"},"primaryImageOfPage":{"@id":"https:\/\/portaltela.pt\/noticias\/2026\/04\/29\/bryant-lazaro-comanda-o-estoril-em-braga-na-ausencia-de-ian-cathro\/#primaryimage"},"image":{"@id":"https:\/\/portaltela.pt\/noticias\/2026\/04\/29\/bryant-lazaro-comanda-o-estoril-em-braga-na-ausencia-de-ian-cathro\/#primaryimage"},"thumbnailUrl":"https:\/\/portaltela.pt\/s.01k8rhncp4jt1\/2026\/04\/img_920x518uu2026-04-29-17-45-27-2435946-im-639130815687742696.jpg","datePublished":"2026-04-29T17:03:34+00:00","author":{"@id":"https:\/\/portaltela.pt\/#\/schema\/person\/c4278d4a6028830caff9ee44b42d32ed"},"breadcrumb":{"@id":"https:\/\/portaltela.pt\/noticias\/2026\/04\/29\/bryant-lazaro-comanda-o-estoril-em-braga-na-ausencia-de-ian-cathro\/#breadcrumb"},"inLanguage":"pt-PT","potentialAction":[{"@type":"ReadAction","target":["https:\/\/portaltela.pt\/noticias\/2026\/04\/29\/bryant-lazaro-comanda-o-estoril-em-braga-na-ausencia-de-ian-cathro\/"]}]},{"@type":"ImageObject","inLanguage":"pt-PT","@id":"https:\/\/portaltela.pt\/noticias\/2026\/04\/29\/bryant-lazaro-comanda-o-estoril-em-braga-na-ausencia-de-ian-cathro\/#primaryimage","url":"https:\/\/portaltela.pt\/s.01k8rhncp4jt1\/2026\/04\/img_920x518uu2026-04-29-17-45-27-2435946-im-639130815687742696.jpg","contentUrl":"https:\/\/portaltela.pt\/s.01k8rhncp4jt1\/2026\/04\/img_920x518uu2026-04-29-17-45-27-2435946-im-639130815687742696.jpg","width":796,"height":448,"caption":"Bryant Lazaro ao lado de Ian Cathro em jogo contra o Sporting em Alvalade"},{"@type":"BreadcrumbList","@id":"https:\/\/portaltela.pt\/noticias\/2026\/04\/29\/bryant-lazaro-comanda-o-estoril-em-braga-na-ausencia-de-ian-cathro\/#breadcrumb","itemListElement":[{"@type":"ListItem","position":1,"name":"In\u00edcio","item":"https:\/\/portaltela.pt\/"},{"@type":"ListItem","position":2,"name":"Bryant Lazaro comanda o Estoril em Braga na aus\u00eancia de Ian Cathro"}]},{"@type":"WebSite","@id":"https:\/\/portaltela.pt\/#website","url":"https:\/\/portaltela.pt\/","name":"Portal Tela Portugal","description":"","potentialAction":[{"@type":"SearchAction","target":{"@type":"EntryPoint","urlTemplate":"https:\/\/portaltela.pt\/?s={search_term_string}"},"query-input":{"@type":"PropertyValueSpecification","valueRequired":true,"valueName":"search_term_string"}}],"inLanguage":"pt-PT"},{"@type":"Person","@id":"https:\/\/portaltela.pt\/#\/schema\/person\/c4278d4a6028830caff9ee44b42d32ed","name":"Telinha","image":{"@type":"ImageObject","inLanguage":"pt-PT","@id":"https:\/\/portaltela.pt\/s.01k8rhncp4jt1\/2025\/11\/talking-bot-125x125.png","url":"https:\/\/portaltela.pt\/s.01k8rhncp4jt1\/2025\/11\/talking-bot-125x125.png","contentUrl":"https:\/\/portaltela.pt\/s.01k8rhncp4jt1\/2025\/11\/talking-bot-125x125.png","caption":"Telinha"},"sameAs":["https:\/\/portaltela.pt\/"],"url":"https:\/\/portaltela.pt\/por\/367410592786\/"}]}},"_links":{"self":[{"href":"https:\/\/portaltela.pt\/api\/wp\/v2\/posts\/461270","targetHints":{"allow":["GET"]}}],"collection":[{"href":"https:\/\/portaltela.pt\/api\/wp\/v2\/posts"}],"about":[{"href":"https:\/\/portaltela.pt\/api\/wp\/v2\/types\/post"}],"author":[{"embeddable":true,"href":"https:\/\/portaltela.pt\/api\/wp\/v2\/users\/2"}],"replies":[{"embeddable":true,"href":"https:\/\/portaltela.pt\/api\/wp\/v2\/comments?post=461270"}],"version-history":[{"count":0,"href":"https:\/\/portaltela.pt\/api\/wp\/v2\/posts\/461270\/revisions"}],"wp:featuredmedia":[{"embeddable":true,"href":"https:\/\/portaltela.pt\/api\/wp\/v2\/media\/461281"}],"wp:attachment":[{"href":"https:\/\/portaltela.pt\/api\/wp\/v2\/media?parent=461270"}],"wp:term":[{"taxonomy":"category","embeddable":true,"href":"https:\/\/portaltela.pt\/api\/wp\/v2\/categories?post=461270"},{"taxonomy":"post_tag","embeddable":true,"href":"https:\/\/portaltela.pt\/api\/wp\/v2\/tags?post=461270"}],"curies":[{"name":"wp","href":"https:\/\/api.w.org\/{rel}","templated":true}]}}