{"id":461268,"date":"2026-04-29T14:03:31","date_gmt":"2026-04-29T17:03:31","guid":{"rendered":"https:\/\/portaltela.pt\/noticias\/2026\/04\/29\/suecia-confisca-navio-da-frota-fantasma-russa-com-pavilhao-falso\/"},"modified":"2026-04-29T14:03:31","modified_gmt":"2026-04-29T17:03:31","slug":"suecia-confisca-navio-da-frota-fantasma-russa-com-pavilhao-falso","status":"publish","type":"post","link":"https:\/\/portaltela.pt\/noticias\/2026\/04\/29\/suecia-confisca-navio-da-frota-fantasma-russa-com-pavilhao-falso\/","title":{"rendered":"Su\u00e9cia confisca navio da frota fantasma russa com pavilh\u00e3o falso"},"content":{"rendered":"<p>O Minist\u00e9rio P\u00fablico sueco confirmou nesta quarta-feira o confisco de um cargueiro ligado \u00e0 suposta Frota Fantasma russa, apreendido no in\u00edcio de mar\u00e7o. O navio transportava cereais e foi alvo de uma a\u00e7\u00e3o ap\u00f3s pedido de assist\u00eancia jur\u00eddica de um Estado estrangeiro, sem revelar qual.<\/p>\n<p>O cargueiro Caffa, com 96 metros de comprimento, seguia para S\u00e3o Petersburgo quando foi abordado pela pol\u00edcia sueca em 6 de mar\u00e7o. Um membro da tripula\u00e7\u00e3o foi detido sob suspeita de violar o c\u00f3digo mar\u00edtimo, leis de seguran\u00e7a naval e de usar documentos falsos.<\/p>\n<p>A Guarda Costeira tinha informado previamente que o navio estava em lista de san\u00e7\u00f5es da Ucr\u00e2nia e operava sob bandeira guineense falsa. O procurador Hakan Larsson explicou que o registo do veredito depende de avalia\u00e7\u00e3o pelo tribunal, para poss\u00edvel entrega ao Estado solicitante.<\/p>\n<p>A embaixada da R\u00fassia em Estocolmo indicou que a maioria dos 11 tripulantes era de nacionalidade russa. O chefe interino de opera\u00e7\u00f5es da guarda costeira referiu que o navio poderia ter sido usado para transportar cereais roubados da Ucr\u00e2nia, segundo investiga\u00e7\u00e3o inicial.<\/p>\n<p>Contexto<\/p>\n<p>A investiga\u00e7\u00e3o insere-se num cen\u00e1rio em que a R\u00fassia \u00e9 acusada de falsificar propriedade de velhos petroleiros para contornar san\u00e7\u00f5es da UE, EUA e G7 desde a invas\u00e3o de 2022. As san\u00e7\u00f5es atingem, entre outros, seguros e transporte de petr\u00f3leo russo.<\/p>\n<p>Especialistas apontam que obras de evas\u00e3o podem fazer parte de uma campanha de press\u00e3o econ\u00f3mica, com risco de sabotagem e de guerra h\u00edbrida. Em outros casos reportados, navios sancionados foram abordados pela marinha de pa\u00edses europeus.<\/p>\n<p>No in\u00edcio de 2025, informa\u00e7\u00f5es internacionais indicaram a\u00e7\u00f5es de fiscaliza\u00e7\u00e3o similares em diferentes frentes, incluindo opera\u00e7\u00f5es no Mediterr\u00e2neo e no B\u00e1ltico, com implica\u00e7\u00f5es para a seguran\u00e7a mar\u00edtima e a cadeia de suprimentos.<\/p>\n","protected":false},"excerpt":{"rendered":"<ul>\n<li>A Su\u00e9cia confiscou o cargueiro Caffa, de 96 metros, apreendido a 6 de mar\u00e7o, acusado de transportar cereais ucranianos roubados.<\/li>\n<li>O navio, que navegava com uma bandeira guineense falsa, estava a caminho de S\u00e3o Petersburgo quando foi abordado pela pol\u00edcia sueca.<\/li>\n<li>O Minist\u00e9rio P\u00fablico sueco informou ter detido um membro da tripula\u00e7\u00e3o por suspeitas de viola\u00e7\u00e3o do c\u00f3digo mar\u00edtimo, da lei de seguran\u00e7a de navios e uso de documento falso.<\/li>\n<li>A autoridade sueca recebeu um pedido de assist\u00eancia jur\u00eddica de um Estado estrangeiro para medidas de investiga\u00e7\u00e3o, incluindo relativas ao navio Caffa, e decidiu o confisco para avalia\u00e7\u00e3o de entrega ao pa\u00eds requerente.<\/li>\n<li>A opera\u00e7\u00e3o insere-se num contexto mais amplo de tentativas de contornar san\u00e7\u00f5es da Uni\u00e3o Europeia, dos Estados Unidos e do G7, com alega\u00e7\u00f5es de que a chamada \u201cfrota fantasma\u201d envolve velhos petroleiros de propriedade opaca.<\/li>\n<\/ul>\n","protected":false},"author":2,"featured_media":461279,"comment_status":"closed","ping_status":"closed","sticky":false,"template":"","format":"standard","meta":{"footnotes":""},"categories":[6814,1],"tags":[8659,8006,9121,8060,8397,8943],"class_list":["post-461268","post","type-post","status-publish","format-standard","has-post-thumbnail","hentry","category-geopolitica","category-noticias","tag-_falsidade-documental","tag-_marinha","tag-_navios","tag-_sancoes","tag-_sancoes-internacionais","tag-_transporte-maritimo"],"yoast_head":"<!-- This site is optimized with the Yoast SEO plugin v27.2 - https:\/\/yoast.com\/product\/yoast-seo-wordpress\/ -->\n<title>Su\u00e9cia confisca navio da frota fantasma russa com pavilh\u00e3o falso - Portal Tela Portugal<\/title>\n<meta name=\"robots\" content=\"index, follow, max-snippet:-1, max-image-preview:large, max-video-preview:-1\" \/>\n<meta property=\"og:locale\" content=\"pt_PT\" \/>\n<meta property=\"og:type\" content=\"article\" \/>\n<meta property=\"og:title\" content=\"Su\u00e9cia confisca navio da frota fantasma russa com pavilh\u00e3o falso - Portal Tela Portugal\" \/>\n<meta property=\"og:description\" content=\"A Su\u00e9cia confiscou o cargueiro Caffa, de 96 metros, apreendido a 6 de mar\u00e7o, acusado de transportar cereais ucranianos roubados. O navio, que navegava com uma bandeira guineense falsa, estava a caminho de S\u00e3o Petersburgo quando foi abordado pela pol\u00edcia sueca. O Minist\u00e9rio P\u00fablico sueco informou ter detido um membro da tripula\u00e7\u00e3o por suspeitas de viola\u00e7\u00e3o do c\u00f3digo mar\u00edtimo, da lei de seguran\u00e7a de navios e uso de documento falso. A autoridade sueca recebeu um pedido de assist\u00eancia jur\u00eddica de um Estado estrangeiro para medidas de investiga\u00e7\u00e3o, incluindo relativas ao navio Caffa, e decidiu o confisco para avalia\u00e7\u00e3o de entrega ao pa\u00eds requerente. A opera\u00e7\u00e3o insere-se num contexto mais amplo de tentativas de contornar san\u00e7\u00f5es da Uni\u00e3o Europeia, dos Estados Unidos e do G7, com alega\u00e7\u00f5es de que a chamada \u201cfrota fantasma\u201d envolve velhos petroleiros de propriedade opaca.\" \/>\n<meta property=\"og:url\" content=\"https:\/\/portaltela.pt\/noticias\/2026\/04\/29\/suecia-confisca-navio-da-frota-fantasma-russa-com-pavilhao-falso\/\" \/>\n<meta property=\"og:site_name\" content=\"Portal Tela Portugal\" \/>\n<meta property=\"article:published_time\" content=\"2026-04-29T17:03:31+00:00\" \/>\n<meta name=\"author\" content=\"Telinha\" \/>\n<meta name=\"twitter:card\" content=\"summary_large_image\" \/>\n<meta name=\"twitter:label1\" content=\"Escrito por\" \/>\n\t<meta name=\"twitter:data1\" content=\"Telinha\" \/>\n\t<meta name=\"twitter:label2\" content=\"Tempo estimado de leitura\" \/>\n\t<meta name=\"twitter:data2\" content=\"2 minutos\" \/>\n<script type=\"application\/ld+json\" class=\"yoast-schema-graph\">{\"@context\":\"https:\/\/schema.org\",\"@graph\":[{\"@type\":\"Article\",\"@id\":\"https:\/\/portaltela.pt\/noticias\/2026\/04\/29\/suecia-confisca-navio-da-frota-fantasma-russa-com-pavilhao-falso\/#article\",\"isPartOf\":{\"@id\":\"https:\/\/portaltela.pt\/noticias\/2026\/04\/29\/suecia-confisca-navio-da-frota-fantasma-russa-com-pavilhao-falso\/\"},\"author\":{\"name\":\"Telinha\",\"@id\":\"https:\/\/portaltela.pt\/#\/schema\/person\/c4278d4a6028830caff9ee44b42d32ed\"},\"headline\":\"Su\u00e9cia confisca navio da frota fantasma russa com pavilh\u00e3o falso\",\"datePublished\":\"2026-04-29T17:03:31+00:00\",\"mainEntityOfPage\":{\"@id\":\"https:\/\/portaltela.pt\/noticias\/2026\/04\/29\/suecia-confisca-navio-da-frota-fantasma-russa-com-pavilhao-falso\/\"},\"wordCount\":334,\"image\":{\"@id\":\"https:\/\/portaltela.pt\/noticias\/2026\/04\/29\/suecia-confisca-navio-da-frota-fantasma-russa-com-pavilhao-falso\/#primaryimage\"},\"thumbnailUrl\":\"https:\/\/portaltela.pt\/s.01k8rhncp4jt1\/2026\/04\/1536x864_cmsv2_5c15563e-8743-53cf-a97a-6a0c39865c6e-9741189.jpg\",\"keywords\":[\"_falsidade documental\",\"_Marinha\",\"_navios\",\"_san\u00e7\u00f5es\",\"_san\u00e7\u00f5es internacionais\",\"_transporte mar\u00edtimo\"],\"articleSection\":[\"Geopol\u00edtica\",\"Not\u00edcias\"],\"inLanguage\":\"pt-PT\"},{\"@type\":\"WebPage\",\"@id\":\"https:\/\/portaltela.pt\/noticias\/2026\/04\/29\/suecia-confisca-navio-da-frota-fantasma-russa-com-pavilhao-falso\/\",\"url\":\"https:\/\/portaltela.pt\/noticias\/2026\/04\/29\/suecia-confisca-navio-da-frota-fantasma-russa-com-pavilhao-falso\/\",\"name\":\"Su\u00e9cia confisca navio da frota fantasma russa com pavilh\u00e3o falso - Portal Tela Portugal\",\"isPartOf\":{\"@id\":\"https:\/\/portaltela.pt\/#website\"},\"primaryImageOfPage\":{\"@id\":\"https:\/\/portaltela.pt\/noticias\/2026\/04\/29\/suecia-confisca-navio-da-frota-fantasma-russa-com-pavilhao-falso\/#primaryimage\"},\"image\":{\"@id\":\"https:\/\/portaltela.pt\/noticias\/2026\/04\/29\/suecia-confisca-navio-da-frota-fantasma-russa-com-pavilhao-falso\/#primaryimage\"},\"thumbnailUrl\":\"https:\/\/portaltela.pt\/s.01k8rhncp4jt1\/2026\/04\/1536x864_cmsv2_5c15563e-8743-53cf-a97a-6a0c39865c6e-9741189.jpg\",\"datePublished\":\"2026-04-29T17:03:31+00:00\",\"author\":{\"@id\":\"https:\/\/portaltela.pt\/#\/schema\/person\/c4278d4a6028830caff9ee44b42d32ed\"},\"breadcrumb\":{\"@id\":\"https:\/\/portaltela.pt\/noticias\/2026\/04\/29\/suecia-confisca-navio-da-frota-fantasma-russa-com-pavilhao-falso\/#breadcrumb\"},\"inLanguage\":\"pt-PT\",\"potentialAction\":[{\"@type\":\"ReadAction\",\"target\":[\"https:\/\/portaltela.pt\/noticias\/2026\/04\/29\/suecia-confisca-navio-da-frota-fantasma-russa-com-pavilhao-falso\/\"]}]},{\"@type\":\"ImageObject\",\"inLanguage\":\"pt-PT\",\"@id\":\"https:\/\/portaltela.pt\/noticias\/2026\/04\/29\/suecia-confisca-navio-da-frota-fantasma-russa-com-pavilhao-falso\/#primaryimage\",\"url\":\"https:\/\/portaltela.pt\/s.01k8rhncp4jt1\/2026\/04\/1536x864_cmsv2_5c15563e-8743-53cf-a97a-6a0c39865c6e-9741189.jpg\",\"contentUrl\":\"https:\/\/portaltela.pt\/s.01k8rhncp4jt1\/2026\/04\/1536x864_cmsv2_5c15563e-8743-53cf-a97a-6a0c39865c6e-9741189.jpg\",\"width\":796,\"height\":448,\"caption\":\"O Caffa, \u00e0 esquerda, e o Sea Owl I ancorados lado a lado \u00e0 sa\u00edda de Trelleborg, 13 de mar\u00e7o de 2026\"},{\"@type\":\"BreadcrumbList\",\"@id\":\"https:\/\/portaltela.pt\/noticias\/2026\/04\/29\/suecia-confisca-navio-da-frota-fantasma-russa-com-pavilhao-falso\/#breadcrumb\",\"itemListElement\":[{\"@type\":\"ListItem\",\"position\":1,\"name\":\"In\u00edcio\",\"item\":\"https:\/\/portaltela.pt\/\"},{\"@type\":\"ListItem\",\"position\":2,\"name\":\"Su\u00e9cia confisca navio da frota fantasma russa com pavilh\u00e3o falso\"}]},{\"@type\":\"WebSite\",\"@id\":\"https:\/\/portaltela.pt\/#website\",\"url\":\"https:\/\/portaltela.pt\/\",\"name\":\"Portal Tela Portugal\",\"description\":\"\",\"potentialAction\":[{\"@type\":\"SearchAction\",\"target\":{\"@type\":\"EntryPoint\",\"urlTemplate\":\"https:\/\/portaltela.pt\/?s={search_term_string}\"},\"query-input\":{\"@type\":\"PropertyValueSpecification\",\"valueRequired\":true,\"valueName\":\"search_term_string\"}}],\"inLanguage\":\"pt-PT\"},{\"@type\":\"Person\",\"@id\":\"https:\/\/portaltela.pt\/#\/schema\/person\/c4278d4a6028830caff9ee44b42d32ed\",\"name\":\"Telinha\",\"image\":{\"@type\":\"ImageObject\",\"inLanguage\":\"pt-PT\",\"@id\":\"https:\/\/portaltela.pt\/s.01k8rhncp4jt1\/2025\/11\/talking-bot-125x125.png\",\"url\":\"https:\/\/portaltela.pt\/s.01k8rhncp4jt1\/2025\/11\/talking-bot-125x125.png\",\"contentUrl\":\"https:\/\/portaltela.pt\/s.01k8rhncp4jt1\/2025\/11\/talking-bot-125x125.png\",\"caption\":\"Telinha\"},\"sameAs\":[\"https:\/\/portaltela.pt\/\"],\"url\":\"https:\/\/portaltela.pt\/por\/367410592786\/\"}]}<\/script>\n<!-- \/ Yoast SEO plugin. -->","yoast_head_json":{"title":"Su\u00e9cia confisca navio da frota fantasma russa com pavilh\u00e3o falso - Portal Tela Portugal","robots":{"index":"index","follow":"follow","max-snippet":"max-snippet:-1","max-image-preview":"max-image-preview:large","max-video-preview":"max-video-preview:-1"},"og_locale":"pt_PT","og_type":"article","og_title":"Su\u00e9cia confisca navio da frota fantasma russa com pavilh\u00e3o falso - Portal Tela Portugal","og_description":"A Su\u00e9cia confiscou o cargueiro Caffa, de 96 metros, apreendido a 6 de mar\u00e7o, acusado de transportar cereais ucranianos roubados. O navio, que navegava com uma bandeira guineense falsa, estava a caminho de S\u00e3o Petersburgo quando foi abordado pela pol\u00edcia sueca. O Minist\u00e9rio P\u00fablico sueco informou ter detido um membro da tripula\u00e7\u00e3o por suspeitas de viola\u00e7\u00e3o do c\u00f3digo mar\u00edtimo, da lei de seguran\u00e7a de navios e uso de documento falso. A autoridade sueca recebeu um pedido de assist\u00eancia jur\u00eddica de um Estado estrangeiro para medidas de investiga\u00e7\u00e3o, incluindo relativas ao navio Caffa, e decidiu o confisco para avalia\u00e7\u00e3o de entrega ao pa\u00eds requerente. A opera\u00e7\u00e3o insere-se num contexto mais amplo de tentativas de contornar san\u00e7\u00f5es da Uni\u00e3o Europeia, dos Estados Unidos e do G7, com alega\u00e7\u00f5es de que a chamada \u201cfrota fantasma\u201d envolve velhos petroleiros de propriedade opaca.","og_url":"https:\/\/portaltela.pt\/noticias\/2026\/04\/29\/suecia-confisca-navio-da-frota-fantasma-russa-com-pavilhao-falso\/","og_site_name":"Portal Tela Portugal","article_published_time":"2026-04-29T17:03:31+00:00","author":"Telinha","twitter_card":"summary_large_image","twitter_misc":{"Escrito por":"Telinha","Tempo estimado de leitura":"2 minutos"},"schema":{"@context":"https:\/\/schema.org","@graph":[{"@type":"Article","@id":"https:\/\/portaltela.pt\/noticias\/2026\/04\/29\/suecia-confisca-navio-da-frota-fantasma-russa-com-pavilhao-falso\/#article","isPartOf":{"@id":"https:\/\/portaltela.pt\/noticias\/2026\/04\/29\/suecia-confisca-navio-da-frota-fantasma-russa-com-pavilhao-falso\/"},"author":{"name":"Telinha","@id":"https:\/\/portaltela.pt\/#\/schema\/person\/c4278d4a6028830caff9ee44b42d32ed"},"headline":"Su\u00e9cia confisca navio da frota fantasma russa com pavilh\u00e3o falso","datePublished":"2026-04-29T17:03:31+00:00","mainEntityOfPage":{"@id":"https:\/\/portaltela.pt\/noticias\/2026\/04\/29\/suecia-confisca-navio-da-frota-fantasma-russa-com-pavilhao-falso\/"},"wordCount":334,"image":{"@id":"https:\/\/portaltela.pt\/noticias\/2026\/04\/29\/suecia-confisca-navio-da-frota-fantasma-russa-com-pavilhao-falso\/#primaryimage"},"thumbnailUrl":"https:\/\/portaltela.pt\/s.01k8rhncp4jt1\/2026\/04\/1536x864_cmsv2_5c15563e-8743-53cf-a97a-6a0c39865c6e-9741189.jpg","keywords":["_falsidade documental","_Marinha","_navios","_san\u00e7\u00f5es","_san\u00e7\u00f5es internacionais","_transporte mar\u00edtimo"],"articleSection":["Geopol\u00edtica","Not\u00edcias"],"inLanguage":"pt-PT"},{"@type":"WebPage","@id":"https:\/\/portaltela.pt\/noticias\/2026\/04\/29\/suecia-confisca-navio-da-frota-fantasma-russa-com-pavilhao-falso\/","url":"https:\/\/portaltela.pt\/noticias\/2026\/04\/29\/suecia-confisca-navio-da-frota-fantasma-russa-com-pavilhao-falso\/","name":"Su\u00e9cia confisca navio da frota fantasma russa com pavilh\u00e3o falso - Portal Tela Portugal","isPartOf":{"@id":"https:\/\/portaltela.pt\/#website"},"primaryImageOfPage":{"@id":"https:\/\/portaltela.pt\/noticias\/2026\/04\/29\/suecia-confisca-navio-da-frota-fantasma-russa-com-pavilhao-falso\/#primaryimage"},"image":{"@id":"https:\/\/portaltela.pt\/noticias\/2026\/04\/29\/suecia-confisca-navio-da-frota-fantasma-russa-com-pavilhao-falso\/#primaryimage"},"thumbnailUrl":"https:\/\/portaltela.pt\/s.01k8rhncp4jt1\/2026\/04\/1536x864_cmsv2_5c15563e-8743-53cf-a97a-6a0c39865c6e-9741189.jpg","datePublished":"2026-04-29T17:03:31+00:00","author":{"@id":"https:\/\/portaltela.pt\/#\/schema\/person\/c4278d4a6028830caff9ee44b42d32ed"},"breadcrumb":{"@id":"https:\/\/portaltela.pt\/noticias\/2026\/04\/29\/suecia-confisca-navio-da-frota-fantasma-russa-com-pavilhao-falso\/#breadcrumb"},"inLanguage":"pt-PT","potentialAction":[{"@type":"ReadAction","target":["https:\/\/portaltela.pt\/noticias\/2026\/04\/29\/suecia-confisca-navio-da-frota-fantasma-russa-com-pavilhao-falso\/"]}]},{"@type":"ImageObject","inLanguage":"pt-PT","@id":"https:\/\/portaltela.pt\/noticias\/2026\/04\/29\/suecia-confisca-navio-da-frota-fantasma-russa-com-pavilhao-falso\/#primaryimage","url":"https:\/\/portaltela.pt\/s.01k8rhncp4jt1\/2026\/04\/1536x864_cmsv2_5c15563e-8743-53cf-a97a-6a0c39865c6e-9741189.jpg","contentUrl":"https:\/\/portaltela.pt\/s.01k8rhncp4jt1\/2026\/04\/1536x864_cmsv2_5c15563e-8743-53cf-a97a-6a0c39865c6e-9741189.jpg","width":796,"height":448,"caption":"O Caffa, \u00e0 esquerda, e o Sea Owl I ancorados lado a lado \u00e0 sa\u00edda de Trelleborg, 13 de mar\u00e7o de 2026"},{"@type":"BreadcrumbList","@id":"https:\/\/portaltela.pt\/noticias\/2026\/04\/29\/suecia-confisca-navio-da-frota-fantasma-russa-com-pavilhao-falso\/#breadcrumb","itemListElement":[{"@type":"ListItem","position":1,"name":"In\u00edcio","item":"https:\/\/portaltela.pt\/"},{"@type":"ListItem","position":2,"name":"Su\u00e9cia confisca navio da frota fantasma russa com pavilh\u00e3o falso"}]},{"@type":"WebSite","@id":"https:\/\/portaltela.pt\/#website","url":"https:\/\/portaltela.pt\/","name":"Portal Tela Portugal","description":"","potentialAction":[{"@type":"SearchAction","target":{"@type":"EntryPoint","urlTemplate":"https:\/\/portaltela.pt\/?s={search_term_string}"},"query-input":{"@type":"PropertyValueSpecification","valueRequired":true,"valueName":"search_term_string"}}],"inLanguage":"pt-PT"},{"@type":"Person","@id":"https:\/\/portaltela.pt\/#\/schema\/person\/c4278d4a6028830caff9ee44b42d32ed","name":"Telinha","image":{"@type":"ImageObject","inLanguage":"pt-PT","@id":"https:\/\/portaltela.pt\/s.01k8rhncp4jt1\/2025\/11\/talking-bot-125x125.png","url":"https:\/\/portaltela.pt\/s.01k8rhncp4jt1\/2025\/11\/talking-bot-125x125.png","contentUrl":"https:\/\/portaltela.pt\/s.01k8rhncp4jt1\/2025\/11\/talking-bot-125x125.png","caption":"Telinha"},"sameAs":["https:\/\/portaltela.pt\/"],"url":"https:\/\/portaltela.pt\/por\/367410592786\/"}]}},"_links":{"self":[{"href":"https:\/\/portaltela.pt\/api\/wp\/v2\/posts\/461268","targetHints":{"allow":["GET"]}}],"collection":[{"href":"https:\/\/portaltela.pt\/api\/wp\/v2\/posts"}],"about":[{"href":"https:\/\/portaltela.pt\/api\/wp\/v2\/types\/post"}],"author":[{"embeddable":true,"href":"https:\/\/portaltela.pt\/api\/wp\/v2\/users\/2"}],"replies":[{"embeddable":true,"href":"https:\/\/portaltela.pt\/api\/wp\/v2\/comments?post=461268"}],"version-history":[{"count":0,"href":"https:\/\/portaltela.pt\/api\/wp\/v2\/posts\/461268\/revisions"}],"wp:featuredmedia":[{"embeddable":true,"href":"https:\/\/portaltela.pt\/api\/wp\/v2\/media\/461279"}],"wp:attachment":[{"href":"https:\/\/portaltela.pt\/api\/wp\/v2\/media?parent=461268"}],"wp:term":[{"taxonomy":"category","embeddable":true,"href":"https:\/\/portaltela.pt\/api\/wp\/v2\/categories?post=461268"},{"taxonomy":"post_tag","embeddable":true,"href":"https:\/\/portaltela.pt\/api\/wp\/v2\/tags?post=461268"}],"curies":[{"name":"wp","href":"https:\/\/api.w.org\/{rel}","templated":true}]}}