{"id":461259,"date":"2026-04-29T14:03:25","date_gmt":"2026-04-29T17:03:25","guid":{"rendered":"https:\/\/portaltela.pt\/noticias\/2026\/04\/29\/segundo-embaixador-dos-eua-na-ucrania-demite-se-em-menos-de-um-ano\/"},"modified":"2026-04-29T14:03:25","modified_gmt":"2026-04-29T17:03:25","slug":"segundo-embaixador-dos-eua-na-ucrania-demite-se-em-menos-de-um-ano","status":"publish","type":"post","link":"https:\/\/portaltela.pt\/noticias\/politica\/2026\/04\/29\/segundo-embaixador-dos-eua-na-ucrania-demite-se-em-menos-de-um-ano\/","title":{"rendered":"Segundo embaixador dos EUA na Ucr\u00e2nia demite-se em menos de um ano"},"content":{"rendered":"<p>Julie Davis, a embaixadora interina dos EUA na Ucr\u00e2nia, vai deixar o cargo em junho e reformar-se do servi\u00e7o diplom\u00e1tico, anunciou o Departamento de Estado. A not\u00edcia chega sem confirma\u00e7\u00e3o de quem ser\u00e1 o pr\u00f3ximo embaixador permanente em Kiev.<\/p>\n<p>Davis tem cumprido fun\u00e7\u00f5es de encarregada de neg\u00f3cios desde a sa\u00edda de Bridget Brink, em abril de 2025, ap\u00f3s cr\u00edticas p\u00fablicas \u00e0 administra\u00e7\u00e3o anterior sobre a resposta \u00e0 invas\u00e3o russa. Brinks afirmou, na altura, que n\u00e3o podia manter a pol\u00edtica vigente.<\/p>\n<p>O Departamento de Estado rejeitou as sugest\u00f5es de que a decis\u00e3o de Davis est\u00e1 ligada a diferen\u00e7as pol\u00edticas com o presidente Donald Trump. O afastamento de Brink deixou a embaixada vaga, sem confirma\u00e7\u00e3o de substituto.<\/p>\n<h3>Situa\u00e7\u00e3o em Kiev e futuro da embaixada<\/h3>\n<p>Brink, que serviu em Kiev desde 2022, explicou que renunciou motivada por cr\u00edticas \u00e0 dire\u00e7\u00e3o da pol\u00edtica externa. Davis, que tamb\u00e9m atuou como embaixadora em Chipre desde 2023, n\u00e3o recebeu ainda confirma\u00e7\u00e3o para um papel permanente em Ucr\u00e2nia.<\/p>\n<p>At\u00e9 ao momento, n\u00e3o h\u00e1 indica\u00e7\u00e3o de quem ocupar\u00e1 o posto efetivo de embaixador dos EUA na Ucr\u00e2nia nem de quando ser\u00e1 nomeado. O objetivo diplom\u00e1tico norte-americano de encerrar a guerra total permanece sem avan\u00e7os vis\u00edveis recentemente.<\/p>\n","protected":false},"excerpt":{"rendered":"<ul>\n<li>Julie Davis, embaixadora interina dos EUA na Ucr\u00e2nia, vai deixar o cargo em junho e reformar-se do servi\u00e7o diplom\u00e1tico.<\/li>\n<li>Davis tem atuado como encarregada de neg\u00f3cios em Kiev h\u00e1 quase um ano, sucedendo Bridget Brink, que se demitiu em abril de 2025.<\/li>\n<li>A demiss\u00e3o de Davis surge num contexto de debate p\u00fablico sobre a pol\u00edtica de Washington para a Ucr\u00e2nia e a invas\u00e3o russa.<\/li>\n<li>O Departamento de Estado rejeitou as sugest\u00f5es de que a sa\u00edda est\u00e1 ligada a diferen\u00e7as pol\u00edticas com o presidente Donald Trump.<\/li>\n<li>O cargo de embaixador dos EUA em Kiev permanece vago desde a demiss\u00e3o de Brink, e ainda n\u00e3o h\u00e1 indica\u00e7\u00e3o de quem a substituir\u00e1 nem quando ser\u00e1 nomeado um embaixador permanente.<\/li>\n<\/ul>\n","protected":false},"author":2,"featured_media":461283,"comment_status":"closed","ping_status":"closed","sticky":false,"template":"","format":"standard","meta":{"footnotes":""},"categories":[6912,5],"tags":[29,6703,3205,1600,7439,2134],"class_list":["post-461259","post","type-post","status-publish","format-standard","has-post-thumbnail","hentry","category-internacionais","category-politica","tag-diplomacia","tag-diplomacia-internacional","tag-embaixadas","tag-estados-unidos","tag-politica-externa","tag-ucrania"],"yoast_head":"<!-- This site is optimized with the Yoast SEO plugin v27.2 - https:\/\/yoast.com\/product\/yoast-seo-wordpress\/ -->\n<title>Segundo embaixador dos EUA na Ucr\u00e2nia demite-se em menos de um ano - Portal Tela Portugal<\/title>\n<meta name=\"robots\" content=\"index, follow, max-snippet:-1, max-image-preview:large, max-video-preview:-1\" \/>\n<meta property=\"og:locale\" content=\"pt_PT\" \/>\n<meta property=\"og:type\" content=\"article\" \/>\n<meta property=\"og:title\" content=\"Segundo embaixador dos EUA na Ucr\u00e2nia demite-se em menos de um ano - Portal Tela Portugal\" \/>\n<meta property=\"og:description\" content=\"Julie Davis, embaixadora interina dos EUA na Ucr\u00e2nia, vai deixar o cargo em junho e reformar-se do servi\u00e7o diplom\u00e1tico. Davis tem atuado como encarregada de neg\u00f3cios em Kiev h\u00e1 quase um ano, sucedendo Bridget Brink, que se demitiu em abril de 2025. A demiss\u00e3o de Davis surge num contexto de debate p\u00fablico sobre a pol\u00edtica de Washington para a Ucr\u00e2nia e a invas\u00e3o russa. O Departamento de Estado rejeitou as sugest\u00f5es de que a sa\u00edda est\u00e1 ligada a diferen\u00e7as pol\u00edticas com o presidente Donald Trump. O cargo de embaixador dos EUA em Kiev permanece vago desde a demiss\u00e3o de Brink, e ainda n\u00e3o h\u00e1 indica\u00e7\u00e3o de quem a substituir\u00e1 nem quando ser\u00e1 nomeado um embaixador permanente.\" \/>\n<meta property=\"og:url\" content=\"https:\/\/portaltela.pt\/noticias\/2026\/04\/29\/segundo-embaixador-dos-eua-na-ucrania-demite-se-em-menos-de-um-ano\/\" \/>\n<meta property=\"og:site_name\" content=\"Portal Tela Portugal\" \/>\n<meta property=\"article:published_time\" content=\"2026-04-29T17:03:25+00:00\" \/>\n<meta name=\"author\" content=\"Telinha\" \/>\n<meta name=\"twitter:card\" content=\"summary_large_image\" \/>\n<meta name=\"twitter:label1\" content=\"Escrito por\" \/>\n\t<meta name=\"twitter:data1\" content=\"Telinha\" \/>\n\t<meta name=\"twitter:label2\" content=\"Tempo estimado de leitura\" \/>\n\t<meta name=\"twitter:data2\" content=\"1 minuto\" \/>\n<script type=\"application\/ld+json\" class=\"yoast-schema-graph\">{\"@context\":\"https:\/\/schema.org\",\"@graph\":[{\"@type\":\"Article\",\"@id\":\"https:\/\/portaltela.pt\/noticias\/2026\/04\/29\/segundo-embaixador-dos-eua-na-ucrania-demite-se-em-menos-de-um-ano\/#article\",\"isPartOf\":{\"@id\":\"https:\/\/portaltela.pt\/noticias\/2026\/04\/29\/segundo-embaixador-dos-eua-na-ucrania-demite-se-em-menos-de-um-ano\/\"},\"author\":{\"name\":\"Telinha\",\"@id\":\"https:\/\/portaltela.pt\/#\/schema\/person\/c4278d4a6028830caff9ee44b42d32ed\"},\"headline\":\"Segundo embaixador dos EUA na Ucr\u00e2nia demite-se em menos de um ano\",\"datePublished\":\"2026-04-29T17:03:25+00:00\",\"mainEntityOfPage\":{\"@id\":\"https:\/\/portaltela.pt\/noticias\/2026\/04\/29\/segundo-embaixador-dos-eua-na-ucrania-demite-se-em-menos-de-um-ano\/\"},\"wordCount\":239,\"image\":{\"@id\":\"https:\/\/portaltela.pt\/noticias\/2026\/04\/29\/segundo-embaixador-dos-eua-na-ucrania-demite-se-em-menos-de-um-ano\/#primaryimage\"},\"thumbnailUrl\":\"https:\/\/portaltela.pt\/s.01k8rhncp4jt1\/2026\/04\/1536x864_cmsv2_781f7ec7-cb4d-5dff-8caa-ac6623ae4723-9740983.jpg\",\"keywords\":[\"diplomacia\",\"diplomacia internacional\",\"embaixadas\",\"Estados Unidos\",\"pol\u00edtica externa\",\"Ucr\u00e2nia\"],\"articleSection\":[\"Internacionais\",\"Pol\u00edtica\"],\"inLanguage\":\"pt-PT\"},{\"@type\":\"WebPage\",\"@id\":\"https:\/\/portaltela.pt\/noticias\/2026\/04\/29\/segundo-embaixador-dos-eua-na-ucrania-demite-se-em-menos-de-um-ano\/\",\"url\":\"https:\/\/portaltela.pt\/noticias\/2026\/04\/29\/segundo-embaixador-dos-eua-na-ucrania-demite-se-em-menos-de-um-ano\/\",\"name\":\"Segundo embaixador dos EUA na Ucr\u00e2nia demite-se em menos de um ano - Portal Tela Portugal\",\"isPartOf\":{\"@id\":\"https:\/\/portaltela.pt\/#website\"},\"primaryImageOfPage\":{\"@id\":\"https:\/\/portaltela.pt\/noticias\/2026\/04\/29\/segundo-embaixador-dos-eua-na-ucrania-demite-se-em-menos-de-um-ano\/#primaryimage\"},\"image\":{\"@id\":\"https:\/\/portaltela.pt\/noticias\/2026\/04\/29\/segundo-embaixador-dos-eua-na-ucrania-demite-se-em-menos-de-um-ano\/#primaryimage\"},\"thumbnailUrl\":\"https:\/\/portaltela.pt\/s.01k8rhncp4jt1\/2026\/04\/1536x864_cmsv2_781f7ec7-cb4d-5dff-8caa-ac6623ae4723-9740983.jpg\",\"datePublished\":\"2026-04-29T17:03:25+00:00\",\"author\":{\"@id\":\"https:\/\/portaltela.pt\/#\/schema\/person\/c4278d4a6028830caff9ee44b42d32ed\"},\"breadcrumb\":{\"@id\":\"https:\/\/portaltela.pt\/noticias\/2026\/04\/29\/segundo-embaixador-dos-eua-na-ucrania-demite-se-em-menos-de-um-ano\/#breadcrumb\"},\"inLanguage\":\"pt-PT\",\"potentialAction\":[{\"@type\":\"ReadAction\",\"target\":[\"https:\/\/portaltela.pt\/noticias\/2026\/04\/29\/segundo-embaixador-dos-eua-na-ucrania-demite-se-em-menos-de-um-ano\/\"]}]},{\"@type\":\"ImageObject\",\"inLanguage\":\"pt-PT\",\"@id\":\"https:\/\/portaltela.pt\/noticias\/2026\/04\/29\/segundo-embaixador-dos-eua-na-ucrania-demite-se-em-menos-de-um-ano\/#primaryimage\",\"url\":\"https:\/\/portaltela.pt\/s.01k8rhncp4jt1\/2026\/04\/1536x864_cmsv2_781f7ec7-cb4d-5dff-8caa-ac6623ae4723-9740983.jpg\",\"contentUrl\":\"https:\/\/portaltela.pt\/s.01k8rhncp4jt1\/2026\/04\/1536x864_cmsv2_781f7ec7-cb4d-5dff-8caa-ac6623ae4723-9740983.jpg\",\"width\":796,\"height\":448,\"caption\":\"ARQUIVO - Vista da Embaixada dos EUA em Kiev, Ucr\u00e2nia, s\u00e1bado, 12 de fevereiro de 2022.\"},{\"@type\":\"BreadcrumbList\",\"@id\":\"https:\/\/portaltela.pt\/noticias\/2026\/04\/29\/segundo-embaixador-dos-eua-na-ucrania-demite-se-em-menos-de-um-ano\/#breadcrumb\",\"itemListElement\":[{\"@type\":\"ListItem\",\"position\":1,\"name\":\"In\u00edcio\",\"item\":\"https:\/\/portaltela.pt\/\"},{\"@type\":\"ListItem\",\"position\":2,\"name\":\"Segundo embaixador dos EUA na Ucr\u00e2nia demite-se em menos de um ano\"}]},{\"@type\":\"WebSite\",\"@id\":\"https:\/\/portaltela.pt\/#website\",\"url\":\"https:\/\/portaltela.pt\/\",\"name\":\"Portal Tela Portugal\",\"description\":\"\",\"potentialAction\":[{\"@type\":\"SearchAction\",\"target\":{\"@type\":\"EntryPoint\",\"urlTemplate\":\"https:\/\/portaltela.pt\/?s={search_term_string}\"},\"query-input\":{\"@type\":\"PropertyValueSpecification\",\"valueRequired\":true,\"valueName\":\"search_term_string\"}}],\"inLanguage\":\"pt-PT\"},{\"@type\":\"Person\",\"@id\":\"https:\/\/portaltela.pt\/#\/schema\/person\/c4278d4a6028830caff9ee44b42d32ed\",\"name\":\"Telinha\",\"image\":{\"@type\":\"ImageObject\",\"inLanguage\":\"pt-PT\",\"@id\":\"https:\/\/portaltela.pt\/s.01k8rhncp4jt1\/2025\/11\/talking-bot-125x125.png\",\"url\":\"https:\/\/portaltela.pt\/s.01k8rhncp4jt1\/2025\/11\/talking-bot-125x125.png\",\"contentUrl\":\"https:\/\/portaltela.pt\/s.01k8rhncp4jt1\/2025\/11\/talking-bot-125x125.png\",\"caption\":\"Telinha\"},\"sameAs\":[\"https:\/\/portaltela.pt\/\"],\"url\":\"https:\/\/portaltela.pt\/por\/367410592786\/\"}]}<\/script>\n<!-- \/ Yoast SEO plugin. -->","yoast_head_json":{"title":"Segundo embaixador dos EUA na Ucr\u00e2nia demite-se em menos de um ano - Portal Tela Portugal","robots":{"index":"index","follow":"follow","max-snippet":"max-snippet:-1","max-image-preview":"max-image-preview:large","max-video-preview":"max-video-preview:-1"},"og_locale":"pt_PT","og_type":"article","og_title":"Segundo embaixador dos EUA na Ucr\u00e2nia demite-se em menos de um ano - Portal Tela Portugal","og_description":"Julie Davis, embaixadora interina dos EUA na Ucr\u00e2nia, vai deixar o cargo em junho e reformar-se do servi\u00e7o diplom\u00e1tico. Davis tem atuado como encarregada de neg\u00f3cios em Kiev h\u00e1 quase um ano, sucedendo Bridget Brink, que se demitiu em abril de 2025. A demiss\u00e3o de Davis surge num contexto de debate p\u00fablico sobre a pol\u00edtica de Washington para a Ucr\u00e2nia e a invas\u00e3o russa. O Departamento de Estado rejeitou as sugest\u00f5es de que a sa\u00edda est\u00e1 ligada a diferen\u00e7as pol\u00edticas com o presidente Donald Trump. O cargo de embaixador dos EUA em Kiev permanece vago desde a demiss\u00e3o de Brink, e ainda n\u00e3o h\u00e1 indica\u00e7\u00e3o de quem a substituir\u00e1 nem quando ser\u00e1 nomeado um embaixador permanente.","og_url":"https:\/\/portaltela.pt\/noticias\/2026\/04\/29\/segundo-embaixador-dos-eua-na-ucrania-demite-se-em-menos-de-um-ano\/","og_site_name":"Portal Tela Portugal","article_published_time":"2026-04-29T17:03:25+00:00","author":"Telinha","twitter_card":"summary_large_image","twitter_misc":{"Escrito por":"Telinha","Tempo estimado de leitura":"1 minuto"},"schema":{"@context":"https:\/\/schema.org","@graph":[{"@type":"Article","@id":"https:\/\/portaltela.pt\/noticias\/2026\/04\/29\/segundo-embaixador-dos-eua-na-ucrania-demite-se-em-menos-de-um-ano\/#article","isPartOf":{"@id":"https:\/\/portaltela.pt\/noticias\/2026\/04\/29\/segundo-embaixador-dos-eua-na-ucrania-demite-se-em-menos-de-um-ano\/"},"author":{"name":"Telinha","@id":"https:\/\/portaltela.pt\/#\/schema\/person\/c4278d4a6028830caff9ee44b42d32ed"},"headline":"Segundo embaixador dos EUA na Ucr\u00e2nia demite-se em menos de um ano","datePublished":"2026-04-29T17:03:25+00:00","mainEntityOfPage":{"@id":"https:\/\/portaltela.pt\/noticias\/2026\/04\/29\/segundo-embaixador-dos-eua-na-ucrania-demite-se-em-menos-de-um-ano\/"},"wordCount":239,"image":{"@id":"https:\/\/portaltela.pt\/noticias\/2026\/04\/29\/segundo-embaixador-dos-eua-na-ucrania-demite-se-em-menos-de-um-ano\/#primaryimage"},"thumbnailUrl":"https:\/\/portaltela.pt\/s.01k8rhncp4jt1\/2026\/04\/1536x864_cmsv2_781f7ec7-cb4d-5dff-8caa-ac6623ae4723-9740983.jpg","keywords":["diplomacia","diplomacia internacional","embaixadas","Estados Unidos","pol\u00edtica externa","Ucr\u00e2nia"],"articleSection":["Internacionais","Pol\u00edtica"],"inLanguage":"pt-PT"},{"@type":"WebPage","@id":"https:\/\/portaltela.pt\/noticias\/2026\/04\/29\/segundo-embaixador-dos-eua-na-ucrania-demite-se-em-menos-de-um-ano\/","url":"https:\/\/portaltela.pt\/noticias\/2026\/04\/29\/segundo-embaixador-dos-eua-na-ucrania-demite-se-em-menos-de-um-ano\/","name":"Segundo embaixador dos EUA na Ucr\u00e2nia demite-se em menos de um ano - Portal Tela Portugal","isPartOf":{"@id":"https:\/\/portaltela.pt\/#website"},"primaryImageOfPage":{"@id":"https:\/\/portaltela.pt\/noticias\/2026\/04\/29\/segundo-embaixador-dos-eua-na-ucrania-demite-se-em-menos-de-um-ano\/#primaryimage"},"image":{"@id":"https:\/\/portaltela.pt\/noticias\/2026\/04\/29\/segundo-embaixador-dos-eua-na-ucrania-demite-se-em-menos-de-um-ano\/#primaryimage"},"thumbnailUrl":"https:\/\/portaltela.pt\/s.01k8rhncp4jt1\/2026\/04\/1536x864_cmsv2_781f7ec7-cb4d-5dff-8caa-ac6623ae4723-9740983.jpg","datePublished":"2026-04-29T17:03:25+00:00","author":{"@id":"https:\/\/portaltela.pt\/#\/schema\/person\/c4278d4a6028830caff9ee44b42d32ed"},"breadcrumb":{"@id":"https:\/\/portaltela.pt\/noticias\/2026\/04\/29\/segundo-embaixador-dos-eua-na-ucrania-demite-se-em-menos-de-um-ano\/#breadcrumb"},"inLanguage":"pt-PT","potentialAction":[{"@type":"ReadAction","target":["https:\/\/portaltela.pt\/noticias\/2026\/04\/29\/segundo-embaixador-dos-eua-na-ucrania-demite-se-em-menos-de-um-ano\/"]}]},{"@type":"ImageObject","inLanguage":"pt-PT","@id":"https:\/\/portaltela.pt\/noticias\/2026\/04\/29\/segundo-embaixador-dos-eua-na-ucrania-demite-se-em-menos-de-um-ano\/#primaryimage","url":"https:\/\/portaltela.pt\/s.01k8rhncp4jt1\/2026\/04\/1536x864_cmsv2_781f7ec7-cb4d-5dff-8caa-ac6623ae4723-9740983.jpg","contentUrl":"https:\/\/portaltela.pt\/s.01k8rhncp4jt1\/2026\/04\/1536x864_cmsv2_781f7ec7-cb4d-5dff-8caa-ac6623ae4723-9740983.jpg","width":796,"height":448,"caption":"ARQUIVO - Vista da Embaixada dos EUA em Kiev, Ucr\u00e2nia, s\u00e1bado, 12 de fevereiro de 2022."},{"@type":"BreadcrumbList","@id":"https:\/\/portaltela.pt\/noticias\/2026\/04\/29\/segundo-embaixador-dos-eua-na-ucrania-demite-se-em-menos-de-um-ano\/#breadcrumb","itemListElement":[{"@type":"ListItem","position":1,"name":"In\u00edcio","item":"https:\/\/portaltela.pt\/"},{"@type":"ListItem","position":2,"name":"Segundo embaixador dos EUA na Ucr\u00e2nia demite-se em menos de um ano"}]},{"@type":"WebSite","@id":"https:\/\/portaltela.pt\/#website","url":"https:\/\/portaltela.pt\/","name":"Portal Tela Portugal","description":"","potentialAction":[{"@type":"SearchAction","target":{"@type":"EntryPoint","urlTemplate":"https:\/\/portaltela.pt\/?s={search_term_string}"},"query-input":{"@type":"PropertyValueSpecification","valueRequired":true,"valueName":"search_term_string"}}],"inLanguage":"pt-PT"},{"@type":"Person","@id":"https:\/\/portaltela.pt\/#\/schema\/person\/c4278d4a6028830caff9ee44b42d32ed","name":"Telinha","image":{"@type":"ImageObject","inLanguage":"pt-PT","@id":"https:\/\/portaltela.pt\/s.01k8rhncp4jt1\/2025\/11\/talking-bot-125x125.png","url":"https:\/\/portaltela.pt\/s.01k8rhncp4jt1\/2025\/11\/talking-bot-125x125.png","contentUrl":"https:\/\/portaltela.pt\/s.01k8rhncp4jt1\/2025\/11\/talking-bot-125x125.png","caption":"Telinha"},"sameAs":["https:\/\/portaltela.pt\/"],"url":"https:\/\/portaltela.pt\/por\/367410592786\/"}]}},"_links":{"self":[{"href":"https:\/\/portaltela.pt\/api\/wp\/v2\/posts\/461259","targetHints":{"allow":["GET"]}}],"collection":[{"href":"https:\/\/portaltela.pt\/api\/wp\/v2\/posts"}],"about":[{"href":"https:\/\/portaltela.pt\/api\/wp\/v2\/types\/post"}],"author":[{"embeddable":true,"href":"https:\/\/portaltela.pt\/api\/wp\/v2\/users\/2"}],"replies":[{"embeddable":true,"href":"https:\/\/portaltela.pt\/api\/wp\/v2\/comments?post=461259"}],"version-history":[{"count":0,"href":"https:\/\/portaltela.pt\/api\/wp\/v2\/posts\/461259\/revisions"}],"wp:featuredmedia":[{"embeddable":true,"href":"https:\/\/portaltela.pt\/api\/wp\/v2\/media\/461283"}],"wp:attachment":[{"href":"https:\/\/portaltela.pt\/api\/wp\/v2\/media?parent=461259"}],"wp:term":[{"taxonomy":"category","embeddable":true,"href":"https:\/\/portaltela.pt\/api\/wp\/v2\/categories?post=461259"},{"taxonomy":"post_tag","embeddable":true,"href":"https:\/\/portaltela.pt\/api\/wp\/v2\/tags?post=461259"}],"curies":[{"name":"wp","href":"https:\/\/api.w.org\/{rel}","templated":true}]}}