{"id":461258,"date":"2026-04-29T14:03:25","date_gmt":"2026-04-29T17:03:25","guid":{"rendered":"https:\/\/portaltela.pt\/noticias\/2026\/04\/29\/montenegro-alinha-ps-com-chega-em-debate-apos-ptrr\/"},"modified":"2026-04-29T14:03:25","modified_gmt":"2026-04-29T17:03:25","slug":"montenegro-alinha-ps-com-chega-em-debate-apos-ptrr","status":"publish","type":"post","link":"https:\/\/portaltela.pt\/noticias\/politica\/2026\/04\/29\/montenegro-alinha-ps-com-chega-em-debate-apos-ptrr\/","title":{"rendered":"Montenegro alinha PS com Chega em debate ap\u00f3s PTRR"},"content":{"rendered":"<p>Montenegro voltou a colocar o PS e o Chega no mesmo tom de converg\u00eancia, numa sess\u00e3o marcada pelo debate p\u00f3s-PTRR, pela reforma laboral e pelo agravamento do custo de vida. O prisma foi pol\u00edtico, com acenos de parceria, mas o foco permaneceu nas medidas econ\u00f3micas urgentes.<\/p>\n<p>No centro das leituras estavam an\u00fancios governamentais. O Executivo anunciou uma morat\u00f3ria adicional de 12 meses para cr\u00e9ditos \u00e0s empresas, visando atenuar impactos das tempestades. Ao mesmo tempo, refor\u00e7ou a defesa do PTRR de 22,6 mil milh\u00f5es de euros at\u00e9 2034, entendido como resultado de uma concerta\u00e7\u00e3o nacional.<\/p>\n<h3>Combate pol\u00edtico e custos de vida<\/h3>\n<p>A oposi\u00e7\u00e3o manteve cr\u00edticas severas. Ventura acusou o Governo de falhar nos apoios prometidos, apontando situa\u00e7\u00f5es como comunica\u00e7\u00f5es interrompidas e atrasos em reconstru\u00e7\u00e3o. Chamou a gest\u00e3o de uma eventual seguradora, sugerindo que uma empresa privada poderia gerir melhor o apoio p\u00fablico sem explicar a fundamenta\u00e7\u00e3o.<\/p>\n<p>Ventura refor\u00e7ou que muitos planos estruturais, incluindo sa\u00fade, habita\u00e7\u00e3o e o PTRR, n\u00e3o produziram resultados. Definiu o PTRR como uma fraude pol\u00edtica e acusou o Governo de improvisa\u00e7\u00e3o, pedindo responsabilidade no planeamento.<\/p>\n<h3>Custo de vida em foco<\/h3>\n<p>O PS colocou o custo de vida no centro do debate. Carneiro pediu a ado\u00e7\u00e3o transit\u00f3ria de IVA zero no cabaz de bens essenciais, alegando aumentos desde in\u00edcio do ano que afetam o rendimento familiar.<\/p>\n<p>Montenegro respondeu que o Executivo est\u00e1 a mobilizar cerca de 150 milh\u00f5es de euros mensais para frear a infla\u00e7\u00e3o, mas avisou que n\u00e3o haver\u00e1 descontrole or\u00e7amental. A estrutura de apoios ficar\u00e1 sujeita a regras de sustentabilidade.<\/p>\n<h3>Reforma laboral em aberto<\/h3>\n<p>No que toca \u00e0s reformas laborais, persiste o impasse entre defesa de direitos e necessidade de competitividade. Ventura diz que n\u00e3o devem recuar em direitos de m\u00e3es trabalhadoras, turnos e horas extraordin\u00e1rias, condicionando eventuais cortes \u00e0 melhoria das condi\u00e7\u00f5es de reforma. Montenegro mant\u00e9m a prioridade de valorizar o trabalho, sem ceder a press\u00f5es de distribui\u00e7\u00e3o indiscriminada de apoios.<\/p>\n","protected":false},"excerpt":{"rendered":"<ul>\n<li>Montenegro tentou colar PS e Chega na ideia de propostas convergentes durante o debate p\u00f3s-PTRR, numa interven\u00e7\u00e3o direta para gerar ru\u00eddo junto do p\u00fablico.<\/li>\n<li>O primeiro-ministro anunciou uma morat\u00f3ria de mais doze meses nos cr\u00e9ditos \u00e0s empresas e defendeu o PTRR, no valor de vinte e dois v\u00edrgula seis mil milh\u00f5es de euros at\u00e9 2034.<\/li>\n<li>A oposi\u00e7\u00e3o criticou a gest\u00e3o dos apoios \u00e0s tempestades, alegando atrasos em comunica\u00e7\u00f5es, apoios agr\u00edcolas por pagar e problemas na reconstru\u00e7\u00e3o, com Andr\u00e9 Ventura a atacar o Governo.<\/li>\n<li>Ventura disse que n\u00e3o quer um Governo, quer uma seguradora, e qualificou o PTRR como uma fraude pol\u00edtica; Montenegro acusou-o de improviso e irresponsabilidade.<\/li>\n<li>No centro do debate esteve o custo de vida: o PS pediu IVA zero para o cabaz alimentar b\u00e1sico; o Governo afirmou mobilizar cento e cinquenta milh\u00f5es de euros mensais para mitigar a infla\u00e7\u00e3o, mantendo disciplina or\u00e7amental.<\/li>\n<\/ul>\n","protected":false},"author":2,"featured_media":461278,"comment_status":"closed","ping_status":"closed","sticky":false,"template":"","format":"standard","meta":{"footnotes":""},"categories":[1,5],"tags":[2142,28,34,2832,7296,2144],"class_list":["post-461258","post","type-post","status-publish","format-standard","has-post-thumbnail","hentry","category-noticias","category-politica","tag-chega","tag-economia","tag-governo","tag-politica","tag-precos","tag-ps"],"yoast_head":"<!-- This site is optimized with the Yoast SEO plugin v27.2 - https:\/\/yoast.com\/product\/yoast-seo-wordpress\/ -->\n<title>Montenegro alinha PS com Chega em debate ap\u00f3s PTRR - Portal Tela Portugal<\/title>\n<meta name=\"robots\" content=\"index, follow, max-snippet:-1, max-image-preview:large, max-video-preview:-1\" \/>\n<meta property=\"og:locale\" content=\"pt_PT\" \/>\n<meta property=\"og:type\" content=\"article\" \/>\n<meta property=\"og:title\" content=\"Montenegro alinha PS com Chega em debate ap\u00f3s PTRR - Portal Tela Portugal\" \/>\n<meta property=\"og:description\" content=\"Montenegro tentou colar PS e Chega na ideia de propostas convergentes durante o debate p\u00f3s-PTRR, numa interven\u00e7\u00e3o direta para gerar ru\u00eddo junto do p\u00fablico. O primeiro-ministro anunciou uma morat\u00f3ria de mais doze meses nos cr\u00e9ditos \u00e0s empresas e defendeu o PTRR, no valor de vinte e dois v\u00edrgula seis mil milh\u00f5es de euros at\u00e9 2034. A oposi\u00e7\u00e3o criticou a gest\u00e3o dos apoios \u00e0s tempestades, alegando atrasos em comunica\u00e7\u00f5es, apoios agr\u00edcolas por pagar e problemas na reconstru\u00e7\u00e3o, com Andr\u00e9 Ventura a atacar o Governo. Ventura disse que n\u00e3o quer um Governo, quer uma seguradora, e qualificou o PTRR como uma fraude pol\u00edtica; Montenegro acusou-o de improviso e irresponsabilidade. No centro do debate esteve o custo de vida: o PS pediu IVA zero para o cabaz alimentar b\u00e1sico; o Governo afirmou mobilizar cento e cinquenta milh\u00f5es de euros mensais para mitigar a infla\u00e7\u00e3o, mantendo disciplina or\u00e7amental.\" \/>\n<meta property=\"og:url\" content=\"https:\/\/portaltela.pt\/noticias\/2026\/04\/29\/montenegro-alinha-ps-com-chega-em-debate-apos-ptrr\/\" \/>\n<meta property=\"og:site_name\" content=\"Portal Tela Portugal\" \/>\n<meta property=\"article:published_time\" content=\"2026-04-29T17:03:25+00:00\" \/>\n<meta name=\"author\" content=\"Telinha\" \/>\n<meta name=\"twitter:card\" content=\"summary_large_image\" \/>\n<meta name=\"twitter:label1\" content=\"Escrito por\" \/>\n\t<meta name=\"twitter:data1\" content=\"Telinha\" \/>\n\t<meta name=\"twitter:label2\" content=\"Tempo estimado de leitura\" \/>\n\t<meta name=\"twitter:data2\" content=\"2 minutos\" \/>\n<script type=\"application\/ld+json\" class=\"yoast-schema-graph\">{\"@context\":\"https:\/\/schema.org\",\"@graph\":[{\"@type\":\"Article\",\"@id\":\"https:\/\/portaltela.pt\/noticias\/2026\/04\/29\/montenegro-alinha-ps-com-chega-em-debate-apos-ptrr\/#article\",\"isPartOf\":{\"@id\":\"https:\/\/portaltela.pt\/noticias\/2026\/04\/29\/montenegro-alinha-ps-com-chega-em-debate-apos-ptrr\/\"},\"author\":{\"name\":\"Telinha\",\"@id\":\"https:\/\/portaltela.pt\/#\/schema\/person\/c4278d4a6028830caff9ee44b42d32ed\"},\"headline\":\"Montenegro alinha PS com Chega em debate ap\u00f3s PTRR\",\"datePublished\":\"2026-04-29T17:03:25+00:00\",\"mainEntityOfPage\":{\"@id\":\"https:\/\/portaltela.pt\/noticias\/2026\/04\/29\/montenegro-alinha-ps-com-chega-em-debate-apos-ptrr\/\"},\"wordCount\":360,\"image\":{\"@id\":\"https:\/\/portaltela.pt\/noticias\/2026\/04\/29\/montenegro-alinha-ps-com-chega-em-debate-apos-ptrr\/#primaryimage\"},\"thumbnailUrl\":\"https:\/\/portaltela.pt\/s.01k8rhncp4jt1\/2026\/04\/image-1668.jpg\",\"keywords\":[\"CHEGA\",\"economia\",\"governo\",\"pol\u00edtica\",\"pre\u00e7os\",\"PS\"],\"articleSection\":[\"Not\u00edcias\",\"Pol\u00edtica\"],\"inLanguage\":\"pt-PT\"},{\"@type\":\"WebPage\",\"@id\":\"https:\/\/portaltela.pt\/noticias\/2026\/04\/29\/montenegro-alinha-ps-com-chega-em-debate-apos-ptrr\/\",\"url\":\"https:\/\/portaltela.pt\/noticias\/2026\/04\/29\/montenegro-alinha-ps-com-chega-em-debate-apos-ptrr\/\",\"name\":\"Montenegro alinha PS com Chega em debate ap\u00f3s PTRR - Portal Tela Portugal\",\"isPartOf\":{\"@id\":\"https:\/\/portaltela.pt\/#website\"},\"primaryImageOfPage\":{\"@id\":\"https:\/\/portaltela.pt\/noticias\/2026\/04\/29\/montenegro-alinha-ps-com-chega-em-debate-apos-ptrr\/#primaryimage\"},\"image\":{\"@id\":\"https:\/\/portaltela.pt\/noticias\/2026\/04\/29\/montenegro-alinha-ps-com-chega-em-debate-apos-ptrr\/#primaryimage\"},\"thumbnailUrl\":\"https:\/\/portaltela.pt\/s.01k8rhncp4jt1\/2026\/04\/image-1668.jpg\",\"datePublished\":\"2026-04-29T17:03:25+00:00\",\"author\":{\"@id\":\"https:\/\/portaltela.pt\/#\/schema\/person\/c4278d4a6028830caff9ee44b42d32ed\"},\"breadcrumb\":{\"@id\":\"https:\/\/portaltela.pt\/noticias\/2026\/04\/29\/montenegro-alinha-ps-com-chega-em-debate-apos-ptrr\/#breadcrumb\"},\"inLanguage\":\"pt-PT\",\"potentialAction\":[{\"@type\":\"ReadAction\",\"target\":[\"https:\/\/portaltela.pt\/noticias\/2026\/04\/29\/montenegro-alinha-ps-com-chega-em-debate-apos-ptrr\/\"]}]},{\"@type\":\"ImageObject\",\"inLanguage\":\"pt-PT\",\"@id\":\"https:\/\/portaltela.pt\/noticias\/2026\/04\/29\/montenegro-alinha-ps-com-chega-em-debate-apos-ptrr\/#primaryimage\",\"url\":\"https:\/\/portaltela.pt\/s.01k8rhncp4jt1\/2026\/04\/image-1668.jpg\",\"contentUrl\":\"https:\/\/portaltela.pt\/s.01k8rhncp4jt1\/2026\/04\/image-1668.jpg\",\"width\":796,\"height\":448,\"caption\":\"Montenegro tentou colar Carneiro e Ventura \u00e0 mesma matriz de \\\"propostas convergentes\\\"\"},{\"@type\":\"BreadcrumbList\",\"@id\":\"https:\/\/portaltela.pt\/noticias\/2026\/04\/29\/montenegro-alinha-ps-com-chega-em-debate-apos-ptrr\/#breadcrumb\",\"itemListElement\":[{\"@type\":\"ListItem\",\"position\":1,\"name\":\"In\u00edcio\",\"item\":\"https:\/\/portaltela.pt\/\"},{\"@type\":\"ListItem\",\"position\":2,\"name\":\"Montenegro alinha PS com Chega em debate ap\u00f3s PTRR\"}]},{\"@type\":\"WebSite\",\"@id\":\"https:\/\/portaltela.pt\/#website\",\"url\":\"https:\/\/portaltela.pt\/\",\"name\":\"Portal Tela Portugal\",\"description\":\"\",\"potentialAction\":[{\"@type\":\"SearchAction\",\"target\":{\"@type\":\"EntryPoint\",\"urlTemplate\":\"https:\/\/portaltela.pt\/?s={search_term_string}\"},\"query-input\":{\"@type\":\"PropertyValueSpecification\",\"valueRequired\":true,\"valueName\":\"search_term_string\"}}],\"inLanguage\":\"pt-PT\"},{\"@type\":\"Person\",\"@id\":\"https:\/\/portaltela.pt\/#\/schema\/person\/c4278d4a6028830caff9ee44b42d32ed\",\"name\":\"Telinha\",\"image\":{\"@type\":\"ImageObject\",\"inLanguage\":\"pt-PT\",\"@id\":\"https:\/\/portaltela.pt\/s.01k8rhncp4jt1\/2025\/11\/talking-bot-125x125.png\",\"url\":\"https:\/\/portaltela.pt\/s.01k8rhncp4jt1\/2025\/11\/talking-bot-125x125.png\",\"contentUrl\":\"https:\/\/portaltela.pt\/s.01k8rhncp4jt1\/2025\/11\/talking-bot-125x125.png\",\"caption\":\"Telinha\"},\"sameAs\":[\"https:\/\/portaltela.pt\/\"],\"url\":\"https:\/\/portaltela.pt\/por\/367410592786\/\"}]}<\/script>\n<!-- \/ Yoast SEO plugin. -->","yoast_head_json":{"title":"Montenegro alinha PS com Chega em debate ap\u00f3s PTRR - Portal Tela Portugal","robots":{"index":"index","follow":"follow","max-snippet":"max-snippet:-1","max-image-preview":"max-image-preview:large","max-video-preview":"max-video-preview:-1"},"og_locale":"pt_PT","og_type":"article","og_title":"Montenegro alinha PS com Chega em debate ap\u00f3s PTRR - Portal Tela Portugal","og_description":"Montenegro tentou colar PS e Chega na ideia de propostas convergentes durante o debate p\u00f3s-PTRR, numa interven\u00e7\u00e3o direta para gerar ru\u00eddo junto do p\u00fablico. O primeiro-ministro anunciou uma morat\u00f3ria de mais doze meses nos cr\u00e9ditos \u00e0s empresas e defendeu o PTRR, no valor de vinte e dois v\u00edrgula seis mil milh\u00f5es de euros at\u00e9 2034. A oposi\u00e7\u00e3o criticou a gest\u00e3o dos apoios \u00e0s tempestades, alegando atrasos em comunica\u00e7\u00f5es, apoios agr\u00edcolas por pagar e problemas na reconstru\u00e7\u00e3o, com Andr\u00e9 Ventura a atacar o Governo. Ventura disse que n\u00e3o quer um Governo, quer uma seguradora, e qualificou o PTRR como uma fraude pol\u00edtica; Montenegro acusou-o de improviso e irresponsabilidade. No centro do debate esteve o custo de vida: o PS pediu IVA zero para o cabaz alimentar b\u00e1sico; o Governo afirmou mobilizar cento e cinquenta milh\u00f5es de euros mensais para mitigar a infla\u00e7\u00e3o, mantendo disciplina or\u00e7amental.","og_url":"https:\/\/portaltela.pt\/noticias\/2026\/04\/29\/montenegro-alinha-ps-com-chega-em-debate-apos-ptrr\/","og_site_name":"Portal Tela Portugal","article_published_time":"2026-04-29T17:03:25+00:00","author":"Telinha","twitter_card":"summary_large_image","twitter_misc":{"Escrito por":"Telinha","Tempo estimado de leitura":"2 minutos"},"schema":{"@context":"https:\/\/schema.org","@graph":[{"@type":"Article","@id":"https:\/\/portaltela.pt\/noticias\/2026\/04\/29\/montenegro-alinha-ps-com-chega-em-debate-apos-ptrr\/#article","isPartOf":{"@id":"https:\/\/portaltela.pt\/noticias\/2026\/04\/29\/montenegro-alinha-ps-com-chega-em-debate-apos-ptrr\/"},"author":{"name":"Telinha","@id":"https:\/\/portaltela.pt\/#\/schema\/person\/c4278d4a6028830caff9ee44b42d32ed"},"headline":"Montenegro alinha PS com Chega em debate ap\u00f3s PTRR","datePublished":"2026-04-29T17:03:25+00:00","mainEntityOfPage":{"@id":"https:\/\/portaltela.pt\/noticias\/2026\/04\/29\/montenegro-alinha-ps-com-chega-em-debate-apos-ptrr\/"},"wordCount":360,"image":{"@id":"https:\/\/portaltela.pt\/noticias\/2026\/04\/29\/montenegro-alinha-ps-com-chega-em-debate-apos-ptrr\/#primaryimage"},"thumbnailUrl":"https:\/\/portaltela.pt\/s.01k8rhncp4jt1\/2026\/04\/image-1668.jpg","keywords":["CHEGA","economia","governo","pol\u00edtica","pre\u00e7os","PS"],"articleSection":["Not\u00edcias","Pol\u00edtica"],"inLanguage":"pt-PT"},{"@type":"WebPage","@id":"https:\/\/portaltela.pt\/noticias\/2026\/04\/29\/montenegro-alinha-ps-com-chega-em-debate-apos-ptrr\/","url":"https:\/\/portaltela.pt\/noticias\/2026\/04\/29\/montenegro-alinha-ps-com-chega-em-debate-apos-ptrr\/","name":"Montenegro alinha PS com Chega em debate ap\u00f3s PTRR - Portal Tela Portugal","isPartOf":{"@id":"https:\/\/portaltela.pt\/#website"},"primaryImageOfPage":{"@id":"https:\/\/portaltela.pt\/noticias\/2026\/04\/29\/montenegro-alinha-ps-com-chega-em-debate-apos-ptrr\/#primaryimage"},"image":{"@id":"https:\/\/portaltela.pt\/noticias\/2026\/04\/29\/montenegro-alinha-ps-com-chega-em-debate-apos-ptrr\/#primaryimage"},"thumbnailUrl":"https:\/\/portaltela.pt\/s.01k8rhncp4jt1\/2026\/04\/image-1668.jpg","datePublished":"2026-04-29T17:03:25+00:00","author":{"@id":"https:\/\/portaltela.pt\/#\/schema\/person\/c4278d4a6028830caff9ee44b42d32ed"},"breadcrumb":{"@id":"https:\/\/portaltela.pt\/noticias\/2026\/04\/29\/montenegro-alinha-ps-com-chega-em-debate-apos-ptrr\/#breadcrumb"},"inLanguage":"pt-PT","potentialAction":[{"@type":"ReadAction","target":["https:\/\/portaltela.pt\/noticias\/2026\/04\/29\/montenegro-alinha-ps-com-chega-em-debate-apos-ptrr\/"]}]},{"@type":"ImageObject","inLanguage":"pt-PT","@id":"https:\/\/portaltela.pt\/noticias\/2026\/04\/29\/montenegro-alinha-ps-com-chega-em-debate-apos-ptrr\/#primaryimage","url":"https:\/\/portaltela.pt\/s.01k8rhncp4jt1\/2026\/04\/image-1668.jpg","contentUrl":"https:\/\/portaltela.pt\/s.01k8rhncp4jt1\/2026\/04\/image-1668.jpg","width":796,"height":448,"caption":"Montenegro tentou colar Carneiro e Ventura \u00e0 mesma matriz de \"propostas convergentes\""},{"@type":"BreadcrumbList","@id":"https:\/\/portaltela.pt\/noticias\/2026\/04\/29\/montenegro-alinha-ps-com-chega-em-debate-apos-ptrr\/#breadcrumb","itemListElement":[{"@type":"ListItem","position":1,"name":"In\u00edcio","item":"https:\/\/portaltela.pt\/"},{"@type":"ListItem","position":2,"name":"Montenegro alinha PS com Chega em debate ap\u00f3s PTRR"}]},{"@type":"WebSite","@id":"https:\/\/portaltela.pt\/#website","url":"https:\/\/portaltela.pt\/","name":"Portal Tela Portugal","description":"","potentialAction":[{"@type":"SearchAction","target":{"@type":"EntryPoint","urlTemplate":"https:\/\/portaltela.pt\/?s={search_term_string}"},"query-input":{"@type":"PropertyValueSpecification","valueRequired":true,"valueName":"search_term_string"}}],"inLanguage":"pt-PT"},{"@type":"Person","@id":"https:\/\/portaltela.pt\/#\/schema\/person\/c4278d4a6028830caff9ee44b42d32ed","name":"Telinha","image":{"@type":"ImageObject","inLanguage":"pt-PT","@id":"https:\/\/portaltela.pt\/s.01k8rhncp4jt1\/2025\/11\/talking-bot-125x125.png","url":"https:\/\/portaltela.pt\/s.01k8rhncp4jt1\/2025\/11\/talking-bot-125x125.png","contentUrl":"https:\/\/portaltela.pt\/s.01k8rhncp4jt1\/2025\/11\/talking-bot-125x125.png","caption":"Telinha"},"sameAs":["https:\/\/portaltela.pt\/"],"url":"https:\/\/portaltela.pt\/por\/367410592786\/"}]}},"_links":{"self":[{"href":"https:\/\/portaltela.pt\/api\/wp\/v2\/posts\/461258","targetHints":{"allow":["GET"]}}],"collection":[{"href":"https:\/\/portaltela.pt\/api\/wp\/v2\/posts"}],"about":[{"href":"https:\/\/portaltela.pt\/api\/wp\/v2\/types\/post"}],"author":[{"embeddable":true,"href":"https:\/\/portaltela.pt\/api\/wp\/v2\/users\/2"}],"replies":[{"embeddable":true,"href":"https:\/\/portaltela.pt\/api\/wp\/v2\/comments?post=461258"}],"version-history":[{"count":0,"href":"https:\/\/portaltela.pt\/api\/wp\/v2\/posts\/461258\/revisions"}],"wp:featuredmedia":[{"embeddable":true,"href":"https:\/\/portaltela.pt\/api\/wp\/v2\/media\/461278"}],"wp:attachment":[{"href":"https:\/\/portaltela.pt\/api\/wp\/v2\/media?parent=461258"}],"wp:term":[{"taxonomy":"category","embeddable":true,"href":"https:\/\/portaltela.pt\/api\/wp\/v2\/categories?post=461258"},{"taxonomy":"post_tag","embeddable":true,"href":"https:\/\/portaltela.pt\/api\/wp\/v2\/tags?post=461258"}],"curies":[{"name":"wp","href":"https:\/\/api.w.org\/{rel}","templated":true}]}}