{"id":461256,"date":"2026-04-29T14:03:04","date_gmt":"2026-04-29T17:03:04","guid":{"rendered":"https:\/\/portaltela.pt\/noticias\/2026\/04\/29\/video-revela-detalhes-do-caso-em-analise\/"},"modified":"2026-04-29T14:03:04","modified_gmt":"2026-04-29T17:03:04","slug":"video-revela-detalhes-do-caso-em-analise","status":"publish","type":"post","link":"https:\/\/portaltela.pt\/noticias\/internacional\/2026\/04\/29\/video-revela-detalhes-do-caso-em-analise\/","title":{"rendered":"V\u00eddeo revela detalhes do caso em an\u00e1lise"},"content":{"rendered":"<p>Este conte\u00fado n\u00e3o detalha um acontecimento espec\u00edfico. A refer\u00eancia \u00e9 a edi\u00e7\u00e3o da noite de 29 de abril de 2026, que promete acompanhar as not\u00edcias mais relevantes da Europa e al\u00e9m.<\/p>\n<p>Para redigir uma not\u00edcia factual, \u00e9 necess\u00e1rio descrever o que aconteceu, quem esteve envolvido, quando aconteceu, onde ocorreu e porqu\u00ea. Sem esses dados verific\u00e1veis, n\u00e3o \u00e9 poss\u00edvel apresentar uma reportagem objetiva.<\/p>\n<p>Solicito, por favor, informa\u00e7\u00f5es adicionais ou o texto-base com os acontecimentos reais para que possa produzir o artigo em formato jornal\u00edstico, alinhado \u00e0s regras de neutralidade e clareza.<\/p>\n","protected":false},"excerpt":{"rendered":"<ul>\n<li>O material n\u00e3o cont\u00e9m fatos ou detalhes de not\u00edcia para resumir.<\/li>\n<li>Refere apenas \u00e0 sec\u00e7\u00e3o &#8220;Not\u00edcias do dia&#8221; com a data de 29 de abril de 2026 (noite) e ao tema geral de not\u00edcias da Europa e do mundo.<\/li>\n<li>N\u00e3o \u00e9 poss\u00edvel extrair dados ou desdobramentos espec\u00edficos a partir do conte\u00fado fornecido.<\/li>\n<\/ul>\n","protected":false},"author":2,"featured_media":461276,"comment_status":"closed","ping_status":"closed","sticky":false,"template":"","format":"standard","meta":{"footnotes":""},"categories":[4,1],"tags":[8004,8750,8237,7998,41,7221],"class_list":["post-461256","post","type-post","status-publish","format-standard","has-post-thumbnail","hentry","category-internacional","category-noticias","tag-_europa","tag-_informacao-institucional","tag-_informacao-internacional","tag-_informacao-publica","tag-noticia","tag-noticias"],"yoast_head":"<!-- This site is optimized with the Yoast SEO plugin v27.2 - https:\/\/yoast.com\/product\/yoast-seo-wordpress\/ -->\n<title>V\u00eddeo revela detalhes do caso em an\u00e1lise - Portal Tela Portugal<\/title>\n<meta name=\"robots\" content=\"index, follow, max-snippet:-1, max-image-preview:large, max-video-preview:-1\" \/>\n<meta property=\"og:locale\" content=\"pt_PT\" \/>\n<meta property=\"og:type\" content=\"article\" \/>\n<meta property=\"og:title\" content=\"V\u00eddeo revela detalhes do caso em an\u00e1lise - Portal Tela Portugal\" \/>\n<meta property=\"og:description\" content=\"O material n\u00e3o cont\u00e9m fatos ou detalhes de not\u00edcia para resumir. Refere apenas \u00e0 sec\u00e7\u00e3o &quot;Not\u00edcias do dia&quot; com a data de 29 de abril de 2026 (noite) e ao tema geral de not\u00edcias da Europa e do mundo. N\u00e3o \u00e9 poss\u00edvel extrair dados ou desdobramentos espec\u00edficos a partir do conte\u00fado fornecido.\" \/>\n<meta property=\"og:url\" content=\"https:\/\/portaltela.pt\/noticias\/2026\/04\/29\/video-revela-detalhes-do-caso-em-analise\/\" \/>\n<meta property=\"og:site_name\" content=\"Portal Tela Portugal\" \/>\n<meta property=\"article:published_time\" content=\"2026-04-29T17:03:04+00:00\" \/>\n<meta name=\"author\" content=\"Telinha\" \/>\n<meta name=\"twitter:card\" content=\"summary_large_image\" \/>\n<meta name=\"twitter:label1\" content=\"Escrito por\" \/>\n\t<meta name=\"twitter:data1\" content=\"Telinha\" \/>\n<script type=\"application\/ld+json\" class=\"yoast-schema-graph\">{\"@context\":\"https:\/\/schema.org\",\"@graph\":[{\"@type\":\"Article\",\"@id\":\"https:\/\/portaltela.pt\/noticias\/2026\/04\/29\/video-revela-detalhes-do-caso-em-analise\/#article\",\"isPartOf\":{\"@id\":\"https:\/\/portaltela.pt\/noticias\/2026\/04\/29\/video-revela-detalhes-do-caso-em-analise\/\"},\"author\":{\"name\":\"Telinha\",\"@id\":\"https:\/\/portaltela.pt\/#\/schema\/person\/c4278d4a6028830caff9ee44b42d32ed\"},\"headline\":\"V\u00eddeo revela detalhes do caso em an\u00e1lise\",\"datePublished\":\"2026-04-29T17:03:04+00:00\",\"mainEntityOfPage\":{\"@id\":\"https:\/\/portaltela.pt\/noticias\/2026\/04\/29\/video-revela-detalhes-do-caso-em-analise\/\"},\"wordCount\":108,\"image\":{\"@id\":\"https:\/\/portaltela.pt\/noticias\/2026\/04\/29\/video-revela-detalhes-do-caso-em-analise\/#primaryimage\"},\"thumbnailUrl\":\"https:\/\/portaltela.pt\/s.01k8rhncp4jt1\/2026\/04\/1536x864_cmsv2_6a616e66-6c5d-5b9e-a9c2-2cafb5d36b3b-9741252.jpg\",\"keywords\":[\"_Europa\",\"_informa\u00e7\u00e3o institucional\",\"_informa\u00e7\u00e3o internacional\",\"_informa\u00e7\u00e3o p\u00fablica\",\"not\u00edcia\",\"not\u00edcias\"],\"articleSection\":[\"Internacional\",\"Not\u00edcias\"],\"inLanguage\":\"pt-PT\"},{\"@type\":\"WebPage\",\"@id\":\"https:\/\/portaltela.pt\/noticias\/2026\/04\/29\/video-revela-detalhes-do-caso-em-analise\/\",\"url\":\"https:\/\/portaltela.pt\/noticias\/2026\/04\/29\/video-revela-detalhes-do-caso-em-analise\/\",\"name\":\"V\u00eddeo revela detalhes do caso em an\u00e1lise - Portal Tela Portugal\",\"isPartOf\":{\"@id\":\"https:\/\/portaltela.pt\/#website\"},\"primaryImageOfPage\":{\"@id\":\"https:\/\/portaltela.pt\/noticias\/2026\/04\/29\/video-revela-detalhes-do-caso-em-analise\/#primaryimage\"},\"image\":{\"@id\":\"https:\/\/portaltela.pt\/noticias\/2026\/04\/29\/video-revela-detalhes-do-caso-em-analise\/#primaryimage\"},\"thumbnailUrl\":\"https:\/\/portaltela.pt\/s.01k8rhncp4jt1\/2026\/04\/1536x864_cmsv2_6a616e66-6c5d-5b9e-a9c2-2cafb5d36b3b-9741252.jpg\",\"datePublished\":\"2026-04-29T17:03:04+00:00\",\"author\":{\"@id\":\"https:\/\/portaltela.pt\/#\/schema\/person\/c4278d4a6028830caff9ee44b42d32ed\"},\"breadcrumb\":{\"@id\":\"https:\/\/portaltela.pt\/noticias\/2026\/04\/29\/video-revela-detalhes-do-caso-em-analise\/#breadcrumb\"},\"inLanguage\":\"pt-PT\",\"potentialAction\":[{\"@type\":\"ReadAction\",\"target\":[\"https:\/\/portaltela.pt\/noticias\/2026\/04\/29\/video-revela-detalhes-do-caso-em-analise\/\"]}]},{\"@type\":\"ImageObject\",\"inLanguage\":\"pt-PT\",\"@id\":\"https:\/\/portaltela.pt\/noticias\/2026\/04\/29\/video-revela-detalhes-do-caso-em-analise\/#primaryimage\",\"url\":\"https:\/\/portaltela.pt\/s.01k8rhncp4jt1\/2026\/04\/1536x864_cmsv2_6a616e66-6c5d-5b9e-a9c2-2cafb5d36b3b-9741252.jpg\",\"contentUrl\":\"https:\/\/portaltela.pt\/s.01k8rhncp4jt1\/2026\/04\/1536x864_cmsv2_6a616e66-6c5d-5b9e-a9c2-2cafb5d36b3b-9741252.jpg\",\"width\":1536,\"height\":864,\"caption\":\"Not\u00edcias do dia | 29 de abril 2026 - Noite\"},{\"@type\":\"BreadcrumbList\",\"@id\":\"https:\/\/portaltela.pt\/noticias\/2026\/04\/29\/video-revela-detalhes-do-caso-em-analise\/#breadcrumb\",\"itemListElement\":[{\"@type\":\"ListItem\",\"position\":1,\"name\":\"In\u00edcio\",\"item\":\"https:\/\/portaltela.pt\/\"},{\"@type\":\"ListItem\",\"position\":2,\"name\":\"V\u00eddeo revela detalhes do caso em an\u00e1lise\"}]},{\"@type\":\"WebSite\",\"@id\":\"https:\/\/portaltela.pt\/#website\",\"url\":\"https:\/\/portaltela.pt\/\",\"name\":\"Portal Tela Portugal\",\"description\":\"\",\"potentialAction\":[{\"@type\":\"SearchAction\",\"target\":{\"@type\":\"EntryPoint\",\"urlTemplate\":\"https:\/\/portaltela.pt\/?s={search_term_string}\"},\"query-input\":{\"@type\":\"PropertyValueSpecification\",\"valueRequired\":true,\"valueName\":\"search_term_string\"}}],\"inLanguage\":\"pt-PT\"},{\"@type\":\"Person\",\"@id\":\"https:\/\/portaltela.pt\/#\/schema\/person\/c4278d4a6028830caff9ee44b42d32ed\",\"name\":\"Telinha\",\"image\":{\"@type\":\"ImageObject\",\"inLanguage\":\"pt-PT\",\"@id\":\"https:\/\/portaltela.pt\/s.01k8rhncp4jt1\/2025\/11\/talking-bot-125x125.png\",\"url\":\"https:\/\/portaltela.pt\/s.01k8rhncp4jt1\/2025\/11\/talking-bot-125x125.png\",\"contentUrl\":\"https:\/\/portaltela.pt\/s.01k8rhncp4jt1\/2025\/11\/talking-bot-125x125.png\",\"caption\":\"Telinha\"},\"sameAs\":[\"https:\/\/portaltela.pt\/\"],\"url\":\"https:\/\/portaltela.pt\/por\/367410592786\/\"}]}<\/script>\n<!-- \/ Yoast SEO plugin. -->","yoast_head_json":{"title":"V\u00eddeo revela detalhes do caso em an\u00e1lise - Portal Tela Portugal","robots":{"index":"index","follow":"follow","max-snippet":"max-snippet:-1","max-image-preview":"max-image-preview:large","max-video-preview":"max-video-preview:-1"},"og_locale":"pt_PT","og_type":"article","og_title":"V\u00eddeo revela detalhes do caso em an\u00e1lise - Portal Tela Portugal","og_description":"O material n\u00e3o cont\u00e9m fatos ou detalhes de not\u00edcia para resumir. Refere apenas \u00e0 sec\u00e7\u00e3o \"Not\u00edcias do dia\" com a data de 29 de abril de 2026 (noite) e ao tema geral de not\u00edcias da Europa e do mundo. N\u00e3o \u00e9 poss\u00edvel extrair dados ou desdobramentos espec\u00edficos a partir do conte\u00fado fornecido.","og_url":"https:\/\/portaltela.pt\/noticias\/2026\/04\/29\/video-revela-detalhes-do-caso-em-analise\/","og_site_name":"Portal Tela Portugal","article_published_time":"2026-04-29T17:03:04+00:00","author":"Telinha","twitter_card":"summary_large_image","twitter_misc":{"Escrito por":"Telinha"},"schema":{"@context":"https:\/\/schema.org","@graph":[{"@type":"Article","@id":"https:\/\/portaltela.pt\/noticias\/2026\/04\/29\/video-revela-detalhes-do-caso-em-analise\/#article","isPartOf":{"@id":"https:\/\/portaltela.pt\/noticias\/2026\/04\/29\/video-revela-detalhes-do-caso-em-analise\/"},"author":{"name":"Telinha","@id":"https:\/\/portaltela.pt\/#\/schema\/person\/c4278d4a6028830caff9ee44b42d32ed"},"headline":"V\u00eddeo revela detalhes do caso em an\u00e1lise","datePublished":"2026-04-29T17:03:04+00:00","mainEntityOfPage":{"@id":"https:\/\/portaltela.pt\/noticias\/2026\/04\/29\/video-revela-detalhes-do-caso-em-analise\/"},"wordCount":108,"image":{"@id":"https:\/\/portaltela.pt\/noticias\/2026\/04\/29\/video-revela-detalhes-do-caso-em-analise\/#primaryimage"},"thumbnailUrl":"https:\/\/portaltela.pt\/s.01k8rhncp4jt1\/2026\/04\/1536x864_cmsv2_6a616e66-6c5d-5b9e-a9c2-2cafb5d36b3b-9741252.jpg","keywords":["_Europa","_informa\u00e7\u00e3o institucional","_informa\u00e7\u00e3o internacional","_informa\u00e7\u00e3o p\u00fablica","not\u00edcia","not\u00edcias"],"articleSection":["Internacional","Not\u00edcias"],"inLanguage":"pt-PT"},{"@type":"WebPage","@id":"https:\/\/portaltela.pt\/noticias\/2026\/04\/29\/video-revela-detalhes-do-caso-em-analise\/","url":"https:\/\/portaltela.pt\/noticias\/2026\/04\/29\/video-revela-detalhes-do-caso-em-analise\/","name":"V\u00eddeo revela detalhes do caso em an\u00e1lise - Portal Tela Portugal","isPartOf":{"@id":"https:\/\/portaltela.pt\/#website"},"primaryImageOfPage":{"@id":"https:\/\/portaltela.pt\/noticias\/2026\/04\/29\/video-revela-detalhes-do-caso-em-analise\/#primaryimage"},"image":{"@id":"https:\/\/portaltela.pt\/noticias\/2026\/04\/29\/video-revela-detalhes-do-caso-em-analise\/#primaryimage"},"thumbnailUrl":"https:\/\/portaltela.pt\/s.01k8rhncp4jt1\/2026\/04\/1536x864_cmsv2_6a616e66-6c5d-5b9e-a9c2-2cafb5d36b3b-9741252.jpg","datePublished":"2026-04-29T17:03:04+00:00","author":{"@id":"https:\/\/portaltela.pt\/#\/schema\/person\/c4278d4a6028830caff9ee44b42d32ed"},"breadcrumb":{"@id":"https:\/\/portaltela.pt\/noticias\/2026\/04\/29\/video-revela-detalhes-do-caso-em-analise\/#breadcrumb"},"inLanguage":"pt-PT","potentialAction":[{"@type":"ReadAction","target":["https:\/\/portaltela.pt\/noticias\/2026\/04\/29\/video-revela-detalhes-do-caso-em-analise\/"]}]},{"@type":"ImageObject","inLanguage":"pt-PT","@id":"https:\/\/portaltela.pt\/noticias\/2026\/04\/29\/video-revela-detalhes-do-caso-em-analise\/#primaryimage","url":"https:\/\/portaltela.pt\/s.01k8rhncp4jt1\/2026\/04\/1536x864_cmsv2_6a616e66-6c5d-5b9e-a9c2-2cafb5d36b3b-9741252.jpg","contentUrl":"https:\/\/portaltela.pt\/s.01k8rhncp4jt1\/2026\/04\/1536x864_cmsv2_6a616e66-6c5d-5b9e-a9c2-2cafb5d36b3b-9741252.jpg","width":1536,"height":864,"caption":"Not\u00edcias do dia | 29 de abril 2026 - Noite"},{"@type":"BreadcrumbList","@id":"https:\/\/portaltela.pt\/noticias\/2026\/04\/29\/video-revela-detalhes-do-caso-em-analise\/#breadcrumb","itemListElement":[{"@type":"ListItem","position":1,"name":"In\u00edcio","item":"https:\/\/portaltela.pt\/"},{"@type":"ListItem","position":2,"name":"V\u00eddeo revela detalhes do caso em an\u00e1lise"}]},{"@type":"WebSite","@id":"https:\/\/portaltela.pt\/#website","url":"https:\/\/portaltela.pt\/","name":"Portal Tela Portugal","description":"","potentialAction":[{"@type":"SearchAction","target":{"@type":"EntryPoint","urlTemplate":"https:\/\/portaltela.pt\/?s={search_term_string}"},"query-input":{"@type":"PropertyValueSpecification","valueRequired":true,"valueName":"search_term_string"}}],"inLanguage":"pt-PT"},{"@type":"Person","@id":"https:\/\/portaltela.pt\/#\/schema\/person\/c4278d4a6028830caff9ee44b42d32ed","name":"Telinha","image":{"@type":"ImageObject","inLanguage":"pt-PT","@id":"https:\/\/portaltela.pt\/s.01k8rhncp4jt1\/2025\/11\/talking-bot-125x125.png","url":"https:\/\/portaltela.pt\/s.01k8rhncp4jt1\/2025\/11\/talking-bot-125x125.png","contentUrl":"https:\/\/portaltela.pt\/s.01k8rhncp4jt1\/2025\/11\/talking-bot-125x125.png","caption":"Telinha"},"sameAs":["https:\/\/portaltela.pt\/"],"url":"https:\/\/portaltela.pt\/por\/367410592786\/"}]}},"_links":{"self":[{"href":"https:\/\/portaltela.pt\/api\/wp\/v2\/posts\/461256","targetHints":{"allow":["GET"]}}],"collection":[{"href":"https:\/\/portaltela.pt\/api\/wp\/v2\/posts"}],"about":[{"href":"https:\/\/portaltela.pt\/api\/wp\/v2\/types\/post"}],"author":[{"embeddable":true,"href":"https:\/\/portaltela.pt\/api\/wp\/v2\/users\/2"}],"replies":[{"embeddable":true,"href":"https:\/\/portaltela.pt\/api\/wp\/v2\/comments?post=461256"}],"version-history":[{"count":0,"href":"https:\/\/portaltela.pt\/api\/wp\/v2\/posts\/461256\/revisions"}],"wp:featuredmedia":[{"embeddable":true,"href":"https:\/\/portaltela.pt\/api\/wp\/v2\/media\/461276"}],"wp:attachment":[{"href":"https:\/\/portaltela.pt\/api\/wp\/v2\/media?parent=461256"}],"wp:term":[{"taxonomy":"category","embeddable":true,"href":"https:\/\/portaltela.pt\/api\/wp\/v2\/categories?post=461256"},{"taxonomy":"post_tag","embeddable":true,"href":"https:\/\/portaltela.pt\/api\/wp\/v2\/tags?post=461256"}],"curies":[{"name":"wp","href":"https:\/\/api.w.org\/{rel}","templated":true}]}}