{"id":461255,"date":"2026-04-29T14:03:07","date_gmt":"2026-04-29T17:03:07","guid":{"rendered":"https:\/\/portaltela.pt\/noticias\/2026\/04\/29\/be-acusa-governo-de-atacar-trabalhadores-montenegro-critica-chefias-da-geringonca\/"},"modified":"2026-04-29T14:03:07","modified_gmt":"2026-04-29T17:03:07","slug":"be-acusa-governo-de-atacar-trabalhadores-montenegro-critica-chefias-da-geringonca","status":"publish","type":"post","link":"https:\/\/portaltela.pt\/noticias\/politica\/2026\/04\/29\/be-acusa-governo-de-atacar-trabalhadores-montenegro-critica-chefias-da-geringonca\/","title":{"rendered":"BE acusa Governo de atacar trabalhadores; Montenegro critica chefias da Geringon\u00e7a"},"content":{"rendered":"<p>O Bloco de Esquerda acusa o Governo de atacar os trabalhadores, numa troca de posi\u00e7\u00f5es durante o debate quinzenal no parlamento. Fabian Figueiredo criticou a reforma laboral defendida pelo Governo, dizendo que n\u00e3o h\u00e1 medidas que beneficiem quem trabalha e que podem manter sal\u00e1rios baixos.<\/p>\n<p>O deputado do BE sustentou que os sal\u00e1rios em Portugal j\u00e1 s\u00e3o baixos na sequ\u00eancia de investimentos que desvalorizam o trabalho. Reiterou que a reforma falta de medidas concretas para refor\u00e7ar rendimentos e prote\u00e7\u00e3o dos trabalhadores, mantendo a preocupa\u00e7\u00e3o com o custo de vida.<\/p>\n<p>Na resposta, o primeiro-ministro alinhou a cr\u00edtica com uma leitura hist\u00f3rica da pol\u00edtica de trabalho. Disse que a reforma defendida pelo BE entre 2015 e 2021 contribuiu para pior poder de compra, ao ser implementada durante governos da chamada Geringon\u00e7a.<\/p>\n<p>O chefe do Governo argumentou que, em termos de resultados, 2024 e 2025 s\u00e3o melhores do que no per\u00edodo anterior, quando o BE aplaudia as pol\u00edticas da altura. Destacou tamb\u00e9m a Agenda para o Trabalho Digno, associando-a a aumentos de precariedade entre os jovens.<\/p>\n<p>Lu\u00eds Montenegro, presidente do PSD, criticou a Agenda para o Trabalho Digno por elevar a taxa de desemprego jovem e a precariedade nesse grupo. Afirmou que os jovens tiveram sal\u00e1rios iniciais mais baixos e que o programa herdado n\u00e3o corresponde \u00e0s expectativas.<\/p>\n<p>Montenegro sustentou que a resposta das escolhas pol\u00edticas refletiu-se nas elei\u00e7\u00f5es, afirmando que os portugueses votaram de forma expressiva e deixaram no parlamento as pol\u00edticas defendidas pelo BE, segundo a leitura do l\u00edder social-democrata.<\/p>\n","protected":false},"excerpt":{"rendered":"<ul>\n<li>BE acusa o Governo de atacar trabalhadores numa troca de posi\u00e7\u00f5es sobre pol\u00edtica de trabalho no debate quinzenal do parlamento.<\/li>\n<li>Fabian Figueiredo, do Bloco de Esquerda, criticou a reforma laboral do Governo por n\u00e3o conter medidas a favor dos trabalhadores.<\/li>\n<li>O deputado questionou os sal\u00e1rios baixos em Portugal e o risco de atrair investimentos que pagam mal aos trabalhadores.<\/li>\n<li>O primeiro-ministro lembrou reformas defendidas pelo BE entre 2015 e 2021 e disse que os resultados de 2024 e 2025 s\u00e3o melhores do que na altura.<\/li>\n<li>Lu\u00eds Montenegro afirmou que a Agenda para o Trabalho Digno aumentou desemprego jovem e precariedade, e defendeu que os jovens merecem melhores sal\u00e1rios.<\/li>\n<\/ul>\n","protected":false},"author":2,"featured_media":461263,"comment_status":"closed","ping_status":"closed","sticky":false,"template":"","format":"standard","meta":{"footnotes":""},"categories":[5,6871],"tags":[3371,34,2832,7892,2841,2201],"class_list":["post-461255","post","type-post","status-publish","format-standard","has-post-thumbnail","hentry","category-politica","category-sociedade","tag-bloco-de-esquerda","tag-governo","tag-politica","tag-politica-interna","tag-trabalhadores","tag-trabalho"],"yoast_head":"<!-- This site is optimized with the Yoast SEO plugin v27.2 - https:\/\/yoast.com\/product\/yoast-seo-wordpress\/ -->\n<title>BE acusa Governo de atacar trabalhadores; Montenegro critica chefias da Geringon\u00e7a - Portal Tela Portugal<\/title>\n<meta name=\"robots\" content=\"index, follow, max-snippet:-1, max-image-preview:large, max-video-preview:-1\" \/>\n<meta property=\"og:locale\" content=\"pt_PT\" \/>\n<meta property=\"og:type\" content=\"article\" \/>\n<meta property=\"og:title\" content=\"BE acusa Governo de atacar trabalhadores; Montenegro critica chefias da Geringon\u00e7a - Portal Tela Portugal\" \/>\n<meta property=\"og:description\" content=\"BE acusa o Governo de atacar trabalhadores numa troca de posi\u00e7\u00f5es sobre pol\u00edtica de trabalho no debate quinzenal do parlamento. Fabian Figueiredo, do Bloco de Esquerda, criticou a reforma laboral do Governo por n\u00e3o conter medidas a favor dos trabalhadores. O deputado questionou os sal\u00e1rios baixos em Portugal e o risco de atrair investimentos que pagam mal aos trabalhadores. O primeiro-ministro lembrou reformas defendidas pelo BE entre 2015 e 2021 e disse que os resultados de 2024 e 2025 s\u00e3o melhores do que na altura. Lu\u00eds Montenegro afirmou que a Agenda para o Trabalho Digno aumentou desemprego jovem e precariedade, e defendeu que os jovens merecem melhores sal\u00e1rios.\" \/>\n<meta property=\"og:url\" content=\"https:\/\/portaltela.pt\/noticias\/2026\/04\/29\/be-acusa-governo-de-atacar-trabalhadores-montenegro-critica-chefias-da-geringonca\/\" \/>\n<meta property=\"og:site_name\" content=\"Portal Tela Portugal\" \/>\n<meta property=\"article:published_time\" content=\"2026-04-29T17:03:07+00:00\" \/>\n<meta name=\"author\" content=\"Telinha\" \/>\n<meta name=\"twitter:card\" content=\"summary_large_image\" \/>\n<meta name=\"twitter:label1\" content=\"Escrito por\" \/>\n\t<meta name=\"twitter:data1\" content=\"Telinha\" \/>\n\t<meta name=\"twitter:label2\" content=\"Tempo estimado de leitura\" \/>\n\t<meta name=\"twitter:data2\" content=\"1 minuto\" \/>\n<script type=\"application\/ld+json\" class=\"yoast-schema-graph\">{\"@context\":\"https:\/\/schema.org\",\"@graph\":[{\"@type\":\"Article\",\"@id\":\"https:\/\/portaltela.pt\/noticias\/2026\/04\/29\/be-acusa-governo-de-atacar-trabalhadores-montenegro-critica-chefias-da-geringonca\/#article\",\"isPartOf\":{\"@id\":\"https:\/\/portaltela.pt\/noticias\/2026\/04\/29\/be-acusa-governo-de-atacar-trabalhadores-montenegro-critica-chefias-da-geringonca\/\"},\"author\":{\"name\":\"Telinha\",\"@id\":\"https:\/\/portaltela.pt\/#\/schema\/person\/c4278d4a6028830caff9ee44b42d32ed\"},\"headline\":\"BE acusa Governo de atacar trabalhadores; Montenegro critica chefias da Geringon\u00e7a\",\"datePublished\":\"2026-04-29T17:03:07+00:00\",\"mainEntityOfPage\":{\"@id\":\"https:\/\/portaltela.pt\/noticias\/2026\/04\/29\/be-acusa-governo-de-atacar-trabalhadores-montenegro-critica-chefias-da-geringonca\/\"},\"wordCount\":281,\"image\":{\"@id\":\"https:\/\/portaltela.pt\/noticias\/2026\/04\/29\/be-acusa-governo-de-atacar-trabalhadores-montenegro-critica-chefias-da-geringonca\/#primaryimage\"},\"thumbnailUrl\":\"https:\/\/portaltela.pt\/s.01k8rhncp4jt1\/2026\/04\/image-1667.jpg\",\"keywords\":[\"Bloco de Esquerda\",\"governo\",\"pol\u00edtica\",\"pol\u00edtica interna\",\"trabalhadores\",\"trabalho\"],\"articleSection\":[\"Pol\u00edtica\",\"Sociedade\"],\"inLanguage\":\"pt-PT\"},{\"@type\":\"WebPage\",\"@id\":\"https:\/\/portaltela.pt\/noticias\/2026\/04\/29\/be-acusa-governo-de-atacar-trabalhadores-montenegro-critica-chefias-da-geringonca\/\",\"url\":\"https:\/\/portaltela.pt\/noticias\/2026\/04\/29\/be-acusa-governo-de-atacar-trabalhadores-montenegro-critica-chefias-da-geringonca\/\",\"name\":\"BE acusa Governo de atacar trabalhadores; Montenegro critica chefias da Geringon\u00e7a - Portal Tela Portugal\",\"isPartOf\":{\"@id\":\"https:\/\/portaltela.pt\/#website\"},\"primaryImageOfPage\":{\"@id\":\"https:\/\/portaltela.pt\/noticias\/2026\/04\/29\/be-acusa-governo-de-atacar-trabalhadores-montenegro-critica-chefias-da-geringonca\/#primaryimage\"},\"image\":{\"@id\":\"https:\/\/portaltela.pt\/noticias\/2026\/04\/29\/be-acusa-governo-de-atacar-trabalhadores-montenegro-critica-chefias-da-geringonca\/#primaryimage\"},\"thumbnailUrl\":\"https:\/\/portaltela.pt\/s.01k8rhncp4jt1\/2026\/04\/image-1667.jpg\",\"datePublished\":\"2026-04-29T17:03:07+00:00\",\"author\":{\"@id\":\"https:\/\/portaltela.pt\/#\/schema\/person\/c4278d4a6028830caff9ee44b42d32ed\"},\"breadcrumb\":{\"@id\":\"https:\/\/portaltela.pt\/noticias\/2026\/04\/29\/be-acusa-governo-de-atacar-trabalhadores-montenegro-critica-chefias-da-geringonca\/#breadcrumb\"},\"inLanguage\":\"pt-PT\",\"potentialAction\":[{\"@type\":\"ReadAction\",\"target\":[\"https:\/\/portaltela.pt\/noticias\/2026\/04\/29\/be-acusa-governo-de-atacar-trabalhadores-montenegro-critica-chefias-da-geringonca\/\"]}]},{\"@type\":\"ImageObject\",\"inLanguage\":\"pt-PT\",\"@id\":\"https:\/\/portaltela.pt\/noticias\/2026\/04\/29\/be-acusa-governo-de-atacar-trabalhadores-montenegro-critica-chefias-da-geringonca\/#primaryimage\",\"url\":\"https:\/\/portaltela.pt\/s.01k8rhncp4jt1\/2026\/04\/image-1667.jpg\",\"contentUrl\":\"https:\/\/portaltela.pt\/s.01k8rhncp4jt1\/2026\/04\/image-1667.jpg\",\"width\":796,\"height\":448,\"caption\":\"Fabian Figueiredo, deputado do BE\"},{\"@type\":\"BreadcrumbList\",\"@id\":\"https:\/\/portaltela.pt\/noticias\/2026\/04\/29\/be-acusa-governo-de-atacar-trabalhadores-montenegro-critica-chefias-da-geringonca\/#breadcrumb\",\"itemListElement\":[{\"@type\":\"ListItem\",\"position\":1,\"name\":\"In\u00edcio\",\"item\":\"https:\/\/portaltela.pt\/\"},{\"@type\":\"ListItem\",\"position\":2,\"name\":\"BE acusa Governo de atacar trabalhadores; Montenegro critica chefias da Geringon\u00e7a\"}]},{\"@type\":\"WebSite\",\"@id\":\"https:\/\/portaltela.pt\/#website\",\"url\":\"https:\/\/portaltela.pt\/\",\"name\":\"Portal Tela Portugal\",\"description\":\"\",\"potentialAction\":[{\"@type\":\"SearchAction\",\"target\":{\"@type\":\"EntryPoint\",\"urlTemplate\":\"https:\/\/portaltela.pt\/?s={search_term_string}\"},\"query-input\":{\"@type\":\"PropertyValueSpecification\",\"valueRequired\":true,\"valueName\":\"search_term_string\"}}],\"inLanguage\":\"pt-PT\"},{\"@type\":\"Person\",\"@id\":\"https:\/\/portaltela.pt\/#\/schema\/person\/c4278d4a6028830caff9ee44b42d32ed\",\"name\":\"Telinha\",\"image\":{\"@type\":\"ImageObject\",\"inLanguage\":\"pt-PT\",\"@id\":\"https:\/\/portaltela.pt\/s.01k8rhncp4jt1\/2025\/11\/talking-bot-125x125.png\",\"url\":\"https:\/\/portaltela.pt\/s.01k8rhncp4jt1\/2025\/11\/talking-bot-125x125.png\",\"contentUrl\":\"https:\/\/portaltela.pt\/s.01k8rhncp4jt1\/2025\/11\/talking-bot-125x125.png\",\"caption\":\"Telinha\"},\"sameAs\":[\"https:\/\/portaltela.pt\/\"],\"url\":\"https:\/\/portaltela.pt\/por\/367410592786\/\"}]}<\/script>\n<!-- \/ Yoast SEO plugin. -->","yoast_head_json":{"title":"BE acusa Governo de atacar trabalhadores; Montenegro critica chefias da Geringon\u00e7a - Portal Tela Portugal","robots":{"index":"index","follow":"follow","max-snippet":"max-snippet:-1","max-image-preview":"max-image-preview:large","max-video-preview":"max-video-preview:-1"},"og_locale":"pt_PT","og_type":"article","og_title":"BE acusa Governo de atacar trabalhadores; Montenegro critica chefias da Geringon\u00e7a - Portal Tela Portugal","og_description":"BE acusa o Governo de atacar trabalhadores numa troca de posi\u00e7\u00f5es sobre pol\u00edtica de trabalho no debate quinzenal do parlamento. Fabian Figueiredo, do Bloco de Esquerda, criticou a reforma laboral do Governo por n\u00e3o conter medidas a favor dos trabalhadores. O deputado questionou os sal\u00e1rios baixos em Portugal e o risco de atrair investimentos que pagam mal aos trabalhadores. O primeiro-ministro lembrou reformas defendidas pelo BE entre 2015 e 2021 e disse que os resultados de 2024 e 2025 s\u00e3o melhores do que na altura. Lu\u00eds Montenegro afirmou que a Agenda para o Trabalho Digno aumentou desemprego jovem e precariedade, e defendeu que os jovens merecem melhores sal\u00e1rios.","og_url":"https:\/\/portaltela.pt\/noticias\/2026\/04\/29\/be-acusa-governo-de-atacar-trabalhadores-montenegro-critica-chefias-da-geringonca\/","og_site_name":"Portal Tela Portugal","article_published_time":"2026-04-29T17:03:07+00:00","author":"Telinha","twitter_card":"summary_large_image","twitter_misc":{"Escrito por":"Telinha","Tempo estimado de leitura":"1 minuto"},"schema":{"@context":"https:\/\/schema.org","@graph":[{"@type":"Article","@id":"https:\/\/portaltela.pt\/noticias\/2026\/04\/29\/be-acusa-governo-de-atacar-trabalhadores-montenegro-critica-chefias-da-geringonca\/#article","isPartOf":{"@id":"https:\/\/portaltela.pt\/noticias\/2026\/04\/29\/be-acusa-governo-de-atacar-trabalhadores-montenegro-critica-chefias-da-geringonca\/"},"author":{"name":"Telinha","@id":"https:\/\/portaltela.pt\/#\/schema\/person\/c4278d4a6028830caff9ee44b42d32ed"},"headline":"BE acusa Governo de atacar trabalhadores; Montenegro critica chefias da Geringon\u00e7a","datePublished":"2026-04-29T17:03:07+00:00","mainEntityOfPage":{"@id":"https:\/\/portaltela.pt\/noticias\/2026\/04\/29\/be-acusa-governo-de-atacar-trabalhadores-montenegro-critica-chefias-da-geringonca\/"},"wordCount":281,"image":{"@id":"https:\/\/portaltela.pt\/noticias\/2026\/04\/29\/be-acusa-governo-de-atacar-trabalhadores-montenegro-critica-chefias-da-geringonca\/#primaryimage"},"thumbnailUrl":"https:\/\/portaltela.pt\/s.01k8rhncp4jt1\/2026\/04\/image-1667.jpg","keywords":["Bloco de Esquerda","governo","pol\u00edtica","pol\u00edtica interna","trabalhadores","trabalho"],"articleSection":["Pol\u00edtica","Sociedade"],"inLanguage":"pt-PT"},{"@type":"WebPage","@id":"https:\/\/portaltela.pt\/noticias\/2026\/04\/29\/be-acusa-governo-de-atacar-trabalhadores-montenegro-critica-chefias-da-geringonca\/","url":"https:\/\/portaltela.pt\/noticias\/2026\/04\/29\/be-acusa-governo-de-atacar-trabalhadores-montenegro-critica-chefias-da-geringonca\/","name":"BE acusa Governo de atacar trabalhadores; Montenegro critica chefias da Geringon\u00e7a - Portal Tela Portugal","isPartOf":{"@id":"https:\/\/portaltela.pt\/#website"},"primaryImageOfPage":{"@id":"https:\/\/portaltela.pt\/noticias\/2026\/04\/29\/be-acusa-governo-de-atacar-trabalhadores-montenegro-critica-chefias-da-geringonca\/#primaryimage"},"image":{"@id":"https:\/\/portaltela.pt\/noticias\/2026\/04\/29\/be-acusa-governo-de-atacar-trabalhadores-montenegro-critica-chefias-da-geringonca\/#primaryimage"},"thumbnailUrl":"https:\/\/portaltela.pt\/s.01k8rhncp4jt1\/2026\/04\/image-1667.jpg","datePublished":"2026-04-29T17:03:07+00:00","author":{"@id":"https:\/\/portaltela.pt\/#\/schema\/person\/c4278d4a6028830caff9ee44b42d32ed"},"breadcrumb":{"@id":"https:\/\/portaltela.pt\/noticias\/2026\/04\/29\/be-acusa-governo-de-atacar-trabalhadores-montenegro-critica-chefias-da-geringonca\/#breadcrumb"},"inLanguage":"pt-PT","potentialAction":[{"@type":"ReadAction","target":["https:\/\/portaltela.pt\/noticias\/2026\/04\/29\/be-acusa-governo-de-atacar-trabalhadores-montenegro-critica-chefias-da-geringonca\/"]}]},{"@type":"ImageObject","inLanguage":"pt-PT","@id":"https:\/\/portaltela.pt\/noticias\/2026\/04\/29\/be-acusa-governo-de-atacar-trabalhadores-montenegro-critica-chefias-da-geringonca\/#primaryimage","url":"https:\/\/portaltela.pt\/s.01k8rhncp4jt1\/2026\/04\/image-1667.jpg","contentUrl":"https:\/\/portaltela.pt\/s.01k8rhncp4jt1\/2026\/04\/image-1667.jpg","width":796,"height":448,"caption":"Fabian Figueiredo, deputado do BE"},{"@type":"BreadcrumbList","@id":"https:\/\/portaltela.pt\/noticias\/2026\/04\/29\/be-acusa-governo-de-atacar-trabalhadores-montenegro-critica-chefias-da-geringonca\/#breadcrumb","itemListElement":[{"@type":"ListItem","position":1,"name":"In\u00edcio","item":"https:\/\/portaltela.pt\/"},{"@type":"ListItem","position":2,"name":"BE acusa Governo de atacar trabalhadores; Montenegro critica chefias da Geringon\u00e7a"}]},{"@type":"WebSite","@id":"https:\/\/portaltela.pt\/#website","url":"https:\/\/portaltela.pt\/","name":"Portal Tela Portugal","description":"","potentialAction":[{"@type":"SearchAction","target":{"@type":"EntryPoint","urlTemplate":"https:\/\/portaltela.pt\/?s={search_term_string}"},"query-input":{"@type":"PropertyValueSpecification","valueRequired":true,"valueName":"search_term_string"}}],"inLanguage":"pt-PT"},{"@type":"Person","@id":"https:\/\/portaltela.pt\/#\/schema\/person\/c4278d4a6028830caff9ee44b42d32ed","name":"Telinha","image":{"@type":"ImageObject","inLanguage":"pt-PT","@id":"https:\/\/portaltela.pt\/s.01k8rhncp4jt1\/2025\/11\/talking-bot-125x125.png","url":"https:\/\/portaltela.pt\/s.01k8rhncp4jt1\/2025\/11\/talking-bot-125x125.png","contentUrl":"https:\/\/portaltela.pt\/s.01k8rhncp4jt1\/2025\/11\/talking-bot-125x125.png","caption":"Telinha"},"sameAs":["https:\/\/portaltela.pt\/"],"url":"https:\/\/portaltela.pt\/por\/367410592786\/"}]}},"_links":{"self":[{"href":"https:\/\/portaltela.pt\/api\/wp\/v2\/posts\/461255","targetHints":{"allow":["GET"]}}],"collection":[{"href":"https:\/\/portaltela.pt\/api\/wp\/v2\/posts"}],"about":[{"href":"https:\/\/portaltela.pt\/api\/wp\/v2\/types\/post"}],"author":[{"embeddable":true,"href":"https:\/\/portaltela.pt\/api\/wp\/v2\/users\/2"}],"replies":[{"embeddable":true,"href":"https:\/\/portaltela.pt\/api\/wp\/v2\/comments?post=461255"}],"version-history":[{"count":0,"href":"https:\/\/portaltela.pt\/api\/wp\/v2\/posts\/461255\/revisions"}],"wp:featuredmedia":[{"embeddable":true,"href":"https:\/\/portaltela.pt\/api\/wp\/v2\/media\/461263"}],"wp:attachment":[{"href":"https:\/\/portaltela.pt\/api\/wp\/v2\/media?parent=461255"}],"wp:term":[{"taxonomy":"category","embeddable":true,"href":"https:\/\/portaltela.pt\/api\/wp\/v2\/categories?post=461255"},{"taxonomy":"post_tag","embeddable":true,"href":"https:\/\/portaltela.pt\/api\/wp\/v2\/tags?post=461255"}],"curies":[{"name":"wp","href":"https:\/\/api.w.org\/{rel}","templated":true}]}}