{"id":461251,"date":"2026-04-29T14:03:05","date_gmt":"2026-04-29T17:03:05","guid":{"rendered":"https:\/\/portaltela.pt\/noticias\/2026\/04\/29\/franca-e-brasil-reforcam-cooperacao-militar-com-a-missao-joana-d-arc-2026\/"},"modified":"2026-04-29T14:03:05","modified_gmt":"2026-04-29T17:03:05","slug":"franca-e-brasil-reforcam-cooperacao-militar-com-a-missao-joana-d-arc-2026","status":"publish","type":"post","link":"https:\/\/portaltela.pt\/noticias\/2026\/04\/29\/franca-e-brasil-reforcam-cooperacao-militar-com-a-missao-joana-d-arc-2026\/","title":{"rendered":"Fran\u00e7a e Brasil refor\u00e7am coopera\u00e7\u00e3o militar com a miss\u00e3o Joana d&#8217;Arc 2026"},"content":{"rendered":"<p>A Fran\u00e7a e o Brasil refor\u00e7am a parceria militar com a miss\u00e3o Jeanne d\u2019Arc 2026, que agora se realiza ao largo da costa brasileira, perto do Rio de Janeiro. Cento e cinquenta jovens oficiais franceses est\u00e3o a completar a sua forma\u00e7\u00e3o ao lado de hom\u00f3logos brasileiros, fortalecendo a interoperabilidade entre as duas marinhas.<\/p>\n<p>O porta-helic\u00f3pteros Dixmude, do Navio de Combate Classe Mistral, navega ao longo da costa do Rio de Janeiro para coordenar atividades de treino, partilha de conhecimentos e troca de boas pr\u00e1ticas em t\u00e9cnicas, t\u00e1ticas e procedimentos. O objetivo central \u00e9 alinhar opera\u00e7\u00f5es conjuntas entre Fran\u00e7a e Brasil.<\/p>\n<p>O Capit\u00e3o-Comandante Simon explica que o primeiro objetivo \u00e9 a interoperabilidade entre as for\u00e7as. O segundo foco \u00e9 consolidar procedimentos conjuntos para futuras opera\u00e7\u00f5es ao lado das for\u00e7as brasileiras.<\/p>\n<h3>Mudan\u00e7a de rumo da miss\u00e3o<\/h3>\n<p>A Jeanne d\u2019Arc 2026 nasceu com o prop\u00f3sito inicial de atuar no Indo-Pac\u00edfico e formar quadros da Marinha francesa. A decis\u00e3o de alterar o destino apenas dias ap\u00f3s a travessia do Canal de Suez ocorreu na sequ\u00eancia da escalada do conflito no M\u00e9dio Oriente.<\/p>\n<h3>Envolvimento brasileiro e fase de treino<\/h3>\n<p>Segundo o Capit\u00e3o Luis Felipe de Almeida Rodrigues, a opera\u00e7\u00e3o envolveu quase 2 mil militares, com atividades de treino no Complexo Naval da Ilha do Governador, no Rio, seguidas de uma fase no mar com navios anf\u00edbios, escolta e fragatas. O ponto alto foi o desembarque conjunto entre as marinhas francesa e brasileira.<\/p>\n","protected":false},"excerpt":{"rendered":"<ul>\n<li>Fran\u00e7a e Brasil refor\u00e7am parceria militar com a miss\u00e3o Jeanne d\u2019Arc 2026, envolvendo mais de cento e cinquenta jovens oficiais franceses a operar a partir da costa brasileira, perto do Rio de Janeiro, para treinar com for\u00e7as brasileiras.<\/li>\n<li>O porta-helic\u00f3pteros Dixmude navega ao longo da costa brasileira, com o objetivo de promover interoperabilidade e partilha de t\u00e9cnicas, t\u00e1ticas e procedimentos entre as duas marinhas.<\/li>\n<li>O capit\u00e3o-comandante Simon sublinha que o principal objetivo \u00e9 incrementar a coopera\u00e7\u00e3o entre as For\u00e7as Armadas francesas e brasileiras e preparar opera\u00e7\u00f5es conjuntas.<\/li>\n<li>O capit\u00e3o Lu\u00eds Felipe de Almeida Rodrigues explica que a opera\u00e7\u00e3o envolveu quase dois mil militares, come\u00e7ando com treino no Complexo Naval da Ilha do Governador e incluindo uma fase no mar com navios anf\u00edbios, de apoio e fragatas.<\/li>\n<li>A miss\u00e3o Jeanne d\u2019Arc tinha sido anunciada como indo para o Indo-Pac\u00edfico, mas, ap\u00f3s a interven\u00e7\u00e3o no M\u00e9dio Oriente, foi redirecionada para o Atl\u00e2ntico, com foco na \u00e1rea de interesse franc\u00eas e da NATO.<\/li>\n<\/ul>\n","protected":false},"author":2,"featured_media":461252,"comment_status":"closed","ping_status":"closed","sticky":false,"template":"","format":"standard","meta":{"footnotes":""},"categories":[6814,1],"tags":[2547,256,1779,1856,4298,4556],"class_list":["post-461251","post","type-post","status-publish","format-standard","has-post-thumbnail","hentry","category-geopolitica","category-noticias","tag-brasil","tag-cooperacao-internacional","tag-forcas-armadas","tag-franca","tag-marinha","tag-navios"],"yoast_head":"<!-- This site is optimized with the Yoast SEO plugin v27.2 - https:\/\/yoast.com\/product\/yoast-seo-wordpress\/ -->\n<title>Fran\u00e7a e Brasil refor\u00e7am coopera\u00e7\u00e3o militar com a miss\u00e3o Joana d&#039;Arc 2026 - Portal Tela Portugal<\/title>\n<meta name=\"robots\" content=\"index, follow, max-snippet:-1, max-image-preview:large, max-video-preview:-1\" \/>\n<meta property=\"og:locale\" content=\"pt_PT\" \/>\n<meta property=\"og:type\" content=\"article\" \/>\n<meta property=\"og:title\" content=\"Fran\u00e7a e Brasil refor\u00e7am coopera\u00e7\u00e3o militar com a miss\u00e3o Joana d&#039;Arc 2026 - Portal Tela Portugal\" \/>\n<meta property=\"og:description\" content=\"Fran\u00e7a e Brasil refor\u00e7am parceria militar com a miss\u00e3o Jeanne d\u2019Arc 2026, envolvendo mais de cento e cinquenta jovens oficiais franceses a operar a partir da costa brasileira, perto do Rio de Janeiro, para treinar com for\u00e7as brasileiras. O porta-helic\u00f3pteros Dixmude navega ao longo da costa brasileira, com o objetivo de promover interoperabilidade e partilha de t\u00e9cnicas, t\u00e1ticas e procedimentos entre as duas marinhas. O capit\u00e3o-comandante Simon sublinha que o principal objetivo \u00e9 incrementar a coopera\u00e7\u00e3o entre as For\u00e7as Armadas francesas e brasileiras e preparar opera\u00e7\u00f5es conjuntas. O capit\u00e3o Lu\u00eds Felipe de Almeida Rodrigues explica que a opera\u00e7\u00e3o envolveu quase dois mil militares, come\u00e7ando com treino no Complexo Naval da Ilha do Governador e incluindo uma fase no mar com navios anf\u00edbios, de apoio e fragatas. A miss\u00e3o Jeanne d\u2019Arc tinha sido anunciada como indo para o Indo-Pac\u00edfico, mas, ap\u00f3s a interven\u00e7\u00e3o no M\u00e9dio Oriente, foi redirecionada para o Atl\u00e2ntico, com foco na \u00e1rea de interesse franc\u00eas e da NATO.\" \/>\n<meta property=\"og:url\" content=\"https:\/\/portaltela.pt\/noticias\/2026\/04\/29\/franca-e-brasil-reforcam-cooperacao-militar-com-a-missao-joana-d-arc-2026\/\" \/>\n<meta property=\"og:site_name\" content=\"Portal Tela Portugal\" \/>\n<meta property=\"article:published_time\" content=\"2026-04-29T17:03:05+00:00\" \/>\n<meta name=\"author\" content=\"Telinha\" \/>\n<meta name=\"twitter:card\" content=\"summary_large_image\" \/>\n<meta name=\"twitter:label1\" content=\"Escrito por\" \/>\n\t<meta name=\"twitter:data1\" content=\"Telinha\" \/>\n\t<meta name=\"twitter:label2\" content=\"Tempo estimado de leitura\" \/>\n\t<meta name=\"twitter:data2\" content=\"1 minuto\" \/>\n<script type=\"application\/ld+json\" class=\"yoast-schema-graph\">{\"@context\":\"https:\/\/schema.org\",\"@graph\":[{\"@type\":\"Article\",\"@id\":\"https:\/\/portaltela.pt\/noticias\/2026\/04\/29\/franca-e-brasil-reforcam-cooperacao-militar-com-a-missao-joana-d-arc-2026\/#article\",\"isPartOf\":{\"@id\":\"https:\/\/portaltela.pt\/noticias\/2026\/04\/29\/franca-e-brasil-reforcam-cooperacao-militar-com-a-missao-joana-d-arc-2026\/\"},\"author\":{\"name\":\"Telinha\",\"@id\":\"https:\/\/portaltela.pt\/#\/schema\/person\/c4278d4a6028830caff9ee44b42d32ed\"},\"headline\":\"Fran\u00e7a e Brasil refor\u00e7am coopera\u00e7\u00e3o militar com a miss\u00e3o Joana d&#8217;Arc 2026\",\"datePublished\":\"2026-04-29T17:03:05+00:00\",\"mainEntityOfPage\":{\"@id\":\"https:\/\/portaltela.pt\/noticias\/2026\/04\/29\/franca-e-brasil-reforcam-cooperacao-militar-com-a-missao-joana-d-arc-2026\/\"},\"wordCount\":276,\"image\":{\"@id\":\"https:\/\/portaltela.pt\/noticias\/2026\/04\/29\/franca-e-brasil-reforcam-cooperacao-militar-com-a-missao-joana-d-arc-2026\/#primaryimage\"},\"thumbnailUrl\":\"https:\/\/portaltela.pt\/s.01k8rhncp4jt1\/2026\/04\/1536x864_cmsv2_06966884-b87f-58f4-87ac-623de36769bb-9740837.jpg\",\"keywords\":[\"Brasil\",\"coopera\u00e7\u00e3o internacional\",\"For\u00e7as Armadas\",\"Fran\u00e7a\",\"Marinha\",\"navios\"],\"articleSection\":[\"Geopol\u00edtica\",\"Not\u00edcias\"],\"inLanguage\":\"pt-PT\"},{\"@type\":\"WebPage\",\"@id\":\"https:\/\/portaltela.pt\/noticias\/2026\/04\/29\/franca-e-brasil-reforcam-cooperacao-militar-com-a-missao-joana-d-arc-2026\/\",\"url\":\"https:\/\/portaltela.pt\/noticias\/2026\/04\/29\/franca-e-brasil-reforcam-cooperacao-militar-com-a-missao-joana-d-arc-2026\/\",\"name\":\"Fran\u00e7a e Brasil refor\u00e7am coopera\u00e7\u00e3o militar com a miss\u00e3o Joana d'Arc 2026 - Portal Tela Portugal\",\"isPartOf\":{\"@id\":\"https:\/\/portaltela.pt\/#website\"},\"primaryImageOfPage\":{\"@id\":\"https:\/\/portaltela.pt\/noticias\/2026\/04\/29\/franca-e-brasil-reforcam-cooperacao-militar-com-a-missao-joana-d-arc-2026\/#primaryimage\"},\"image\":{\"@id\":\"https:\/\/portaltela.pt\/noticias\/2026\/04\/29\/franca-e-brasil-reforcam-cooperacao-militar-com-a-missao-joana-d-arc-2026\/#primaryimage\"},\"thumbnailUrl\":\"https:\/\/portaltela.pt\/s.01k8rhncp4jt1\/2026\/04\/1536x864_cmsv2_06966884-b87f-58f4-87ac-623de36769bb-9740837.jpg\",\"datePublished\":\"2026-04-29T17:03:05+00:00\",\"author\":{\"@id\":\"https:\/\/portaltela.pt\/#\/schema\/person\/c4278d4a6028830caff9ee44b42d32ed\"},\"breadcrumb\":{\"@id\":\"https:\/\/portaltela.pt\/noticias\/2026\/04\/29\/franca-e-brasil-reforcam-cooperacao-militar-com-a-missao-joana-d-arc-2026\/#breadcrumb\"},\"inLanguage\":\"pt-PT\",\"potentialAction\":[{\"@type\":\"ReadAction\",\"target\":[\"https:\/\/portaltela.pt\/noticias\/2026\/04\/29\/franca-e-brasil-reforcam-cooperacao-militar-com-a-missao-joana-d-arc-2026\/\"]}]},{\"@type\":\"ImageObject\",\"inLanguage\":\"pt-PT\",\"@id\":\"https:\/\/portaltela.pt\/noticias\/2026\/04\/29\/franca-e-brasil-reforcam-cooperacao-militar-com-a-missao-joana-d-arc-2026\/#primaryimage\",\"url\":\"https:\/\/portaltela.pt\/s.01k8rhncp4jt1\/2026\/04\/1536x864_cmsv2_06966884-b87f-58f4-87ac-623de36769bb-9740837.jpg\",\"contentUrl\":\"https:\/\/portaltela.pt\/s.01k8rhncp4jt1\/2026\/04\/1536x864_cmsv2_06966884-b87f-58f4-87ac-623de36769bb-9740837.jpg\",\"width\":796,\"height\":448,\"caption\":\"Dixmude, em segundo plano, o terceiro navio de assalto anf\u00edbio franc\u00eas da classe Mistral, e a fragata furtiva francesa Aconit no estaleiro naval de Xangai em 2015.\"},{\"@type\":\"BreadcrumbList\",\"@id\":\"https:\/\/portaltela.pt\/noticias\/2026\/04\/29\/franca-e-brasil-reforcam-cooperacao-militar-com-a-missao-joana-d-arc-2026\/#breadcrumb\",\"itemListElement\":[{\"@type\":\"ListItem\",\"position\":1,\"name\":\"In\u00edcio\",\"item\":\"https:\/\/portaltela.pt\/\"},{\"@type\":\"ListItem\",\"position\":2,\"name\":\"Fran\u00e7a e Brasil refor\u00e7am coopera\u00e7\u00e3o militar com a miss\u00e3o Joana d&#8217;Arc 2026\"}]},{\"@type\":\"WebSite\",\"@id\":\"https:\/\/portaltela.pt\/#website\",\"url\":\"https:\/\/portaltela.pt\/\",\"name\":\"Portal Tela Portugal\",\"description\":\"\",\"potentialAction\":[{\"@type\":\"SearchAction\",\"target\":{\"@type\":\"EntryPoint\",\"urlTemplate\":\"https:\/\/portaltela.pt\/?s={search_term_string}\"},\"query-input\":{\"@type\":\"PropertyValueSpecification\",\"valueRequired\":true,\"valueName\":\"search_term_string\"}}],\"inLanguage\":\"pt-PT\"},{\"@type\":\"Person\",\"@id\":\"https:\/\/portaltela.pt\/#\/schema\/person\/c4278d4a6028830caff9ee44b42d32ed\",\"name\":\"Telinha\",\"image\":{\"@type\":\"ImageObject\",\"inLanguage\":\"pt-PT\",\"@id\":\"https:\/\/portaltela.pt\/s.01k8rhncp4jt1\/2025\/11\/talking-bot-125x125.png\",\"url\":\"https:\/\/portaltela.pt\/s.01k8rhncp4jt1\/2025\/11\/talking-bot-125x125.png\",\"contentUrl\":\"https:\/\/portaltela.pt\/s.01k8rhncp4jt1\/2025\/11\/talking-bot-125x125.png\",\"caption\":\"Telinha\"},\"sameAs\":[\"https:\/\/portaltela.pt\/\"],\"url\":\"https:\/\/portaltela.pt\/por\/367410592786\/\"}]}<\/script>\n<!-- \/ Yoast SEO plugin. -->","yoast_head_json":{"title":"Fran\u00e7a e Brasil refor\u00e7am coopera\u00e7\u00e3o militar com a miss\u00e3o Joana d'Arc 2026 - Portal Tela Portugal","robots":{"index":"index","follow":"follow","max-snippet":"max-snippet:-1","max-image-preview":"max-image-preview:large","max-video-preview":"max-video-preview:-1"},"og_locale":"pt_PT","og_type":"article","og_title":"Fran\u00e7a e Brasil refor\u00e7am coopera\u00e7\u00e3o militar com a miss\u00e3o Joana d'Arc 2026 - Portal Tela Portugal","og_description":"Fran\u00e7a e Brasil refor\u00e7am parceria militar com a miss\u00e3o Jeanne d\u2019Arc 2026, envolvendo mais de cento e cinquenta jovens oficiais franceses a operar a partir da costa brasileira, perto do Rio de Janeiro, para treinar com for\u00e7as brasileiras. O porta-helic\u00f3pteros Dixmude navega ao longo da costa brasileira, com o objetivo de promover interoperabilidade e partilha de t\u00e9cnicas, t\u00e1ticas e procedimentos entre as duas marinhas. O capit\u00e3o-comandante Simon sublinha que o principal objetivo \u00e9 incrementar a coopera\u00e7\u00e3o entre as For\u00e7as Armadas francesas e brasileiras e preparar opera\u00e7\u00f5es conjuntas. O capit\u00e3o Lu\u00eds Felipe de Almeida Rodrigues explica que a opera\u00e7\u00e3o envolveu quase dois mil militares, come\u00e7ando com treino no Complexo Naval da Ilha do Governador e incluindo uma fase no mar com navios anf\u00edbios, de apoio e fragatas. A miss\u00e3o Jeanne d\u2019Arc tinha sido anunciada como indo para o Indo-Pac\u00edfico, mas, ap\u00f3s a interven\u00e7\u00e3o no M\u00e9dio Oriente, foi redirecionada para o Atl\u00e2ntico, com foco na \u00e1rea de interesse franc\u00eas e da NATO.","og_url":"https:\/\/portaltela.pt\/noticias\/2026\/04\/29\/franca-e-brasil-reforcam-cooperacao-militar-com-a-missao-joana-d-arc-2026\/","og_site_name":"Portal Tela Portugal","article_published_time":"2026-04-29T17:03:05+00:00","author":"Telinha","twitter_card":"summary_large_image","twitter_misc":{"Escrito por":"Telinha","Tempo estimado de leitura":"1 minuto"},"schema":{"@context":"https:\/\/schema.org","@graph":[{"@type":"Article","@id":"https:\/\/portaltela.pt\/noticias\/2026\/04\/29\/franca-e-brasil-reforcam-cooperacao-militar-com-a-missao-joana-d-arc-2026\/#article","isPartOf":{"@id":"https:\/\/portaltela.pt\/noticias\/2026\/04\/29\/franca-e-brasil-reforcam-cooperacao-militar-com-a-missao-joana-d-arc-2026\/"},"author":{"name":"Telinha","@id":"https:\/\/portaltela.pt\/#\/schema\/person\/c4278d4a6028830caff9ee44b42d32ed"},"headline":"Fran\u00e7a e Brasil refor\u00e7am coopera\u00e7\u00e3o militar com a miss\u00e3o Joana d&#8217;Arc 2026","datePublished":"2026-04-29T17:03:05+00:00","mainEntityOfPage":{"@id":"https:\/\/portaltela.pt\/noticias\/2026\/04\/29\/franca-e-brasil-reforcam-cooperacao-militar-com-a-missao-joana-d-arc-2026\/"},"wordCount":276,"image":{"@id":"https:\/\/portaltela.pt\/noticias\/2026\/04\/29\/franca-e-brasil-reforcam-cooperacao-militar-com-a-missao-joana-d-arc-2026\/#primaryimage"},"thumbnailUrl":"https:\/\/portaltela.pt\/s.01k8rhncp4jt1\/2026\/04\/1536x864_cmsv2_06966884-b87f-58f4-87ac-623de36769bb-9740837.jpg","keywords":["Brasil","coopera\u00e7\u00e3o internacional","For\u00e7as Armadas","Fran\u00e7a","Marinha","navios"],"articleSection":["Geopol\u00edtica","Not\u00edcias"],"inLanguage":"pt-PT"},{"@type":"WebPage","@id":"https:\/\/portaltela.pt\/noticias\/2026\/04\/29\/franca-e-brasil-reforcam-cooperacao-militar-com-a-missao-joana-d-arc-2026\/","url":"https:\/\/portaltela.pt\/noticias\/2026\/04\/29\/franca-e-brasil-reforcam-cooperacao-militar-com-a-missao-joana-d-arc-2026\/","name":"Fran\u00e7a e Brasil refor\u00e7am coopera\u00e7\u00e3o militar com a miss\u00e3o Joana d'Arc 2026 - Portal Tela Portugal","isPartOf":{"@id":"https:\/\/portaltela.pt\/#website"},"primaryImageOfPage":{"@id":"https:\/\/portaltela.pt\/noticias\/2026\/04\/29\/franca-e-brasil-reforcam-cooperacao-militar-com-a-missao-joana-d-arc-2026\/#primaryimage"},"image":{"@id":"https:\/\/portaltela.pt\/noticias\/2026\/04\/29\/franca-e-brasil-reforcam-cooperacao-militar-com-a-missao-joana-d-arc-2026\/#primaryimage"},"thumbnailUrl":"https:\/\/portaltela.pt\/s.01k8rhncp4jt1\/2026\/04\/1536x864_cmsv2_06966884-b87f-58f4-87ac-623de36769bb-9740837.jpg","datePublished":"2026-04-29T17:03:05+00:00","author":{"@id":"https:\/\/portaltela.pt\/#\/schema\/person\/c4278d4a6028830caff9ee44b42d32ed"},"breadcrumb":{"@id":"https:\/\/portaltela.pt\/noticias\/2026\/04\/29\/franca-e-brasil-reforcam-cooperacao-militar-com-a-missao-joana-d-arc-2026\/#breadcrumb"},"inLanguage":"pt-PT","potentialAction":[{"@type":"ReadAction","target":["https:\/\/portaltela.pt\/noticias\/2026\/04\/29\/franca-e-brasil-reforcam-cooperacao-militar-com-a-missao-joana-d-arc-2026\/"]}]},{"@type":"ImageObject","inLanguage":"pt-PT","@id":"https:\/\/portaltela.pt\/noticias\/2026\/04\/29\/franca-e-brasil-reforcam-cooperacao-militar-com-a-missao-joana-d-arc-2026\/#primaryimage","url":"https:\/\/portaltela.pt\/s.01k8rhncp4jt1\/2026\/04\/1536x864_cmsv2_06966884-b87f-58f4-87ac-623de36769bb-9740837.jpg","contentUrl":"https:\/\/portaltela.pt\/s.01k8rhncp4jt1\/2026\/04\/1536x864_cmsv2_06966884-b87f-58f4-87ac-623de36769bb-9740837.jpg","width":796,"height":448,"caption":"Dixmude, em segundo plano, o terceiro navio de assalto anf\u00edbio franc\u00eas da classe Mistral, e a fragata furtiva francesa Aconit no estaleiro naval de Xangai em 2015."},{"@type":"BreadcrumbList","@id":"https:\/\/portaltela.pt\/noticias\/2026\/04\/29\/franca-e-brasil-reforcam-cooperacao-militar-com-a-missao-joana-d-arc-2026\/#breadcrumb","itemListElement":[{"@type":"ListItem","position":1,"name":"In\u00edcio","item":"https:\/\/portaltela.pt\/"},{"@type":"ListItem","position":2,"name":"Fran\u00e7a e Brasil refor\u00e7am coopera\u00e7\u00e3o militar com a miss\u00e3o Joana d&#8217;Arc 2026"}]},{"@type":"WebSite","@id":"https:\/\/portaltela.pt\/#website","url":"https:\/\/portaltela.pt\/","name":"Portal Tela Portugal","description":"","potentialAction":[{"@type":"SearchAction","target":{"@type":"EntryPoint","urlTemplate":"https:\/\/portaltela.pt\/?s={search_term_string}"},"query-input":{"@type":"PropertyValueSpecification","valueRequired":true,"valueName":"search_term_string"}}],"inLanguage":"pt-PT"},{"@type":"Person","@id":"https:\/\/portaltela.pt\/#\/schema\/person\/c4278d4a6028830caff9ee44b42d32ed","name":"Telinha","image":{"@type":"ImageObject","inLanguage":"pt-PT","@id":"https:\/\/portaltela.pt\/s.01k8rhncp4jt1\/2025\/11\/talking-bot-125x125.png","url":"https:\/\/portaltela.pt\/s.01k8rhncp4jt1\/2025\/11\/talking-bot-125x125.png","contentUrl":"https:\/\/portaltela.pt\/s.01k8rhncp4jt1\/2025\/11\/talking-bot-125x125.png","caption":"Telinha"},"sameAs":["https:\/\/portaltela.pt\/"],"url":"https:\/\/portaltela.pt\/por\/367410592786\/"}]}},"_links":{"self":[{"href":"https:\/\/portaltela.pt\/api\/wp\/v2\/posts\/461251","targetHints":{"allow":["GET"]}}],"collection":[{"href":"https:\/\/portaltela.pt\/api\/wp\/v2\/posts"}],"about":[{"href":"https:\/\/portaltela.pt\/api\/wp\/v2\/types\/post"}],"author":[{"embeddable":true,"href":"https:\/\/portaltela.pt\/api\/wp\/v2\/users\/2"}],"replies":[{"embeddable":true,"href":"https:\/\/portaltela.pt\/api\/wp\/v2\/comments?post=461251"}],"version-history":[{"count":0,"href":"https:\/\/portaltela.pt\/api\/wp\/v2\/posts\/461251\/revisions"}],"wp:featuredmedia":[{"embeddable":true,"href":"https:\/\/portaltela.pt\/api\/wp\/v2\/media\/461252"}],"wp:attachment":[{"href":"https:\/\/portaltela.pt\/api\/wp\/v2\/media?parent=461251"}],"wp:term":[{"taxonomy":"category","embeddable":true,"href":"https:\/\/portaltela.pt\/api\/wp\/v2\/categories?post=461251"},{"taxonomy":"post_tag","embeddable":true,"href":"https:\/\/portaltela.pt\/api\/wp\/v2\/tags?post=461251"}],"curies":[{"name":"wp","href":"https:\/\/api.w.org\/{rel}","templated":true}]}}