{"id":461245,"date":"2026-04-29T13:48:22","date_gmt":"2026-04-29T16:48:22","guid":{"rendered":"https:\/\/portaltela.pt\/noticias\/2026\/04\/29\/montenegro-afirma-que-fundos-do-ptrr-atingem-mais-de-15-mil-milhoes-de-euros\/"},"modified":"2026-04-29T13:48:22","modified_gmt":"2026-04-29T16:48:22","slug":"montenegro-afirma-que-fundos-do-ptrr-atingem-mais-de-15-mil-milhoes-de-euros","status":"publish","type":"post","link":"https:\/\/portaltela.pt\/noticias\/economia\/2026\/04\/29\/montenegro-afirma-que-fundos-do-ptrr-atingem-mais-de-15-mil-milhoes-de-euros\/","title":{"rendered":"Montenegro afirma que fundos do PTRR atingem mais de 15 mil milh\u00f5es de euros"},"content":{"rendered":"<p>O primeiro-ministro Lu\u00eds Montenegro afirmou nesta quarta-feira que o Plano de Transforma\u00e7\u00e3o, Recupera\u00e7\u00e3o de Resili\u00eancia (PTRR) envolve fundos p\u00fablicos e europeus que, somados, ultrapassam os 15 mil milh\u00f5es de euros, num total de 22,6 mil milh\u00f5es. A declara\u00e7\u00e3o ocorreu durante o debate quinzenal no Parlamento, ap\u00f3s o Governo apresentar o PTRR.<\/p>\n<p>Montenegro explicou que a fatia de fundos p\u00fablicos e europeus do PTRR representa mais de 15 mil milh\u00f5es num total de 22,6 mil milh\u00f5es. A correla\u00e7\u00e3o entre financiamento p\u00fablico e privado foi questionada pelo porta-voz do Livre, Rui Tavares, durante a sess\u00e3o.<\/p>\n<p>O chefe de Governo sublinhou que, no agregado, 10,8 mil milh\u00f5es s\u00e3o p\u00fablicos e 4,2 mil milh\u00f5es correspondem a fundos europeus, num total de 15,2 mil milh\u00f5es de euros em financiamentos p\u00fablicos e europeus. Montenegro mostrou preocupa\u00e7\u00e3o em dissipar a ideia de que os fundos n\u00e3o s\u00e3o recursos nacionais.<\/p>\n<h3>Or\u00e7amento e fontes de financiamento<\/h3>\n<p>Em resposta aos esclarecimentos solicitados, o primeiro-ministro defendeu que os fundos europeus tamb\u00e9m saem dos cofres nacionais, rejeitando a ideia de financiamento externo puro. O PTRR tem um prazo at\u00e9 2034, o que altera as perspetivas de financiamento em rela\u00e7\u00e3o a legislaturas em curso, explicou.<\/p>\n<p>Rui Tavares questionou a identifica\u00e7\u00e3o de fontes de financiamento e a participa\u00e7\u00e3o de entidades p\u00fablicas em empresas que integram o plano, como a Global Parks, parte da AICEP e da \u00c1guas de Portugal. O porta-voz pediu clarifica\u00e7\u00f5es sobre lucros estimados e retorno dos investimentos, sem obter respostas imediatas.<\/p>\n","protected":false},"excerpt":{"rendered":"<ul>\n<li>O PTRR totaliza 22,6 mil milh\u00f5es de euros, com 15,2 mil milh\u00f5es de fundos p\u00fablicos e europeus.<\/li>\n<li>Dentre esses 15,2 mil milh\u00f5es, 10,8 mil milh\u00f5es s\u00e3o fundos p\u00fablicos e 4,2 mil milh\u00f5es correspondem a fundos europeus.<\/li>\n<li>O Governo apresentou o PTRR no debate quinzenal no Parlamento, ap\u00f3s a pergunta sobre o papel dos privados no programa.<\/li>\n<li>O porta-voz do Livre, Rui Tavares, pediu que a presid\u00eancia da futura ag\u00eancia de execu\u00e7\u00e3o seja ocupada por uma figura independente, sugerindo Elisa Ferreira ou Jorge Moreira da Silva; Montenegro n\u00e3o se comprometeu com nomes.<\/li>\n<li>Montenegro refor\u00e7ou que o plano tem impactos at\u00e9 2034 e que o Parlamento ter\u00e1 um papel de acompanhamento na execu\u00e7\u00e3o do PTRR.<\/li>\n<\/ul>\n","protected":false},"author":2,"featured_media":461248,"comment_status":"closed","ping_status":"closed","sticky":false,"template":"","format":"standard","meta":{"footnotes":""},"categories":[2,6850],"tags":[28,2417,2501,34,2832,1014],"class_list":["post-461245","post","type-post","status-publish","format-standard","has-post-thumbnail","hentry","category-economia","category-financas","tag-economia","tag-financiamento","tag-fundos-europeus","tag-governo","tag-politica","tag-portugal"],"yoast_head":"<!-- This site is optimized with the Yoast SEO plugin v27.2 - https:\/\/yoast.com\/product\/yoast-seo-wordpress\/ -->\n<title>Montenegro afirma que fundos do PTRR atingem mais de 15 mil milh\u00f5es de euros - Portal Tela Portugal<\/title>\n<meta name=\"robots\" content=\"index, follow, max-snippet:-1, max-image-preview:large, max-video-preview:-1\" \/>\n<meta property=\"og:locale\" content=\"pt_PT\" \/>\n<meta property=\"og:type\" content=\"article\" \/>\n<meta property=\"og:title\" content=\"Montenegro afirma que fundos do PTRR atingem mais de 15 mil milh\u00f5es de euros - Portal Tela Portugal\" \/>\n<meta property=\"og:description\" content=\"O PTRR totaliza 22,6 mil milh\u00f5es de euros, com 15,2 mil milh\u00f5es de fundos p\u00fablicos e europeus. Dentre esses 15,2 mil milh\u00f5es, 10,8 mil milh\u00f5es s\u00e3o fundos p\u00fablicos e 4,2 mil milh\u00f5es correspondem a fundos europeus. O Governo apresentou o PTRR no debate quinzenal no Parlamento, ap\u00f3s a pergunta sobre o papel dos privados no programa. O porta-voz do Livre, Rui Tavares, pediu que a presid\u00eancia da futura ag\u00eancia de execu\u00e7\u00e3o seja ocupada por uma figura independente, sugerindo Elisa Ferreira ou Jorge Moreira da Silva; Montenegro n\u00e3o se comprometeu com nomes. Montenegro refor\u00e7ou que o plano tem impactos at\u00e9 2034 e que o Parlamento ter\u00e1 um papel de acompanhamento na execu\u00e7\u00e3o do PTRR.\" \/>\n<meta property=\"og:url\" content=\"https:\/\/portaltela.pt\/noticias\/2026\/04\/29\/montenegro-afirma-que-fundos-do-ptrr-atingem-mais-de-15-mil-milhoes-de-euros\/\" \/>\n<meta property=\"og:site_name\" content=\"Portal Tela Portugal\" \/>\n<meta property=\"article:published_time\" content=\"2026-04-29T16:48:22+00:00\" \/>\n<meta name=\"author\" content=\"Telinha\" \/>\n<meta name=\"twitter:card\" content=\"summary_large_image\" \/>\n<meta name=\"twitter:label1\" content=\"Escrito por\" \/>\n\t<meta name=\"twitter:data1\" content=\"Telinha\" \/>\n\t<meta name=\"twitter:label2\" content=\"Tempo estimado de leitura\" \/>\n\t<meta name=\"twitter:data2\" content=\"1 minuto\" \/>\n<script type=\"application\/ld+json\" class=\"yoast-schema-graph\">{\"@context\":\"https:\/\/schema.org\",\"@graph\":[{\"@type\":\"Article\",\"@id\":\"https:\/\/portaltela.pt\/noticias\/2026\/04\/29\/montenegro-afirma-que-fundos-do-ptrr-atingem-mais-de-15-mil-milhoes-de-euros\/#article\",\"isPartOf\":{\"@id\":\"https:\/\/portaltela.pt\/noticias\/2026\/04\/29\/montenegro-afirma-que-fundos-do-ptrr-atingem-mais-de-15-mil-milhoes-de-euros\/\"},\"author\":{\"name\":\"Telinha\",\"@id\":\"https:\/\/portaltela.pt\/#\/schema\/person\/c4278d4a6028830caff9ee44b42d32ed\"},\"headline\":\"Montenegro afirma que fundos do PTRR atingem mais de 15 mil milh\u00f5es de euros\",\"datePublished\":\"2026-04-29T16:48:22+00:00\",\"mainEntityOfPage\":{\"@id\":\"https:\/\/portaltela.pt\/noticias\/2026\/04\/29\/montenegro-afirma-que-fundos-do-ptrr-atingem-mais-de-15-mil-milhoes-de-euros\/\"},\"wordCount\":277,\"image\":{\"@id\":\"https:\/\/portaltela.pt\/noticias\/2026\/04\/29\/montenegro-afirma-que-fundos-do-ptrr-atingem-mais-de-15-mil-milhoes-de-euros\/#primaryimage\"},\"thumbnailUrl\":\"https:\/\/portaltela.pt\/s.01k8rhncp4jt1\/2026\/04\/img_1500x1000uu2026-04-29-17-29-00-2281880.jpg\",\"keywords\":[\"economia\",\"financiamento\",\"Fundos Europeus\",\"governo\",\"pol\u00edtica\",\"Portugal\"],\"articleSection\":[\"Economia\",\"Finan\u00e7as\"],\"inLanguage\":\"pt-PT\"},{\"@type\":\"WebPage\",\"@id\":\"https:\/\/portaltela.pt\/noticias\/2026\/04\/29\/montenegro-afirma-que-fundos-do-ptrr-atingem-mais-de-15-mil-milhoes-de-euros\/\",\"url\":\"https:\/\/portaltela.pt\/noticias\/2026\/04\/29\/montenegro-afirma-que-fundos-do-ptrr-atingem-mais-de-15-mil-milhoes-de-euros\/\",\"name\":\"Montenegro afirma que fundos do PTRR atingem mais de 15 mil milh\u00f5es de euros - Portal Tela Portugal\",\"isPartOf\":{\"@id\":\"https:\/\/portaltela.pt\/#website\"},\"primaryImageOfPage\":{\"@id\":\"https:\/\/portaltela.pt\/noticias\/2026\/04\/29\/montenegro-afirma-que-fundos-do-ptrr-atingem-mais-de-15-mil-milhoes-de-euros\/#primaryimage\"},\"image\":{\"@id\":\"https:\/\/portaltela.pt\/noticias\/2026\/04\/29\/montenegro-afirma-que-fundos-do-ptrr-atingem-mais-de-15-mil-milhoes-de-euros\/#primaryimage\"},\"thumbnailUrl\":\"https:\/\/portaltela.pt\/s.01k8rhncp4jt1\/2026\/04\/img_1500x1000uu2026-04-29-17-29-00-2281880.jpg\",\"datePublished\":\"2026-04-29T16:48:22+00:00\",\"author\":{\"@id\":\"https:\/\/portaltela.pt\/#\/schema\/person\/c4278d4a6028830caff9ee44b42d32ed\"},\"breadcrumb\":{\"@id\":\"https:\/\/portaltela.pt\/noticias\/2026\/04\/29\/montenegro-afirma-que-fundos-do-ptrr-atingem-mais-de-15-mil-milhoes-de-euros\/#breadcrumb\"},\"inLanguage\":\"pt-PT\",\"potentialAction\":[{\"@type\":\"ReadAction\",\"target\":[\"https:\/\/portaltela.pt\/noticias\/2026\/04\/29\/montenegro-afirma-que-fundos-do-ptrr-atingem-mais-de-15-mil-milhoes-de-euros\/\"]}]},{\"@type\":\"ImageObject\",\"inLanguage\":\"pt-PT\",\"@id\":\"https:\/\/portaltela.pt\/noticias\/2026\/04\/29\/montenegro-afirma-que-fundos-do-ptrr-atingem-mais-de-15-mil-milhoes-de-euros\/#primaryimage\",\"url\":\"https:\/\/portaltela.pt\/s.01k8rhncp4jt1\/2026\/04\/img_1500x1000uu2026-04-29-17-29-00-2281880.jpg\",\"contentUrl\":\"https:\/\/portaltela.pt\/s.01k8rhncp4jt1\/2026\/04\/img_1500x1000uu2026-04-29-17-29-00-2281880.jpg\",\"width\":796,\"height\":448,\"caption\":\"primeiro-ministro, Luis Montenegro, usa da palavra, durante o debate quinzenal\"},{\"@type\":\"BreadcrumbList\",\"@id\":\"https:\/\/portaltela.pt\/noticias\/2026\/04\/29\/montenegro-afirma-que-fundos-do-ptrr-atingem-mais-de-15-mil-milhoes-de-euros\/#breadcrumb\",\"itemListElement\":[{\"@type\":\"ListItem\",\"position\":1,\"name\":\"In\u00edcio\",\"item\":\"https:\/\/portaltela.pt\/\"},{\"@type\":\"ListItem\",\"position\":2,\"name\":\"Montenegro afirma que fundos do PTRR atingem mais de 15 mil milh\u00f5es de euros\"}]},{\"@type\":\"WebSite\",\"@id\":\"https:\/\/portaltela.pt\/#website\",\"url\":\"https:\/\/portaltela.pt\/\",\"name\":\"Portal Tela Portugal\",\"description\":\"\",\"potentialAction\":[{\"@type\":\"SearchAction\",\"target\":{\"@type\":\"EntryPoint\",\"urlTemplate\":\"https:\/\/portaltela.pt\/?s={search_term_string}\"},\"query-input\":{\"@type\":\"PropertyValueSpecification\",\"valueRequired\":true,\"valueName\":\"search_term_string\"}}],\"inLanguage\":\"pt-PT\"},{\"@type\":\"Person\",\"@id\":\"https:\/\/portaltela.pt\/#\/schema\/person\/c4278d4a6028830caff9ee44b42d32ed\",\"name\":\"Telinha\",\"image\":{\"@type\":\"ImageObject\",\"inLanguage\":\"pt-PT\",\"@id\":\"https:\/\/portaltela.pt\/s.01k8rhncp4jt1\/2025\/11\/talking-bot-125x125.png\",\"url\":\"https:\/\/portaltela.pt\/s.01k8rhncp4jt1\/2025\/11\/talking-bot-125x125.png\",\"contentUrl\":\"https:\/\/portaltela.pt\/s.01k8rhncp4jt1\/2025\/11\/talking-bot-125x125.png\",\"caption\":\"Telinha\"},\"sameAs\":[\"https:\/\/portaltela.pt\/\"],\"url\":\"https:\/\/portaltela.pt\/por\/367410592786\/\"}]}<\/script>\n<!-- \/ Yoast SEO plugin. -->","yoast_head_json":{"title":"Montenegro afirma que fundos do PTRR atingem mais de 15 mil milh\u00f5es de euros - Portal Tela Portugal","robots":{"index":"index","follow":"follow","max-snippet":"max-snippet:-1","max-image-preview":"max-image-preview:large","max-video-preview":"max-video-preview:-1"},"og_locale":"pt_PT","og_type":"article","og_title":"Montenegro afirma que fundos do PTRR atingem mais de 15 mil milh\u00f5es de euros - Portal Tela Portugal","og_description":"O PTRR totaliza 22,6 mil milh\u00f5es de euros, com 15,2 mil milh\u00f5es de fundos p\u00fablicos e europeus. Dentre esses 15,2 mil milh\u00f5es, 10,8 mil milh\u00f5es s\u00e3o fundos p\u00fablicos e 4,2 mil milh\u00f5es correspondem a fundos europeus. O Governo apresentou o PTRR no debate quinzenal no Parlamento, ap\u00f3s a pergunta sobre o papel dos privados no programa. O porta-voz do Livre, Rui Tavares, pediu que a presid\u00eancia da futura ag\u00eancia de execu\u00e7\u00e3o seja ocupada por uma figura independente, sugerindo Elisa Ferreira ou Jorge Moreira da Silva; Montenegro n\u00e3o se comprometeu com nomes. Montenegro refor\u00e7ou que o plano tem impactos at\u00e9 2034 e que o Parlamento ter\u00e1 um papel de acompanhamento na execu\u00e7\u00e3o do PTRR.","og_url":"https:\/\/portaltela.pt\/noticias\/2026\/04\/29\/montenegro-afirma-que-fundos-do-ptrr-atingem-mais-de-15-mil-milhoes-de-euros\/","og_site_name":"Portal Tela Portugal","article_published_time":"2026-04-29T16:48:22+00:00","author":"Telinha","twitter_card":"summary_large_image","twitter_misc":{"Escrito por":"Telinha","Tempo estimado de leitura":"1 minuto"},"schema":{"@context":"https:\/\/schema.org","@graph":[{"@type":"Article","@id":"https:\/\/portaltela.pt\/noticias\/2026\/04\/29\/montenegro-afirma-que-fundos-do-ptrr-atingem-mais-de-15-mil-milhoes-de-euros\/#article","isPartOf":{"@id":"https:\/\/portaltela.pt\/noticias\/2026\/04\/29\/montenegro-afirma-que-fundos-do-ptrr-atingem-mais-de-15-mil-milhoes-de-euros\/"},"author":{"name":"Telinha","@id":"https:\/\/portaltela.pt\/#\/schema\/person\/c4278d4a6028830caff9ee44b42d32ed"},"headline":"Montenegro afirma que fundos do PTRR atingem mais de 15 mil milh\u00f5es de euros","datePublished":"2026-04-29T16:48:22+00:00","mainEntityOfPage":{"@id":"https:\/\/portaltela.pt\/noticias\/2026\/04\/29\/montenegro-afirma-que-fundos-do-ptrr-atingem-mais-de-15-mil-milhoes-de-euros\/"},"wordCount":277,"image":{"@id":"https:\/\/portaltela.pt\/noticias\/2026\/04\/29\/montenegro-afirma-que-fundos-do-ptrr-atingem-mais-de-15-mil-milhoes-de-euros\/#primaryimage"},"thumbnailUrl":"https:\/\/portaltela.pt\/s.01k8rhncp4jt1\/2026\/04\/img_1500x1000uu2026-04-29-17-29-00-2281880.jpg","keywords":["economia","financiamento","Fundos Europeus","governo","pol\u00edtica","Portugal"],"articleSection":["Economia","Finan\u00e7as"],"inLanguage":"pt-PT"},{"@type":"WebPage","@id":"https:\/\/portaltela.pt\/noticias\/2026\/04\/29\/montenegro-afirma-que-fundos-do-ptrr-atingem-mais-de-15-mil-milhoes-de-euros\/","url":"https:\/\/portaltela.pt\/noticias\/2026\/04\/29\/montenegro-afirma-que-fundos-do-ptrr-atingem-mais-de-15-mil-milhoes-de-euros\/","name":"Montenegro afirma que fundos do PTRR atingem mais de 15 mil milh\u00f5es de euros - Portal Tela Portugal","isPartOf":{"@id":"https:\/\/portaltela.pt\/#website"},"primaryImageOfPage":{"@id":"https:\/\/portaltela.pt\/noticias\/2026\/04\/29\/montenegro-afirma-que-fundos-do-ptrr-atingem-mais-de-15-mil-milhoes-de-euros\/#primaryimage"},"image":{"@id":"https:\/\/portaltela.pt\/noticias\/2026\/04\/29\/montenegro-afirma-que-fundos-do-ptrr-atingem-mais-de-15-mil-milhoes-de-euros\/#primaryimage"},"thumbnailUrl":"https:\/\/portaltela.pt\/s.01k8rhncp4jt1\/2026\/04\/img_1500x1000uu2026-04-29-17-29-00-2281880.jpg","datePublished":"2026-04-29T16:48:22+00:00","author":{"@id":"https:\/\/portaltela.pt\/#\/schema\/person\/c4278d4a6028830caff9ee44b42d32ed"},"breadcrumb":{"@id":"https:\/\/portaltela.pt\/noticias\/2026\/04\/29\/montenegro-afirma-que-fundos-do-ptrr-atingem-mais-de-15-mil-milhoes-de-euros\/#breadcrumb"},"inLanguage":"pt-PT","potentialAction":[{"@type":"ReadAction","target":["https:\/\/portaltela.pt\/noticias\/2026\/04\/29\/montenegro-afirma-que-fundos-do-ptrr-atingem-mais-de-15-mil-milhoes-de-euros\/"]}]},{"@type":"ImageObject","inLanguage":"pt-PT","@id":"https:\/\/portaltela.pt\/noticias\/2026\/04\/29\/montenegro-afirma-que-fundos-do-ptrr-atingem-mais-de-15-mil-milhoes-de-euros\/#primaryimage","url":"https:\/\/portaltela.pt\/s.01k8rhncp4jt1\/2026\/04\/img_1500x1000uu2026-04-29-17-29-00-2281880.jpg","contentUrl":"https:\/\/portaltela.pt\/s.01k8rhncp4jt1\/2026\/04\/img_1500x1000uu2026-04-29-17-29-00-2281880.jpg","width":796,"height":448,"caption":"primeiro-ministro, Luis Montenegro, usa da palavra, durante o debate quinzenal"},{"@type":"BreadcrumbList","@id":"https:\/\/portaltela.pt\/noticias\/2026\/04\/29\/montenegro-afirma-que-fundos-do-ptrr-atingem-mais-de-15-mil-milhoes-de-euros\/#breadcrumb","itemListElement":[{"@type":"ListItem","position":1,"name":"In\u00edcio","item":"https:\/\/portaltela.pt\/"},{"@type":"ListItem","position":2,"name":"Montenegro afirma que fundos do PTRR atingem mais de 15 mil milh\u00f5es de euros"}]},{"@type":"WebSite","@id":"https:\/\/portaltela.pt\/#website","url":"https:\/\/portaltela.pt\/","name":"Portal Tela Portugal","description":"","potentialAction":[{"@type":"SearchAction","target":{"@type":"EntryPoint","urlTemplate":"https:\/\/portaltela.pt\/?s={search_term_string}"},"query-input":{"@type":"PropertyValueSpecification","valueRequired":true,"valueName":"search_term_string"}}],"inLanguage":"pt-PT"},{"@type":"Person","@id":"https:\/\/portaltela.pt\/#\/schema\/person\/c4278d4a6028830caff9ee44b42d32ed","name":"Telinha","image":{"@type":"ImageObject","inLanguage":"pt-PT","@id":"https:\/\/portaltela.pt\/s.01k8rhncp4jt1\/2025\/11\/talking-bot-125x125.png","url":"https:\/\/portaltela.pt\/s.01k8rhncp4jt1\/2025\/11\/talking-bot-125x125.png","contentUrl":"https:\/\/portaltela.pt\/s.01k8rhncp4jt1\/2025\/11\/talking-bot-125x125.png","caption":"Telinha"},"sameAs":["https:\/\/portaltela.pt\/"],"url":"https:\/\/portaltela.pt\/por\/367410592786\/"}]}},"_links":{"self":[{"href":"https:\/\/portaltela.pt\/api\/wp\/v2\/posts\/461245","targetHints":{"allow":["GET"]}}],"collection":[{"href":"https:\/\/portaltela.pt\/api\/wp\/v2\/posts"}],"about":[{"href":"https:\/\/portaltela.pt\/api\/wp\/v2\/types\/post"}],"author":[{"embeddable":true,"href":"https:\/\/portaltela.pt\/api\/wp\/v2\/users\/2"}],"replies":[{"embeddable":true,"href":"https:\/\/portaltela.pt\/api\/wp\/v2\/comments?post=461245"}],"version-history":[{"count":0,"href":"https:\/\/portaltela.pt\/api\/wp\/v2\/posts\/461245\/revisions"}],"wp:featuredmedia":[{"embeddable":true,"href":"https:\/\/portaltela.pt\/api\/wp\/v2\/media\/461248"}],"wp:attachment":[{"href":"https:\/\/portaltela.pt\/api\/wp\/v2\/media?parent=461245"}],"wp:term":[{"taxonomy":"category","embeddable":true,"href":"https:\/\/portaltela.pt\/api\/wp\/v2\/categories?post=461245"},{"taxonomy":"post_tag","embeddable":true,"href":"https:\/\/portaltela.pt\/api\/wp\/v2\/tags?post=461245"}],"curies":[{"name":"wp","href":"https:\/\/api.w.org\/{rel}","templated":true}]}}