{"id":461241,"date":"2026-04-29T13:48:15","date_gmt":"2026-04-29T16:48:15","guid":{"rendered":"https:\/\/portaltela.pt\/noticias\/2026\/04\/29\/pai-de-erica-silva-angaria-10-mil-euros-para-protese-que-o-fara-andar\/"},"modified":"2026-04-29T13:48:15","modified_gmt":"2026-04-29T16:48:15","slug":"pai-de-erica-silva-angaria-10-mil-euros-para-protese-que-o-fara-andar","status":"publish","type":"post","link":"https:\/\/portaltela.pt\/saude\/2026\/04\/29\/pai-de-erica-silva-angaria-10-mil-euros-para-protese-que-o-fara-andar\/","title":{"rendered":"Pai de \u00c9rica Silva angaria 10 mil euros para pr\u00f3tese que o far\u00e1 andar"},"content":{"rendered":"<p>O pai de \u00c9rica Silva conseguiu angariar 10 mil euros para financiar uma pr\u00f3tese da perna esquerda. A iniciativa destinou-se a permitir ao idoso voltar a andar, ap\u00f3s uma amputa\u00e7\u00e3o acima do joelho. A campanha decorreu na GoFundMe, com divulga\u00e7\u00e3o pela fam\u00edlia.<\/p>\n<p>O ex-bombeiro madeirense, conhecido por Fininho, tem 73 anos e foi descrito como uma pessoa ativa e independente. O homem indicou que a perda de mobilidade mudou radicalmente o quotidiano e que a pr\u00f3tese \u00e9 essencial para recuperar dignidade e autonomia.<\/p>\n<p>A campanha de angaria\u00e7\u00e3o chegou ao alvo de 10.000 euros em cerca de cinco dias, superando as expectativas. A fam\u00edlia agradeceu a ades\u00e3o de muitos que contribu\u00edram ou partilharam a iniciativa, destacando o impacto humano do gesto.<\/p>\n<h3>Detalhes da campanha e implica\u00e7\u00f5es<\/h3>\n<p>\u00c9rica Silva, conhecida pelos reality shows da TVI, lan\u00e7ou a apelo on-line para apoiar o pai. O custo total indicado para o processo de pr\u00f3tese \u00e9 superior a 8.000 euros, valor que j\u00e1 n\u00e3o era suport\u00e1vel sem ajuda externa. Fininho afirma que a pr\u00f3tese permitir\u00e1 voltar a caminhar e reconquistar a autonomia.<\/p>\n","protected":false},"excerpt":{"rendered":"<ul>\n<li>O pai de \u00c9rica Silva angariou dez mil euros para comprar uma pr\u00f3tese para a perna esquerda.<\/li>\n<li>A campanha de angaria\u00e7\u00e3o atrav\u00e9s de GoFundMe ultrapassou a meta em cerca de cinco dias.<\/li>\n<li>O ex-bombeiro madeirense, conhecido por Fininho, tem 73 anos e sofreu uma amputa\u00e7\u00e3o acima do joelho.<\/li>\n<li>A pr\u00f3tese deve permitir que volte a caminhar, recuperando autonomia e qualidade de vida.<\/li>\n<li>O custo total citado supera oito mil euros, e a fam\u00edlia agradece o apoio e as partilhas recebidas.<\/li>\n<\/ul>\n","protected":false},"author":2,"featured_media":461246,"comment_status":"closed","ping_status":"closed","sticky":false,"template":"","format":"standard","meta":{"footnotes":""},"categories":[7371,6745],"tags":[8102,8428,8271,8392,8577,8846],"class_list":["post-461241","post","type-post","status-publish","format-standard","has-post-thumbnail","hentry","category-medicina","category-saude","tag-_acao-humanitaria","tag-_apoio-social","tag-_idosos","tag-_madeira","tag-_pessoas-com-deficiencia","tag-_solidariedade-social"],"yoast_head":"<!-- This site is optimized with the Yoast SEO plugin v27.2 - https:\/\/yoast.com\/product\/yoast-seo-wordpress\/ -->\n<title>Pai de \u00c9rica Silva angaria 10 mil euros para pr\u00f3tese que o far\u00e1 andar - Portal Tela Portugal<\/title>\n<meta name=\"robots\" content=\"index, follow, max-snippet:-1, max-image-preview:large, max-video-preview:-1\" \/>\n<meta property=\"og:locale\" content=\"pt_PT\" \/>\n<meta property=\"og:type\" content=\"article\" \/>\n<meta property=\"og:title\" content=\"Pai de \u00c9rica Silva angaria 10 mil euros para pr\u00f3tese que o far\u00e1 andar - Portal Tela Portugal\" \/>\n<meta property=\"og:description\" content=\"O pai de \u00c9rica Silva angariou dez mil euros para comprar uma pr\u00f3tese para a perna esquerda. A campanha de angaria\u00e7\u00e3o atrav\u00e9s de GoFundMe ultrapassou a meta em cerca de cinco dias. O ex-bombeiro madeirense, conhecido por Fininho, tem 73 anos e sofreu uma amputa\u00e7\u00e3o acima do joelho. A pr\u00f3tese deve permitir que volte a caminhar, recuperando autonomia e qualidade de vida. O custo total citado supera oito mil euros, e a fam\u00edlia agradece o apoio e as partilhas recebidas.\" \/>\n<meta property=\"og:url\" content=\"https:\/\/portaltela.pt\/noticias\/2026\/04\/29\/pai-de-erica-silva-angaria-10-mil-euros-para-protese-que-o-fara-andar\/\" \/>\n<meta property=\"og:site_name\" content=\"Portal Tela Portugal\" \/>\n<meta property=\"article:published_time\" content=\"2026-04-29T16:48:15+00:00\" \/>\n<meta name=\"author\" content=\"Telinha\" \/>\n<meta name=\"twitter:card\" content=\"summary_large_image\" \/>\n<meta name=\"twitter:label1\" content=\"Escrito por\" \/>\n\t<meta name=\"twitter:data1\" content=\"Telinha\" \/>\n\t<meta name=\"twitter:label2\" content=\"Tempo estimado de leitura\" \/>\n\t<meta name=\"twitter:data2\" content=\"1 minuto\" \/>\n<script type=\"application\/ld+json\" class=\"yoast-schema-graph\">{\"@context\":\"https:\/\/schema.org\",\"@graph\":[{\"@type\":\"Article\",\"@id\":\"https:\/\/portaltela.pt\/noticias\/2026\/04\/29\/pai-de-erica-silva-angaria-10-mil-euros-para-protese-que-o-fara-andar\/#article\",\"isPartOf\":{\"@id\":\"https:\/\/portaltela.pt\/noticias\/2026\/04\/29\/pai-de-erica-silva-angaria-10-mil-euros-para-protese-que-o-fara-andar\/\"},\"author\":{\"name\":\"Telinha\",\"@id\":\"https:\/\/portaltela.pt\/#\/schema\/person\/c4278d4a6028830caff9ee44b42d32ed\"},\"headline\":\"Pai de \u00c9rica Silva angaria 10 mil euros para pr\u00f3tese que o far\u00e1 andar\",\"datePublished\":\"2026-04-29T16:48:15+00:00\",\"mainEntityOfPage\":{\"@id\":\"https:\/\/portaltela.pt\/noticias\/2026\/04\/29\/pai-de-erica-silva-angaria-10-mil-euros-para-protese-que-o-fara-andar\/\"},\"wordCount\":201,\"image\":{\"@id\":\"https:\/\/portaltela.pt\/noticias\/2026\/04\/29\/pai-de-erica-silva-angaria-10-mil-euros-para-protese-que-o-fara-andar\/#primaryimage\"},\"thumbnailUrl\":\"https:\/\/portaltela.pt\/s.01k8rhncp4jt1\/2026\/04\/img_1280x718uu2026-04-29-14-35-57-2281820-im-639130702155887689.jpg\",\"keywords\":[\"_a\u00e7\u00e3o humanit\u00e1ria\",\"_apoio social\",\"_idosos\",\"_Madeira\",\"_pessoas com defici\u00eancia\",\"_Solidariedade Social\"],\"articleSection\":[\"Medicina\",\"Sa\u00fade\"],\"inLanguage\":\"pt-PT\"},{\"@type\":\"WebPage\",\"@id\":\"https:\/\/portaltela.pt\/noticias\/2026\/04\/29\/pai-de-erica-silva-angaria-10-mil-euros-para-protese-que-o-fara-andar\/\",\"url\":\"https:\/\/portaltela.pt\/noticias\/2026\/04\/29\/pai-de-erica-silva-angaria-10-mil-euros-para-protese-que-o-fara-andar\/\",\"name\":\"Pai de \u00c9rica Silva angaria 10 mil euros para pr\u00f3tese que o far\u00e1 andar - Portal Tela Portugal\",\"isPartOf\":{\"@id\":\"https:\/\/portaltela.pt\/#website\"},\"primaryImageOfPage\":{\"@id\":\"https:\/\/portaltela.pt\/noticias\/2026\/04\/29\/pai-de-erica-silva-angaria-10-mil-euros-para-protese-que-o-fara-andar\/#primaryimage\"},\"image\":{\"@id\":\"https:\/\/portaltela.pt\/noticias\/2026\/04\/29\/pai-de-erica-silva-angaria-10-mil-euros-para-protese-que-o-fara-andar\/#primaryimage\"},\"thumbnailUrl\":\"https:\/\/portaltela.pt\/s.01k8rhncp4jt1\/2026\/04\/img_1280x718uu2026-04-29-14-35-57-2281820-im-639130702155887689.jpg\",\"datePublished\":\"2026-04-29T16:48:15+00:00\",\"author\":{\"@id\":\"https:\/\/portaltela.pt\/#\/schema\/person\/c4278d4a6028830caff9ee44b42d32ed\"},\"breadcrumb\":{\"@id\":\"https:\/\/portaltela.pt\/noticias\/2026\/04\/29\/pai-de-erica-silva-angaria-10-mil-euros-para-protese-que-o-fara-andar\/#breadcrumb\"},\"inLanguage\":\"pt-PT\",\"potentialAction\":[{\"@type\":\"ReadAction\",\"target\":[\"https:\/\/portaltela.pt\/noticias\/2026\/04\/29\/pai-de-erica-silva-angaria-10-mil-euros-para-protese-que-o-fara-andar\/\"]}]},{\"@type\":\"ImageObject\",\"inLanguage\":\"pt-PT\",\"@id\":\"https:\/\/portaltela.pt\/noticias\/2026\/04\/29\/pai-de-erica-silva-angaria-10-mil-euros-para-protese-que-o-fara-andar\/#primaryimage\",\"url\":\"https:\/\/portaltela.pt\/s.01k8rhncp4jt1\/2026\/04\/img_1280x718uu2026-04-29-14-35-57-2281820-im-639130702155887689.jpg\",\"contentUrl\":\"https:\/\/portaltela.pt\/s.01k8rhncp4jt1\/2026\/04\/img_1280x718uu2026-04-29-14-35-57-2281820-im-639130702155887689.jpg\",\"width\":796,\"height\":448,\"caption\":\"Photo\"},{\"@type\":\"BreadcrumbList\",\"@id\":\"https:\/\/portaltela.pt\/noticias\/2026\/04\/29\/pai-de-erica-silva-angaria-10-mil-euros-para-protese-que-o-fara-andar\/#breadcrumb\",\"itemListElement\":[{\"@type\":\"ListItem\",\"position\":1,\"name\":\"In\u00edcio\",\"item\":\"https:\/\/portaltela.pt\/\"},{\"@type\":\"ListItem\",\"position\":2,\"name\":\"Pai de \u00c9rica Silva angaria 10 mil euros para pr\u00f3tese que o far\u00e1 andar\"}]},{\"@type\":\"WebSite\",\"@id\":\"https:\/\/portaltela.pt\/#website\",\"url\":\"https:\/\/portaltela.pt\/\",\"name\":\"Portal Tela Portugal\",\"description\":\"\",\"potentialAction\":[{\"@type\":\"SearchAction\",\"target\":{\"@type\":\"EntryPoint\",\"urlTemplate\":\"https:\/\/portaltela.pt\/?s={search_term_string}\"},\"query-input\":{\"@type\":\"PropertyValueSpecification\",\"valueRequired\":true,\"valueName\":\"search_term_string\"}}],\"inLanguage\":\"pt-PT\"},{\"@type\":\"Person\",\"@id\":\"https:\/\/portaltela.pt\/#\/schema\/person\/c4278d4a6028830caff9ee44b42d32ed\",\"name\":\"Telinha\",\"image\":{\"@type\":\"ImageObject\",\"inLanguage\":\"pt-PT\",\"@id\":\"https:\/\/portaltela.pt\/s.01k8rhncp4jt1\/2025\/11\/talking-bot-125x125.png\",\"url\":\"https:\/\/portaltela.pt\/s.01k8rhncp4jt1\/2025\/11\/talking-bot-125x125.png\",\"contentUrl\":\"https:\/\/portaltela.pt\/s.01k8rhncp4jt1\/2025\/11\/talking-bot-125x125.png\",\"caption\":\"Telinha\"},\"sameAs\":[\"https:\/\/portaltela.pt\/\"],\"url\":\"https:\/\/portaltela.pt\/por\/367410592786\/\"}]}<\/script>\n<!-- \/ Yoast SEO plugin. -->","yoast_head_json":{"title":"Pai de \u00c9rica Silva angaria 10 mil euros para pr\u00f3tese que o far\u00e1 andar - Portal Tela Portugal","robots":{"index":"index","follow":"follow","max-snippet":"max-snippet:-1","max-image-preview":"max-image-preview:large","max-video-preview":"max-video-preview:-1"},"og_locale":"pt_PT","og_type":"article","og_title":"Pai de \u00c9rica Silva angaria 10 mil euros para pr\u00f3tese que o far\u00e1 andar - Portal Tela Portugal","og_description":"O pai de \u00c9rica Silva angariou dez mil euros para comprar uma pr\u00f3tese para a perna esquerda. A campanha de angaria\u00e7\u00e3o atrav\u00e9s de GoFundMe ultrapassou a meta em cerca de cinco dias. O ex-bombeiro madeirense, conhecido por Fininho, tem 73 anos e sofreu uma amputa\u00e7\u00e3o acima do joelho. A pr\u00f3tese deve permitir que volte a caminhar, recuperando autonomia e qualidade de vida. O custo total citado supera oito mil euros, e a fam\u00edlia agradece o apoio e as partilhas recebidas.","og_url":"https:\/\/portaltela.pt\/noticias\/2026\/04\/29\/pai-de-erica-silva-angaria-10-mil-euros-para-protese-que-o-fara-andar\/","og_site_name":"Portal Tela Portugal","article_published_time":"2026-04-29T16:48:15+00:00","author":"Telinha","twitter_card":"summary_large_image","twitter_misc":{"Escrito por":"Telinha","Tempo estimado de leitura":"1 minuto"},"schema":{"@context":"https:\/\/schema.org","@graph":[{"@type":"Article","@id":"https:\/\/portaltela.pt\/noticias\/2026\/04\/29\/pai-de-erica-silva-angaria-10-mil-euros-para-protese-que-o-fara-andar\/#article","isPartOf":{"@id":"https:\/\/portaltela.pt\/noticias\/2026\/04\/29\/pai-de-erica-silva-angaria-10-mil-euros-para-protese-que-o-fara-andar\/"},"author":{"name":"Telinha","@id":"https:\/\/portaltela.pt\/#\/schema\/person\/c4278d4a6028830caff9ee44b42d32ed"},"headline":"Pai de \u00c9rica Silva angaria 10 mil euros para pr\u00f3tese que o far\u00e1 andar","datePublished":"2026-04-29T16:48:15+00:00","mainEntityOfPage":{"@id":"https:\/\/portaltela.pt\/noticias\/2026\/04\/29\/pai-de-erica-silva-angaria-10-mil-euros-para-protese-que-o-fara-andar\/"},"wordCount":201,"image":{"@id":"https:\/\/portaltela.pt\/noticias\/2026\/04\/29\/pai-de-erica-silva-angaria-10-mil-euros-para-protese-que-o-fara-andar\/#primaryimage"},"thumbnailUrl":"https:\/\/portaltela.pt\/s.01k8rhncp4jt1\/2026\/04\/img_1280x718uu2026-04-29-14-35-57-2281820-im-639130702155887689.jpg","keywords":["_a\u00e7\u00e3o humanit\u00e1ria","_apoio social","_idosos","_Madeira","_pessoas com defici\u00eancia","_Solidariedade Social"],"articleSection":["Medicina","Sa\u00fade"],"inLanguage":"pt-PT"},{"@type":"WebPage","@id":"https:\/\/portaltela.pt\/noticias\/2026\/04\/29\/pai-de-erica-silva-angaria-10-mil-euros-para-protese-que-o-fara-andar\/","url":"https:\/\/portaltela.pt\/noticias\/2026\/04\/29\/pai-de-erica-silva-angaria-10-mil-euros-para-protese-que-o-fara-andar\/","name":"Pai de \u00c9rica Silva angaria 10 mil euros para pr\u00f3tese que o far\u00e1 andar - Portal Tela Portugal","isPartOf":{"@id":"https:\/\/portaltela.pt\/#website"},"primaryImageOfPage":{"@id":"https:\/\/portaltela.pt\/noticias\/2026\/04\/29\/pai-de-erica-silva-angaria-10-mil-euros-para-protese-que-o-fara-andar\/#primaryimage"},"image":{"@id":"https:\/\/portaltela.pt\/noticias\/2026\/04\/29\/pai-de-erica-silva-angaria-10-mil-euros-para-protese-que-o-fara-andar\/#primaryimage"},"thumbnailUrl":"https:\/\/portaltela.pt\/s.01k8rhncp4jt1\/2026\/04\/img_1280x718uu2026-04-29-14-35-57-2281820-im-639130702155887689.jpg","datePublished":"2026-04-29T16:48:15+00:00","author":{"@id":"https:\/\/portaltela.pt\/#\/schema\/person\/c4278d4a6028830caff9ee44b42d32ed"},"breadcrumb":{"@id":"https:\/\/portaltela.pt\/noticias\/2026\/04\/29\/pai-de-erica-silva-angaria-10-mil-euros-para-protese-que-o-fara-andar\/#breadcrumb"},"inLanguage":"pt-PT","potentialAction":[{"@type":"ReadAction","target":["https:\/\/portaltela.pt\/noticias\/2026\/04\/29\/pai-de-erica-silva-angaria-10-mil-euros-para-protese-que-o-fara-andar\/"]}]},{"@type":"ImageObject","inLanguage":"pt-PT","@id":"https:\/\/portaltela.pt\/noticias\/2026\/04\/29\/pai-de-erica-silva-angaria-10-mil-euros-para-protese-que-o-fara-andar\/#primaryimage","url":"https:\/\/portaltela.pt\/s.01k8rhncp4jt1\/2026\/04\/img_1280x718uu2026-04-29-14-35-57-2281820-im-639130702155887689.jpg","contentUrl":"https:\/\/portaltela.pt\/s.01k8rhncp4jt1\/2026\/04\/img_1280x718uu2026-04-29-14-35-57-2281820-im-639130702155887689.jpg","width":796,"height":448,"caption":"Photo"},{"@type":"BreadcrumbList","@id":"https:\/\/portaltela.pt\/noticias\/2026\/04\/29\/pai-de-erica-silva-angaria-10-mil-euros-para-protese-que-o-fara-andar\/#breadcrumb","itemListElement":[{"@type":"ListItem","position":1,"name":"In\u00edcio","item":"https:\/\/portaltela.pt\/"},{"@type":"ListItem","position":2,"name":"Pai de \u00c9rica Silva angaria 10 mil euros para pr\u00f3tese que o far\u00e1 andar"}]},{"@type":"WebSite","@id":"https:\/\/portaltela.pt\/#website","url":"https:\/\/portaltela.pt\/","name":"Portal Tela Portugal","description":"","potentialAction":[{"@type":"SearchAction","target":{"@type":"EntryPoint","urlTemplate":"https:\/\/portaltela.pt\/?s={search_term_string}"},"query-input":{"@type":"PropertyValueSpecification","valueRequired":true,"valueName":"search_term_string"}}],"inLanguage":"pt-PT"},{"@type":"Person","@id":"https:\/\/portaltela.pt\/#\/schema\/person\/c4278d4a6028830caff9ee44b42d32ed","name":"Telinha","image":{"@type":"ImageObject","inLanguage":"pt-PT","@id":"https:\/\/portaltela.pt\/s.01k8rhncp4jt1\/2025\/11\/talking-bot-125x125.png","url":"https:\/\/portaltela.pt\/s.01k8rhncp4jt1\/2025\/11\/talking-bot-125x125.png","contentUrl":"https:\/\/portaltela.pt\/s.01k8rhncp4jt1\/2025\/11\/talking-bot-125x125.png","caption":"Telinha"},"sameAs":["https:\/\/portaltela.pt\/"],"url":"https:\/\/portaltela.pt\/por\/367410592786\/"}]}},"_links":{"self":[{"href":"https:\/\/portaltela.pt\/api\/wp\/v2\/posts\/461241","targetHints":{"allow":["GET"]}}],"collection":[{"href":"https:\/\/portaltela.pt\/api\/wp\/v2\/posts"}],"about":[{"href":"https:\/\/portaltela.pt\/api\/wp\/v2\/types\/post"}],"author":[{"embeddable":true,"href":"https:\/\/portaltela.pt\/api\/wp\/v2\/users\/2"}],"replies":[{"embeddable":true,"href":"https:\/\/portaltela.pt\/api\/wp\/v2\/comments?post=461241"}],"version-history":[{"count":0,"href":"https:\/\/portaltela.pt\/api\/wp\/v2\/posts\/461241\/revisions"}],"wp:featuredmedia":[{"embeddable":true,"href":"https:\/\/portaltela.pt\/api\/wp\/v2\/media\/461246"}],"wp:attachment":[{"href":"https:\/\/portaltela.pt\/api\/wp\/v2\/media?parent=461241"}],"wp:term":[{"taxonomy":"category","embeddable":true,"href":"https:\/\/portaltela.pt\/api\/wp\/v2\/categories?post=461241"},{"taxonomy":"post_tag","embeddable":true,"href":"https:\/\/portaltela.pt\/api\/wp\/v2\/tags?post=461241"}],"curies":[{"name":"wp","href":"https:\/\/api.w.org\/{rel}","templated":true}]}}