{"id":461225,"date":"2026-04-29T13:33:45","date_gmt":"2026-04-29T16:33:45","guid":{"rendered":"https:\/\/portaltela.pt\/noticias\/2026\/04\/29\/especialista-desmonta-a-falacia-do-manto-verde\/"},"modified":"2026-04-29T13:33:45","modified_gmt":"2026-04-29T16:33:45","slug":"especialista-desmonta-a-falacia-do-manto-verde","status":"publish","type":"post","link":"https:\/\/portaltela.pt\/desporto\/futebol\/2026\/04\/29\/especialista-desmonta-a-falacia-do-manto-verde\/","title":{"rendered":"Especialista desmonta a fal\u00e1cia do Manto Verde"},"content":{"rendered":"<p>O Sporting disputou na \u00faltima semana dois jogos decisivos. Na Ta\u00e7a de Portugal, na segunda m\u00e3o das meias-finais, realizou o jogo no Drag\u00e3o contra o FC Porto; e no campeonato, recebeu o Aves na 31.\u00aa jornada. A narrativa em torno do chamado \u201cmanto verde\u201d voltou a ganhar destaque.<\/p>\n<p>No duelo da Ta\u00e7a, o Sporting garantiu a passagem \u00e0 Final do Jamor, marcada para 24 de maio. O empate ficou a saber a vit\u00f3ria para os le\u00f5es, na leitura de quem acompanhou o jogo. O FC Porto criticou decis\u00f5es do \u00e1rbitro, sugerindo um tratamento desigual, incluindo situa\u00e7\u00f5es disciplinares discutidas.<\/p>\n<h3>Ta\u00e7a de Portugal<\/h3>\n<p>A pol\u00e9mica voltou a girar em torno de expuls\u00f5es e decis\u00f5es disciplinares ao longo do encontro, com foco em incidentes envolvendo jogadores do FC Porto. O \u00e1rbitro foi ao VAR em alguns momentos, mantendo controv\u00e9rsia sobre a aplica\u00e7\u00e3o das leis do jogo.<\/p>\n<h3>Campeonato<\/h3>\n<p>No domingo, o Sporting jogou com o Aves, \u00faltimo classificado, em Vila das Aves. A equipa demonstrou cansa\u00e7o vis\u00edvel e houve cr\u00edticas \u00e0 arbitragem, nomeadamente a uma intensidade de faltas n\u00e3o assinaladas. As imagens do VAR foram analisadas, com pareceres variados sobre a decis\u00e3o final.<\/p>\n<h3>Encaminhamento e perspetivas<\/h3>\n<p>A cobertura acompanha as consequ\u00eancias para o campeonato e a Ta\u00e7a, com o Sporting a manter-se na luta por t\u00edtulo e pela qualifica\u00e7\u00e3o europeia. A narrativa sobre o comportamento arbitral continua a dividir opini\u00f5es, sem conclus\u00e3o oficial sobre responsabilidades.<\/p>\n<p>VIVA O SPORTING CLUBE DE PORTUGAL<\/p>\n","protected":false},"excerpt":{"rendered":"<ul>\n<li>O Sporting disputou dois jogos na \u00faltima semana: meia-final da Ta\u00e7a de Portugal no Drag\u00e3o contra o FC Porto e a 31.\u00aa jornada do campeonato contra o Aves em casa.<\/li>\n<li>Na Ta\u00e7a, o Sporting garantiu a passagem \u00e0 final do Jamor, marcada para o dia 24 de maio, ap\u00f3s empatar o jogo da segunda m\u00e3o.<\/li>\n<li>O texto critica a arbitragem e acusa uma narrativa favor\u00e1vel ao FC Porto, citando expuls\u00f5es n\u00e3o punidas e decis\u00f5es que teriam prejudicado o Sporting.<\/li>\n<li>No campeonato, o Sporting atuou diante do Aves, \u00faltimo classificado, e \u00e9 apontada uma arbitragem inadequada, incluindo uma n\u00e3o marca\u00e7\u00e3o de penalty no final da primeira parte.<\/li>\n<li>O artigo afirma que o Sporting vai reagir e lutar pela Ta\u00e7a de Portugal e pela qualifica\u00e7\u00e3o para a Liga dos Campe\u00f5es, criticando o que chama de \u201cmanto verde\u201d e o suposto tratamento desigual.<\/li>\n<\/ul>\n","protected":false},"author":2,"featured_media":461228,"comment_status":"closed","ping_status":"closed","sticky":false,"template":"","format":"standard","meta":{"footnotes":""},"categories":[21,24],"tags":[1289,7206,2028,1652,1377,1185],"class_list":["post-461225","post","type-post","status-publish","format-standard","has-post-thumbnail","hentry","category-desporto","category-futebol","tag-arbitragem","tag-aves","tag-fc-porto","tag-sporting","tag-taca-da-portugal","tag-var"],"yoast_head":"<!-- This site is optimized with the Yoast SEO plugin v27.2 - https:\/\/yoast.com\/product\/yoast-seo-wordpress\/ -->\n<title>Especialista desmonta a fal\u00e1cia do Manto Verde - Portal Tela Portugal<\/title>\n<meta name=\"robots\" content=\"index, follow, max-snippet:-1, max-image-preview:large, max-video-preview:-1\" \/>\n<meta property=\"og:locale\" content=\"pt_PT\" \/>\n<meta property=\"og:type\" content=\"article\" \/>\n<meta property=\"og:title\" content=\"Especialista desmonta a fal\u00e1cia do Manto Verde - Portal Tela Portugal\" \/>\n<meta property=\"og:description\" content=\"O Sporting disputou dois jogos na \u00faltima semana: meia-final da Ta\u00e7a de Portugal no Drag\u00e3o contra o FC Porto e a 31.\u00aa jornada do campeonato contra o Aves em casa. Na Ta\u00e7a, o Sporting garantiu a passagem \u00e0 final do Jamor, marcada para o dia 24 de maio, ap\u00f3s empatar o jogo da segunda m\u00e3o. O texto critica a arbitragem e acusa uma narrativa favor\u00e1vel ao FC Porto, citando expuls\u00f5es n\u00e3o punidas e decis\u00f5es que teriam prejudicado o Sporting. No campeonato, o Sporting atuou diante do Aves, \u00faltimo classificado, e \u00e9 apontada uma arbitragem inadequada, incluindo uma n\u00e3o marca\u00e7\u00e3o de penalty no final da primeira parte. O artigo afirma que o Sporting vai reagir e lutar pela Ta\u00e7a de Portugal e pela qualifica\u00e7\u00e3o para a Liga dos Campe\u00f5es, criticando o que chama de \u201cmanto verde\u201d e o suposto tratamento desigual.\" \/>\n<meta property=\"og:url\" content=\"https:\/\/portaltela.pt\/noticias\/2026\/04\/29\/especialista-desmonta-a-falacia-do-manto-verde\/\" \/>\n<meta property=\"og:site_name\" content=\"Portal Tela Portugal\" \/>\n<meta property=\"article:published_time\" content=\"2026-04-29T16:33:45+00:00\" \/>\n<meta name=\"author\" content=\"Telinha\" \/>\n<meta name=\"twitter:card\" content=\"summary_large_image\" \/>\n<meta name=\"twitter:label1\" content=\"Escrito por\" \/>\n\t<meta name=\"twitter:data1\" content=\"Telinha\" \/>\n\t<meta name=\"twitter:label2\" content=\"Tempo estimado de leitura\" \/>\n\t<meta name=\"twitter:data2\" content=\"1 minuto\" \/>\n<script type=\"application\/ld+json\" class=\"yoast-schema-graph\">{\"@context\":\"https:\/\/schema.org\",\"@graph\":[{\"@type\":\"Article\",\"@id\":\"https:\/\/portaltela.pt\/noticias\/2026\/04\/29\/especialista-desmonta-a-falacia-do-manto-verde\/#article\",\"isPartOf\":{\"@id\":\"https:\/\/portaltela.pt\/noticias\/2026\/04\/29\/especialista-desmonta-a-falacia-do-manto-verde\/\"},\"author\":{\"name\":\"Telinha\",\"@id\":\"https:\/\/portaltela.pt\/#\/schema\/person\/c4278d4a6028830caff9ee44b42d32ed\"},\"headline\":\"Especialista desmonta a fal\u00e1cia do Manto Verde\",\"datePublished\":\"2026-04-29T16:33:45+00:00\",\"mainEntityOfPage\":{\"@id\":\"https:\/\/portaltela.pt\/noticias\/2026\/04\/29\/especialista-desmonta-a-falacia-do-manto-verde\/\"},\"wordCount\":266,\"image\":{\"@id\":\"https:\/\/portaltela.pt\/noticias\/2026\/04\/29\/especialista-desmonta-a-falacia-do-manto-verde\/#primaryimage\"},\"thumbnailUrl\":\"https:\/\/portaltela.pt\/s.01k8rhncp4jt1\/2026\/04\/img_920x518uu2026-03-19-17-24-15-2428127-1.jpg\",\"keywords\":[\"arbitragem\",\"Aves\",\"FC Porto\",\"Sporting\",\"Ta\u00e7a da Portugal\",\"VAR\"],\"articleSection\":[\"Desporto\",\"Futebol\"],\"inLanguage\":\"pt-PT\"},{\"@type\":\"WebPage\",\"@id\":\"https:\/\/portaltela.pt\/noticias\/2026\/04\/29\/especialista-desmonta-a-falacia-do-manto-verde\/\",\"url\":\"https:\/\/portaltela.pt\/noticias\/2026\/04\/29\/especialista-desmonta-a-falacia-do-manto-verde\/\",\"name\":\"Especialista desmonta a fal\u00e1cia do Manto Verde - Portal Tela Portugal\",\"isPartOf\":{\"@id\":\"https:\/\/portaltela.pt\/#website\"},\"primaryImageOfPage\":{\"@id\":\"https:\/\/portaltela.pt\/noticias\/2026\/04\/29\/especialista-desmonta-a-falacia-do-manto-verde\/#primaryimage\"},\"image\":{\"@id\":\"https:\/\/portaltela.pt\/noticias\/2026\/04\/29\/especialista-desmonta-a-falacia-do-manto-verde\/#primaryimage\"},\"thumbnailUrl\":\"https:\/\/portaltela.pt\/s.01k8rhncp4jt1\/2026\/04\/img_920x518uu2026-03-19-17-24-15-2428127-1.jpg\",\"datePublished\":\"2026-04-29T16:33:45+00:00\",\"author\":{\"@id\":\"https:\/\/portaltela.pt\/#\/schema\/person\/c4278d4a6028830caff9ee44b42d32ed\"},\"breadcrumb\":{\"@id\":\"https:\/\/portaltela.pt\/noticias\/2026\/04\/29\/especialista-desmonta-a-falacia-do-manto-verde\/#breadcrumb\"},\"inLanguage\":\"pt-PT\",\"potentialAction\":[{\"@type\":\"ReadAction\",\"target\":[\"https:\/\/portaltela.pt\/noticias\/2026\/04\/29\/especialista-desmonta-a-falacia-do-manto-verde\/\"]}]},{\"@type\":\"ImageObject\",\"inLanguage\":\"pt-PT\",\"@id\":\"https:\/\/portaltela.pt\/noticias\/2026\/04\/29\/especialista-desmonta-a-falacia-do-manto-verde\/#primaryimage\",\"url\":\"https:\/\/portaltela.pt\/s.01k8rhncp4jt1\/2026\/04\/img_920x518uu2026-03-19-17-24-15-2428127-1.jpg\",\"contentUrl\":\"https:\/\/portaltela.pt\/s.01k8rhncp4jt1\/2026\/04\/img_920x518uu2026-03-19-17-24-15-2428127-1.jpg\",\"width\":796,\"height\":448,\"caption\":\"Tito Arantes Fontes\"},{\"@type\":\"BreadcrumbList\",\"@id\":\"https:\/\/portaltela.pt\/noticias\/2026\/04\/29\/especialista-desmonta-a-falacia-do-manto-verde\/#breadcrumb\",\"itemListElement\":[{\"@type\":\"ListItem\",\"position\":1,\"name\":\"In\u00edcio\",\"item\":\"https:\/\/portaltela.pt\/\"},{\"@type\":\"ListItem\",\"position\":2,\"name\":\"Especialista desmonta a fal\u00e1cia do Manto Verde\"}]},{\"@type\":\"WebSite\",\"@id\":\"https:\/\/portaltela.pt\/#website\",\"url\":\"https:\/\/portaltela.pt\/\",\"name\":\"Portal Tela Portugal\",\"description\":\"\",\"potentialAction\":[{\"@type\":\"SearchAction\",\"target\":{\"@type\":\"EntryPoint\",\"urlTemplate\":\"https:\/\/portaltela.pt\/?s={search_term_string}\"},\"query-input\":{\"@type\":\"PropertyValueSpecification\",\"valueRequired\":true,\"valueName\":\"search_term_string\"}}],\"inLanguage\":\"pt-PT\"},{\"@type\":\"Person\",\"@id\":\"https:\/\/portaltela.pt\/#\/schema\/person\/c4278d4a6028830caff9ee44b42d32ed\",\"name\":\"Telinha\",\"image\":{\"@type\":\"ImageObject\",\"inLanguage\":\"pt-PT\",\"@id\":\"https:\/\/portaltela.pt\/s.01k8rhncp4jt1\/2025\/11\/talking-bot-125x125.png\",\"url\":\"https:\/\/portaltela.pt\/s.01k8rhncp4jt1\/2025\/11\/talking-bot-125x125.png\",\"contentUrl\":\"https:\/\/portaltela.pt\/s.01k8rhncp4jt1\/2025\/11\/talking-bot-125x125.png\",\"caption\":\"Telinha\"},\"sameAs\":[\"https:\/\/portaltela.pt\/\"],\"url\":\"https:\/\/portaltela.pt\/por\/367410592786\/\"}]}<\/script>\n<!-- \/ Yoast SEO plugin. -->","yoast_head_json":{"title":"Especialista desmonta a fal\u00e1cia do Manto Verde - Portal Tela Portugal","robots":{"index":"index","follow":"follow","max-snippet":"max-snippet:-1","max-image-preview":"max-image-preview:large","max-video-preview":"max-video-preview:-1"},"og_locale":"pt_PT","og_type":"article","og_title":"Especialista desmonta a fal\u00e1cia do Manto Verde - Portal Tela Portugal","og_description":"O Sporting disputou dois jogos na \u00faltima semana: meia-final da Ta\u00e7a de Portugal no Drag\u00e3o contra o FC Porto e a 31.\u00aa jornada do campeonato contra o Aves em casa. Na Ta\u00e7a, o Sporting garantiu a passagem \u00e0 final do Jamor, marcada para o dia 24 de maio, ap\u00f3s empatar o jogo da segunda m\u00e3o. O texto critica a arbitragem e acusa uma narrativa favor\u00e1vel ao FC Porto, citando expuls\u00f5es n\u00e3o punidas e decis\u00f5es que teriam prejudicado o Sporting. No campeonato, o Sporting atuou diante do Aves, \u00faltimo classificado, e \u00e9 apontada uma arbitragem inadequada, incluindo uma n\u00e3o marca\u00e7\u00e3o de penalty no final da primeira parte. O artigo afirma que o Sporting vai reagir e lutar pela Ta\u00e7a de Portugal e pela qualifica\u00e7\u00e3o para a Liga dos Campe\u00f5es, criticando o que chama de \u201cmanto verde\u201d e o suposto tratamento desigual.","og_url":"https:\/\/portaltela.pt\/noticias\/2026\/04\/29\/especialista-desmonta-a-falacia-do-manto-verde\/","og_site_name":"Portal Tela Portugal","article_published_time":"2026-04-29T16:33:45+00:00","author":"Telinha","twitter_card":"summary_large_image","twitter_misc":{"Escrito por":"Telinha","Tempo estimado de leitura":"1 minuto"},"schema":{"@context":"https:\/\/schema.org","@graph":[{"@type":"Article","@id":"https:\/\/portaltela.pt\/noticias\/2026\/04\/29\/especialista-desmonta-a-falacia-do-manto-verde\/#article","isPartOf":{"@id":"https:\/\/portaltela.pt\/noticias\/2026\/04\/29\/especialista-desmonta-a-falacia-do-manto-verde\/"},"author":{"name":"Telinha","@id":"https:\/\/portaltela.pt\/#\/schema\/person\/c4278d4a6028830caff9ee44b42d32ed"},"headline":"Especialista desmonta a fal\u00e1cia do Manto Verde","datePublished":"2026-04-29T16:33:45+00:00","mainEntityOfPage":{"@id":"https:\/\/portaltela.pt\/noticias\/2026\/04\/29\/especialista-desmonta-a-falacia-do-manto-verde\/"},"wordCount":266,"image":{"@id":"https:\/\/portaltela.pt\/noticias\/2026\/04\/29\/especialista-desmonta-a-falacia-do-manto-verde\/#primaryimage"},"thumbnailUrl":"https:\/\/portaltela.pt\/s.01k8rhncp4jt1\/2026\/04\/img_920x518uu2026-03-19-17-24-15-2428127-1.jpg","keywords":["arbitragem","Aves","FC Porto","Sporting","Ta\u00e7a da Portugal","VAR"],"articleSection":["Desporto","Futebol"],"inLanguage":"pt-PT"},{"@type":"WebPage","@id":"https:\/\/portaltela.pt\/noticias\/2026\/04\/29\/especialista-desmonta-a-falacia-do-manto-verde\/","url":"https:\/\/portaltela.pt\/noticias\/2026\/04\/29\/especialista-desmonta-a-falacia-do-manto-verde\/","name":"Especialista desmonta a fal\u00e1cia do Manto Verde - Portal Tela Portugal","isPartOf":{"@id":"https:\/\/portaltela.pt\/#website"},"primaryImageOfPage":{"@id":"https:\/\/portaltela.pt\/noticias\/2026\/04\/29\/especialista-desmonta-a-falacia-do-manto-verde\/#primaryimage"},"image":{"@id":"https:\/\/portaltela.pt\/noticias\/2026\/04\/29\/especialista-desmonta-a-falacia-do-manto-verde\/#primaryimage"},"thumbnailUrl":"https:\/\/portaltela.pt\/s.01k8rhncp4jt1\/2026\/04\/img_920x518uu2026-03-19-17-24-15-2428127-1.jpg","datePublished":"2026-04-29T16:33:45+00:00","author":{"@id":"https:\/\/portaltela.pt\/#\/schema\/person\/c4278d4a6028830caff9ee44b42d32ed"},"breadcrumb":{"@id":"https:\/\/portaltela.pt\/noticias\/2026\/04\/29\/especialista-desmonta-a-falacia-do-manto-verde\/#breadcrumb"},"inLanguage":"pt-PT","potentialAction":[{"@type":"ReadAction","target":["https:\/\/portaltela.pt\/noticias\/2026\/04\/29\/especialista-desmonta-a-falacia-do-manto-verde\/"]}]},{"@type":"ImageObject","inLanguage":"pt-PT","@id":"https:\/\/portaltela.pt\/noticias\/2026\/04\/29\/especialista-desmonta-a-falacia-do-manto-verde\/#primaryimage","url":"https:\/\/portaltela.pt\/s.01k8rhncp4jt1\/2026\/04\/img_920x518uu2026-03-19-17-24-15-2428127-1.jpg","contentUrl":"https:\/\/portaltela.pt\/s.01k8rhncp4jt1\/2026\/04\/img_920x518uu2026-03-19-17-24-15-2428127-1.jpg","width":796,"height":448,"caption":"Tito Arantes Fontes"},{"@type":"BreadcrumbList","@id":"https:\/\/portaltela.pt\/noticias\/2026\/04\/29\/especialista-desmonta-a-falacia-do-manto-verde\/#breadcrumb","itemListElement":[{"@type":"ListItem","position":1,"name":"In\u00edcio","item":"https:\/\/portaltela.pt\/"},{"@type":"ListItem","position":2,"name":"Especialista desmonta a fal\u00e1cia do Manto Verde"}]},{"@type":"WebSite","@id":"https:\/\/portaltela.pt\/#website","url":"https:\/\/portaltela.pt\/","name":"Portal Tela Portugal","description":"","potentialAction":[{"@type":"SearchAction","target":{"@type":"EntryPoint","urlTemplate":"https:\/\/portaltela.pt\/?s={search_term_string}"},"query-input":{"@type":"PropertyValueSpecification","valueRequired":true,"valueName":"search_term_string"}}],"inLanguage":"pt-PT"},{"@type":"Person","@id":"https:\/\/portaltela.pt\/#\/schema\/person\/c4278d4a6028830caff9ee44b42d32ed","name":"Telinha","image":{"@type":"ImageObject","inLanguage":"pt-PT","@id":"https:\/\/portaltela.pt\/s.01k8rhncp4jt1\/2025\/11\/talking-bot-125x125.png","url":"https:\/\/portaltela.pt\/s.01k8rhncp4jt1\/2025\/11\/talking-bot-125x125.png","contentUrl":"https:\/\/portaltela.pt\/s.01k8rhncp4jt1\/2025\/11\/talking-bot-125x125.png","caption":"Telinha"},"sameAs":["https:\/\/portaltela.pt\/"],"url":"https:\/\/portaltela.pt\/por\/367410592786\/"}]}},"_links":{"self":[{"href":"https:\/\/portaltela.pt\/api\/wp\/v2\/posts\/461225","targetHints":{"allow":["GET"]}}],"collection":[{"href":"https:\/\/portaltela.pt\/api\/wp\/v2\/posts"}],"about":[{"href":"https:\/\/portaltela.pt\/api\/wp\/v2\/types\/post"}],"author":[{"embeddable":true,"href":"https:\/\/portaltela.pt\/api\/wp\/v2\/users\/2"}],"replies":[{"embeddable":true,"href":"https:\/\/portaltela.pt\/api\/wp\/v2\/comments?post=461225"}],"version-history":[{"count":0,"href":"https:\/\/portaltela.pt\/api\/wp\/v2\/posts\/461225\/revisions"}],"wp:featuredmedia":[{"embeddable":true,"href":"https:\/\/portaltela.pt\/api\/wp\/v2\/media\/461228"}],"wp:attachment":[{"href":"https:\/\/portaltela.pt\/api\/wp\/v2\/media?parent=461225"}],"wp:term":[{"taxonomy":"category","embeddable":true,"href":"https:\/\/portaltela.pt\/api\/wp\/v2\/categories?post=461225"},{"taxonomy":"post_tag","embeddable":true,"href":"https:\/\/portaltela.pt\/api\/wp\/v2\/tags?post=461225"}],"curies":[{"name":"wp","href":"https:\/\/api.w.org\/{rel}","templated":true}]}}