{"id":461214,"date":"2026-04-29T13:33:23","date_gmt":"2026-04-29T16:33:23","guid":{"rendered":"https:\/\/portaltela.pt\/noticias\/2026\/04\/29\/primeiro-ministro-diz-que-e-cedo-para-aumento-permanente-de-pensoes-suplemento-possivel\/"},"modified":"2026-04-29T13:33:23","modified_gmt":"2026-04-29T16:33:23","slug":"primeiro-ministro-diz-que-e-cedo-para-aumento-permanente-de-pensoes-suplemento-possivel","status":"publish","type":"post","link":"https:\/\/portaltela.pt\/noticias\/politica\/2026\/04\/29\/primeiro-ministro-diz-que-e-cedo-para-aumento-permanente-de-pensoes-suplemento-possivel\/","title":{"rendered":"Primeiro-ministro diz que \u00e9 cedo para aumento permanente de pens\u00f5es; suplemento poss\u00edvel"},"content":{"rendered":"<p>O primeiro-ministro informou que ainda \u00e9 cedo para um aumento permanente das pens\u00f5es mais baixas, admitindo a hip\u00f3tese de um suplemento extraordin\u00e1rio se as finan\u00e7as p\u00fablicas o permitirem. A afirma\u00e7\u00e3o surgiu durante o debate quinzenal no Parlamento, na sequ\u00eancia de questionamentos do secret\u00e1rio-geral do PS sobre o tema.<\/p>\n<p>Lu\u00eds Montenegro explicou que o suplemento de 2024 e 2025 j\u00e1 est\u00e1 previsto e que, caso haja espa\u00e7o no Or\u00e7amento de 2026, poder\u00e1 manter-se. Acrescentou que a decis\u00e3o depende do desempenho financeiro do pa\u00eds ao longo do ano, n\u00e3o sendo poss\u00edvel avan\u00e7ar para j\u00e1 com um aumento permanente.<\/p>\n<p>Jos\u00e9 Lu\u00eds Carneiro apelou \u00e0 sensibilidade do primeiro-ministro para as pens\u00f5es m\u00ednimas, destacando o impacto do custo de vida. Questionou se Montenegro est\u00e1 aberto a cumprir a promessa de um suplemento extraordin\u00e1rio ou, alternativamente, avan\u00e7ar com um aumento duradouro.<\/p>\n<h3>Contexto financeiro e op\u00e7\u00f5es<\/h3>\n<p>O chefe do Governo contrap\u00f4s que o modelo do PS visava usar o saldo da Seguran\u00e7a Social para garantir aumentos permanentes a longo prazo. Observou que \u00e9 preciso primeiro manter o pa\u00eds no caminho de crescimento e robustez econ\u00f3mica para viabilizar uma decis\u00e3o de grande envergadura.<\/p>\n<p>Carneiro, no fim da interven\u00e7\u00e3o, questionou se o Governo estaria dispon\u00edvel para aprovar um pacote laboral que possa desagradar tanto trabalhadores como empresas. Montenegro respondeu, lembrando os compromissos assumidos e o contexto or\u00e7amental.<\/p>\n<h3>Situa\u00e7\u00e3o da sa\u00fade p\u00fablica<\/h3>\n<p>O debate tamb\u00e9m abordou a sa\u00fade, com Carneiro a apontar promessas antigas que, segundo ele, n\u00e3o teriam sido cumpridas. Montenego reconheceu uma queda na atividade de consultas e cirurgias do Servi\u00e7o Nacional de Sa\u00fade em janeiro de 2026 face a janeiro de 2025, explicando o repurpose de recursos devido ao aumento de gripe.<\/p>\n<p>O primeiro-ministro explicou que a redu\u00e7\u00e3o est\u00e1 relacionada aos picos gripais, que influenciam a programa\u00e7\u00e3o de atividades assistenciais. Acrescentou que o SNS continua a evoluir e a responder aos desafios.<\/p>\n<h3>Conclus\u00e3o operacional<\/h3>\n<p>Montenegro afirmou que o Governo pretende garantir servi\u00e7os de sa\u00fade est\u00e1veis e, ao mesmo tempo, manter a disciplina or\u00e7amental necess\u00e1ria para decidir futuras evolu\u00e7\u00f5es das pens\u00f5es. A resposta manteve o tom de cautela, sem antecipar medidas definitivas.<\/p>\n","protected":false},"excerpt":{"rendered":"<ul>\n<li>O primeiro-ministro Lu\u00eds Montenegro afirmou que ainda \u00e9 cedo para um aumento permanente das pens\u00f5es mais baixas, admitindo um suplemento extraordin\u00e1rio se as finan\u00e7as permitirem.<\/li>\n<li>O debate ocorreu no Parlamento, durante o debate quinzenal, com o secret\u00e1rio-geral do PS, Jos\u00e9 Lu\u00eds Carneiro, a pedir sensibilidade para quem recebe pens\u00f5es m\u00ednimas diante do custo de vida.<\/li>\n<li>Montenegro lembrou que j\u00e1 existe um suplemento previsto para 2024 e 2025, e que poderia ser mantido no Or\u00e7amento de 2026 se as finan\u00e7as p\u00fablicas o justificarem.<\/li>\n<li>Carneiro acusou que o PS defendia um aumento permanente que prolongasse o benef\u00edcio por d\u00e9cadas, ao passo que o PM disse que \u00e9 necess\u00e1rio primeiro colocar o pa\u00eds no caminho certo e melhorar a economia.<\/li>\n<li>Na \u00e1rea da sa\u00fade, Montenegro reconheceu uma diminui\u00e7\u00e3o de consultas e cirurgias em janeiro de 2026 face a 2025, atribuindo o fen\u00f3meno aos picos de gripe e ao aumento da atividade assistencial.<\/li>\n<\/ul>\n","protected":false},"author":2,"featured_media":461219,"comment_status":"closed","ping_status":"closed","sticky":false,"template":"","format":"standard","meta":{"footnotes":""},"categories":[1,5],"tags":[7952,8228,8824,7955,7895,8385],"class_list":["post-461214","post","type-post","status-publish","format-standard","has-post-thumbnail","hentry","category-noticias","category-politica","tag-_governo","tag-_orcamento","tag-_pensoes","tag-_saude-publica","tag-_seguranca-social","tag-_sns"],"yoast_head":"<!-- This site is optimized with the Yoast SEO plugin v27.2 - https:\/\/yoast.com\/product\/yoast-seo-wordpress\/ -->\n<title>Primeiro-ministro diz que \u00e9 cedo para aumento permanente de pens\u00f5es; suplemento poss\u00edvel - Portal Tela Portugal<\/title>\n<meta name=\"robots\" content=\"index, follow, max-snippet:-1, max-image-preview:large, max-video-preview:-1\" \/>\n<meta property=\"og:locale\" content=\"pt_PT\" \/>\n<meta property=\"og:type\" content=\"article\" \/>\n<meta property=\"og:title\" content=\"Primeiro-ministro diz que \u00e9 cedo para aumento permanente de pens\u00f5es; suplemento poss\u00edvel - Portal Tela Portugal\" \/>\n<meta property=\"og:description\" content=\"O primeiro-ministro Lu\u00eds Montenegro afirmou que ainda \u00e9 cedo para um aumento permanente das pens\u00f5es mais baixas, admitindo um suplemento extraordin\u00e1rio se as finan\u00e7as permitirem. O debate ocorreu no Parlamento, durante o debate quinzenal, com o secret\u00e1rio-geral do PS, Jos\u00e9 Lu\u00eds Carneiro, a pedir sensibilidade para quem recebe pens\u00f5es m\u00ednimas diante do custo de vida. Montenegro lembrou que j\u00e1 existe um suplemento previsto para 2024 e 2025, e que poderia ser mantido no Or\u00e7amento de 2026 se as finan\u00e7as p\u00fablicas o justificarem. Carneiro acusou que o PS defendia um aumento permanente que prolongasse o benef\u00edcio por d\u00e9cadas, ao passo que o PM disse que \u00e9 necess\u00e1rio primeiro colocar o pa\u00eds no caminho certo e melhorar a economia. Na \u00e1rea da sa\u00fade, Montenegro reconheceu uma diminui\u00e7\u00e3o de consultas e cirurgias em janeiro de 2026 face a 2025, atribuindo o fen\u00f3meno aos picos de gripe e ao aumento da atividade assistencial.\" \/>\n<meta property=\"og:url\" content=\"https:\/\/portaltela.pt\/noticias\/2026\/04\/29\/primeiro-ministro-diz-que-e-cedo-para-aumento-permanente-de-pensoes-suplemento-possivel\/\" \/>\n<meta property=\"og:site_name\" content=\"Portal Tela Portugal\" \/>\n<meta property=\"article:published_time\" content=\"2026-04-29T16:33:23+00:00\" \/>\n<meta name=\"author\" content=\"Telinha\" \/>\n<meta name=\"twitter:card\" content=\"summary_large_image\" \/>\n<meta name=\"twitter:label1\" content=\"Escrito por\" \/>\n\t<meta name=\"twitter:data1\" content=\"Telinha\" \/>\n\t<meta name=\"twitter:label2\" content=\"Tempo estimado de leitura\" \/>\n\t<meta name=\"twitter:data2\" content=\"2 minutos\" \/>\n<script type=\"application\/ld+json\" class=\"yoast-schema-graph\">{\"@context\":\"https:\/\/schema.org\",\"@graph\":[{\"@type\":\"Article\",\"@id\":\"https:\/\/portaltela.pt\/noticias\/2026\/04\/29\/primeiro-ministro-diz-que-e-cedo-para-aumento-permanente-de-pensoes-suplemento-possivel\/#article\",\"isPartOf\":{\"@id\":\"https:\/\/portaltela.pt\/noticias\/2026\/04\/29\/primeiro-ministro-diz-que-e-cedo-para-aumento-permanente-de-pensoes-suplemento-possivel\/\"},\"author\":{\"name\":\"Telinha\",\"@id\":\"https:\/\/portaltela.pt\/#\/schema\/person\/c4278d4a6028830caff9ee44b42d32ed\"},\"headline\":\"Primeiro-ministro diz que \u00e9 cedo para aumento permanente de pens\u00f5es; suplemento poss\u00edvel\",\"datePublished\":\"2026-04-29T16:33:23+00:00\",\"mainEntityOfPage\":{\"@id\":\"https:\/\/portaltela.pt\/noticias\/2026\/04\/29\/primeiro-ministro-diz-que-e-cedo-para-aumento-permanente-de-pensoes-suplemento-possivel\/\"},\"wordCount\":397,\"image\":{\"@id\":\"https:\/\/portaltela.pt\/noticias\/2026\/04\/29\/primeiro-ministro-diz-que-e-cedo-para-aumento-permanente-de-pensoes-suplemento-possivel\/#primaryimage\"},\"thumbnailUrl\":\"https:\/\/portaltela.pt\/s.01k8rhncp4jt1\/2026\/04\/img_1500x1000uu2026-04-29-17-17-39-2281878.jpg\",\"keywords\":[\"_governo\",\"_or\u00e7amento\",\"_pens\u00f5es\",\"_sa\u00fade p\u00fablica\",\"_seguran\u00e7a social\",\"_SNS\"],\"articleSection\":[\"Not\u00edcias\",\"Pol\u00edtica\"],\"inLanguage\":\"pt-PT\"},{\"@type\":\"WebPage\",\"@id\":\"https:\/\/portaltela.pt\/noticias\/2026\/04\/29\/primeiro-ministro-diz-que-e-cedo-para-aumento-permanente-de-pensoes-suplemento-possivel\/\",\"url\":\"https:\/\/portaltela.pt\/noticias\/2026\/04\/29\/primeiro-ministro-diz-que-e-cedo-para-aumento-permanente-de-pensoes-suplemento-possivel\/\",\"name\":\"Primeiro-ministro diz que \u00e9 cedo para aumento permanente de pens\u00f5es; suplemento poss\u00edvel - Portal Tela Portugal\",\"isPartOf\":{\"@id\":\"https:\/\/portaltela.pt\/#website\"},\"primaryImageOfPage\":{\"@id\":\"https:\/\/portaltela.pt\/noticias\/2026\/04\/29\/primeiro-ministro-diz-que-e-cedo-para-aumento-permanente-de-pensoes-suplemento-possivel\/#primaryimage\"},\"image\":{\"@id\":\"https:\/\/portaltela.pt\/noticias\/2026\/04\/29\/primeiro-ministro-diz-que-e-cedo-para-aumento-permanente-de-pensoes-suplemento-possivel\/#primaryimage\"},\"thumbnailUrl\":\"https:\/\/portaltela.pt\/s.01k8rhncp4jt1\/2026\/04\/img_1500x1000uu2026-04-29-17-17-39-2281878.jpg\",\"datePublished\":\"2026-04-29T16:33:23+00:00\",\"author\":{\"@id\":\"https:\/\/portaltela.pt\/#\/schema\/person\/c4278d4a6028830caff9ee44b42d32ed\"},\"breadcrumb\":{\"@id\":\"https:\/\/portaltela.pt\/noticias\/2026\/04\/29\/primeiro-ministro-diz-que-e-cedo-para-aumento-permanente-de-pensoes-suplemento-possivel\/#breadcrumb\"},\"inLanguage\":\"pt-PT\",\"potentialAction\":[{\"@type\":\"ReadAction\",\"target\":[\"https:\/\/portaltela.pt\/noticias\/2026\/04\/29\/primeiro-ministro-diz-que-e-cedo-para-aumento-permanente-de-pensoes-suplemento-possivel\/\"]}]},{\"@type\":\"ImageObject\",\"inLanguage\":\"pt-PT\",\"@id\":\"https:\/\/portaltela.pt\/noticias\/2026\/04\/29\/primeiro-ministro-diz-que-e-cedo-para-aumento-permanente-de-pensoes-suplemento-possivel\/#primaryimage\",\"url\":\"https:\/\/portaltela.pt\/s.01k8rhncp4jt1\/2026\/04\/img_1500x1000uu2026-04-29-17-17-39-2281878.jpg\",\"contentUrl\":\"https:\/\/portaltela.pt\/s.01k8rhncp4jt1\/2026\/04\/img_1500x1000uu2026-04-29-17-17-39-2281878.jpg\",\"width\":796,\"height\":448,\"caption\":\"Primeiro-ministro, Lu\u00eds Montenegro, no debate quinzenal desta quarta-feira\"},{\"@type\":\"BreadcrumbList\",\"@id\":\"https:\/\/portaltela.pt\/noticias\/2026\/04\/29\/primeiro-ministro-diz-que-e-cedo-para-aumento-permanente-de-pensoes-suplemento-possivel\/#breadcrumb\",\"itemListElement\":[{\"@type\":\"ListItem\",\"position\":1,\"name\":\"In\u00edcio\",\"item\":\"https:\/\/portaltela.pt\/\"},{\"@type\":\"ListItem\",\"position\":2,\"name\":\"Primeiro-ministro diz que \u00e9 cedo para aumento permanente de pens\u00f5es; suplemento poss\u00edvel\"}]},{\"@type\":\"WebSite\",\"@id\":\"https:\/\/portaltela.pt\/#website\",\"url\":\"https:\/\/portaltela.pt\/\",\"name\":\"Portal Tela Portugal\",\"description\":\"\",\"potentialAction\":[{\"@type\":\"SearchAction\",\"target\":{\"@type\":\"EntryPoint\",\"urlTemplate\":\"https:\/\/portaltela.pt\/?s={search_term_string}\"},\"query-input\":{\"@type\":\"PropertyValueSpecification\",\"valueRequired\":true,\"valueName\":\"search_term_string\"}}],\"inLanguage\":\"pt-PT\"},{\"@type\":\"Person\",\"@id\":\"https:\/\/portaltela.pt\/#\/schema\/person\/c4278d4a6028830caff9ee44b42d32ed\",\"name\":\"Telinha\",\"image\":{\"@type\":\"ImageObject\",\"inLanguage\":\"pt-PT\",\"@id\":\"https:\/\/portaltela.pt\/s.01k8rhncp4jt1\/2025\/11\/talking-bot-125x125.png\",\"url\":\"https:\/\/portaltela.pt\/s.01k8rhncp4jt1\/2025\/11\/talking-bot-125x125.png\",\"contentUrl\":\"https:\/\/portaltela.pt\/s.01k8rhncp4jt1\/2025\/11\/talking-bot-125x125.png\",\"caption\":\"Telinha\"},\"sameAs\":[\"https:\/\/portaltela.pt\/\"],\"url\":\"https:\/\/portaltela.pt\/por\/367410592786\/\"}]}<\/script>\n<!-- \/ Yoast SEO plugin. -->","yoast_head_json":{"title":"Primeiro-ministro diz que \u00e9 cedo para aumento permanente de pens\u00f5es; suplemento poss\u00edvel - Portal Tela Portugal","robots":{"index":"index","follow":"follow","max-snippet":"max-snippet:-1","max-image-preview":"max-image-preview:large","max-video-preview":"max-video-preview:-1"},"og_locale":"pt_PT","og_type":"article","og_title":"Primeiro-ministro diz que \u00e9 cedo para aumento permanente de pens\u00f5es; suplemento poss\u00edvel - Portal Tela Portugal","og_description":"O primeiro-ministro Lu\u00eds Montenegro afirmou que ainda \u00e9 cedo para um aumento permanente das pens\u00f5es mais baixas, admitindo um suplemento extraordin\u00e1rio se as finan\u00e7as permitirem. O debate ocorreu no Parlamento, durante o debate quinzenal, com o secret\u00e1rio-geral do PS, Jos\u00e9 Lu\u00eds Carneiro, a pedir sensibilidade para quem recebe pens\u00f5es m\u00ednimas diante do custo de vida. Montenegro lembrou que j\u00e1 existe um suplemento previsto para 2024 e 2025, e que poderia ser mantido no Or\u00e7amento de 2026 se as finan\u00e7as p\u00fablicas o justificarem. Carneiro acusou que o PS defendia um aumento permanente que prolongasse o benef\u00edcio por d\u00e9cadas, ao passo que o PM disse que \u00e9 necess\u00e1rio primeiro colocar o pa\u00eds no caminho certo e melhorar a economia. Na \u00e1rea da sa\u00fade, Montenegro reconheceu uma diminui\u00e7\u00e3o de consultas e cirurgias em janeiro de 2026 face a 2025, atribuindo o fen\u00f3meno aos picos de gripe e ao aumento da atividade assistencial.","og_url":"https:\/\/portaltela.pt\/noticias\/2026\/04\/29\/primeiro-ministro-diz-que-e-cedo-para-aumento-permanente-de-pensoes-suplemento-possivel\/","og_site_name":"Portal Tela Portugal","article_published_time":"2026-04-29T16:33:23+00:00","author":"Telinha","twitter_card":"summary_large_image","twitter_misc":{"Escrito por":"Telinha","Tempo estimado de leitura":"2 minutos"},"schema":{"@context":"https:\/\/schema.org","@graph":[{"@type":"Article","@id":"https:\/\/portaltela.pt\/noticias\/2026\/04\/29\/primeiro-ministro-diz-que-e-cedo-para-aumento-permanente-de-pensoes-suplemento-possivel\/#article","isPartOf":{"@id":"https:\/\/portaltela.pt\/noticias\/2026\/04\/29\/primeiro-ministro-diz-que-e-cedo-para-aumento-permanente-de-pensoes-suplemento-possivel\/"},"author":{"name":"Telinha","@id":"https:\/\/portaltela.pt\/#\/schema\/person\/c4278d4a6028830caff9ee44b42d32ed"},"headline":"Primeiro-ministro diz que \u00e9 cedo para aumento permanente de pens\u00f5es; suplemento poss\u00edvel","datePublished":"2026-04-29T16:33:23+00:00","mainEntityOfPage":{"@id":"https:\/\/portaltela.pt\/noticias\/2026\/04\/29\/primeiro-ministro-diz-que-e-cedo-para-aumento-permanente-de-pensoes-suplemento-possivel\/"},"wordCount":397,"image":{"@id":"https:\/\/portaltela.pt\/noticias\/2026\/04\/29\/primeiro-ministro-diz-que-e-cedo-para-aumento-permanente-de-pensoes-suplemento-possivel\/#primaryimage"},"thumbnailUrl":"https:\/\/portaltela.pt\/s.01k8rhncp4jt1\/2026\/04\/img_1500x1000uu2026-04-29-17-17-39-2281878.jpg","keywords":["_governo","_or\u00e7amento","_pens\u00f5es","_sa\u00fade p\u00fablica","_seguran\u00e7a social","_SNS"],"articleSection":["Not\u00edcias","Pol\u00edtica"],"inLanguage":"pt-PT"},{"@type":"WebPage","@id":"https:\/\/portaltela.pt\/noticias\/2026\/04\/29\/primeiro-ministro-diz-que-e-cedo-para-aumento-permanente-de-pensoes-suplemento-possivel\/","url":"https:\/\/portaltela.pt\/noticias\/2026\/04\/29\/primeiro-ministro-diz-que-e-cedo-para-aumento-permanente-de-pensoes-suplemento-possivel\/","name":"Primeiro-ministro diz que \u00e9 cedo para aumento permanente de pens\u00f5es; suplemento poss\u00edvel - Portal Tela Portugal","isPartOf":{"@id":"https:\/\/portaltela.pt\/#website"},"primaryImageOfPage":{"@id":"https:\/\/portaltela.pt\/noticias\/2026\/04\/29\/primeiro-ministro-diz-que-e-cedo-para-aumento-permanente-de-pensoes-suplemento-possivel\/#primaryimage"},"image":{"@id":"https:\/\/portaltela.pt\/noticias\/2026\/04\/29\/primeiro-ministro-diz-que-e-cedo-para-aumento-permanente-de-pensoes-suplemento-possivel\/#primaryimage"},"thumbnailUrl":"https:\/\/portaltela.pt\/s.01k8rhncp4jt1\/2026\/04\/img_1500x1000uu2026-04-29-17-17-39-2281878.jpg","datePublished":"2026-04-29T16:33:23+00:00","author":{"@id":"https:\/\/portaltela.pt\/#\/schema\/person\/c4278d4a6028830caff9ee44b42d32ed"},"breadcrumb":{"@id":"https:\/\/portaltela.pt\/noticias\/2026\/04\/29\/primeiro-ministro-diz-que-e-cedo-para-aumento-permanente-de-pensoes-suplemento-possivel\/#breadcrumb"},"inLanguage":"pt-PT","potentialAction":[{"@type":"ReadAction","target":["https:\/\/portaltela.pt\/noticias\/2026\/04\/29\/primeiro-ministro-diz-que-e-cedo-para-aumento-permanente-de-pensoes-suplemento-possivel\/"]}]},{"@type":"ImageObject","inLanguage":"pt-PT","@id":"https:\/\/portaltela.pt\/noticias\/2026\/04\/29\/primeiro-ministro-diz-que-e-cedo-para-aumento-permanente-de-pensoes-suplemento-possivel\/#primaryimage","url":"https:\/\/portaltela.pt\/s.01k8rhncp4jt1\/2026\/04\/img_1500x1000uu2026-04-29-17-17-39-2281878.jpg","contentUrl":"https:\/\/portaltela.pt\/s.01k8rhncp4jt1\/2026\/04\/img_1500x1000uu2026-04-29-17-17-39-2281878.jpg","width":796,"height":448,"caption":"Primeiro-ministro, Lu\u00eds Montenegro, no debate quinzenal desta quarta-feira"},{"@type":"BreadcrumbList","@id":"https:\/\/portaltela.pt\/noticias\/2026\/04\/29\/primeiro-ministro-diz-que-e-cedo-para-aumento-permanente-de-pensoes-suplemento-possivel\/#breadcrumb","itemListElement":[{"@type":"ListItem","position":1,"name":"In\u00edcio","item":"https:\/\/portaltela.pt\/"},{"@type":"ListItem","position":2,"name":"Primeiro-ministro diz que \u00e9 cedo para aumento permanente de pens\u00f5es; suplemento poss\u00edvel"}]},{"@type":"WebSite","@id":"https:\/\/portaltela.pt\/#website","url":"https:\/\/portaltela.pt\/","name":"Portal Tela Portugal","description":"","potentialAction":[{"@type":"SearchAction","target":{"@type":"EntryPoint","urlTemplate":"https:\/\/portaltela.pt\/?s={search_term_string}"},"query-input":{"@type":"PropertyValueSpecification","valueRequired":true,"valueName":"search_term_string"}}],"inLanguage":"pt-PT"},{"@type":"Person","@id":"https:\/\/portaltela.pt\/#\/schema\/person\/c4278d4a6028830caff9ee44b42d32ed","name":"Telinha","image":{"@type":"ImageObject","inLanguage":"pt-PT","@id":"https:\/\/portaltela.pt\/s.01k8rhncp4jt1\/2025\/11\/talking-bot-125x125.png","url":"https:\/\/portaltela.pt\/s.01k8rhncp4jt1\/2025\/11\/talking-bot-125x125.png","contentUrl":"https:\/\/portaltela.pt\/s.01k8rhncp4jt1\/2025\/11\/talking-bot-125x125.png","caption":"Telinha"},"sameAs":["https:\/\/portaltela.pt\/"],"url":"https:\/\/portaltela.pt\/por\/367410592786\/"}]}},"_links":{"self":[{"href":"https:\/\/portaltela.pt\/api\/wp\/v2\/posts\/461214","targetHints":{"allow":["GET"]}}],"collection":[{"href":"https:\/\/portaltela.pt\/api\/wp\/v2\/posts"}],"about":[{"href":"https:\/\/portaltela.pt\/api\/wp\/v2\/types\/post"}],"author":[{"embeddable":true,"href":"https:\/\/portaltela.pt\/api\/wp\/v2\/users\/2"}],"replies":[{"embeddable":true,"href":"https:\/\/portaltela.pt\/api\/wp\/v2\/comments?post=461214"}],"version-history":[{"count":0,"href":"https:\/\/portaltela.pt\/api\/wp\/v2\/posts\/461214\/revisions"}],"wp:featuredmedia":[{"embeddable":true,"href":"https:\/\/portaltela.pt\/api\/wp\/v2\/media\/461219"}],"wp:attachment":[{"href":"https:\/\/portaltela.pt\/api\/wp\/v2\/media?parent=461214"}],"wp:term":[{"taxonomy":"category","embeddable":true,"href":"https:\/\/portaltela.pt\/api\/wp\/v2\/categories?post=461214"},{"taxonomy":"post_tag","embeddable":true,"href":"https:\/\/portaltela.pt\/api\/wp\/v2\/tags?post=461214"}],"curies":[{"name":"wp","href":"https:\/\/api.w.org\/{rel}","templated":true}]}}