{"id":461204,"date":"2026-04-29T13:18:06","date_gmt":"2026-04-29T16:18:06","guid":{"rendered":"https:\/\/portaltela.pt\/noticias\/2026\/04\/29\/quase-300-detidos-incluindo-menores-ligados-a-violencia-por-encomenda-nas-redes\/"},"modified":"2026-04-29T13:18:06","modified_gmt":"2026-04-29T16:18:06","slug":"quase-300-detidos-incluindo-menores-ligados-a-violencia-por-encomenda-nas-redes","status":"publish","type":"post","link":"https:\/\/portaltela.pt\/criminalidade\/2026\/04\/29\/quase-300-detidos-incluindo-menores-ligados-a-violencia-por-encomenda-nas-redes\/","title":{"rendered":"Quase 300 detidos, incluindo menores, ligados a viol\u00eancia por encomenda nas redes"},"content":{"rendered":"<p>A opera\u00e7\u00e3o Grimm, lan\u00e7ada em abril de 2025, resulta de coopera\u00e7\u00e3o entre a pol\u00edcia sueca, Europol e dez pa\u00edses europeus para enfrentar a chamada viol\u00eancia por encomenda nas redes sociais. O objetivo \u00e9 impedir recrutamento online de indiv\u00edduos, com frequ\u00eancia menores, que coordenam atos violentos no mundo real.<\/p>\n<p>No balan\u00e7o do primeiro ano, a pol\u00edcia sueca reporta quase 300 deten\u00e7\u00f5es em todo o mundo, com mais de metade associada a redes criminosas do pa\u00eds. Entre os detidos est\u00e3o crian\u00e7as de tenra idade, indicando um uso das plataformas para aliciar menores.<\/p>\n<p>A Europol indicou que tr\u00eas pessoas passam a ser suspeitas de crimes enquadr\u00e1veis na viol\u00eancia por encomenda: um sueco recrutador de um grupo criminoso e procurado por homic\u00eddio, um segundo sueco envolvido em v\u00e1rias tentativas de homic\u00eddio e conspira\u00e7\u00e3o, e um alem\u00e3o ligado \u00e0 coordena\u00e7\u00e3o de homic\u00eddios a partir do estrangeiro.<\/p>\n<p>As redes na Su\u00e9cia teriam adotado um sistema de recrutamento pouco estruturado via redes sociais, recorrendo a menores para executar crimes. A opera\u00e7\u00e3o abrange ainda B\u00e9lgica, Dinamarca, Fran\u00e7a, Finl\u00e2ndia, Alemanha, Isl\u00e2ndia, Pa\u00edses Baixos, Noruega e Espanha.<\/p>\n<p>Apesar do elevado n\u00famero de deten\u00e7\u00f5es, a pol\u00edcia sueca alerta que o recrutamento de jovens para viol\u00eancia persiste. As autoridades apontam que as empresas tecnol\u00f3gicas devem assumir responsabilidade na vigil\u00e2ncia e modera\u00e7\u00e3o de conte\u00fados.<\/p>\n<p>A autoridade sueca sublinha a import\u00e2ncia de uma coopera\u00e7\u00e3o mais ampla entre for\u00e7as de seguran\u00e7a e plataformas digitais. Ao longo do \u00faltimo ano, houve reuni\u00f5es com Google, Meta, TikTok e Snapchat para refor\u00e7ar ferramentas de automonitoriza\u00e7\u00e3o.<\/p>\n<p>Theodor Smedius, da pol\u00edcia sueca, aponta que investiga\u00e7\u00f5es e processos judiciais n\u00e3o bastam isoladamente. O respons\u00e1vel acrescenta que \u00e9 necess\u00e1rio avan\u00e7ar com medidas pr\u00e1ticas para proteger crian\u00e7as e jovens.<\/p>\n<p>Entre as mensagens oficiais, refor\u00e7a-se que plataformas devem intensificar a automonitoriza\u00e7\u00e3o, a remo\u00e7\u00e3o de conte\u00fados de risco e a coopera\u00e7\u00e3o com autoridades para impedir abusos na utiliza\u00e7\u00e3o de redes sociais por menores.<\/p>\n","protected":false},"excerpt":{"rendered":"<ul>\n<li>A opera\u00e7\u00e3o Grimm, lan\u00e7ada em abril de 2025, em coopera\u00e7\u00e3o com a Europol e dez pa\u00edses europeus, visa combater a viol\u00eancia por encomenda nas redes sociais.<\/li>\n<li>No primeiro ano, 280 pessoas foram detidas globalmente e a parceria com empresas tecnol\u00f3gicas foi refor\u00e7ada.<\/li>\n<li>Mais da metade das deten\u00e7\u00f5es est\u00e1 ligada a redes criminosas suecas, incluindo crian\u00e7as entre 10 e 12 anos; na Su\u00e9cia estas crian\u00e7as devem ficar aos cuidados dos servi\u00e7os sociais.<\/li>\n<li>Tr\u00eas indiv\u00edduos passam a ser suspeitos de crimes da categoria \u201cviol\u00eancia por encomenda\u201d: um sueco recrutador de um grupo criminoso procurado por homic\u00eddio, outro sueco com v\u00e1rias tentativas de homic\u00eddio e conspira\u00e7\u00e3o para homic\u00eddio, e um alem\u00e3o acusado de orquestrar homic\u00eddios a partir do estrangeiro.<\/li>\n<li>A pol\u00edcia afirma que o recrutamento de jovens continua e pede responsabilidade \u00e0s plataformas tecnol\u00f3gicas, mencionando reuni\u00f5es com Google, Meta, TikTok e Snapchat para intensificar monitoriza\u00e7\u00e3o e autocontrolo.<\/li>\n<\/ul>\n","protected":false},"author":2,"featured_media":461211,"comment_status":"closed","ping_status":"closed","sticky":false,"template":"","format":"standard","meta":{"footnotes":""},"categories":[6907,7374],"tags":[8055,7960,7985,8157,8273,8224],"class_list":["post-461204","post","type-post","status-publish","format-standard","has-post-thumbnail","hentry","category-crime","category-criminalidade","tag-_colaboracao-internacional","tag-_investigacao-criminal","tag-_organizacao-criminosa","tag-_redes-sociais","tag-_violencia","tag-_violencia-de-menores"],"yoast_head":"<!-- This site is optimized with the Yoast SEO plugin v27.2 - https:\/\/yoast.com\/product\/yoast-seo-wordpress\/ -->\n<title>Quase 300 detidos, incluindo menores, ligados a viol\u00eancia por encomenda nas redes - Portal Tela Portugal<\/title>\n<meta name=\"robots\" content=\"index, follow, max-snippet:-1, max-image-preview:large, max-video-preview:-1\" \/>\n<meta property=\"og:locale\" content=\"pt_PT\" \/>\n<meta property=\"og:type\" content=\"article\" \/>\n<meta property=\"og:title\" content=\"Quase 300 detidos, incluindo menores, ligados a viol\u00eancia por encomenda nas redes - Portal Tela Portugal\" \/>\n<meta property=\"og:description\" content=\"A opera\u00e7\u00e3o Grimm, lan\u00e7ada em abril de 2025, em coopera\u00e7\u00e3o com a Europol e dez pa\u00edses europeus, visa combater a viol\u00eancia por encomenda nas redes sociais. No primeiro ano, 280 pessoas foram detidas globalmente e a parceria com empresas tecnol\u00f3gicas foi refor\u00e7ada. Mais da metade das deten\u00e7\u00f5es est\u00e1 ligada a redes criminosas suecas, incluindo crian\u00e7as entre 10 e 12 anos; na Su\u00e9cia estas crian\u00e7as devem ficar aos cuidados dos servi\u00e7os sociais. Tr\u00eas indiv\u00edduos passam a ser suspeitos de crimes da categoria \u201cviol\u00eancia por encomenda\u201d: um sueco recrutador de um grupo criminoso procurado por homic\u00eddio, outro sueco com v\u00e1rias tentativas de homic\u00eddio e conspira\u00e7\u00e3o para homic\u00eddio, e um alem\u00e3o acusado de orquestrar homic\u00eddios a partir do estrangeiro. A pol\u00edcia afirma que o recrutamento de jovens continua e pede responsabilidade \u00e0s plataformas tecnol\u00f3gicas, mencionando reuni\u00f5es com Google, Meta, TikTok e Snapchat para intensificar monitoriza\u00e7\u00e3o e autocontrolo.\" \/>\n<meta property=\"og:url\" content=\"https:\/\/portaltela.pt\/noticias\/2026\/04\/29\/quase-300-detidos-incluindo-menores-ligados-a-violencia-por-encomenda-nas-redes\/\" \/>\n<meta property=\"og:site_name\" content=\"Portal Tela Portugal\" \/>\n<meta property=\"article:published_time\" content=\"2026-04-29T16:18:06+00:00\" \/>\n<meta name=\"author\" content=\"Telinha\" \/>\n<meta name=\"twitter:card\" content=\"summary_large_image\" \/>\n<meta name=\"twitter:label1\" content=\"Escrito por\" \/>\n\t<meta name=\"twitter:data1\" content=\"Telinha\" \/>\n\t<meta name=\"twitter:label2\" content=\"Tempo estimado de leitura\" \/>\n\t<meta name=\"twitter:data2\" content=\"2 minutos\" \/>\n<script type=\"application\/ld+json\" class=\"yoast-schema-graph\">{\"@context\":\"https:\/\/schema.org\",\"@graph\":[{\"@type\":\"Article\",\"@id\":\"https:\/\/portaltela.pt\/noticias\/2026\/04\/29\/quase-300-detidos-incluindo-menores-ligados-a-violencia-por-encomenda-nas-redes\/#article\",\"isPartOf\":{\"@id\":\"https:\/\/portaltela.pt\/noticias\/2026\/04\/29\/quase-300-detidos-incluindo-menores-ligados-a-violencia-por-encomenda-nas-redes\/\"},\"author\":{\"name\":\"Telinha\",\"@id\":\"https:\/\/portaltela.pt\/#\/schema\/person\/c4278d4a6028830caff9ee44b42d32ed\"},\"headline\":\"Quase 300 detidos, incluindo menores, ligados a viol\u00eancia por encomenda nas redes\",\"datePublished\":\"2026-04-29T16:18:06+00:00\",\"mainEntityOfPage\":{\"@id\":\"https:\/\/portaltela.pt\/noticias\/2026\/04\/29\/quase-300-detidos-incluindo-menores-ligados-a-violencia-por-encomenda-nas-redes\/\"},\"wordCount\":375,\"image\":{\"@id\":\"https:\/\/portaltela.pt\/noticias\/2026\/04\/29\/quase-300-detidos-incluindo-menores-ligados-a-violencia-por-encomenda-nas-redes\/#primaryimage\"},\"thumbnailUrl\":\"https:\/\/portaltela.pt\/s.01k8rhncp4jt1\/2026\/04\/image-1663.jpg\",\"keywords\":[\"_colabora\u00e7\u00e3o internacional\",\"_investiga\u00e7\u00e3o criminal\",\"_organiza\u00e7\u00e3o criminosa\",\"_redes sociais\",\"_viol\u00eancia\",\"_viol\u00eancia de menores\"],\"articleSection\":[\"Crime\",\"Criminalidade\"],\"inLanguage\":\"pt-PT\"},{\"@type\":\"WebPage\",\"@id\":\"https:\/\/portaltela.pt\/noticias\/2026\/04\/29\/quase-300-detidos-incluindo-menores-ligados-a-violencia-por-encomenda-nas-redes\/\",\"url\":\"https:\/\/portaltela.pt\/noticias\/2026\/04\/29\/quase-300-detidos-incluindo-menores-ligados-a-violencia-por-encomenda-nas-redes\/\",\"name\":\"Quase 300 detidos, incluindo menores, ligados a viol\u00eancia por encomenda nas redes - Portal Tela Portugal\",\"isPartOf\":{\"@id\":\"https:\/\/portaltela.pt\/#website\"},\"primaryImageOfPage\":{\"@id\":\"https:\/\/portaltela.pt\/noticias\/2026\/04\/29\/quase-300-detidos-incluindo-menores-ligados-a-violencia-por-encomenda-nas-redes\/#primaryimage\"},\"image\":{\"@id\":\"https:\/\/portaltela.pt\/noticias\/2026\/04\/29\/quase-300-detidos-incluindo-menores-ligados-a-violencia-por-encomenda-nas-redes\/#primaryimage\"},\"thumbnailUrl\":\"https:\/\/portaltela.pt\/s.01k8rhncp4jt1\/2026\/04\/image-1663.jpg\",\"datePublished\":\"2026-04-29T16:18:06+00:00\",\"author\":{\"@id\":\"https:\/\/portaltela.pt\/#\/schema\/person\/c4278d4a6028830caff9ee44b42d32ed\"},\"breadcrumb\":{\"@id\":\"https:\/\/portaltela.pt\/noticias\/2026\/04\/29\/quase-300-detidos-incluindo-menores-ligados-a-violencia-por-encomenda-nas-redes\/#breadcrumb\"},\"inLanguage\":\"pt-PT\",\"potentialAction\":[{\"@type\":\"ReadAction\",\"target\":[\"https:\/\/portaltela.pt\/noticias\/2026\/04\/29\/quase-300-detidos-incluindo-menores-ligados-a-violencia-por-encomenda-nas-redes\/\"]}]},{\"@type\":\"ImageObject\",\"inLanguage\":\"pt-PT\",\"@id\":\"https:\/\/portaltela.pt\/noticias\/2026\/04\/29\/quase-300-detidos-incluindo-menores-ligados-a-violencia-por-encomenda-nas-redes\/#primaryimage\",\"url\":\"https:\/\/portaltela.pt\/s.01k8rhncp4jt1\/2026\/04\/image-1663.jpg\",\"contentUrl\":\"https:\/\/portaltela.pt\/s.01k8rhncp4jt1\/2026\/04\/image-1663.jpg\",\"width\":796,\"height\":448,\"caption\":\"Lan\u00e7ada em abril de 2025, a opera\u00e7\u00e3o foi realizada em coopera\u00e7\u00e3o com a Europol e dez pa\u00edses europeus\"},{\"@type\":\"BreadcrumbList\",\"@id\":\"https:\/\/portaltela.pt\/noticias\/2026\/04\/29\/quase-300-detidos-incluindo-menores-ligados-a-violencia-por-encomenda-nas-redes\/#breadcrumb\",\"itemListElement\":[{\"@type\":\"ListItem\",\"position\":1,\"name\":\"In\u00edcio\",\"item\":\"https:\/\/portaltela.pt\/\"},{\"@type\":\"ListItem\",\"position\":2,\"name\":\"Quase 300 detidos, incluindo menores, ligados a viol\u00eancia por encomenda nas redes\"}]},{\"@type\":\"WebSite\",\"@id\":\"https:\/\/portaltela.pt\/#website\",\"url\":\"https:\/\/portaltela.pt\/\",\"name\":\"Portal Tela Portugal\",\"description\":\"\",\"potentialAction\":[{\"@type\":\"SearchAction\",\"target\":{\"@type\":\"EntryPoint\",\"urlTemplate\":\"https:\/\/portaltela.pt\/?s={search_term_string}\"},\"query-input\":{\"@type\":\"PropertyValueSpecification\",\"valueRequired\":true,\"valueName\":\"search_term_string\"}}],\"inLanguage\":\"pt-PT\"},{\"@type\":\"Person\",\"@id\":\"https:\/\/portaltela.pt\/#\/schema\/person\/c4278d4a6028830caff9ee44b42d32ed\",\"name\":\"Telinha\",\"image\":{\"@type\":\"ImageObject\",\"inLanguage\":\"pt-PT\",\"@id\":\"https:\/\/portaltela.pt\/s.01k8rhncp4jt1\/2025\/11\/talking-bot-125x125.png\",\"url\":\"https:\/\/portaltela.pt\/s.01k8rhncp4jt1\/2025\/11\/talking-bot-125x125.png\",\"contentUrl\":\"https:\/\/portaltela.pt\/s.01k8rhncp4jt1\/2025\/11\/talking-bot-125x125.png\",\"caption\":\"Telinha\"},\"sameAs\":[\"https:\/\/portaltela.pt\/\"],\"url\":\"https:\/\/portaltela.pt\/por\/367410592786\/\"}]}<\/script>\n<!-- \/ Yoast SEO plugin. -->","yoast_head_json":{"title":"Quase 300 detidos, incluindo menores, ligados a viol\u00eancia por encomenda nas redes - Portal Tela Portugal","robots":{"index":"index","follow":"follow","max-snippet":"max-snippet:-1","max-image-preview":"max-image-preview:large","max-video-preview":"max-video-preview:-1"},"og_locale":"pt_PT","og_type":"article","og_title":"Quase 300 detidos, incluindo menores, ligados a viol\u00eancia por encomenda nas redes - Portal Tela Portugal","og_description":"A opera\u00e7\u00e3o Grimm, lan\u00e7ada em abril de 2025, em coopera\u00e7\u00e3o com a Europol e dez pa\u00edses europeus, visa combater a viol\u00eancia por encomenda nas redes sociais. No primeiro ano, 280 pessoas foram detidas globalmente e a parceria com empresas tecnol\u00f3gicas foi refor\u00e7ada. Mais da metade das deten\u00e7\u00f5es est\u00e1 ligada a redes criminosas suecas, incluindo crian\u00e7as entre 10 e 12 anos; na Su\u00e9cia estas crian\u00e7as devem ficar aos cuidados dos servi\u00e7os sociais. Tr\u00eas indiv\u00edduos passam a ser suspeitos de crimes da categoria \u201cviol\u00eancia por encomenda\u201d: um sueco recrutador de um grupo criminoso procurado por homic\u00eddio, outro sueco com v\u00e1rias tentativas de homic\u00eddio e conspira\u00e7\u00e3o para homic\u00eddio, e um alem\u00e3o acusado de orquestrar homic\u00eddios a partir do estrangeiro. A pol\u00edcia afirma que o recrutamento de jovens continua e pede responsabilidade \u00e0s plataformas tecnol\u00f3gicas, mencionando reuni\u00f5es com Google, Meta, TikTok e Snapchat para intensificar monitoriza\u00e7\u00e3o e autocontrolo.","og_url":"https:\/\/portaltela.pt\/noticias\/2026\/04\/29\/quase-300-detidos-incluindo-menores-ligados-a-violencia-por-encomenda-nas-redes\/","og_site_name":"Portal Tela Portugal","article_published_time":"2026-04-29T16:18:06+00:00","author":"Telinha","twitter_card":"summary_large_image","twitter_misc":{"Escrito por":"Telinha","Tempo estimado de leitura":"2 minutos"},"schema":{"@context":"https:\/\/schema.org","@graph":[{"@type":"Article","@id":"https:\/\/portaltela.pt\/noticias\/2026\/04\/29\/quase-300-detidos-incluindo-menores-ligados-a-violencia-por-encomenda-nas-redes\/#article","isPartOf":{"@id":"https:\/\/portaltela.pt\/noticias\/2026\/04\/29\/quase-300-detidos-incluindo-menores-ligados-a-violencia-por-encomenda-nas-redes\/"},"author":{"name":"Telinha","@id":"https:\/\/portaltela.pt\/#\/schema\/person\/c4278d4a6028830caff9ee44b42d32ed"},"headline":"Quase 300 detidos, incluindo menores, ligados a viol\u00eancia por encomenda nas redes","datePublished":"2026-04-29T16:18:06+00:00","mainEntityOfPage":{"@id":"https:\/\/portaltela.pt\/noticias\/2026\/04\/29\/quase-300-detidos-incluindo-menores-ligados-a-violencia-por-encomenda-nas-redes\/"},"wordCount":375,"image":{"@id":"https:\/\/portaltela.pt\/noticias\/2026\/04\/29\/quase-300-detidos-incluindo-menores-ligados-a-violencia-por-encomenda-nas-redes\/#primaryimage"},"thumbnailUrl":"https:\/\/portaltela.pt\/s.01k8rhncp4jt1\/2026\/04\/image-1663.jpg","keywords":["_colabora\u00e7\u00e3o internacional","_investiga\u00e7\u00e3o criminal","_organiza\u00e7\u00e3o criminosa","_redes sociais","_viol\u00eancia","_viol\u00eancia de menores"],"articleSection":["Crime","Criminalidade"],"inLanguage":"pt-PT"},{"@type":"WebPage","@id":"https:\/\/portaltela.pt\/noticias\/2026\/04\/29\/quase-300-detidos-incluindo-menores-ligados-a-violencia-por-encomenda-nas-redes\/","url":"https:\/\/portaltela.pt\/noticias\/2026\/04\/29\/quase-300-detidos-incluindo-menores-ligados-a-violencia-por-encomenda-nas-redes\/","name":"Quase 300 detidos, incluindo menores, ligados a viol\u00eancia por encomenda nas redes - Portal Tela Portugal","isPartOf":{"@id":"https:\/\/portaltela.pt\/#website"},"primaryImageOfPage":{"@id":"https:\/\/portaltela.pt\/noticias\/2026\/04\/29\/quase-300-detidos-incluindo-menores-ligados-a-violencia-por-encomenda-nas-redes\/#primaryimage"},"image":{"@id":"https:\/\/portaltela.pt\/noticias\/2026\/04\/29\/quase-300-detidos-incluindo-menores-ligados-a-violencia-por-encomenda-nas-redes\/#primaryimage"},"thumbnailUrl":"https:\/\/portaltela.pt\/s.01k8rhncp4jt1\/2026\/04\/image-1663.jpg","datePublished":"2026-04-29T16:18:06+00:00","author":{"@id":"https:\/\/portaltela.pt\/#\/schema\/person\/c4278d4a6028830caff9ee44b42d32ed"},"breadcrumb":{"@id":"https:\/\/portaltela.pt\/noticias\/2026\/04\/29\/quase-300-detidos-incluindo-menores-ligados-a-violencia-por-encomenda-nas-redes\/#breadcrumb"},"inLanguage":"pt-PT","potentialAction":[{"@type":"ReadAction","target":["https:\/\/portaltela.pt\/noticias\/2026\/04\/29\/quase-300-detidos-incluindo-menores-ligados-a-violencia-por-encomenda-nas-redes\/"]}]},{"@type":"ImageObject","inLanguage":"pt-PT","@id":"https:\/\/portaltela.pt\/noticias\/2026\/04\/29\/quase-300-detidos-incluindo-menores-ligados-a-violencia-por-encomenda-nas-redes\/#primaryimage","url":"https:\/\/portaltela.pt\/s.01k8rhncp4jt1\/2026\/04\/image-1663.jpg","contentUrl":"https:\/\/portaltela.pt\/s.01k8rhncp4jt1\/2026\/04\/image-1663.jpg","width":796,"height":448,"caption":"Lan\u00e7ada em abril de 2025, a opera\u00e7\u00e3o foi realizada em coopera\u00e7\u00e3o com a Europol e dez pa\u00edses europeus"},{"@type":"BreadcrumbList","@id":"https:\/\/portaltela.pt\/noticias\/2026\/04\/29\/quase-300-detidos-incluindo-menores-ligados-a-violencia-por-encomenda-nas-redes\/#breadcrumb","itemListElement":[{"@type":"ListItem","position":1,"name":"In\u00edcio","item":"https:\/\/portaltela.pt\/"},{"@type":"ListItem","position":2,"name":"Quase 300 detidos, incluindo menores, ligados a viol\u00eancia por encomenda nas redes"}]},{"@type":"WebSite","@id":"https:\/\/portaltela.pt\/#website","url":"https:\/\/portaltela.pt\/","name":"Portal Tela Portugal","description":"","potentialAction":[{"@type":"SearchAction","target":{"@type":"EntryPoint","urlTemplate":"https:\/\/portaltela.pt\/?s={search_term_string}"},"query-input":{"@type":"PropertyValueSpecification","valueRequired":true,"valueName":"search_term_string"}}],"inLanguage":"pt-PT"},{"@type":"Person","@id":"https:\/\/portaltela.pt\/#\/schema\/person\/c4278d4a6028830caff9ee44b42d32ed","name":"Telinha","image":{"@type":"ImageObject","inLanguage":"pt-PT","@id":"https:\/\/portaltela.pt\/s.01k8rhncp4jt1\/2025\/11\/talking-bot-125x125.png","url":"https:\/\/portaltela.pt\/s.01k8rhncp4jt1\/2025\/11\/talking-bot-125x125.png","contentUrl":"https:\/\/portaltela.pt\/s.01k8rhncp4jt1\/2025\/11\/talking-bot-125x125.png","caption":"Telinha"},"sameAs":["https:\/\/portaltela.pt\/"],"url":"https:\/\/portaltela.pt\/por\/367410592786\/"}]}},"_links":{"self":[{"href":"https:\/\/portaltela.pt\/api\/wp\/v2\/posts\/461204","targetHints":{"allow":["GET"]}}],"collection":[{"href":"https:\/\/portaltela.pt\/api\/wp\/v2\/posts"}],"about":[{"href":"https:\/\/portaltela.pt\/api\/wp\/v2\/types\/post"}],"author":[{"embeddable":true,"href":"https:\/\/portaltela.pt\/api\/wp\/v2\/users\/2"}],"replies":[{"embeddable":true,"href":"https:\/\/portaltela.pt\/api\/wp\/v2\/comments?post=461204"}],"version-history":[{"count":0,"href":"https:\/\/portaltela.pt\/api\/wp\/v2\/posts\/461204\/revisions"}],"wp:featuredmedia":[{"embeddable":true,"href":"https:\/\/portaltela.pt\/api\/wp\/v2\/media\/461211"}],"wp:attachment":[{"href":"https:\/\/portaltela.pt\/api\/wp\/v2\/media?parent=461204"}],"wp:term":[{"taxonomy":"category","embeddable":true,"href":"https:\/\/portaltela.pt\/api\/wp\/v2\/categories?post=461204"},{"taxonomy":"post_tag","embeddable":true,"href":"https:\/\/portaltela.pt\/api\/wp\/v2\/tags?post=461204"}],"curies":[{"name":"wp","href":"https:\/\/api.w.org\/{rel}","templated":true}]}}