{"id":461202,"date":"2026-04-29T13:05:00","date_gmt":"2026-04-29T16:05:00","guid":{"rendered":"https:\/\/portaltela.pt\/noticias\/2026\/04\/29\/mp-mantem-foco-na-origem-dos-75-mil-euros-de-vitor-escaria\/"},"modified":"2026-04-29T13:05:00","modified_gmt":"2026-04-29T16:05:00","slug":"mp-mantem-foco-na-origem-dos-75-mil-euros-de-vitor-escaria","status":"publish","type":"post","link":"https:\/\/portaltela.pt\/noticias\/2026\/04\/29\/mp-mantem-foco-na-origem-dos-75-mil-euros-de-vitor-escaria\/","title":{"rendered":"MP mant\u00e9m foco na origem dos 75 mil euros de V\u00edtor Esc\u00e1ria"},"content":{"rendered":"<p>O Minist\u00e9rio P\u00fablico n\u00e3o desistiu de apurar a origem dos 75 mil euros encontrados em novembro de 2023 no Gabinete de V\u00edtor Esc\u00e1ria, antigo chefe de Gabinete de Ant\u00f3nio Costa, no Pal\u00e1cio de S\u00e3o Bento, durante a opera\u00e7\u00e3o conhecida como Influencer. A investiga\u00e7\u00e3o tenta confirmar a proveni\u00eancia do dinheiro, recorrendo a impress\u00f5es digitais ou \u00e0 colabora\u00e7\u00e3o do Banco de Portugal.<\/p>\n<p>As dilig\u00eancias para identificar quem manuseou as notas ficaram comprometidas, uma vez que, durante as buscas, agentes da PSP acabaram por deixar impress\u00f5es digitais nas notas e nos envelopes que as acondicionavam. Paralelamente, o MP solicitou ao Banco de Portugal que, atrav\u00e9s dos n\u00fameros de s\u00e9rie, identificasse o banco emissor e avaliasse a possibilidade de rastrear o dinheiro. O banco informou que iria contactar entidades europeias, mas alertou para a dificuldade de rastreamento, devido \u00e0 aus\u00eancia de registo de circula\u00e7\u00e3o das notas.<\/p>\n<h3>Dilig\u00eancias e provas<\/h3>\n<p>Durante a busca \u00e0 resid\u00eancia oficial do primeiro-ministro, as autoridades encontraram o dinheiro distribu\u00eddo por envelopes: 7.620 euros num \u00fanico saco, 20 mil euros num segundo, 8.260 euros num terceiro e 40 mil euros num quarto. A reuni\u00e3o de provas permanece em curso, com o objetivo de esclarecer a origem do numer\u00e1rio.<\/p>\n<h3>Detidos e contexto da opera\u00e7\u00e3o<\/h3>\n<p>A opera\u00e7\u00e3o Influencer, lan\u00e7ada em novembro de 2023, levou \u00e0 deten\u00e7\u00e3o de cinco arguidos: V\u00edtor Esc\u00e1ria, ent\u00e3o chefe de gabinete do Primeiro-Ministro; Nuno Mascarenhas, presidente da C\u00e2mara de Sines; dois administradores da Start Campus, Afonso Salema e Rui Oliveira Neves; e o advogado Diogo Lacerda Machado, amigo de Ant\u00f3nio Costa. Todos os arguidos encontram-se em liberdade, enquanto o processo prossegue.<\/p>\n","protected":false},"excerpt":{"rendered":"<ul>\n<li>O Minist\u00e9rio P\u00fablico continua a investigar a origem de 75 mil euros encontrados, em novembro de 2023, no Gabinete de V\u00edtor Esc\u00e1ria, antigo chefe de Gabinete de Ant\u00f3nio Costa.<\/li>\n<li>As dilig\u00eancias para identificar quem manuseou as notas mostraram-se dif\u00edceis, pois as impress\u00f5es digitais dos agentes ficaram coladas \u00e0s notas e aos envelopes.<\/li>\n<li>Os procuradores pediram ao Banco de Portugal para, atrav\u00e9s dos n\u00fameros de s\u00e9rie, identificar o banco central emissor e perguntar sobre o rastreamento, mas o banco avisou que \u00e9 muito dif\u00edcil por n\u00e3o haver registo de circula\u00e7\u00e3o.<\/li>\n<li>O dinheiro foi encontrado na resid\u00eancia oficial do primeiro-ministro, distribu\u00eddo em envelopes: 7.620 euros, 20 mil euros, 8.260 euros e 40 mil euros.<\/li>\n<li>A Opera\u00e7\u00e3o Influencer, iniciada em novembro de 2023, resultou na deten\u00e7\u00e3o de cinco arguidos e na demiss\u00e3o de Ant\u00f3nio Costa, com o Governo a cair e elei\u00e7\u00f5es antecipadas marcadas; todos os arguidos est\u00e3o em liberdade.<\/li>\n<\/ul>\n","protected":false},"author":2,"featured_media":461207,"comment_status":"closed","ping_status":"closed","sticky":false,"template":"","format":"standard","meta":{"footnotes":""},"categories":[6815,1],"tags":[9046,8461,7960,8352,8059,9834],"class_list":["post-461202","post","type-post","status-publish","format-standard","has-post-thumbnail","hentry","category-justica","category-noticias","tag-_antonio-costa","tag-_dinheiro","tag-_investigacao-criminal","tag-_ministerio-publico","tag-_politica-interna","tag-_sines"],"yoast_head":"<!-- This site is optimized with the Yoast SEO plugin v27.2 - https:\/\/yoast.com\/product\/yoast-seo-wordpress\/ -->\n<title>MP mant\u00e9m foco na origem dos 75 mil euros de V\u00edtor Esc\u00e1ria - Portal Tela Portugal<\/title>\n<meta name=\"robots\" content=\"index, follow, max-snippet:-1, max-image-preview:large, max-video-preview:-1\" \/>\n<meta property=\"og:locale\" content=\"pt_PT\" \/>\n<meta property=\"og:type\" content=\"article\" \/>\n<meta property=\"og:title\" content=\"MP mant\u00e9m foco na origem dos 75 mil euros de V\u00edtor Esc\u00e1ria - Portal Tela Portugal\" \/>\n<meta property=\"og:description\" content=\"O Minist\u00e9rio P\u00fablico continua a investigar a origem de 75 mil euros encontrados, em novembro de 2023, no Gabinete de V\u00edtor Esc\u00e1ria, antigo chefe de Gabinete de Ant\u00f3nio Costa. As dilig\u00eancias para identificar quem manuseou as notas mostraram-se dif\u00edceis, pois as impress\u00f5es digitais dos agentes ficaram coladas \u00e0s notas e aos envelopes. Os procuradores pediram ao Banco de Portugal para, atrav\u00e9s dos n\u00fameros de s\u00e9rie, identificar o banco central emissor e perguntar sobre o rastreamento, mas o banco avisou que \u00e9 muito dif\u00edcil por n\u00e3o haver registo de circula\u00e7\u00e3o. O dinheiro foi encontrado na resid\u00eancia oficial do primeiro-ministro, distribu\u00eddo em envelopes: 7.620 euros, 20 mil euros, 8.260 euros e 40 mil euros. A Opera\u00e7\u00e3o Influencer, iniciada em novembro de 2023, resultou na deten\u00e7\u00e3o de cinco arguidos e na demiss\u00e3o de Ant\u00f3nio Costa, com o Governo a cair e elei\u00e7\u00f5es antecipadas marcadas; todos os arguidos est\u00e3o em liberdade.\" \/>\n<meta property=\"og:url\" content=\"https:\/\/portaltela.pt\/noticias\/2026\/04\/29\/mp-mantem-foco-na-origem-dos-75-mil-euros-de-vitor-escaria\/\" \/>\n<meta property=\"og:site_name\" content=\"Portal Tela Portugal\" \/>\n<meta property=\"article:published_time\" content=\"2026-04-29T16:05:00+00:00\" \/>\n<meta name=\"author\" content=\"Telinha\" \/>\n<meta name=\"twitter:card\" content=\"summary_large_image\" \/>\n<meta name=\"twitter:label1\" content=\"Escrito por\" \/>\n\t<meta name=\"twitter:data1\" content=\"Telinha\" \/>\n\t<meta name=\"twitter:label2\" content=\"Tempo estimado de leitura\" \/>\n\t<meta name=\"twitter:data2\" content=\"1 minuto\" \/>\n<script type=\"application\/ld+json\" class=\"yoast-schema-graph\">{\"@context\":\"https:\/\/schema.org\",\"@graph\":[{\"@type\":\"Article\",\"@id\":\"https:\/\/portaltela.pt\/noticias\/2026\/04\/29\/mp-mantem-foco-na-origem-dos-75-mil-euros-de-vitor-escaria\/#article\",\"isPartOf\":{\"@id\":\"https:\/\/portaltela.pt\/noticias\/2026\/04\/29\/mp-mantem-foco-na-origem-dos-75-mil-euros-de-vitor-escaria\/\"},\"author\":{\"name\":\"Telinha\",\"@id\":\"https:\/\/portaltela.pt\/#\/schema\/person\/c4278d4a6028830caff9ee44b42d32ed\"},\"headline\":\"MP mant\u00e9m foco na origem dos 75 mil euros de V\u00edtor Esc\u00e1ria\",\"datePublished\":\"2026-04-29T16:05:00+00:00\",\"mainEntityOfPage\":{\"@id\":\"https:\/\/portaltela.pt\/noticias\/2026\/04\/29\/mp-mantem-foco-na-origem-dos-75-mil-euros-de-vitor-escaria\/\"},\"wordCount\":299,\"image\":{\"@id\":\"https:\/\/portaltela.pt\/noticias\/2026\/04\/29\/mp-mantem-foco-na-origem-dos-75-mil-euros-de-vitor-escaria\/#primaryimage\"},\"thumbnailUrl\":\"https:\/\/portaltela.pt\/s.01k8rhncp4jt1\/2026\/04\/img_1280x721uu2026-04-29-15-25-00-2281833.jpg\",\"keywords\":[\"_Ant\u00f3nio Costa\",\"_dinheiro\",\"_investiga\u00e7\u00e3o criminal\",\"_Minist\u00e9rio P\u00fablico\",\"_pol\u00edtica interna\",\"_Sines\"],\"articleSection\":[\"Justi\u00e7a\",\"Not\u00edcias\"],\"inLanguage\":\"pt-PT\"},{\"@type\":\"WebPage\",\"@id\":\"https:\/\/portaltela.pt\/noticias\/2026\/04\/29\/mp-mantem-foco-na-origem-dos-75-mil-euros-de-vitor-escaria\/\",\"url\":\"https:\/\/portaltela.pt\/noticias\/2026\/04\/29\/mp-mantem-foco-na-origem-dos-75-mil-euros-de-vitor-escaria\/\",\"name\":\"MP mant\u00e9m foco na origem dos 75 mil euros de V\u00edtor Esc\u00e1ria - Portal Tela Portugal\",\"isPartOf\":{\"@id\":\"https:\/\/portaltela.pt\/#website\"},\"primaryImageOfPage\":{\"@id\":\"https:\/\/portaltela.pt\/noticias\/2026\/04\/29\/mp-mantem-foco-na-origem-dos-75-mil-euros-de-vitor-escaria\/#primaryimage\"},\"image\":{\"@id\":\"https:\/\/portaltela.pt\/noticias\/2026\/04\/29\/mp-mantem-foco-na-origem-dos-75-mil-euros-de-vitor-escaria\/#primaryimage\"},\"thumbnailUrl\":\"https:\/\/portaltela.pt\/s.01k8rhncp4jt1\/2026\/04\/img_1280x721uu2026-04-29-15-25-00-2281833.jpg\",\"datePublished\":\"2026-04-29T16:05:00+00:00\",\"author\":{\"@id\":\"https:\/\/portaltela.pt\/#\/schema\/person\/c4278d4a6028830caff9ee44b42d32ed\"},\"breadcrumb\":{\"@id\":\"https:\/\/portaltela.pt\/noticias\/2026\/04\/29\/mp-mantem-foco-na-origem-dos-75-mil-euros-de-vitor-escaria\/#breadcrumb\"},\"inLanguage\":\"pt-PT\",\"potentialAction\":[{\"@type\":\"ReadAction\",\"target\":[\"https:\/\/portaltela.pt\/noticias\/2026\/04\/29\/mp-mantem-foco-na-origem-dos-75-mil-euros-de-vitor-escaria\/\"]}]},{\"@type\":\"ImageObject\",\"inLanguage\":\"pt-PT\",\"@id\":\"https:\/\/portaltela.pt\/noticias\/2026\/04\/29\/mp-mantem-foco-na-origem-dos-75-mil-euros-de-vitor-escaria\/#primaryimage\",\"url\":\"https:\/\/portaltela.pt\/s.01k8rhncp4jt1\/2026\/04\/img_1280x721uu2026-04-29-15-25-00-2281833.jpg\",\"contentUrl\":\"https:\/\/portaltela.pt\/s.01k8rhncp4jt1\/2026\/04\/img_1280x721uu2026-04-29-15-25-00-2281833.jpg\",\"width\":796,\"height\":448,\"caption\":\"As imagens das notas com impress\u00f5es digitais de quatro agentes da PSP apreendidas no gabinete de V\u00edtor Esc\u00e1ria\"},{\"@type\":\"BreadcrumbList\",\"@id\":\"https:\/\/portaltela.pt\/noticias\/2026\/04\/29\/mp-mantem-foco-na-origem-dos-75-mil-euros-de-vitor-escaria\/#breadcrumb\",\"itemListElement\":[{\"@type\":\"ListItem\",\"position\":1,\"name\":\"In\u00edcio\",\"item\":\"https:\/\/portaltela.pt\/\"},{\"@type\":\"ListItem\",\"position\":2,\"name\":\"MP mant\u00e9m foco na origem dos 75 mil euros de V\u00edtor Esc\u00e1ria\"}]},{\"@type\":\"WebSite\",\"@id\":\"https:\/\/portaltela.pt\/#website\",\"url\":\"https:\/\/portaltela.pt\/\",\"name\":\"Portal Tela Portugal\",\"description\":\"\",\"potentialAction\":[{\"@type\":\"SearchAction\",\"target\":{\"@type\":\"EntryPoint\",\"urlTemplate\":\"https:\/\/portaltela.pt\/?s={search_term_string}\"},\"query-input\":{\"@type\":\"PropertyValueSpecification\",\"valueRequired\":true,\"valueName\":\"search_term_string\"}}],\"inLanguage\":\"pt-PT\"},{\"@type\":\"Person\",\"@id\":\"https:\/\/portaltela.pt\/#\/schema\/person\/c4278d4a6028830caff9ee44b42d32ed\",\"name\":\"Telinha\",\"image\":{\"@type\":\"ImageObject\",\"inLanguage\":\"pt-PT\",\"@id\":\"https:\/\/portaltela.pt\/s.01k8rhncp4jt1\/2025\/11\/talking-bot-125x125.png\",\"url\":\"https:\/\/portaltela.pt\/s.01k8rhncp4jt1\/2025\/11\/talking-bot-125x125.png\",\"contentUrl\":\"https:\/\/portaltela.pt\/s.01k8rhncp4jt1\/2025\/11\/talking-bot-125x125.png\",\"caption\":\"Telinha\"},\"sameAs\":[\"https:\/\/portaltela.pt\/\"],\"url\":\"https:\/\/portaltela.pt\/por\/367410592786\/\"}]}<\/script>\n<!-- \/ Yoast SEO plugin. -->","yoast_head_json":{"title":"MP mant\u00e9m foco na origem dos 75 mil euros de V\u00edtor Esc\u00e1ria - Portal Tela Portugal","robots":{"index":"index","follow":"follow","max-snippet":"max-snippet:-1","max-image-preview":"max-image-preview:large","max-video-preview":"max-video-preview:-1"},"og_locale":"pt_PT","og_type":"article","og_title":"MP mant\u00e9m foco na origem dos 75 mil euros de V\u00edtor Esc\u00e1ria - Portal Tela Portugal","og_description":"O Minist\u00e9rio P\u00fablico continua a investigar a origem de 75 mil euros encontrados, em novembro de 2023, no Gabinete de V\u00edtor Esc\u00e1ria, antigo chefe de Gabinete de Ant\u00f3nio Costa. As dilig\u00eancias para identificar quem manuseou as notas mostraram-se dif\u00edceis, pois as impress\u00f5es digitais dos agentes ficaram coladas \u00e0s notas e aos envelopes. Os procuradores pediram ao Banco de Portugal para, atrav\u00e9s dos n\u00fameros de s\u00e9rie, identificar o banco central emissor e perguntar sobre o rastreamento, mas o banco avisou que \u00e9 muito dif\u00edcil por n\u00e3o haver registo de circula\u00e7\u00e3o. O dinheiro foi encontrado na resid\u00eancia oficial do primeiro-ministro, distribu\u00eddo em envelopes: 7.620 euros, 20 mil euros, 8.260 euros e 40 mil euros. A Opera\u00e7\u00e3o Influencer, iniciada em novembro de 2023, resultou na deten\u00e7\u00e3o de cinco arguidos e na demiss\u00e3o de Ant\u00f3nio Costa, com o Governo a cair e elei\u00e7\u00f5es antecipadas marcadas; todos os arguidos est\u00e3o em liberdade.","og_url":"https:\/\/portaltela.pt\/noticias\/2026\/04\/29\/mp-mantem-foco-na-origem-dos-75-mil-euros-de-vitor-escaria\/","og_site_name":"Portal Tela Portugal","article_published_time":"2026-04-29T16:05:00+00:00","author":"Telinha","twitter_card":"summary_large_image","twitter_misc":{"Escrito por":"Telinha","Tempo estimado de leitura":"1 minuto"},"schema":{"@context":"https:\/\/schema.org","@graph":[{"@type":"Article","@id":"https:\/\/portaltela.pt\/noticias\/2026\/04\/29\/mp-mantem-foco-na-origem-dos-75-mil-euros-de-vitor-escaria\/#article","isPartOf":{"@id":"https:\/\/portaltela.pt\/noticias\/2026\/04\/29\/mp-mantem-foco-na-origem-dos-75-mil-euros-de-vitor-escaria\/"},"author":{"name":"Telinha","@id":"https:\/\/portaltela.pt\/#\/schema\/person\/c4278d4a6028830caff9ee44b42d32ed"},"headline":"MP mant\u00e9m foco na origem dos 75 mil euros de V\u00edtor Esc\u00e1ria","datePublished":"2026-04-29T16:05:00+00:00","mainEntityOfPage":{"@id":"https:\/\/portaltela.pt\/noticias\/2026\/04\/29\/mp-mantem-foco-na-origem-dos-75-mil-euros-de-vitor-escaria\/"},"wordCount":299,"image":{"@id":"https:\/\/portaltela.pt\/noticias\/2026\/04\/29\/mp-mantem-foco-na-origem-dos-75-mil-euros-de-vitor-escaria\/#primaryimage"},"thumbnailUrl":"https:\/\/portaltela.pt\/s.01k8rhncp4jt1\/2026\/04\/img_1280x721uu2026-04-29-15-25-00-2281833.jpg","keywords":["_Ant\u00f3nio Costa","_dinheiro","_investiga\u00e7\u00e3o criminal","_Minist\u00e9rio P\u00fablico","_pol\u00edtica interna","_Sines"],"articleSection":["Justi\u00e7a","Not\u00edcias"],"inLanguage":"pt-PT"},{"@type":"WebPage","@id":"https:\/\/portaltela.pt\/noticias\/2026\/04\/29\/mp-mantem-foco-na-origem-dos-75-mil-euros-de-vitor-escaria\/","url":"https:\/\/portaltela.pt\/noticias\/2026\/04\/29\/mp-mantem-foco-na-origem-dos-75-mil-euros-de-vitor-escaria\/","name":"MP mant\u00e9m foco na origem dos 75 mil euros de V\u00edtor Esc\u00e1ria - Portal Tela Portugal","isPartOf":{"@id":"https:\/\/portaltela.pt\/#website"},"primaryImageOfPage":{"@id":"https:\/\/portaltela.pt\/noticias\/2026\/04\/29\/mp-mantem-foco-na-origem-dos-75-mil-euros-de-vitor-escaria\/#primaryimage"},"image":{"@id":"https:\/\/portaltela.pt\/noticias\/2026\/04\/29\/mp-mantem-foco-na-origem-dos-75-mil-euros-de-vitor-escaria\/#primaryimage"},"thumbnailUrl":"https:\/\/portaltela.pt\/s.01k8rhncp4jt1\/2026\/04\/img_1280x721uu2026-04-29-15-25-00-2281833.jpg","datePublished":"2026-04-29T16:05:00+00:00","author":{"@id":"https:\/\/portaltela.pt\/#\/schema\/person\/c4278d4a6028830caff9ee44b42d32ed"},"breadcrumb":{"@id":"https:\/\/portaltela.pt\/noticias\/2026\/04\/29\/mp-mantem-foco-na-origem-dos-75-mil-euros-de-vitor-escaria\/#breadcrumb"},"inLanguage":"pt-PT","potentialAction":[{"@type":"ReadAction","target":["https:\/\/portaltela.pt\/noticias\/2026\/04\/29\/mp-mantem-foco-na-origem-dos-75-mil-euros-de-vitor-escaria\/"]}]},{"@type":"ImageObject","inLanguage":"pt-PT","@id":"https:\/\/portaltela.pt\/noticias\/2026\/04\/29\/mp-mantem-foco-na-origem-dos-75-mil-euros-de-vitor-escaria\/#primaryimage","url":"https:\/\/portaltela.pt\/s.01k8rhncp4jt1\/2026\/04\/img_1280x721uu2026-04-29-15-25-00-2281833.jpg","contentUrl":"https:\/\/portaltela.pt\/s.01k8rhncp4jt1\/2026\/04\/img_1280x721uu2026-04-29-15-25-00-2281833.jpg","width":796,"height":448,"caption":"As imagens das notas com impress\u00f5es digitais de quatro agentes da PSP apreendidas no gabinete de V\u00edtor Esc\u00e1ria"},{"@type":"BreadcrumbList","@id":"https:\/\/portaltela.pt\/noticias\/2026\/04\/29\/mp-mantem-foco-na-origem-dos-75-mil-euros-de-vitor-escaria\/#breadcrumb","itemListElement":[{"@type":"ListItem","position":1,"name":"In\u00edcio","item":"https:\/\/portaltela.pt\/"},{"@type":"ListItem","position":2,"name":"MP mant\u00e9m foco na origem dos 75 mil euros de V\u00edtor Esc\u00e1ria"}]},{"@type":"WebSite","@id":"https:\/\/portaltela.pt\/#website","url":"https:\/\/portaltela.pt\/","name":"Portal Tela Portugal","description":"","potentialAction":[{"@type":"SearchAction","target":{"@type":"EntryPoint","urlTemplate":"https:\/\/portaltela.pt\/?s={search_term_string}"},"query-input":{"@type":"PropertyValueSpecification","valueRequired":true,"valueName":"search_term_string"}}],"inLanguage":"pt-PT"},{"@type":"Person","@id":"https:\/\/portaltela.pt\/#\/schema\/person\/c4278d4a6028830caff9ee44b42d32ed","name":"Telinha","image":{"@type":"ImageObject","inLanguage":"pt-PT","@id":"https:\/\/portaltela.pt\/s.01k8rhncp4jt1\/2025\/11\/talking-bot-125x125.png","url":"https:\/\/portaltela.pt\/s.01k8rhncp4jt1\/2025\/11\/talking-bot-125x125.png","contentUrl":"https:\/\/portaltela.pt\/s.01k8rhncp4jt1\/2025\/11\/talking-bot-125x125.png","caption":"Telinha"},"sameAs":["https:\/\/portaltela.pt\/"],"url":"https:\/\/portaltela.pt\/por\/367410592786\/"}]}},"_links":{"self":[{"href":"https:\/\/portaltela.pt\/api\/wp\/v2\/posts\/461202","targetHints":{"allow":["GET"]}}],"collection":[{"href":"https:\/\/portaltela.pt\/api\/wp\/v2\/posts"}],"about":[{"href":"https:\/\/portaltela.pt\/api\/wp\/v2\/types\/post"}],"author":[{"embeddable":true,"href":"https:\/\/portaltela.pt\/api\/wp\/v2\/users\/2"}],"replies":[{"embeddable":true,"href":"https:\/\/portaltela.pt\/api\/wp\/v2\/comments?post=461202"}],"version-history":[{"count":0,"href":"https:\/\/portaltela.pt\/api\/wp\/v2\/posts\/461202\/revisions"}],"wp:featuredmedia":[{"embeddable":true,"href":"https:\/\/portaltela.pt\/api\/wp\/v2\/media\/461207"}],"wp:attachment":[{"href":"https:\/\/portaltela.pt\/api\/wp\/v2\/media?parent=461202"}],"wp:term":[{"taxonomy":"category","embeddable":true,"href":"https:\/\/portaltela.pt\/api\/wp\/v2\/categories?post=461202"},{"taxonomy":"post_tag","embeddable":true,"href":"https:\/\/portaltela.pt\/api\/wp\/v2\/tags?post=461202"}],"curies":[{"name":"wp","href":"https:\/\/api.w.org\/{rel}","templated":true}]}}