{"id":461200,"date":"2026-04-29T13:17:57","date_gmt":"2026-04-29T16:17:57","guid":{"rendered":"https:\/\/portaltela.pt\/noticias\/2026\/04\/29\/aprenda-a-confecionar-anho-assado-com-o-chef-antonio-amorim\/"},"modified":"2026-04-29T13:17:57","modified_gmt":"2026-04-29T16:17:57","slug":"aprenda-a-confecionar-anho-assado-com-o-chef-antonio-amorim","status":"publish","type":"post","link":"https:\/\/portaltela.pt\/noticias\/2026\/04\/29\/aprenda-a-confecionar-anho-assado-com-o-chef-antonio-amorim\/","title":{"rendered":"Aprenda a confecionar Anho Assado com o chef Ant\u00f3nio Amorim"},"content":{"rendered":"<p>O chef Ant\u00f3nio Amorim apresentou a confe\u00e7\u00e3o de Anho Assado, prato tradicional da gastronomia portuguesa, no programa Ol\u00e1, Bom Dia!. A receita, destacada pelo chef, \u00e9 uma das favoritas de Jos\u00e9 Lu\u00eds Carneiro, que participou no programa e aprovou o prato de Bai\u00e3o. A reportagem enfatiza a t\u00e9cnica para obter carne macia e pele crocante.<\/p>\n<p>Segundo Amorim, o segredo est\u00e1 na marinada e no tempo de forno. A carne deve ficar bem temperada e assar lentamente para garantir sucul\u00eancia e uma textura tenra. O apresentador do programa acompanhou a demonstra\u00e7\u00e3o, que privilegia ingredientes de qualidade.<\/p>\n<p>Para a prepara\u00e7\u00e3o, Amorim orienta usar alho, sal grosso, pimenta, louro, vinho branco, azeite e legumes a gosto. A carne \u00e9 primeiro limpa, marinada durante v\u00e1rias horas, depois vai ao forno a 180\u00b0C, sendo regada com a marinada ao longo do assado.<\/p>\n<h3>Ingredientes<\/h3>\n<ul>\n<li>Anho inteiro<\/li>\n<li>Alho<\/li>\n<li>Sal grosso<\/li>\n<li>Pimenta<\/li>\n<li>Louro<\/li>\n<li>Vinho branco<\/li>\n<li>Azeite<\/li>\n<li>Legumes a gosto<\/li>\n<\/ul>\n<h3>Modo de preparo<\/h3>\n<p>1. Limpar o Anho e preparar a marinada com alho, sal, pimenta, louro, vinho branco e azeite.<\/p>\n<p>2. Marinada por v\u00e1rias horas ou um dia inteiro.<\/p>\n<p>3. Colocar o Anho numa assadeira e levar ao forno pr\u00e9-aquecido a 180\u00b0C, assando lentamente.<\/p>\n<p>4. Regar a carne com a marinada durante o cozimento.<\/p>\n<p>5. Quando dourado e cozido, retirar do forno e servir.<\/p>\n<p>Dicas do chef ajudam a assegurar um resultado consistente: preparar a marinada com anteced\u00eancia, assar lentamente e acompanhar com legumes assados ou batatas douradas. A receita de Anho Assado de Ant\u00f3nio Amorim \u00e9 apresentada como uma op\u00e7\u00e3o tradicional com um toque especial, adequada para ocasi\u00f5es em que se pretende impressionar os convidados.<\/p>\n","protected":false},"excerpt":{"rendered":"<ul>\n<li>O chef Ant\u00f3nio Amorim apresentou a confec\u00e7\u00e3o de Anho Assado no programa Ol\u00e1, Bom Dia!, destacando-o como prato tradicional da gastronomia portuguesa.<\/li>\n<li>A marinada \u00e9 feita com alho, sal grosso, pimenta, louro, vinho branco e azeite, devendo a carne marinar por v\u00e1rias horas ou at\u00e9 um dia.<\/li>\n<li>O Anho \u00e9 assado lentamente em forno pr\u00e9-aquecido a 180 \u00b0C, com a marinada a regar a carne durante o cozimento.<\/li>\n<li>O resultado esperado \u00e9 carne macia, suculenta e pele crocante, ideal para acompanhar com legumes assados ou batatas douradas.<\/li>\n<li>A receita \u00e9 apresentada como op\u00e7\u00e3o para ocasi\u00f5es especiais, proporcionando um toque tradicional com detalhe especial.<\/li>\n<\/ul>\n","protected":false},"author":2,"featured_media":461208,"comment_status":"closed","ping_status":"closed","sticky":false,"template":"","format":"standard","meta":{"footnotes":""},"categories":[7369,1],"tags":[9136,8680,7982,8579,8205],"class_list":["post-461200","post","type-post","status-publish","format-standard","has-post-thumbnail","hentry","category-gastronomia","category-noticias","tag-_baiao","tag-_cozinha","tag-_gastronomia","tag-_receitas","tag-_vinho"],"yoast_head":"<!-- This site is optimized with the Yoast SEO plugin v27.2 - https:\/\/yoast.com\/product\/yoast-seo-wordpress\/ -->\n<title>Aprenda a confecionar Anho Assado com o chef Ant\u00f3nio Amorim - Portal Tela Portugal<\/title>\n<meta name=\"robots\" content=\"index, follow, max-snippet:-1, max-image-preview:large, max-video-preview:-1\" \/>\n<meta property=\"og:locale\" content=\"pt_PT\" \/>\n<meta property=\"og:type\" content=\"article\" \/>\n<meta property=\"og:title\" content=\"Aprenda a confecionar Anho Assado com o chef Ant\u00f3nio Amorim - Portal Tela Portugal\" \/>\n<meta property=\"og:description\" content=\"O chef Ant\u00f3nio Amorim apresentou a confec\u00e7\u00e3o de Anho Assado no programa Ol\u00e1, Bom Dia!, destacando-o como prato tradicional da gastronomia portuguesa. A marinada \u00e9 feita com alho, sal grosso, pimenta, louro, vinho branco e azeite, devendo a carne marinar por v\u00e1rias horas ou at\u00e9 um dia. O Anho \u00e9 assado lentamente em forno pr\u00e9-aquecido a 180 \u00b0C, com a marinada a regar a carne durante o cozimento. O resultado esperado \u00e9 carne macia, suculenta e pele crocante, ideal para acompanhar com legumes assados ou batatas douradas. A receita \u00e9 apresentada como op\u00e7\u00e3o para ocasi\u00f5es especiais, proporcionando um toque tradicional com detalhe especial.\" \/>\n<meta property=\"og:url\" content=\"https:\/\/portaltela.pt\/noticias\/2026\/04\/29\/aprenda-a-confecionar-anho-assado-com-o-chef-antonio-amorim\/\" \/>\n<meta property=\"og:site_name\" content=\"Portal Tela Portugal\" \/>\n<meta property=\"article:published_time\" content=\"2026-04-29T16:17:57+00:00\" \/>\n<meta name=\"author\" content=\"Telinha\" \/>\n<meta name=\"twitter:card\" content=\"summary_large_image\" \/>\n<meta name=\"twitter:label1\" content=\"Escrito por\" \/>\n\t<meta name=\"twitter:data1\" content=\"Telinha\" \/>\n\t<meta name=\"twitter:label2\" content=\"Tempo estimado de leitura\" \/>\n\t<meta name=\"twitter:data2\" content=\"1 minuto\" \/>\n<script type=\"application\/ld+json\" class=\"yoast-schema-graph\">{\"@context\":\"https:\/\/schema.org\",\"@graph\":[{\"@type\":\"Article\",\"@id\":\"https:\/\/portaltela.pt\/noticias\/2026\/04\/29\/aprenda-a-confecionar-anho-assado-com-o-chef-antonio-amorim\/#article\",\"isPartOf\":{\"@id\":\"https:\/\/portaltela.pt\/noticias\/2026\/04\/29\/aprenda-a-confecionar-anho-assado-com-o-chef-antonio-amorim\/\"},\"author\":{\"name\":\"Telinha\",\"@id\":\"https:\/\/portaltela.pt\/#\/schema\/person\/c4278d4a6028830caff9ee44b42d32ed\"},\"headline\":\"Aprenda a confecionar Anho Assado com o chef Ant\u00f3nio Amorim\",\"datePublished\":\"2026-04-29T16:17:57+00:00\",\"mainEntityOfPage\":{\"@id\":\"https:\/\/portaltela.pt\/noticias\/2026\/04\/29\/aprenda-a-confecionar-anho-assado-com-o-chef-antonio-amorim\/\"},\"wordCount\":285,\"image\":{\"@id\":\"https:\/\/portaltela.pt\/noticias\/2026\/04\/29\/aprenda-a-confecionar-anho-assado-com-o-chef-antonio-amorim\/#primaryimage\"},\"thumbnailUrl\":\"https:\/\/portaltela.pt\/s.01k8rhncp4jt1\/2026\/04\/img_1280x722uu2026-04-29-17-05-19-2281876.jpg\",\"keywords\":[\"_Bai\u00e3o\",\"_cozinha\",\"_gastronomia\",\"_receitas\",\"_vinho\"],\"articleSection\":[\"Gastronomia\",\"Not\u00edcias\"],\"inLanguage\":\"pt-PT\"},{\"@type\":\"WebPage\",\"@id\":\"https:\/\/portaltela.pt\/noticias\/2026\/04\/29\/aprenda-a-confecionar-anho-assado-com-o-chef-antonio-amorim\/\",\"url\":\"https:\/\/portaltela.pt\/noticias\/2026\/04\/29\/aprenda-a-confecionar-anho-assado-com-o-chef-antonio-amorim\/\",\"name\":\"Aprenda a confecionar Anho Assado com o chef Ant\u00f3nio Amorim - Portal Tela Portugal\",\"isPartOf\":{\"@id\":\"https:\/\/portaltela.pt\/#website\"},\"primaryImageOfPage\":{\"@id\":\"https:\/\/portaltela.pt\/noticias\/2026\/04\/29\/aprenda-a-confecionar-anho-assado-com-o-chef-antonio-amorim\/#primaryimage\"},\"image\":{\"@id\":\"https:\/\/portaltela.pt\/noticias\/2026\/04\/29\/aprenda-a-confecionar-anho-assado-com-o-chef-antonio-amorim\/#primaryimage\"},\"thumbnailUrl\":\"https:\/\/portaltela.pt\/s.01k8rhncp4jt1\/2026\/04\/img_1280x722uu2026-04-29-17-05-19-2281876.jpg\",\"datePublished\":\"2026-04-29T16:17:57+00:00\",\"author\":{\"@id\":\"https:\/\/portaltela.pt\/#\/schema\/person\/c4278d4a6028830caff9ee44b42d32ed\"},\"breadcrumb\":{\"@id\":\"https:\/\/portaltela.pt\/noticias\/2026\/04\/29\/aprenda-a-confecionar-anho-assado-com-o-chef-antonio-amorim\/#breadcrumb\"},\"inLanguage\":\"pt-PT\",\"potentialAction\":[{\"@type\":\"ReadAction\",\"target\":[\"https:\/\/portaltela.pt\/noticias\/2026\/04\/29\/aprenda-a-confecionar-anho-assado-com-o-chef-antonio-amorim\/\"]}]},{\"@type\":\"ImageObject\",\"inLanguage\":\"pt-PT\",\"@id\":\"https:\/\/portaltela.pt\/noticias\/2026\/04\/29\/aprenda-a-confecionar-anho-assado-com-o-chef-antonio-amorim\/#primaryimage\",\"url\":\"https:\/\/portaltela.pt\/s.01k8rhncp4jt1\/2026\/04\/img_1280x722uu2026-04-29-17-05-19-2281876.jpg\",\"contentUrl\":\"https:\/\/portaltela.pt\/s.01k8rhncp4jt1\/2026\/04\/img_1280x722uu2026-04-29-17-05-19-2281876.jpg\",\"width\":796,\"height\":448,\"caption\":\"Imagem de Anho Assado\"},{\"@type\":\"BreadcrumbList\",\"@id\":\"https:\/\/portaltela.pt\/noticias\/2026\/04\/29\/aprenda-a-confecionar-anho-assado-com-o-chef-antonio-amorim\/#breadcrumb\",\"itemListElement\":[{\"@type\":\"ListItem\",\"position\":1,\"name\":\"In\u00edcio\",\"item\":\"https:\/\/portaltela.pt\/\"},{\"@type\":\"ListItem\",\"position\":2,\"name\":\"Aprenda a confecionar Anho Assado com o chef Ant\u00f3nio Amorim\"}]},{\"@type\":\"WebSite\",\"@id\":\"https:\/\/portaltela.pt\/#website\",\"url\":\"https:\/\/portaltela.pt\/\",\"name\":\"Portal Tela Portugal\",\"description\":\"\",\"potentialAction\":[{\"@type\":\"SearchAction\",\"target\":{\"@type\":\"EntryPoint\",\"urlTemplate\":\"https:\/\/portaltela.pt\/?s={search_term_string}\"},\"query-input\":{\"@type\":\"PropertyValueSpecification\",\"valueRequired\":true,\"valueName\":\"search_term_string\"}}],\"inLanguage\":\"pt-PT\"},{\"@type\":\"Person\",\"@id\":\"https:\/\/portaltela.pt\/#\/schema\/person\/c4278d4a6028830caff9ee44b42d32ed\",\"name\":\"Telinha\",\"image\":{\"@type\":\"ImageObject\",\"inLanguage\":\"pt-PT\",\"@id\":\"https:\/\/portaltela.pt\/s.01k8rhncp4jt1\/2025\/11\/talking-bot-125x125.png\",\"url\":\"https:\/\/portaltela.pt\/s.01k8rhncp4jt1\/2025\/11\/talking-bot-125x125.png\",\"contentUrl\":\"https:\/\/portaltela.pt\/s.01k8rhncp4jt1\/2025\/11\/talking-bot-125x125.png\",\"caption\":\"Telinha\"},\"sameAs\":[\"https:\/\/portaltela.pt\/\"],\"url\":\"https:\/\/portaltela.pt\/por\/367410592786\/\"}]}<\/script>\n<!-- \/ Yoast SEO plugin. -->","yoast_head_json":{"title":"Aprenda a confecionar Anho Assado com o chef Ant\u00f3nio Amorim - Portal Tela Portugal","robots":{"index":"index","follow":"follow","max-snippet":"max-snippet:-1","max-image-preview":"max-image-preview:large","max-video-preview":"max-video-preview:-1"},"og_locale":"pt_PT","og_type":"article","og_title":"Aprenda a confecionar Anho Assado com o chef Ant\u00f3nio Amorim - Portal Tela Portugal","og_description":"O chef Ant\u00f3nio Amorim apresentou a confec\u00e7\u00e3o de Anho Assado no programa Ol\u00e1, Bom Dia!, destacando-o como prato tradicional da gastronomia portuguesa. A marinada \u00e9 feita com alho, sal grosso, pimenta, louro, vinho branco e azeite, devendo a carne marinar por v\u00e1rias horas ou at\u00e9 um dia. O Anho \u00e9 assado lentamente em forno pr\u00e9-aquecido a 180 \u00b0C, com a marinada a regar a carne durante o cozimento. O resultado esperado \u00e9 carne macia, suculenta e pele crocante, ideal para acompanhar com legumes assados ou batatas douradas. A receita \u00e9 apresentada como op\u00e7\u00e3o para ocasi\u00f5es especiais, proporcionando um toque tradicional com detalhe especial.","og_url":"https:\/\/portaltela.pt\/noticias\/2026\/04\/29\/aprenda-a-confecionar-anho-assado-com-o-chef-antonio-amorim\/","og_site_name":"Portal Tela Portugal","article_published_time":"2026-04-29T16:17:57+00:00","author":"Telinha","twitter_card":"summary_large_image","twitter_misc":{"Escrito por":"Telinha","Tempo estimado de leitura":"1 minuto"},"schema":{"@context":"https:\/\/schema.org","@graph":[{"@type":"Article","@id":"https:\/\/portaltela.pt\/noticias\/2026\/04\/29\/aprenda-a-confecionar-anho-assado-com-o-chef-antonio-amorim\/#article","isPartOf":{"@id":"https:\/\/portaltela.pt\/noticias\/2026\/04\/29\/aprenda-a-confecionar-anho-assado-com-o-chef-antonio-amorim\/"},"author":{"name":"Telinha","@id":"https:\/\/portaltela.pt\/#\/schema\/person\/c4278d4a6028830caff9ee44b42d32ed"},"headline":"Aprenda a confecionar Anho Assado com o chef Ant\u00f3nio Amorim","datePublished":"2026-04-29T16:17:57+00:00","mainEntityOfPage":{"@id":"https:\/\/portaltela.pt\/noticias\/2026\/04\/29\/aprenda-a-confecionar-anho-assado-com-o-chef-antonio-amorim\/"},"wordCount":285,"image":{"@id":"https:\/\/portaltela.pt\/noticias\/2026\/04\/29\/aprenda-a-confecionar-anho-assado-com-o-chef-antonio-amorim\/#primaryimage"},"thumbnailUrl":"https:\/\/portaltela.pt\/s.01k8rhncp4jt1\/2026\/04\/img_1280x722uu2026-04-29-17-05-19-2281876.jpg","keywords":["_Bai\u00e3o","_cozinha","_gastronomia","_receitas","_vinho"],"articleSection":["Gastronomia","Not\u00edcias"],"inLanguage":"pt-PT"},{"@type":"WebPage","@id":"https:\/\/portaltela.pt\/noticias\/2026\/04\/29\/aprenda-a-confecionar-anho-assado-com-o-chef-antonio-amorim\/","url":"https:\/\/portaltela.pt\/noticias\/2026\/04\/29\/aprenda-a-confecionar-anho-assado-com-o-chef-antonio-amorim\/","name":"Aprenda a confecionar Anho Assado com o chef Ant\u00f3nio Amorim - Portal Tela Portugal","isPartOf":{"@id":"https:\/\/portaltela.pt\/#website"},"primaryImageOfPage":{"@id":"https:\/\/portaltela.pt\/noticias\/2026\/04\/29\/aprenda-a-confecionar-anho-assado-com-o-chef-antonio-amorim\/#primaryimage"},"image":{"@id":"https:\/\/portaltela.pt\/noticias\/2026\/04\/29\/aprenda-a-confecionar-anho-assado-com-o-chef-antonio-amorim\/#primaryimage"},"thumbnailUrl":"https:\/\/portaltela.pt\/s.01k8rhncp4jt1\/2026\/04\/img_1280x722uu2026-04-29-17-05-19-2281876.jpg","datePublished":"2026-04-29T16:17:57+00:00","author":{"@id":"https:\/\/portaltela.pt\/#\/schema\/person\/c4278d4a6028830caff9ee44b42d32ed"},"breadcrumb":{"@id":"https:\/\/portaltela.pt\/noticias\/2026\/04\/29\/aprenda-a-confecionar-anho-assado-com-o-chef-antonio-amorim\/#breadcrumb"},"inLanguage":"pt-PT","potentialAction":[{"@type":"ReadAction","target":["https:\/\/portaltela.pt\/noticias\/2026\/04\/29\/aprenda-a-confecionar-anho-assado-com-o-chef-antonio-amorim\/"]}]},{"@type":"ImageObject","inLanguage":"pt-PT","@id":"https:\/\/portaltela.pt\/noticias\/2026\/04\/29\/aprenda-a-confecionar-anho-assado-com-o-chef-antonio-amorim\/#primaryimage","url":"https:\/\/portaltela.pt\/s.01k8rhncp4jt1\/2026\/04\/img_1280x722uu2026-04-29-17-05-19-2281876.jpg","contentUrl":"https:\/\/portaltela.pt\/s.01k8rhncp4jt1\/2026\/04\/img_1280x722uu2026-04-29-17-05-19-2281876.jpg","width":796,"height":448,"caption":"Imagem de Anho Assado"},{"@type":"BreadcrumbList","@id":"https:\/\/portaltela.pt\/noticias\/2026\/04\/29\/aprenda-a-confecionar-anho-assado-com-o-chef-antonio-amorim\/#breadcrumb","itemListElement":[{"@type":"ListItem","position":1,"name":"In\u00edcio","item":"https:\/\/portaltela.pt\/"},{"@type":"ListItem","position":2,"name":"Aprenda a confecionar Anho Assado com o chef Ant\u00f3nio Amorim"}]},{"@type":"WebSite","@id":"https:\/\/portaltela.pt\/#website","url":"https:\/\/portaltela.pt\/","name":"Portal Tela Portugal","description":"","potentialAction":[{"@type":"SearchAction","target":{"@type":"EntryPoint","urlTemplate":"https:\/\/portaltela.pt\/?s={search_term_string}"},"query-input":{"@type":"PropertyValueSpecification","valueRequired":true,"valueName":"search_term_string"}}],"inLanguage":"pt-PT"},{"@type":"Person","@id":"https:\/\/portaltela.pt\/#\/schema\/person\/c4278d4a6028830caff9ee44b42d32ed","name":"Telinha","image":{"@type":"ImageObject","inLanguage":"pt-PT","@id":"https:\/\/portaltela.pt\/s.01k8rhncp4jt1\/2025\/11\/talking-bot-125x125.png","url":"https:\/\/portaltela.pt\/s.01k8rhncp4jt1\/2025\/11\/talking-bot-125x125.png","contentUrl":"https:\/\/portaltela.pt\/s.01k8rhncp4jt1\/2025\/11\/talking-bot-125x125.png","caption":"Telinha"},"sameAs":["https:\/\/portaltela.pt\/"],"url":"https:\/\/portaltela.pt\/por\/367410592786\/"}]}},"_links":{"self":[{"href":"https:\/\/portaltela.pt\/api\/wp\/v2\/posts\/461200","targetHints":{"allow":["GET"]}}],"collection":[{"href":"https:\/\/portaltela.pt\/api\/wp\/v2\/posts"}],"about":[{"href":"https:\/\/portaltela.pt\/api\/wp\/v2\/types\/post"}],"author":[{"embeddable":true,"href":"https:\/\/portaltela.pt\/api\/wp\/v2\/users\/2"}],"replies":[{"embeddable":true,"href":"https:\/\/portaltela.pt\/api\/wp\/v2\/comments?post=461200"}],"version-history":[{"count":0,"href":"https:\/\/portaltela.pt\/api\/wp\/v2\/posts\/461200\/revisions"}],"wp:featuredmedia":[{"embeddable":true,"href":"https:\/\/portaltela.pt\/api\/wp\/v2\/media\/461208"}],"wp:attachment":[{"href":"https:\/\/portaltela.pt\/api\/wp\/v2\/media?parent=461200"}],"wp:term":[{"taxonomy":"category","embeddable":true,"href":"https:\/\/portaltela.pt\/api\/wp\/v2\/categories?post=461200"},{"taxonomy":"post_tag","embeddable":true,"href":"https:\/\/portaltela.pt\/api\/wp\/v2\/tags?post=461200"}],"curies":[{"name":"wp","href":"https:\/\/api.w.org\/{rel}","templated":true}]}}