{"id":461196,"date":"2026-04-29T13:17:56","date_gmt":"2026-04-29T16:17:56","guid":{"rendered":"https:\/\/portaltela.pt\/noticias\/2026\/04\/29\/enterro-em-aveiro-causa-cortes-de-estrada-e-desvios-de-autocarros\/"},"modified":"2026-04-29T13:17:56","modified_gmt":"2026-04-29T16:17:56","slug":"enterro-em-aveiro-causa-cortes-de-estrada-e-desvios-de-autocarros","status":"publish","type":"post","link":"https:\/\/portaltela.pt\/curiosidades\/2026\/04\/29\/enterro-em-aveiro-causa-cortes-de-estrada-e-desvios-de-autocarros\/","title":{"rendered":"Enterro em Aveiro causa cortes de estrada e desvios de autocarros"},"content":{"rendered":"<p>O Enterro de Aveiro, marcado pela Semana do Enterro, come\u00e7a hoje \u00e0s 18h no Glic\u00ednias Plaza. O cortejo acad\u00e9mico segue pela zona central da cidade e termina no Cais da Fonte Nova, chegando \u00e0 noite. As altera\u00e7\u00f5es de tr\u00e2nsito decorrem at\u00e9 \u00e0s 2h da manh\u00e3 de amanh\u00e3.<\/p>\n<p>A organiza\u00e7\u00e3o aponta que v\u00e1rias vias ficar\u00e3o encerradas \u00e0 circula\u00e7\u00e3o \u00e0 medida que o cortejo avan\u00e7a. V\u00e3o ocorrer desvios de v\u00e1rias linhas de autocarro, afetando especialmente as zonas centrais entre Glic\u00ednias e Fonte Nova.<\/p>\n<p>A PSP informou que n\u00e3o ser\u00e1 poss\u00edvel aceder ao Glic\u00ednias pelas traseiras, devendo os automobilistas procurar sa\u00edda pela Rua Dom Frei Miguel de Bulh\u00f5es e Sousa. A sa\u00edda do F\u00f3rum Aveiro para a Rua do Batalh\u00e3o de Ca\u00e7adores ficar\u00e1 tamb\u00e9m interditada durante o desfile.<\/p>\n<h3>Altera\u00e7\u00f5es de circula\u00e7\u00e3o e paragens afetadas<\/h3>\n<p>Segundo a Busway, entre as 18h e as 2h, ficam desativadas diversas paragens nas imedia\u00e7\u00f5es, incluindo Rua Clube dos Galitos, Avenida de Santa Joana e Avenida Dr. Louren\u00e7o Peixinho \u2014 Capitania\/Oita e Ca\u00e7adores \u2014 Miseric\u00f3rdia\/S\u00e9.<\/p>\n<p>As linhas 16, 18, 19, 20, 33, 34, 36 e 37 da Busway ter\u00e3o o trajeto alterado na zona central, com desvios necess\u00e1rios para contornar o desfile.<\/p>\n<p>O cortejo \u00e9 um dos momentos altos da semana acad\u00e9mica de Aveiro, que se prolonga at\u00e9 sexta-feira. Milhares de estudantes percorrem as ruas, acompanhados por carros aleg\u00f3ricos, e atraem fam\u00edlias e amigos da Universidade de Aveiro.<\/p>\n","protected":false},"excerpt":{"rendered":"<ul>\n<li>O cortejo acad\u00e9mico de Aveiro come\u00e7a hoje, \u00e0s 18h, no Glic\u00ednias Plaza e termina no Cais da Fonte Nova, passando pela zona central da cidade.<\/li>\n<li>Vai causar constrangimentos na circula\u00e7\u00e3o at\u00e9 \u00e0s 2h da madrugada, com encerramento de v\u00e1rias vias e desvios de v\u00e1rias linhas de autocarros.<\/li>\n<li>Paragens desativadas entre as 18h e as 2h incluem Rua Clube dos Galitos, Avenida de Santa Joana, Avenida Dr. Louren\u00e7o Peixinho \u2013 Capitania\/Oita e Ca\u00e7adores \u2013 Miseric\u00f3rdia\/S\u00e9, entre outras.<\/li>\n<li>Linhas 16, 18, 19, 20, 33, 34, 36 e 37 da Busway ter\u00e3o o percurso na zona central alterado com desvios.<\/li>\n<li>A PSP recomenda evitar entradas pelo Glic\u00ednias pelas traseiras e sugere estacionamentos que permitam sa\u00edda pela Rua Dom Frei Miguel de Bulh\u00f5es e Sousa; a sa\u00edda do F\u00f3rum Aveiro para a Rua do Batalh\u00e3o de Ca\u00e7adores ficar\u00e1 interditada durante o desfile.<\/li>\n<\/ul>\n","protected":false},"author":2,"featured_media":461212,"comment_status":"closed","ping_status":"closed","sticky":false,"template":"","format":"standard","meta":{"footnotes":""},"categories":[7372,7384],"tags":[8696,8002,9160,9294,9064,8727],"class_list":["post-461196","post","type-post","status-publish","format-standard","has-post-thumbnail","hentry","category-comunidade","category-curiosidades","tag-_autocarros","tag-_aveiro","tag-_cais","tag-_deslocacoes","tag-_transporte-publico","tag-_vias-publicas"],"yoast_head":"<!-- This site is optimized with the Yoast SEO plugin v27.2 - https:\/\/yoast.com\/product\/yoast-seo-wordpress\/ -->\n<title>Enterro em Aveiro causa cortes de estrada e desvios de autocarros - Portal Tela Portugal<\/title>\n<meta name=\"robots\" content=\"index, follow, max-snippet:-1, max-image-preview:large, max-video-preview:-1\" \/>\n<meta property=\"og:locale\" content=\"pt_PT\" \/>\n<meta property=\"og:type\" content=\"article\" \/>\n<meta property=\"og:title\" content=\"Enterro em Aveiro causa cortes de estrada e desvios de autocarros - Portal Tela Portugal\" \/>\n<meta property=\"og:description\" content=\"O cortejo acad\u00e9mico de Aveiro come\u00e7a hoje, \u00e0s 18h, no Glic\u00ednias Plaza e termina no Cais da Fonte Nova, passando pela zona central da cidade. Vai causar constrangimentos na circula\u00e7\u00e3o at\u00e9 \u00e0s 2h da madrugada, com encerramento de v\u00e1rias vias e desvios de v\u00e1rias linhas de autocarros. Paragens desativadas entre as 18h e as 2h incluem Rua Clube dos Galitos, Avenida de Santa Joana, Avenida Dr. Louren\u00e7o Peixinho \u2013 Capitania\/Oita e Ca\u00e7adores \u2013 Miseric\u00f3rdia\/S\u00e9, entre outras. Linhas 16, 18, 19, 20, 33, 34, 36 e 37 da Busway ter\u00e3o o percurso na zona central alterado com desvios. A PSP recomenda evitar entradas pelo Glic\u00ednias pelas traseiras e sugere estacionamentos que permitam sa\u00edda pela Rua Dom Frei Miguel de Bulh\u00f5es e Sousa; a sa\u00edda do F\u00f3rum Aveiro para a Rua do Batalh\u00e3o de Ca\u00e7adores ficar\u00e1 interditada durante o desfile.\" \/>\n<meta property=\"og:url\" content=\"https:\/\/portaltela.pt\/noticias\/2026\/04\/29\/enterro-em-aveiro-causa-cortes-de-estrada-e-desvios-de-autocarros\/\" \/>\n<meta property=\"og:site_name\" content=\"Portal Tela Portugal\" \/>\n<meta property=\"article:published_time\" content=\"2026-04-29T16:17:56+00:00\" \/>\n<meta name=\"author\" content=\"Telinha\" \/>\n<meta name=\"twitter:card\" content=\"summary_large_image\" \/>\n<meta name=\"twitter:label1\" content=\"Escrito por\" \/>\n\t<meta name=\"twitter:data1\" content=\"Telinha\" \/>\n\t<meta name=\"twitter:label2\" content=\"Tempo estimado de leitura\" \/>\n\t<meta name=\"twitter:data2\" content=\"1 minuto\" \/>\n<script type=\"application\/ld+json\" class=\"yoast-schema-graph\">{\"@context\":\"https:\/\/schema.org\",\"@graph\":[{\"@type\":\"Article\",\"@id\":\"https:\/\/portaltela.pt\/noticias\/2026\/04\/29\/enterro-em-aveiro-causa-cortes-de-estrada-e-desvios-de-autocarros\/#article\",\"isPartOf\":{\"@id\":\"https:\/\/portaltela.pt\/noticias\/2026\/04\/29\/enterro-em-aveiro-causa-cortes-de-estrada-e-desvios-de-autocarros\/\"},\"author\":{\"name\":\"Telinha\",\"@id\":\"https:\/\/portaltela.pt\/#\/schema\/person\/c4278d4a6028830caff9ee44b42d32ed\"},\"headline\":\"Enterro em Aveiro causa cortes de estrada e desvios de autocarros\",\"datePublished\":\"2026-04-29T16:17:56+00:00\",\"mainEntityOfPage\":{\"@id\":\"https:\/\/portaltela.pt\/noticias\/2026\/04\/29\/enterro-em-aveiro-causa-cortes-de-estrada-e-desvios-de-autocarros\/\"},\"wordCount\":262,\"image\":{\"@id\":\"https:\/\/portaltela.pt\/noticias\/2026\/04\/29\/enterro-em-aveiro-causa-cortes-de-estrada-e-desvios-de-autocarros\/#primaryimage\"},\"thumbnailUrl\":\"https:\/\/portaltela.pt\/s.01k8rhncp4jt1\/2026\/04\/image-1664.jpg\",\"keywords\":[\"_autocarros\",\"_Aveiro\",\"_Cais\",\"_desloca\u00e7\u00f5es\",\"_transporte p\u00fablico\",\"_vias p\u00fablicas\"],\"articleSection\":[\"Comunidade\",\"Curiosidades\"],\"inLanguage\":\"pt-PT\"},{\"@type\":\"WebPage\",\"@id\":\"https:\/\/portaltela.pt\/noticias\/2026\/04\/29\/enterro-em-aveiro-causa-cortes-de-estrada-e-desvios-de-autocarros\/\",\"url\":\"https:\/\/portaltela.pt\/noticias\/2026\/04\/29\/enterro-em-aveiro-causa-cortes-de-estrada-e-desvios-de-autocarros\/\",\"name\":\"Enterro em Aveiro causa cortes de estrada e desvios de autocarros - Portal Tela Portugal\",\"isPartOf\":{\"@id\":\"https:\/\/portaltela.pt\/#website\"},\"primaryImageOfPage\":{\"@id\":\"https:\/\/portaltela.pt\/noticias\/2026\/04\/29\/enterro-em-aveiro-causa-cortes-de-estrada-e-desvios-de-autocarros\/#primaryimage\"},\"image\":{\"@id\":\"https:\/\/portaltela.pt\/noticias\/2026\/04\/29\/enterro-em-aveiro-causa-cortes-de-estrada-e-desvios-de-autocarros\/#primaryimage\"},\"thumbnailUrl\":\"https:\/\/portaltela.pt\/s.01k8rhncp4jt1\/2026\/04\/image-1664.jpg\",\"datePublished\":\"2026-04-29T16:17:56+00:00\",\"author\":{\"@id\":\"https:\/\/portaltela.pt\/#\/schema\/person\/c4278d4a6028830caff9ee44b42d32ed\"},\"breadcrumb\":{\"@id\":\"https:\/\/portaltela.pt\/noticias\/2026\/04\/29\/enterro-em-aveiro-causa-cortes-de-estrada-e-desvios-de-autocarros\/#breadcrumb\"},\"inLanguage\":\"pt-PT\",\"potentialAction\":[{\"@type\":\"ReadAction\",\"target\":[\"https:\/\/portaltela.pt\/noticias\/2026\/04\/29\/enterro-em-aveiro-causa-cortes-de-estrada-e-desvios-de-autocarros\/\"]}]},{\"@type\":\"ImageObject\",\"inLanguage\":\"pt-PT\",\"@id\":\"https:\/\/portaltela.pt\/noticias\/2026\/04\/29\/enterro-em-aveiro-causa-cortes-de-estrada-e-desvios-de-autocarros\/#primaryimage\",\"url\":\"https:\/\/portaltela.pt\/s.01k8rhncp4jt1\/2026\/04\/image-1664.jpg\",\"contentUrl\":\"https:\/\/portaltela.pt\/s.01k8rhncp4jt1\/2026\/04\/image-1664.jpg\",\"width\":796,\"height\":448,\"caption\":\"Estudantes da Universidade de Aveiro em festa\"},{\"@type\":\"BreadcrumbList\",\"@id\":\"https:\/\/portaltela.pt\/noticias\/2026\/04\/29\/enterro-em-aveiro-causa-cortes-de-estrada-e-desvios-de-autocarros\/#breadcrumb\",\"itemListElement\":[{\"@type\":\"ListItem\",\"position\":1,\"name\":\"In\u00edcio\",\"item\":\"https:\/\/portaltela.pt\/\"},{\"@type\":\"ListItem\",\"position\":2,\"name\":\"Enterro em Aveiro causa cortes de estrada e desvios de autocarros\"}]},{\"@type\":\"WebSite\",\"@id\":\"https:\/\/portaltela.pt\/#website\",\"url\":\"https:\/\/portaltela.pt\/\",\"name\":\"Portal Tela Portugal\",\"description\":\"\",\"potentialAction\":[{\"@type\":\"SearchAction\",\"target\":{\"@type\":\"EntryPoint\",\"urlTemplate\":\"https:\/\/portaltela.pt\/?s={search_term_string}\"},\"query-input\":{\"@type\":\"PropertyValueSpecification\",\"valueRequired\":true,\"valueName\":\"search_term_string\"}}],\"inLanguage\":\"pt-PT\"},{\"@type\":\"Person\",\"@id\":\"https:\/\/portaltela.pt\/#\/schema\/person\/c4278d4a6028830caff9ee44b42d32ed\",\"name\":\"Telinha\",\"image\":{\"@type\":\"ImageObject\",\"inLanguage\":\"pt-PT\",\"@id\":\"https:\/\/portaltela.pt\/s.01k8rhncp4jt1\/2025\/11\/talking-bot-125x125.png\",\"url\":\"https:\/\/portaltela.pt\/s.01k8rhncp4jt1\/2025\/11\/talking-bot-125x125.png\",\"contentUrl\":\"https:\/\/portaltela.pt\/s.01k8rhncp4jt1\/2025\/11\/talking-bot-125x125.png\",\"caption\":\"Telinha\"},\"sameAs\":[\"https:\/\/portaltela.pt\/\"],\"url\":\"https:\/\/portaltela.pt\/por\/367410592786\/\"}]}<\/script>\n<!-- \/ Yoast SEO plugin. -->","yoast_head_json":{"title":"Enterro em Aveiro causa cortes de estrada e desvios de autocarros - Portal Tela Portugal","robots":{"index":"index","follow":"follow","max-snippet":"max-snippet:-1","max-image-preview":"max-image-preview:large","max-video-preview":"max-video-preview:-1"},"og_locale":"pt_PT","og_type":"article","og_title":"Enterro em Aveiro causa cortes de estrada e desvios de autocarros - Portal Tela Portugal","og_description":"O cortejo acad\u00e9mico de Aveiro come\u00e7a hoje, \u00e0s 18h, no Glic\u00ednias Plaza e termina no Cais da Fonte Nova, passando pela zona central da cidade. Vai causar constrangimentos na circula\u00e7\u00e3o at\u00e9 \u00e0s 2h da madrugada, com encerramento de v\u00e1rias vias e desvios de v\u00e1rias linhas de autocarros. Paragens desativadas entre as 18h e as 2h incluem Rua Clube dos Galitos, Avenida de Santa Joana, Avenida Dr. Louren\u00e7o Peixinho \u2013 Capitania\/Oita e Ca\u00e7adores \u2013 Miseric\u00f3rdia\/S\u00e9, entre outras. Linhas 16, 18, 19, 20, 33, 34, 36 e 37 da Busway ter\u00e3o o percurso na zona central alterado com desvios. A PSP recomenda evitar entradas pelo Glic\u00ednias pelas traseiras e sugere estacionamentos que permitam sa\u00edda pela Rua Dom Frei Miguel de Bulh\u00f5es e Sousa; a sa\u00edda do F\u00f3rum Aveiro para a Rua do Batalh\u00e3o de Ca\u00e7adores ficar\u00e1 interditada durante o desfile.","og_url":"https:\/\/portaltela.pt\/noticias\/2026\/04\/29\/enterro-em-aveiro-causa-cortes-de-estrada-e-desvios-de-autocarros\/","og_site_name":"Portal Tela Portugal","article_published_time":"2026-04-29T16:17:56+00:00","author":"Telinha","twitter_card":"summary_large_image","twitter_misc":{"Escrito por":"Telinha","Tempo estimado de leitura":"1 minuto"},"schema":{"@context":"https:\/\/schema.org","@graph":[{"@type":"Article","@id":"https:\/\/portaltela.pt\/noticias\/2026\/04\/29\/enterro-em-aveiro-causa-cortes-de-estrada-e-desvios-de-autocarros\/#article","isPartOf":{"@id":"https:\/\/portaltela.pt\/noticias\/2026\/04\/29\/enterro-em-aveiro-causa-cortes-de-estrada-e-desvios-de-autocarros\/"},"author":{"name":"Telinha","@id":"https:\/\/portaltela.pt\/#\/schema\/person\/c4278d4a6028830caff9ee44b42d32ed"},"headline":"Enterro em Aveiro causa cortes de estrada e desvios de autocarros","datePublished":"2026-04-29T16:17:56+00:00","mainEntityOfPage":{"@id":"https:\/\/portaltela.pt\/noticias\/2026\/04\/29\/enterro-em-aveiro-causa-cortes-de-estrada-e-desvios-de-autocarros\/"},"wordCount":262,"image":{"@id":"https:\/\/portaltela.pt\/noticias\/2026\/04\/29\/enterro-em-aveiro-causa-cortes-de-estrada-e-desvios-de-autocarros\/#primaryimage"},"thumbnailUrl":"https:\/\/portaltela.pt\/s.01k8rhncp4jt1\/2026\/04\/image-1664.jpg","keywords":["_autocarros","_Aveiro","_Cais","_desloca\u00e7\u00f5es","_transporte p\u00fablico","_vias p\u00fablicas"],"articleSection":["Comunidade","Curiosidades"],"inLanguage":"pt-PT"},{"@type":"WebPage","@id":"https:\/\/portaltela.pt\/noticias\/2026\/04\/29\/enterro-em-aveiro-causa-cortes-de-estrada-e-desvios-de-autocarros\/","url":"https:\/\/portaltela.pt\/noticias\/2026\/04\/29\/enterro-em-aveiro-causa-cortes-de-estrada-e-desvios-de-autocarros\/","name":"Enterro em Aveiro causa cortes de estrada e desvios de autocarros - Portal Tela Portugal","isPartOf":{"@id":"https:\/\/portaltela.pt\/#website"},"primaryImageOfPage":{"@id":"https:\/\/portaltela.pt\/noticias\/2026\/04\/29\/enterro-em-aveiro-causa-cortes-de-estrada-e-desvios-de-autocarros\/#primaryimage"},"image":{"@id":"https:\/\/portaltela.pt\/noticias\/2026\/04\/29\/enterro-em-aveiro-causa-cortes-de-estrada-e-desvios-de-autocarros\/#primaryimage"},"thumbnailUrl":"https:\/\/portaltela.pt\/s.01k8rhncp4jt1\/2026\/04\/image-1664.jpg","datePublished":"2026-04-29T16:17:56+00:00","author":{"@id":"https:\/\/portaltela.pt\/#\/schema\/person\/c4278d4a6028830caff9ee44b42d32ed"},"breadcrumb":{"@id":"https:\/\/portaltela.pt\/noticias\/2026\/04\/29\/enterro-em-aveiro-causa-cortes-de-estrada-e-desvios-de-autocarros\/#breadcrumb"},"inLanguage":"pt-PT","potentialAction":[{"@type":"ReadAction","target":["https:\/\/portaltela.pt\/noticias\/2026\/04\/29\/enterro-em-aveiro-causa-cortes-de-estrada-e-desvios-de-autocarros\/"]}]},{"@type":"ImageObject","inLanguage":"pt-PT","@id":"https:\/\/portaltela.pt\/noticias\/2026\/04\/29\/enterro-em-aveiro-causa-cortes-de-estrada-e-desvios-de-autocarros\/#primaryimage","url":"https:\/\/portaltela.pt\/s.01k8rhncp4jt1\/2026\/04\/image-1664.jpg","contentUrl":"https:\/\/portaltela.pt\/s.01k8rhncp4jt1\/2026\/04\/image-1664.jpg","width":796,"height":448,"caption":"Estudantes da Universidade de Aveiro em festa"},{"@type":"BreadcrumbList","@id":"https:\/\/portaltela.pt\/noticias\/2026\/04\/29\/enterro-em-aveiro-causa-cortes-de-estrada-e-desvios-de-autocarros\/#breadcrumb","itemListElement":[{"@type":"ListItem","position":1,"name":"In\u00edcio","item":"https:\/\/portaltela.pt\/"},{"@type":"ListItem","position":2,"name":"Enterro em Aveiro causa cortes de estrada e desvios de autocarros"}]},{"@type":"WebSite","@id":"https:\/\/portaltela.pt\/#website","url":"https:\/\/portaltela.pt\/","name":"Portal Tela Portugal","description":"","potentialAction":[{"@type":"SearchAction","target":{"@type":"EntryPoint","urlTemplate":"https:\/\/portaltela.pt\/?s={search_term_string}"},"query-input":{"@type":"PropertyValueSpecification","valueRequired":true,"valueName":"search_term_string"}}],"inLanguage":"pt-PT"},{"@type":"Person","@id":"https:\/\/portaltela.pt\/#\/schema\/person\/c4278d4a6028830caff9ee44b42d32ed","name":"Telinha","image":{"@type":"ImageObject","inLanguage":"pt-PT","@id":"https:\/\/portaltela.pt\/s.01k8rhncp4jt1\/2025\/11\/talking-bot-125x125.png","url":"https:\/\/portaltela.pt\/s.01k8rhncp4jt1\/2025\/11\/talking-bot-125x125.png","contentUrl":"https:\/\/portaltela.pt\/s.01k8rhncp4jt1\/2025\/11\/talking-bot-125x125.png","caption":"Telinha"},"sameAs":["https:\/\/portaltela.pt\/"],"url":"https:\/\/portaltela.pt\/por\/367410592786\/"}]}},"_links":{"self":[{"href":"https:\/\/portaltela.pt\/api\/wp\/v2\/posts\/461196","targetHints":{"allow":["GET"]}}],"collection":[{"href":"https:\/\/portaltela.pt\/api\/wp\/v2\/posts"}],"about":[{"href":"https:\/\/portaltela.pt\/api\/wp\/v2\/types\/post"}],"author":[{"embeddable":true,"href":"https:\/\/portaltela.pt\/api\/wp\/v2\/users\/2"}],"replies":[{"embeddable":true,"href":"https:\/\/portaltela.pt\/api\/wp\/v2\/comments?post=461196"}],"version-history":[{"count":0,"href":"https:\/\/portaltela.pt\/api\/wp\/v2\/posts\/461196\/revisions"}],"wp:featuredmedia":[{"embeddable":true,"href":"https:\/\/portaltela.pt\/api\/wp\/v2\/media\/461212"}],"wp:attachment":[{"href":"https:\/\/portaltela.pt\/api\/wp\/v2\/media?parent=461196"}],"wp:term":[{"taxonomy":"category","embeddable":true,"href":"https:\/\/portaltela.pt\/api\/wp\/v2\/categories?post=461196"},{"taxonomy":"post_tag","embeddable":true,"href":"https:\/\/portaltela.pt\/api\/wp\/v2\/tags?post=461196"}],"curies":[{"name":"wp","href":"https:\/\/api.w.org\/{rel}","templated":true}]}}