{"id":461181,"date":"2026-04-29T08:03:38","date_gmt":"2026-04-29T11:03:38","guid":{"rendered":"https:\/\/portaltela.pt\/noticias\/2026\/04\/29\/medidas-para-reforcar-a-resiliencia-do-pais-ate-2034-saude-ensino-e-desastres\/"},"modified":"2026-04-29T08:03:38","modified_gmt":"2026-04-29T11:03:38","slug":"medidas-para-reforcar-a-resiliencia-do-pais-ate-2034-saude-ensino-e-desastres","status":"publish","type":"post","link":"https:\/\/portaltela.pt\/sociedade\/2026\/04\/29\/medidas-para-reforcar-a-resiliencia-do-pais-ate-2034-saude-ensino-e-desastres\/","title":{"rendered":"Medidas para refor\u00e7ar a resili\u00eancia do pa\u00eds at\u00e9 2034: sa\u00fade, ensino e desastres"},"content":{"rendered":"<p>O Governo est\u00e1 a avan\u00e7ar com o Plano de Transforma\u00e7\u00e3o, Recupera\u00e7\u00e3o e Resili\u00eancia (PTRR), com foco na energia, sa\u00fade, comunica\u00e7\u00f5es e ensino. O objetivo \u00e9 refor\u00e7ar a resposta a crises, criar redes mais resistentes e apoiar popula\u00e7\u00f5es vulner\u00e1veis at\u00e9 2034. O envelope global atinge 22,6 mil milh\u00f5es de euros, repartido entre fundos p\u00fablicos, financiamento privado e fundos europeus.<\/p>\n<p>O primeiro-ministro regressa ao Parlamento para debater o PTRR, num momento em que o pacote laboral ainda n\u00e3o est\u00e1 encerrado na concerta\u00e7\u00e3o social. O plano prev\u00ea nove anos de implementa\u00e7\u00e3o, com prioridade a infraestruturas cr\u00edticas e capacidade de preven\u00e7\u00e3o.<\/p>\n<h3>Refor\u00e7o das redes de energia, \u00e1gua e floresta<\/h3>\n<p>O PTRR dedica cerca de 4 mil milh\u00f5es de euros ao refor\u00e7o de eletricidade e g\u00e1s, visando maior redund\u00e2ncia e capacidade de resposta. A meta \u00e9 acelerar reposi\u00e7\u00f5es ap\u00f3s falhas e incentivar armazenamento de energia e redes de autoconsumo.<\/p>\n<p>Na \u00e1gua, prev\u00ea-se constru\u00e7\u00e3o de novas barragens, cria\u00e7\u00e3o de pequenas lagoas e reabilita\u00e7\u00e3o de rios e ribeiras. O objetivo \u00e9 refor\u00e7ar o abastecimento e reduzir riscos de cheias, complementando a gest\u00e3o florestal com foco na preven\u00e7\u00e3o de inc\u00eandios.<\/p>\n<p>Na \u00e1rea florestal, o plano aposta numa gest\u00e3o ativa, redu\u00e7\u00e3o de combust\u00edvel e controlo de esp\u00e9cies invasoras. A legisla\u00e7\u00e3o sobre risco s\u00edsmico \u00e9 revista, com modelo de co-responsabiliza\u00e7\u00e3o entre Estado e setor privado, para assegurar resili\u00eancia.<\/p>\n<h3>Fundo de cat\u00e1strofes naturais e s\u00edsmicas<\/h3>\n<p>Entre as medidas emblem\u00e1ticas est\u00e1 a cria\u00e7\u00e3o de um fundo com investimento inicial de 20 milh\u00f5es de euros. O objetivo \u00e9 responder aos preju\u00edzos de tempestades e \u00e0 baixa cobertura de seguros, especialmente no setor habitacional.<\/p>\n<p>O modelo inclui revis\u00e3o de regimes de seguros, introdu\u00e7\u00e3o de um seguro obrigat\u00f3rio para cat\u00e1strofes e sismos e um sistema de resili\u00eancia, solidariedade e preven\u00e7\u00e3o. O fundo articula-se com o setor segurador e reguladores para sustentabilidade financeira.<\/p>\n<h3>Comunica\u00e7\u00f5es de emerg\u00eancia nas freguesias<\/h3>\n<p>O programa Freguesias Ligadas, com 46 milh\u00f5es, visa dotar mais de tr\u00eas mil juntas de freguesia de meios de comunica\u00e7\u00e3o resilientes. Incluem-se telem\u00f3veis com liga\u00e7\u00e3o via sat\u00e9lite e equipamentos da rede SIRESP para manter contacto com prote\u00e7\u00e3o civil.<\/p>\n<p>Prev\u00ea-se ainda um roaming nacional de emerg\u00eancia para partilha de infraestruturas entre operadores, assegurando redund\u00e2ncia em situa\u00e7\u00f5es de falha de servi\u00e7o. O plano inclui planos de continuidade para operadoras.<\/p>\n<h3>Reserva nacional de medicamentos<\/h3>\n<p>Est\u00e1 prevista uma reserva nacional e regional de medicamentos e dispositivos m\u00e9dicos, com 70 milh\u00f5es de euros. A medida responde a fragilidades observadas durante crises clim\u00e1ticas e log\u00edsticas, assegurando abastecimento de bens essenciais.<\/p>\n<p>Inclui aquisi\u00e7\u00e3o centralizada, armazenamento estrat\u00e9gico e monitoriza\u00e7\u00e3o cont\u00ednua de stocks. H\u00e1 tamb\u00e9m articula\u00e7\u00e3o entre entidades do setor para manter terapias cr\u00edticas e disponibilidade de consum\u00edveis.<\/p>\n<h3>Georreferencia\u00e7\u00e3o de pessoas vulner\u00e1veis<\/h3>\n<p>O PTRR prev\u00ea um sistema nacional de georreferencia\u00e7\u00e3o, com 42 milh\u00f5es, para apoiar pessoas em situa\u00e7\u00e3o de vulnerabilidade. Dispositivos como pulseiras recolhem dados biom\u00e9tricos e enviam localiza\u00e7\u00e3o a servi\u00e7os de emerg\u00eancia.<\/p>\n<p>O foco s\u00e3o idosos isolados, pessoas com defici\u00eancia, dependentes e zonas com maior risco clim\u00e1tico. O Governo pretende preencher lacunas de prote\u00e7\u00e3o at\u00e9 2026, tendo em aten\u00e7\u00e3o o apag\u00e3o de 2025.<\/p>\n<h3>Reforma da emerg\u00eancia m\u00e9dica<\/h3>\n<p>A reforma da emerg\u00eancia m\u00e9dica envolve 90 milh\u00f5es para modernizar o INEM, com monitoriza\u00e7\u00e3o de dados cl\u00ednicos em tempo real e melhoria dos despachos. A iniciativa tamb\u00e9m atualiza protocolos e capacita equipas de resposta.<\/p>\n<p>Um investimento adicional de 277 milh\u00f5es duros a longo prazo visa refor\u00e7ar infraestruturas p\u00fablicas de sa\u00fade, com integra\u00e7\u00e3o de capacidades civis e militares e interoperabilidade cl\u00ednica.<\/p>\n<h3>Novas universidades e refor\u00e7o do superior<\/h3>\n<p>O Governo prop\u00f5e investir 150 milh\u00f5es na reorganiza\u00e7\u00e3o do ensino superior, consolidando a rela\u00e7\u00e3o com a inova\u00e7\u00e3o regional. Inclui a transforma\u00e7\u00e3o dos polit\u00e9cnicos de Leiria e Porto em novas universidades.<\/p>\n<p>Prev\u00ea-se tamb\u00e9m contratos-programa com institui\u00e7\u00f5es em regi\u00f5es de baixa densidade, mantendo infraestrutura educativa mais resistente e adaptada a fen\u00f3menos clim\u00e1ticos extremos. A execu\u00e7\u00e3o ocorre entre 2026 e 2034.<\/p>\n","protected":false},"excerpt":{"rendered":"<ul>\n<li>O Plano de Transforma\u00e7\u00e3o, Recupera\u00e7\u00e3o e Resili\u00eancia (PTRR) tem um envelope global de 22,6 mil milh\u00f5es de euros, com horizonte de nove anos, financiado por fundos p\u00fablicos nacionais, financiamento privado e fundos europeus.<\/li>\n<li>Destaca-se o refor\u00e7o das redes de energia, \u00e1gua e floresta, com verbas para modernizar infraestruturas e aumentar a resili\u00eancia a fen\u00f3menos extremos, incluindo barragens, armazenamentos e gest\u00e3o ativa da floresta.<\/li>\n<li>Cria-se um fundo de cat\u00e1strofes naturais e s\u00edsmicas, com investimento inicial de 20 milh\u00f5es de euros, para assegurar seguro obrigat\u00f3rio, regula\u00e7\u00e3o de seguros e resposta financeira sustent\u00e1vel.<\/li>\n<li>O programa Freguesias Ligadas investe 46 milh\u00f5es de euros para ligar mais de tr\u00eas mil juntas de freguesia a meios de comunica\u00e7\u00e3o resilientes, incluindo sat\u00e9lite e rede SIRESP, com roaming nacional para partilha de infraestruturas entre operadoras.<\/li>\n<li>A reforma da emerg\u00eancia m\u00e9dica est\u00e1 estimada em 90 milh\u00f5es de euros a curto prazo, com 277 milh\u00f5es de euros adicionais a longo prazo para requalificar infraestruturas de sa\u00fade e integrar capacidades civis e militares.<\/li>\n<\/ul>\n","protected":false},"author":2,"featured_media":461185,"comment_status":"closed","ping_status":"closed","sticky":false,"template":"","format":"standard","meta":{"footnotes":""},"categories":[6745,6871],"tags":[1503,4729,5215,163,6623,320],"class_list":["post-461181","post","type-post","status-publish","format-standard","has-post-thumbnail","hentry","category-saude","category-sociedade","tag-abastecimento-de-agua","tag-abastecimento-de-energia","tag-catastrofes-naturais","tag-educacao","tag-ensino-superior","tag-protecao-civil"],"yoast_head":"<!-- This site is optimized with the Yoast SEO plugin v27.2 - https:\/\/yoast.com\/product\/yoast-seo-wordpress\/ -->\n<title>Medidas para refor\u00e7ar a resili\u00eancia do pa\u00eds at\u00e9 2034: sa\u00fade, ensino e desastres - Portal Tela Portugal<\/title>\n<meta name=\"robots\" content=\"index, follow, max-snippet:-1, max-image-preview:large, max-video-preview:-1\" \/>\n<meta property=\"og:locale\" content=\"pt_PT\" \/>\n<meta property=\"og:type\" content=\"article\" \/>\n<meta property=\"og:title\" content=\"Medidas para refor\u00e7ar a resili\u00eancia do pa\u00eds at\u00e9 2034: sa\u00fade, ensino e desastres - Portal Tela Portugal\" \/>\n<meta property=\"og:description\" content=\"O Plano de Transforma\u00e7\u00e3o, Recupera\u00e7\u00e3o e Resili\u00eancia (PTRR) tem um envelope global de 22,6 mil milh\u00f5es de euros, com horizonte de nove anos, financiado por fundos p\u00fablicos nacionais, financiamento privado e fundos europeus. Destaca-se o refor\u00e7o das redes de energia, \u00e1gua e floresta, com verbas para modernizar infraestruturas e aumentar a resili\u00eancia a fen\u00f3menos extremos, incluindo barragens, armazenamentos e gest\u00e3o ativa da floresta. Cria-se um fundo de cat\u00e1strofes naturais e s\u00edsmicas, com investimento inicial de 20 milh\u00f5es de euros, para assegurar seguro obrigat\u00f3rio, regula\u00e7\u00e3o de seguros e resposta financeira sustent\u00e1vel. O programa Freguesias Ligadas investe 46 milh\u00f5es de euros para ligar mais de tr\u00eas mil juntas de freguesia a meios de comunica\u00e7\u00e3o resilientes, incluindo sat\u00e9lite e rede SIRESP, com roaming nacional para partilha de infraestruturas entre operadoras. A reforma da emerg\u00eancia m\u00e9dica est\u00e1 estimada em 90 milh\u00f5es de euros a curto prazo, com 277 milh\u00f5es de euros adicionais a longo prazo para requalificar infraestruturas de sa\u00fade e integrar capacidades civis e militares.\" \/>\n<meta property=\"og:url\" content=\"https:\/\/portaltela.pt\/noticias\/2026\/04\/29\/medidas-para-reforcar-a-resiliencia-do-pais-ate-2034-saude-ensino-e-desastres\/\" \/>\n<meta property=\"og:site_name\" content=\"Portal Tela Portugal\" \/>\n<meta property=\"article:published_time\" content=\"2026-04-29T11:03:38+00:00\" \/>\n<meta name=\"author\" content=\"Telinha\" \/>\n<meta name=\"twitter:card\" content=\"summary_large_image\" \/>\n<meta name=\"twitter:label1\" content=\"Escrito por\" \/>\n\t<meta name=\"twitter:data1\" content=\"Telinha\" \/>\n\t<meta name=\"twitter:label2\" content=\"Tempo estimado de leitura\" \/>\n\t<meta name=\"twitter:data2\" content=\"4 minutos\" \/>\n<script type=\"application\/ld+json\" class=\"yoast-schema-graph\">{\"@context\":\"https:\/\/schema.org\",\"@graph\":[{\"@type\":\"Article\",\"@id\":\"https:\/\/portaltela.pt\/noticias\/2026\/04\/29\/medidas-para-reforcar-a-resiliencia-do-pais-ate-2034-saude-ensino-e-desastres\/#article\",\"isPartOf\":{\"@id\":\"https:\/\/portaltela.pt\/noticias\/2026\/04\/29\/medidas-para-reforcar-a-resiliencia-do-pais-ate-2034-saude-ensino-e-desastres\/\"},\"author\":{\"name\":\"Telinha\",\"@id\":\"https:\/\/portaltela.pt\/#\/schema\/person\/c4278d4a6028830caff9ee44b42d32ed\"},\"headline\":\"Medidas para refor\u00e7ar a resili\u00eancia do pa\u00eds at\u00e9 2034: sa\u00fade, ensino e desastres\",\"datePublished\":\"2026-04-29T11:03:38+00:00\",\"mainEntityOfPage\":{\"@id\":\"https:\/\/portaltela.pt\/noticias\/2026\/04\/29\/medidas-para-reforcar-a-resiliencia-do-pais-ate-2034-saude-ensino-e-desastres\/\"},\"wordCount\":742,\"image\":{\"@id\":\"https:\/\/portaltela.pt\/noticias\/2026\/04\/29\/medidas-para-reforcar-a-resiliencia-do-pais-ate-2034-saude-ensino-e-desastres\/#primaryimage\"},\"thumbnailUrl\":\"https:\/\/portaltela.pt\/s.01k8rhncp4jt1\/2026\/04\/2084802.jpg\",\"keywords\":[\"abastecimento de \u00e1gua\",\"abastecimento de energia\",\"cat\u00e1strofes naturais\",\"educa\u00e7\u00e3o\",\"Ensino Superior\",\"prote\u00e7\u00e3o civil\"],\"articleSection\":[\"Sa\u00fade\",\"Sociedade\"],\"inLanguage\":\"pt-PT\"},{\"@type\":\"WebPage\",\"@id\":\"https:\/\/portaltela.pt\/noticias\/2026\/04\/29\/medidas-para-reforcar-a-resiliencia-do-pais-ate-2034-saude-ensino-e-desastres\/\",\"url\":\"https:\/\/portaltela.pt\/noticias\/2026\/04\/29\/medidas-para-reforcar-a-resiliencia-do-pais-ate-2034-saude-ensino-e-desastres\/\",\"name\":\"Medidas para refor\u00e7ar a resili\u00eancia do pa\u00eds at\u00e9 2034: sa\u00fade, ensino e desastres - Portal Tela Portugal\",\"isPartOf\":{\"@id\":\"https:\/\/portaltela.pt\/#website\"},\"primaryImageOfPage\":{\"@id\":\"https:\/\/portaltela.pt\/noticias\/2026\/04\/29\/medidas-para-reforcar-a-resiliencia-do-pais-ate-2034-saude-ensino-e-desastres\/#primaryimage\"},\"image\":{\"@id\":\"https:\/\/portaltela.pt\/noticias\/2026\/04\/29\/medidas-para-reforcar-a-resiliencia-do-pais-ate-2034-saude-ensino-e-desastres\/#primaryimage\"},\"thumbnailUrl\":\"https:\/\/portaltela.pt\/s.01k8rhncp4jt1\/2026\/04\/2084802.jpg\",\"datePublished\":\"2026-04-29T11:03:38+00:00\",\"author\":{\"@id\":\"https:\/\/portaltela.pt\/#\/schema\/person\/c4278d4a6028830caff9ee44b42d32ed\"},\"breadcrumb\":{\"@id\":\"https:\/\/portaltela.pt\/noticias\/2026\/04\/29\/medidas-para-reforcar-a-resiliencia-do-pais-ate-2034-saude-ensino-e-desastres\/#breadcrumb\"},\"inLanguage\":\"pt-PT\",\"potentialAction\":[{\"@type\":\"ReadAction\",\"target\":[\"https:\/\/portaltela.pt\/noticias\/2026\/04\/29\/medidas-para-reforcar-a-resiliencia-do-pais-ate-2034-saude-ensino-e-desastres\/\"]}]},{\"@type\":\"ImageObject\",\"inLanguage\":\"pt-PT\",\"@id\":\"https:\/\/portaltela.pt\/noticias\/2026\/04\/29\/medidas-para-reforcar-a-resiliencia-do-pais-ate-2034-saude-ensino-e-desastres\/#primaryimage\",\"url\":\"https:\/\/portaltela.pt\/s.01k8rhncp4jt1\/2026\/04\/2084802.jpg\",\"contentUrl\":\"https:\/\/portaltela.pt\/s.01k8rhncp4jt1\/2026\/04\/2084802.jpg\",\"width\":796,\"height\":448,\"caption\":\"Destrui\u00e7\u00e3o causada pela tempestade Kristin na praia de Vieira de Leiria\"},{\"@type\":\"BreadcrumbList\",\"@id\":\"https:\/\/portaltela.pt\/noticias\/2026\/04\/29\/medidas-para-reforcar-a-resiliencia-do-pais-ate-2034-saude-ensino-e-desastres\/#breadcrumb\",\"itemListElement\":[{\"@type\":\"ListItem\",\"position\":1,\"name\":\"In\u00edcio\",\"item\":\"https:\/\/portaltela.pt\/\"},{\"@type\":\"ListItem\",\"position\":2,\"name\":\"Medidas para refor\u00e7ar a resili\u00eancia do pa\u00eds at\u00e9 2034: sa\u00fade, ensino e desastres\"}]},{\"@type\":\"WebSite\",\"@id\":\"https:\/\/portaltela.pt\/#website\",\"url\":\"https:\/\/portaltela.pt\/\",\"name\":\"Portal Tela Portugal\",\"description\":\"\",\"potentialAction\":[{\"@type\":\"SearchAction\",\"target\":{\"@type\":\"EntryPoint\",\"urlTemplate\":\"https:\/\/portaltela.pt\/?s={search_term_string}\"},\"query-input\":{\"@type\":\"PropertyValueSpecification\",\"valueRequired\":true,\"valueName\":\"search_term_string\"}}],\"inLanguage\":\"pt-PT\"},{\"@type\":\"Person\",\"@id\":\"https:\/\/portaltela.pt\/#\/schema\/person\/c4278d4a6028830caff9ee44b42d32ed\",\"name\":\"Telinha\",\"image\":{\"@type\":\"ImageObject\",\"inLanguage\":\"pt-PT\",\"@id\":\"https:\/\/portaltela.pt\/s.01k8rhncp4jt1\/2025\/11\/talking-bot-125x125.png\",\"url\":\"https:\/\/portaltela.pt\/s.01k8rhncp4jt1\/2025\/11\/talking-bot-125x125.png\",\"contentUrl\":\"https:\/\/portaltela.pt\/s.01k8rhncp4jt1\/2025\/11\/talking-bot-125x125.png\",\"caption\":\"Telinha\"},\"sameAs\":[\"https:\/\/portaltela.pt\/\"],\"url\":\"https:\/\/portaltela.pt\/por\/367410592786\/\"}]}<\/script>\n<!-- \/ Yoast SEO plugin. -->","yoast_head_json":{"title":"Medidas para refor\u00e7ar a resili\u00eancia do pa\u00eds at\u00e9 2034: sa\u00fade, ensino e desastres - Portal Tela Portugal","robots":{"index":"index","follow":"follow","max-snippet":"max-snippet:-1","max-image-preview":"max-image-preview:large","max-video-preview":"max-video-preview:-1"},"og_locale":"pt_PT","og_type":"article","og_title":"Medidas para refor\u00e7ar a resili\u00eancia do pa\u00eds at\u00e9 2034: sa\u00fade, ensino e desastres - Portal Tela Portugal","og_description":"O Plano de Transforma\u00e7\u00e3o, Recupera\u00e7\u00e3o e Resili\u00eancia (PTRR) tem um envelope global de 22,6 mil milh\u00f5es de euros, com horizonte de nove anos, financiado por fundos p\u00fablicos nacionais, financiamento privado e fundos europeus. Destaca-se o refor\u00e7o das redes de energia, \u00e1gua e floresta, com verbas para modernizar infraestruturas e aumentar a resili\u00eancia a fen\u00f3menos extremos, incluindo barragens, armazenamentos e gest\u00e3o ativa da floresta. Cria-se um fundo de cat\u00e1strofes naturais e s\u00edsmicas, com investimento inicial de 20 milh\u00f5es de euros, para assegurar seguro obrigat\u00f3rio, regula\u00e7\u00e3o de seguros e resposta financeira sustent\u00e1vel. O programa Freguesias Ligadas investe 46 milh\u00f5es de euros para ligar mais de tr\u00eas mil juntas de freguesia a meios de comunica\u00e7\u00e3o resilientes, incluindo sat\u00e9lite e rede SIRESP, com roaming nacional para partilha de infraestruturas entre operadoras. A reforma da emerg\u00eancia m\u00e9dica est\u00e1 estimada em 90 milh\u00f5es de euros a curto prazo, com 277 milh\u00f5es de euros adicionais a longo prazo para requalificar infraestruturas de sa\u00fade e integrar capacidades civis e militares.","og_url":"https:\/\/portaltela.pt\/noticias\/2026\/04\/29\/medidas-para-reforcar-a-resiliencia-do-pais-ate-2034-saude-ensino-e-desastres\/","og_site_name":"Portal Tela Portugal","article_published_time":"2026-04-29T11:03:38+00:00","author":"Telinha","twitter_card":"summary_large_image","twitter_misc":{"Escrito por":"Telinha","Tempo estimado de leitura":"4 minutos"},"schema":{"@context":"https:\/\/schema.org","@graph":[{"@type":"Article","@id":"https:\/\/portaltela.pt\/noticias\/2026\/04\/29\/medidas-para-reforcar-a-resiliencia-do-pais-ate-2034-saude-ensino-e-desastres\/#article","isPartOf":{"@id":"https:\/\/portaltela.pt\/noticias\/2026\/04\/29\/medidas-para-reforcar-a-resiliencia-do-pais-ate-2034-saude-ensino-e-desastres\/"},"author":{"name":"Telinha","@id":"https:\/\/portaltela.pt\/#\/schema\/person\/c4278d4a6028830caff9ee44b42d32ed"},"headline":"Medidas para refor\u00e7ar a resili\u00eancia do pa\u00eds at\u00e9 2034: sa\u00fade, ensino e desastres","datePublished":"2026-04-29T11:03:38+00:00","mainEntityOfPage":{"@id":"https:\/\/portaltela.pt\/noticias\/2026\/04\/29\/medidas-para-reforcar-a-resiliencia-do-pais-ate-2034-saude-ensino-e-desastres\/"},"wordCount":742,"image":{"@id":"https:\/\/portaltela.pt\/noticias\/2026\/04\/29\/medidas-para-reforcar-a-resiliencia-do-pais-ate-2034-saude-ensino-e-desastres\/#primaryimage"},"thumbnailUrl":"https:\/\/portaltela.pt\/s.01k8rhncp4jt1\/2026\/04\/2084802.jpg","keywords":["abastecimento de \u00e1gua","abastecimento de energia","cat\u00e1strofes naturais","educa\u00e7\u00e3o","Ensino Superior","prote\u00e7\u00e3o civil"],"articleSection":["Sa\u00fade","Sociedade"],"inLanguage":"pt-PT"},{"@type":"WebPage","@id":"https:\/\/portaltela.pt\/noticias\/2026\/04\/29\/medidas-para-reforcar-a-resiliencia-do-pais-ate-2034-saude-ensino-e-desastres\/","url":"https:\/\/portaltela.pt\/noticias\/2026\/04\/29\/medidas-para-reforcar-a-resiliencia-do-pais-ate-2034-saude-ensino-e-desastres\/","name":"Medidas para refor\u00e7ar a resili\u00eancia do pa\u00eds at\u00e9 2034: sa\u00fade, ensino e desastres - Portal Tela Portugal","isPartOf":{"@id":"https:\/\/portaltela.pt\/#website"},"primaryImageOfPage":{"@id":"https:\/\/portaltela.pt\/noticias\/2026\/04\/29\/medidas-para-reforcar-a-resiliencia-do-pais-ate-2034-saude-ensino-e-desastres\/#primaryimage"},"image":{"@id":"https:\/\/portaltela.pt\/noticias\/2026\/04\/29\/medidas-para-reforcar-a-resiliencia-do-pais-ate-2034-saude-ensino-e-desastres\/#primaryimage"},"thumbnailUrl":"https:\/\/portaltela.pt\/s.01k8rhncp4jt1\/2026\/04\/2084802.jpg","datePublished":"2026-04-29T11:03:38+00:00","author":{"@id":"https:\/\/portaltela.pt\/#\/schema\/person\/c4278d4a6028830caff9ee44b42d32ed"},"breadcrumb":{"@id":"https:\/\/portaltela.pt\/noticias\/2026\/04\/29\/medidas-para-reforcar-a-resiliencia-do-pais-ate-2034-saude-ensino-e-desastres\/#breadcrumb"},"inLanguage":"pt-PT","potentialAction":[{"@type":"ReadAction","target":["https:\/\/portaltela.pt\/noticias\/2026\/04\/29\/medidas-para-reforcar-a-resiliencia-do-pais-ate-2034-saude-ensino-e-desastres\/"]}]},{"@type":"ImageObject","inLanguage":"pt-PT","@id":"https:\/\/portaltela.pt\/noticias\/2026\/04\/29\/medidas-para-reforcar-a-resiliencia-do-pais-ate-2034-saude-ensino-e-desastres\/#primaryimage","url":"https:\/\/portaltela.pt\/s.01k8rhncp4jt1\/2026\/04\/2084802.jpg","contentUrl":"https:\/\/portaltela.pt\/s.01k8rhncp4jt1\/2026\/04\/2084802.jpg","width":796,"height":448,"caption":"Destrui\u00e7\u00e3o causada pela tempestade Kristin na praia de Vieira de Leiria"},{"@type":"BreadcrumbList","@id":"https:\/\/portaltela.pt\/noticias\/2026\/04\/29\/medidas-para-reforcar-a-resiliencia-do-pais-ate-2034-saude-ensino-e-desastres\/#breadcrumb","itemListElement":[{"@type":"ListItem","position":1,"name":"In\u00edcio","item":"https:\/\/portaltela.pt\/"},{"@type":"ListItem","position":2,"name":"Medidas para refor\u00e7ar a resili\u00eancia do pa\u00eds at\u00e9 2034: sa\u00fade, ensino e desastres"}]},{"@type":"WebSite","@id":"https:\/\/portaltela.pt\/#website","url":"https:\/\/portaltela.pt\/","name":"Portal Tela Portugal","description":"","potentialAction":[{"@type":"SearchAction","target":{"@type":"EntryPoint","urlTemplate":"https:\/\/portaltela.pt\/?s={search_term_string}"},"query-input":{"@type":"PropertyValueSpecification","valueRequired":true,"valueName":"search_term_string"}}],"inLanguage":"pt-PT"},{"@type":"Person","@id":"https:\/\/portaltela.pt\/#\/schema\/person\/c4278d4a6028830caff9ee44b42d32ed","name":"Telinha","image":{"@type":"ImageObject","inLanguage":"pt-PT","@id":"https:\/\/portaltela.pt\/s.01k8rhncp4jt1\/2025\/11\/talking-bot-125x125.png","url":"https:\/\/portaltela.pt\/s.01k8rhncp4jt1\/2025\/11\/talking-bot-125x125.png","contentUrl":"https:\/\/portaltela.pt\/s.01k8rhncp4jt1\/2025\/11\/talking-bot-125x125.png","caption":"Telinha"},"sameAs":["https:\/\/portaltela.pt\/"],"url":"https:\/\/portaltela.pt\/por\/367410592786\/"}]}},"_links":{"self":[{"href":"https:\/\/portaltela.pt\/api\/wp\/v2\/posts\/461181","targetHints":{"allow":["GET"]}}],"collection":[{"href":"https:\/\/portaltela.pt\/api\/wp\/v2\/posts"}],"about":[{"href":"https:\/\/portaltela.pt\/api\/wp\/v2\/types\/post"}],"author":[{"embeddable":true,"href":"https:\/\/portaltela.pt\/api\/wp\/v2\/users\/2"}],"replies":[{"embeddable":true,"href":"https:\/\/portaltela.pt\/api\/wp\/v2\/comments?post=461181"}],"version-history":[{"count":0,"href":"https:\/\/portaltela.pt\/api\/wp\/v2\/posts\/461181\/revisions"}],"wp:featuredmedia":[{"embeddable":true,"href":"https:\/\/portaltela.pt\/api\/wp\/v2\/media\/461185"}],"wp:attachment":[{"href":"https:\/\/portaltela.pt\/api\/wp\/v2\/media?parent=461181"}],"wp:term":[{"taxonomy":"category","embeddable":true,"href":"https:\/\/portaltela.pt\/api\/wp\/v2\/categories?post=461181"},{"taxonomy":"post_tag","embeddable":true,"href":"https:\/\/portaltela.pt\/api\/wp\/v2\/tags?post=461181"}],"curies":[{"name":"wp","href":"https:\/\/api.w.org\/{rel}","templated":true}]}}