{"id":461173,"date":"2026-04-29T07:03:00","date_gmt":"2026-04-29T10:03:00","guid":{"rendered":"https:\/\/portaltela.pt\/noticias\/2026\/04\/29\/confianca-dos-consumidores-cai-em-abril-para-minimos-de-2023-clima-economico-sobe\/"},"modified":"2026-04-29T07:03:00","modified_gmt":"2026-04-29T10:03:00","slug":"confianca-dos-consumidores-cai-em-abril-para-minimos-de-2023-clima-economico-sobe","status":"publish","type":"post","link":"https:\/\/portaltela.pt\/noticias\/economia\/2026\/04\/29\/confianca-dos-consumidores-cai-em-abril-para-minimos-de-2023-clima-economico-sobe\/","title":{"rendered":"Confian\u00e7a dos consumidores cai em abril para m\u00ednimos de 2023, clima econ\u00f3mico sobe"},"content":{"rendered":"<p>O Instituto Nacional de Estat\u00edstica (INE) divulgou hoje dados sobre a confian\u00e7a dos consumidores em abril. O indicador caiu para n\u00edveis pr\u00f3ximos aos m\u00ednimos registados em 2023, destacando uma perda de optimismo entre os consumidores.<\/p>\n<p>Paralelamente, o INE reportou que o clima econ\u00f3mico apresentou uma subida. A evolu\u00e7\u00e3o contrasta com a varia\u00e7\u00e3o da confian\u00e7a do p\u00fablico, sugerindo um regime de recupera\u00e7\u00e3o em alguns componentes da atividade econ\u00f3mica.<\/p>\n<p>O conte\u00fado completo do relat\u00f3rio est\u00e1 dispon\u00edvel apenas para subscritores. A divulga\u00e7\u00e3o p\u00fablica resume as principais tend\u00eancias sem detalhar todos os subcomponentes do \u00edndice.<\/p>\n<h3>Dados do INE<\/h3>\n<p>De acordo com o instituto, a queda na confian\u00e7a ocorreu no m\u00eas de abril, em territ\u00f3rio nacional. O aumento do clima econ\u00f3mico \u00e9 referido pela institui\u00e7\u00e3o como uma subida, sem especificar o n\u00edvel de intensidade no resumo dispon\u00edvel ao p\u00fablico.<\/p>\n<p>Entre os envolvidos, destacam-se os consumidores e as fam\u00edlias portuguesas, bem como os analistas econ\u00f3micos que acompanham as leituras do INE. As informa\u00e7\u00f5es adicionais, t\u00e9cnicas e metodol\u00f3gicas, permanecem no relat\u00f3rio completo sujeito a subscri\u00e7\u00e3o.<\/p>\n","protected":false},"excerpt":{"rendered":"<ul>\n<li>Em abril, a confian\u00e7a dos consumidores caiu, atingindo m\u00ednimos de 2023, segundo o INE.<\/li>\n<li>O indicador de confian\u00e7a mostra recuo face ao m\u00eas anterior.<\/li>\n<li>Paralelamente, o clima econ\u00f3mico registou melhoria, segundo a mesma estat\u00edstica do INE.<\/li>\n<li>Os dados s\u00e3o disponibilizados pelo Instituto Nacional de Estat\u00edstica (INE).<\/li>\n<li>N\u00e3o foram inclu\u00eddos detalhes adicionais na divulga\u00e7\u00e3o dispon\u00edvel aos subscritores.<\/li>\n<\/ul>\n","protected":false},"author":2,"featured_media":461183,"comment_status":"closed","ping_status":"closed","sticky":false,"template":"","format":"standard","meta":{"footnotes":""},"categories":[2,6735],"tags":[7147,28,64,8682,5563,1014],"class_list":["post-461173","post","type-post","status-publish","format-standard","has-post-thumbnail","hentry","category-economia","category-negocios","tag-consumidores","tag-economia","tag-familia","tag-informacao-institucional","tag-informacao-publica","tag-portugal"],"yoast_head":"<!-- This site is optimized with the Yoast SEO plugin v27.2 - https:\/\/yoast.com\/product\/yoast-seo-wordpress\/ -->\n<title>Confian\u00e7a dos consumidores cai em abril para m\u00ednimos de 2023, clima econ\u00f3mico sobe - Portal Tela Portugal<\/title>\n<meta name=\"robots\" content=\"index, follow, max-snippet:-1, max-image-preview:large, max-video-preview:-1\" \/>\n<meta property=\"og:locale\" content=\"pt_PT\" \/>\n<meta property=\"og:type\" content=\"article\" \/>\n<meta property=\"og:title\" content=\"Confian\u00e7a dos consumidores cai em abril para m\u00ednimos de 2023, clima econ\u00f3mico sobe - Portal Tela Portugal\" \/>\n<meta property=\"og:description\" content=\"Em abril, a confian\u00e7a dos consumidores caiu, atingindo m\u00ednimos de 2023, segundo o INE. O indicador de confian\u00e7a mostra recuo face ao m\u00eas anterior. Paralelamente, o clima econ\u00f3mico registou melhoria, segundo a mesma estat\u00edstica do INE. Os dados s\u00e3o disponibilizados pelo Instituto Nacional de Estat\u00edstica (INE). N\u00e3o foram inclu\u00eddos detalhes adicionais na divulga\u00e7\u00e3o dispon\u00edvel aos subscritores.\" \/>\n<meta property=\"og:url\" content=\"https:\/\/portaltela.pt\/noticias\/2026\/04\/29\/confianca-dos-consumidores-cai-em-abril-para-minimos-de-2023-clima-economico-sobe\/\" \/>\n<meta property=\"og:site_name\" content=\"Portal Tela Portugal\" \/>\n<meta property=\"article:published_time\" content=\"2026-04-29T10:03:00+00:00\" \/>\n<meta name=\"author\" content=\"Telinha\" \/>\n<meta name=\"twitter:card\" content=\"summary_large_image\" \/>\n<meta name=\"twitter:label1\" content=\"Escrito por\" \/>\n\t<meta name=\"twitter:data1\" content=\"Telinha\" \/>\n\t<meta name=\"twitter:label2\" content=\"Tempo estimado de leitura\" \/>\n\t<meta name=\"twitter:data2\" content=\"1 minuto\" \/>\n<script type=\"application\/ld+json\" class=\"yoast-schema-graph\">{\"@context\":\"https:\/\/schema.org\",\"@graph\":[{\"@type\":\"Article\",\"@id\":\"https:\/\/portaltela.pt\/noticias\/2026\/04\/29\/confianca-dos-consumidores-cai-em-abril-para-minimos-de-2023-clima-economico-sobe\/#article\",\"isPartOf\":{\"@id\":\"https:\/\/portaltela.pt\/noticias\/2026\/04\/29\/confianca-dos-consumidores-cai-em-abril-para-minimos-de-2023-clima-economico-sobe\/\"},\"author\":{\"name\":\"Telinha\",\"@id\":\"https:\/\/portaltela.pt\/#\/schema\/person\/c4278d4a6028830caff9ee44b42d32ed\"},\"headline\":\"Confian\u00e7a dos consumidores cai em abril para m\u00ednimos de 2023, clima econ\u00f3mico sobe\",\"datePublished\":\"2026-04-29T10:03:00+00:00\",\"mainEntityOfPage\":{\"@id\":\"https:\/\/portaltela.pt\/noticias\/2026\/04\/29\/confianca-dos-consumidores-cai-em-abril-para-minimos-de-2023-clima-economico-sobe\/\"},\"wordCount\":214,\"image\":{\"@id\":\"https:\/\/portaltela.pt\/noticias\/2026\/04\/29\/confianca-dos-consumidores-cai-em-abril-para-minimos-de-2023-clima-economico-sobe\/#primaryimage\"},\"thumbnailUrl\":\"https:\/\/portaltela.pt\/s.01k8rhncp4jt1\/2026\/04\/CACHE_780X1200_ANALOG_WATERMARKED_9916346_1246677_11052021120023.jpg\",\"keywords\":[\"consumidores\",\"economia\",\"fam\u00edlia\",\"informa\u00e7\u00e3o institucional\",\"informa\u00e7\u00e3o p\u00fablica\",\"Portugal\"],\"articleSection\":[\"Economia\",\"Neg\u00f3cios\"],\"inLanguage\":\"pt-PT\"},{\"@type\":\"WebPage\",\"@id\":\"https:\/\/portaltela.pt\/noticias\/2026\/04\/29\/confianca-dos-consumidores-cai-em-abril-para-minimos-de-2023-clima-economico-sobe\/\",\"url\":\"https:\/\/portaltela.pt\/noticias\/2026\/04\/29\/confianca-dos-consumidores-cai-em-abril-para-minimos-de-2023-clima-economico-sobe\/\",\"name\":\"Confian\u00e7a dos consumidores cai em abril para m\u00ednimos de 2023, clima econ\u00f3mico sobe - Portal Tela Portugal\",\"isPartOf\":{\"@id\":\"https:\/\/portaltela.pt\/#website\"},\"primaryImageOfPage\":{\"@id\":\"https:\/\/portaltela.pt\/noticias\/2026\/04\/29\/confianca-dos-consumidores-cai-em-abril-para-minimos-de-2023-clima-economico-sobe\/#primaryimage\"},\"image\":{\"@id\":\"https:\/\/portaltela.pt\/noticias\/2026\/04\/29\/confianca-dos-consumidores-cai-em-abril-para-minimos-de-2023-clima-economico-sobe\/#primaryimage\"},\"thumbnailUrl\":\"https:\/\/portaltela.pt\/s.01k8rhncp4jt1\/2026\/04\/CACHE_780X1200_ANALOG_WATERMARKED_9916346_1246677_11052021120023.jpg\",\"datePublished\":\"2026-04-29T10:03:00+00:00\",\"author\":{\"@id\":\"https:\/\/portaltela.pt\/#\/schema\/person\/c4278d4a6028830caff9ee44b42d32ed\"},\"breadcrumb\":{\"@id\":\"https:\/\/portaltela.pt\/noticias\/2026\/04\/29\/confianca-dos-consumidores-cai-em-abril-para-minimos-de-2023-clima-economico-sobe\/#breadcrumb\"},\"inLanguage\":\"pt-PT\",\"potentialAction\":[{\"@type\":\"ReadAction\",\"target\":[\"https:\/\/portaltela.pt\/noticias\/2026\/04\/29\/confianca-dos-consumidores-cai-em-abril-para-minimos-de-2023-clima-economico-sobe\/\"]}]},{\"@type\":\"ImageObject\",\"inLanguage\":\"pt-PT\",\"@id\":\"https:\/\/portaltela.pt\/noticias\/2026\/04\/29\/confianca-dos-consumidores-cai-em-abril-para-minimos-de-2023-clima-economico-sobe\/#primaryimage\",\"url\":\"https:\/\/portaltela.pt\/s.01k8rhncp4jt1\/2026\/04\/CACHE_780X1200_ANALOG_WATERMARKED_9916346_1246677_11052021120023.jpg\",\"contentUrl\":\"https:\/\/portaltela.pt\/s.01k8rhncp4jt1\/2026\/04\/CACHE_780X1200_ANALOG_WATERMARKED_9916346_1246677_11052021120023.jpg\",\"width\":796,\"height\":448,\"caption\":\"Confian\u00e7a dos consumidores cai em abril para m\u00ednimos de 2023 e clima econ\u00f3mico sobe - INE\"},{\"@type\":\"BreadcrumbList\",\"@id\":\"https:\/\/portaltela.pt\/noticias\/2026\/04\/29\/confianca-dos-consumidores-cai-em-abril-para-minimos-de-2023-clima-economico-sobe\/#breadcrumb\",\"itemListElement\":[{\"@type\":\"ListItem\",\"position\":1,\"name\":\"In\u00edcio\",\"item\":\"https:\/\/portaltela.pt\/\"},{\"@type\":\"ListItem\",\"position\":2,\"name\":\"Confian\u00e7a dos consumidores cai em abril para m\u00ednimos de 2023, clima econ\u00f3mico sobe\"}]},{\"@type\":\"WebSite\",\"@id\":\"https:\/\/portaltela.pt\/#website\",\"url\":\"https:\/\/portaltela.pt\/\",\"name\":\"Portal Tela Portugal\",\"description\":\"\",\"potentialAction\":[{\"@type\":\"SearchAction\",\"target\":{\"@type\":\"EntryPoint\",\"urlTemplate\":\"https:\/\/portaltela.pt\/?s={search_term_string}\"},\"query-input\":{\"@type\":\"PropertyValueSpecification\",\"valueRequired\":true,\"valueName\":\"search_term_string\"}}],\"inLanguage\":\"pt-PT\"},{\"@type\":\"Person\",\"@id\":\"https:\/\/portaltela.pt\/#\/schema\/person\/c4278d4a6028830caff9ee44b42d32ed\",\"name\":\"Telinha\",\"image\":{\"@type\":\"ImageObject\",\"inLanguage\":\"pt-PT\",\"@id\":\"https:\/\/portaltela.pt\/s.01k8rhncp4jt1\/2025\/11\/talking-bot-125x125.png\",\"url\":\"https:\/\/portaltela.pt\/s.01k8rhncp4jt1\/2025\/11\/talking-bot-125x125.png\",\"contentUrl\":\"https:\/\/portaltela.pt\/s.01k8rhncp4jt1\/2025\/11\/talking-bot-125x125.png\",\"caption\":\"Telinha\"},\"sameAs\":[\"https:\/\/portaltela.pt\/\"],\"url\":\"https:\/\/portaltela.pt\/por\/367410592786\/\"}]}<\/script>\n<!-- \/ Yoast SEO plugin. -->","yoast_head_json":{"title":"Confian\u00e7a dos consumidores cai em abril para m\u00ednimos de 2023, clima econ\u00f3mico sobe - Portal Tela Portugal","robots":{"index":"index","follow":"follow","max-snippet":"max-snippet:-1","max-image-preview":"max-image-preview:large","max-video-preview":"max-video-preview:-1"},"og_locale":"pt_PT","og_type":"article","og_title":"Confian\u00e7a dos consumidores cai em abril para m\u00ednimos de 2023, clima econ\u00f3mico sobe - Portal Tela Portugal","og_description":"Em abril, a confian\u00e7a dos consumidores caiu, atingindo m\u00ednimos de 2023, segundo o INE. O indicador de confian\u00e7a mostra recuo face ao m\u00eas anterior. Paralelamente, o clima econ\u00f3mico registou melhoria, segundo a mesma estat\u00edstica do INE. Os dados s\u00e3o disponibilizados pelo Instituto Nacional de Estat\u00edstica (INE). N\u00e3o foram inclu\u00eddos detalhes adicionais na divulga\u00e7\u00e3o dispon\u00edvel aos subscritores.","og_url":"https:\/\/portaltela.pt\/noticias\/2026\/04\/29\/confianca-dos-consumidores-cai-em-abril-para-minimos-de-2023-clima-economico-sobe\/","og_site_name":"Portal Tela Portugal","article_published_time":"2026-04-29T10:03:00+00:00","author":"Telinha","twitter_card":"summary_large_image","twitter_misc":{"Escrito por":"Telinha","Tempo estimado de leitura":"1 minuto"},"schema":{"@context":"https:\/\/schema.org","@graph":[{"@type":"Article","@id":"https:\/\/portaltela.pt\/noticias\/2026\/04\/29\/confianca-dos-consumidores-cai-em-abril-para-minimos-de-2023-clima-economico-sobe\/#article","isPartOf":{"@id":"https:\/\/portaltela.pt\/noticias\/2026\/04\/29\/confianca-dos-consumidores-cai-em-abril-para-minimos-de-2023-clima-economico-sobe\/"},"author":{"name":"Telinha","@id":"https:\/\/portaltela.pt\/#\/schema\/person\/c4278d4a6028830caff9ee44b42d32ed"},"headline":"Confian\u00e7a dos consumidores cai em abril para m\u00ednimos de 2023, clima econ\u00f3mico sobe","datePublished":"2026-04-29T10:03:00+00:00","mainEntityOfPage":{"@id":"https:\/\/portaltela.pt\/noticias\/2026\/04\/29\/confianca-dos-consumidores-cai-em-abril-para-minimos-de-2023-clima-economico-sobe\/"},"wordCount":214,"image":{"@id":"https:\/\/portaltela.pt\/noticias\/2026\/04\/29\/confianca-dos-consumidores-cai-em-abril-para-minimos-de-2023-clima-economico-sobe\/#primaryimage"},"thumbnailUrl":"https:\/\/portaltela.pt\/s.01k8rhncp4jt1\/2026\/04\/CACHE_780X1200_ANALOG_WATERMARKED_9916346_1246677_11052021120023.jpg","keywords":["consumidores","economia","fam\u00edlia","informa\u00e7\u00e3o institucional","informa\u00e7\u00e3o p\u00fablica","Portugal"],"articleSection":["Economia","Neg\u00f3cios"],"inLanguage":"pt-PT"},{"@type":"WebPage","@id":"https:\/\/portaltela.pt\/noticias\/2026\/04\/29\/confianca-dos-consumidores-cai-em-abril-para-minimos-de-2023-clima-economico-sobe\/","url":"https:\/\/portaltela.pt\/noticias\/2026\/04\/29\/confianca-dos-consumidores-cai-em-abril-para-minimos-de-2023-clima-economico-sobe\/","name":"Confian\u00e7a dos consumidores cai em abril para m\u00ednimos de 2023, clima econ\u00f3mico sobe - Portal Tela Portugal","isPartOf":{"@id":"https:\/\/portaltela.pt\/#website"},"primaryImageOfPage":{"@id":"https:\/\/portaltela.pt\/noticias\/2026\/04\/29\/confianca-dos-consumidores-cai-em-abril-para-minimos-de-2023-clima-economico-sobe\/#primaryimage"},"image":{"@id":"https:\/\/portaltela.pt\/noticias\/2026\/04\/29\/confianca-dos-consumidores-cai-em-abril-para-minimos-de-2023-clima-economico-sobe\/#primaryimage"},"thumbnailUrl":"https:\/\/portaltela.pt\/s.01k8rhncp4jt1\/2026\/04\/CACHE_780X1200_ANALOG_WATERMARKED_9916346_1246677_11052021120023.jpg","datePublished":"2026-04-29T10:03:00+00:00","author":{"@id":"https:\/\/portaltela.pt\/#\/schema\/person\/c4278d4a6028830caff9ee44b42d32ed"},"breadcrumb":{"@id":"https:\/\/portaltela.pt\/noticias\/2026\/04\/29\/confianca-dos-consumidores-cai-em-abril-para-minimos-de-2023-clima-economico-sobe\/#breadcrumb"},"inLanguage":"pt-PT","potentialAction":[{"@type":"ReadAction","target":["https:\/\/portaltela.pt\/noticias\/2026\/04\/29\/confianca-dos-consumidores-cai-em-abril-para-minimos-de-2023-clima-economico-sobe\/"]}]},{"@type":"ImageObject","inLanguage":"pt-PT","@id":"https:\/\/portaltela.pt\/noticias\/2026\/04\/29\/confianca-dos-consumidores-cai-em-abril-para-minimos-de-2023-clima-economico-sobe\/#primaryimage","url":"https:\/\/portaltela.pt\/s.01k8rhncp4jt1\/2026\/04\/CACHE_780X1200_ANALOG_WATERMARKED_9916346_1246677_11052021120023.jpg","contentUrl":"https:\/\/portaltela.pt\/s.01k8rhncp4jt1\/2026\/04\/CACHE_780X1200_ANALOG_WATERMARKED_9916346_1246677_11052021120023.jpg","width":796,"height":448,"caption":"Confian\u00e7a dos consumidores cai em abril para m\u00ednimos de 2023 e clima econ\u00f3mico sobe - INE"},{"@type":"BreadcrumbList","@id":"https:\/\/portaltela.pt\/noticias\/2026\/04\/29\/confianca-dos-consumidores-cai-em-abril-para-minimos-de-2023-clima-economico-sobe\/#breadcrumb","itemListElement":[{"@type":"ListItem","position":1,"name":"In\u00edcio","item":"https:\/\/portaltela.pt\/"},{"@type":"ListItem","position":2,"name":"Confian\u00e7a dos consumidores cai em abril para m\u00ednimos de 2023, clima econ\u00f3mico sobe"}]},{"@type":"WebSite","@id":"https:\/\/portaltela.pt\/#website","url":"https:\/\/portaltela.pt\/","name":"Portal Tela Portugal","description":"","potentialAction":[{"@type":"SearchAction","target":{"@type":"EntryPoint","urlTemplate":"https:\/\/portaltela.pt\/?s={search_term_string}"},"query-input":{"@type":"PropertyValueSpecification","valueRequired":true,"valueName":"search_term_string"}}],"inLanguage":"pt-PT"},{"@type":"Person","@id":"https:\/\/portaltela.pt\/#\/schema\/person\/c4278d4a6028830caff9ee44b42d32ed","name":"Telinha","image":{"@type":"ImageObject","inLanguage":"pt-PT","@id":"https:\/\/portaltela.pt\/s.01k8rhncp4jt1\/2025\/11\/talking-bot-125x125.png","url":"https:\/\/portaltela.pt\/s.01k8rhncp4jt1\/2025\/11\/talking-bot-125x125.png","contentUrl":"https:\/\/portaltela.pt\/s.01k8rhncp4jt1\/2025\/11\/talking-bot-125x125.png","caption":"Telinha"},"sameAs":["https:\/\/portaltela.pt\/"],"url":"https:\/\/portaltela.pt\/por\/367410592786\/"}]}},"_links":{"self":[{"href":"https:\/\/portaltela.pt\/api\/wp\/v2\/posts\/461173","targetHints":{"allow":["GET"]}}],"collection":[{"href":"https:\/\/portaltela.pt\/api\/wp\/v2\/posts"}],"about":[{"href":"https:\/\/portaltela.pt\/api\/wp\/v2\/types\/post"}],"author":[{"embeddable":true,"href":"https:\/\/portaltela.pt\/api\/wp\/v2\/users\/2"}],"replies":[{"embeddable":true,"href":"https:\/\/portaltela.pt\/api\/wp\/v2\/comments?post=461173"}],"version-history":[{"count":0,"href":"https:\/\/portaltela.pt\/api\/wp\/v2\/posts\/461173\/revisions"}],"wp:featuredmedia":[{"embeddable":true,"href":"https:\/\/portaltela.pt\/api\/wp\/v2\/media\/461183"}],"wp:attachment":[{"href":"https:\/\/portaltela.pt\/api\/wp\/v2\/media?parent=461173"}],"wp:term":[{"taxonomy":"category","embeddable":true,"href":"https:\/\/portaltela.pt\/api\/wp\/v2\/categories?post=461173"},{"taxonomy":"post_tag","embeddable":true,"href":"https:\/\/portaltela.pt\/api\/wp\/v2\/tags?post=461173"}],"curies":[{"name":"wp","href":"https:\/\/api.w.org\/{rel}","templated":true}]}}