{"id":461171,"date":"2026-04-29T08:03:29","date_gmt":"2026-04-29T11:03:29","guid":{"rendered":"https:\/\/portaltela.pt\/noticias\/2026\/04\/29\/jose-luis-carneiro-no-ola-bom-dia-e-deu-toques-na-bola\/"},"modified":"2026-04-29T08:03:29","modified_gmt":"2026-04-29T11:03:29","slug":"jose-luis-carneiro-no-ola-bom-dia-e-deu-toques-na-bola","status":"publish","type":"post","link":"https:\/\/portaltela.pt\/sociedade\/2026\/04\/29\/jose-luis-carneiro-no-ola-bom-dia-e-deu-toques-na-bola\/","title":{"rendered":"Jos\u00e9 Lu\u00eds Carneiro no Ol\u00e1, Bom Dia! e deu toques na bola"},"content":{"rendered":"<p>Jos\u00e9 Lu\u00eds Carneiro, secret\u00e1rio-geral do PS, participou no programa Ol\u00e1, Bom dia! na manh\u00e3 desta quarta-feira. O pol\u00edtico explicou que, ao longo da sua vida, n\u00e3o imaginava chegar a secret\u00e1rio-geral.<\/p>\n<p>Durante a entrevista, o dirigente destacou o mais recente livro, intitulado Vencer os Tempos, dedicado \u00e0 esposa e aos filhos. O foco central da obra \u00e9 a import\u00e2ncia da fam\u00edlia na forma\u00e7\u00e3o do indiv\u00edduo e na defesa de uma vida livre, com um tronco comum para voltar sempre.<\/p>\n<p>O convidado revelou ainda que, ap\u00f3s terminar a forma\u00e7\u00e3o, pensou numa poss\u00edvel carreira diplom\u00e1tica, mas a vida seguiu rumo \u00e0 pol\u00edtica. \u00c9 licenciado em Rela\u00e7\u00f5es Internacionais, mestre em Estudos Africanos e doutorado em Ci\u00eancia Pol\u00edtica e Administra\u00e7\u00e3o pelo ISCSP, da Universidade de Lisboa.<\/p>\n<h3>Livro e percurso<\/h3>\n<p>No di\u00e1logo, Carneiro falou sobre a liga\u00e7\u00e3o entre a sua forma\u00e7\u00e3o acad\u00e9mica e o compromisso com o bem comum, sublinhando a entrega c\u00edvica que o guiou ao longo da carreira. O pol\u00edtico tamb\u00e9m falou sobre um sonho infantil de inf\u00e2ncia que n\u00e3o chegou a tornar-se realidade profissional no futebol.<\/p>\n<p>O chefe de cozinha Ant\u00f3nio Amorim revelou, no programa, que o prato favorito do pol\u00edtico de 54 anos \u00e9 arroz de forno com anho assado. A conversa incluiu ainda mem\u00f3rias de Bai\u00e3o, cidade natal do secret\u00e1rio-geral, onde cresceu e partilhou valores.<\/p>\n<p>Concluiu, a partir das lembran\u00e7as de inf\u00e2ncia, que \u00e9 fundamental contribuir para a vida dos outros. Carneiro refor\u00e7ou a ideia de que \u00e9 poss\u00edvel manter um rumo est\u00e1vel enquanto se persigam projetos de interesse p\u00fablico.<\/p>\n","protected":false},"excerpt":{"rendered":"<ul>\n<li>O secret\u00e1rio-geral do PS, Jos\u00e9 Lu\u00eds Carneiro, participou no programa Ol\u00e1, Bom Dia na manh\u00e3 de quarta-feira.<\/li>\n<li>Falou do livro &#8220;Vencer os Tempos&#8221;, dedicado \u00e0 esposa e aos filhos, destacando o papel da fam\u00edlia.<\/li>\n<li>Revelou que pensou em carreira diplom\u00e1tica ap\u00f3s a forma\u00e7\u00e3o, mas a vida mudou para a pol\u00edtica; \u00e9 licenciado em Rela\u00e7\u00f5es Internacionais, Mestre em Estudos Africanos e Doutoramento em Ci\u00eancia Pol\u00edtica e Administra\u00e7\u00e3o no Instituto Superior de Ci\u00eancias Sociais e Pol\u00edticas da Universidade de Lisboa.<\/li>\n<li>Foi desafiado a dar toques na bola, recordando o sonho de crian\u00e7a de seguir carreira futebol\u00edstica.<\/li>\n<li>O prato favorito do pol\u00edtico de cinquenta e quatro anos \u00e9 arroz de forno com anho assado; \u00e9 natural de Bai\u00e3o.<\/li>\n<\/ul>\n","protected":false},"author":2,"featured_media":461175,"comment_status":"closed","ping_status":"closed","sticky":false,"template":"","format":"standard","meta":{"footnotes":""},"categories":[7384,6871],"tags":[1369,6101,2832,1014,2144,27],"class_list":["post-461171","post","type-post","status-publish","format-standard","has-post-thumbnail","hentry","category-curiosidades","category-sociedade","tag-baiao","tag-entrevistas","tag-politica","tag-portugal","tag-ps","tag-relacoes-internacionais"],"yoast_head":"<!-- This site is optimized with the Yoast SEO plugin v27.2 - https:\/\/yoast.com\/product\/yoast-seo-wordpress\/ -->\n<title>Jos\u00e9 Lu\u00eds Carneiro no Ol\u00e1, Bom Dia! e deu toques na bola - Portal Tela Portugal<\/title>\n<meta name=\"robots\" content=\"index, follow, max-snippet:-1, max-image-preview:large, max-video-preview:-1\" \/>\n<meta property=\"og:locale\" content=\"pt_PT\" \/>\n<meta property=\"og:type\" content=\"article\" \/>\n<meta property=\"og:title\" content=\"Jos\u00e9 Lu\u00eds Carneiro no Ol\u00e1, Bom Dia! e deu toques na bola - Portal Tela Portugal\" \/>\n<meta property=\"og:description\" content=\"O secret\u00e1rio-geral do PS, Jos\u00e9 Lu\u00eds Carneiro, participou no programa Ol\u00e1, Bom Dia na manh\u00e3 de quarta-feira. Falou do livro &quot;Vencer os Tempos&quot;, dedicado \u00e0 esposa e aos filhos, destacando o papel da fam\u00edlia. Revelou que pensou em carreira diplom\u00e1tica ap\u00f3s a forma\u00e7\u00e3o, mas a vida mudou para a pol\u00edtica; \u00e9 licenciado em Rela\u00e7\u00f5es Internacionais, Mestre em Estudos Africanos e Doutoramento em Ci\u00eancia Pol\u00edtica e Administra\u00e7\u00e3o no Instituto Superior de Ci\u00eancias Sociais e Pol\u00edticas da Universidade de Lisboa. Foi desafiado a dar toques na bola, recordando o sonho de crian\u00e7a de seguir carreira futebol\u00edstica. O prato favorito do pol\u00edtico de cinquenta e quatro anos \u00e9 arroz de forno com anho assado; \u00e9 natural de Bai\u00e3o.\" \/>\n<meta property=\"og:url\" content=\"https:\/\/portaltela.pt\/noticias\/2026\/04\/29\/jose-luis-carneiro-no-ola-bom-dia-e-deu-toques-na-bola\/\" \/>\n<meta property=\"og:site_name\" content=\"Portal Tela Portugal\" \/>\n<meta property=\"article:published_time\" content=\"2026-04-29T11:03:29+00:00\" \/>\n<meta name=\"author\" content=\"Telinha\" \/>\n<meta name=\"twitter:card\" content=\"summary_large_image\" \/>\n<meta name=\"twitter:label1\" content=\"Escrito por\" \/>\n\t<meta name=\"twitter:data1\" content=\"Telinha\" \/>\n\t<meta name=\"twitter:label2\" content=\"Tempo estimado de leitura\" \/>\n\t<meta name=\"twitter:data2\" content=\"1 minuto\" \/>\n<script type=\"application\/ld+json\" class=\"yoast-schema-graph\">{\"@context\":\"https:\/\/schema.org\",\"@graph\":[{\"@type\":\"Article\",\"@id\":\"https:\/\/portaltela.pt\/noticias\/2026\/04\/29\/jose-luis-carneiro-no-ola-bom-dia-e-deu-toques-na-bola\/#article\",\"isPartOf\":{\"@id\":\"https:\/\/portaltela.pt\/noticias\/2026\/04\/29\/jose-luis-carneiro-no-ola-bom-dia-e-deu-toques-na-bola\/\"},\"author\":{\"name\":\"Telinha\",\"@id\":\"https:\/\/portaltela.pt\/#\/schema\/person\/c4278d4a6028830caff9ee44b42d32ed\"},\"headline\":\"Jos\u00e9 Lu\u00eds Carneiro no Ol\u00e1, Bom Dia! e deu toques na bola\",\"datePublished\":\"2026-04-29T11:03:29+00:00\",\"mainEntityOfPage\":{\"@id\":\"https:\/\/portaltela.pt\/noticias\/2026\/04\/29\/jose-luis-carneiro-no-ola-bom-dia-e-deu-toques-na-bola\/\"},\"wordCount\":292,\"image\":{\"@id\":\"https:\/\/portaltela.pt\/noticias\/2026\/04\/29\/jose-luis-carneiro-no-ola-bom-dia-e-deu-toques-na-bola\/#primaryimage\"},\"thumbnailUrl\":\"https:\/\/portaltela.pt\/s.01k8rhncp4jt1\/2026\/04\/img_1280x721uu2026-04-29-11-30-59-2281777.jpg\",\"keywords\":[\"Bai\u00e3o\",\"entrevistas\",\"pol\u00edtica\",\"Portugal\",\"PS\",\"rela\u00e7\u00f5es internacionais\"],\"articleSection\":[\"Curiosidades\",\"Sociedade\"],\"inLanguage\":\"pt-PT\"},{\"@type\":\"WebPage\",\"@id\":\"https:\/\/portaltela.pt\/noticias\/2026\/04\/29\/jose-luis-carneiro-no-ola-bom-dia-e-deu-toques-na-bola\/\",\"url\":\"https:\/\/portaltela.pt\/noticias\/2026\/04\/29\/jose-luis-carneiro-no-ola-bom-dia-e-deu-toques-na-bola\/\",\"name\":\"Jos\u00e9 Lu\u00eds Carneiro no Ol\u00e1, Bom Dia! e deu toques na bola - Portal Tela Portugal\",\"isPartOf\":{\"@id\":\"https:\/\/portaltela.pt\/#website\"},\"primaryImageOfPage\":{\"@id\":\"https:\/\/portaltela.pt\/noticias\/2026\/04\/29\/jose-luis-carneiro-no-ola-bom-dia-e-deu-toques-na-bola\/#primaryimage\"},\"image\":{\"@id\":\"https:\/\/portaltela.pt\/noticias\/2026\/04\/29\/jose-luis-carneiro-no-ola-bom-dia-e-deu-toques-na-bola\/#primaryimage\"},\"thumbnailUrl\":\"https:\/\/portaltela.pt\/s.01k8rhncp4jt1\/2026\/04\/img_1280x721uu2026-04-29-11-30-59-2281777.jpg\",\"datePublished\":\"2026-04-29T11:03:29+00:00\",\"author\":{\"@id\":\"https:\/\/portaltela.pt\/#\/schema\/person\/c4278d4a6028830caff9ee44b42d32ed\"},\"breadcrumb\":{\"@id\":\"https:\/\/portaltela.pt\/noticias\/2026\/04\/29\/jose-luis-carneiro-no-ola-bom-dia-e-deu-toques-na-bola\/#breadcrumb\"},\"inLanguage\":\"pt-PT\",\"potentialAction\":[{\"@type\":\"ReadAction\",\"target\":[\"https:\/\/portaltela.pt\/noticias\/2026\/04\/29\/jose-luis-carneiro-no-ola-bom-dia-e-deu-toques-na-bola\/\"]}]},{\"@type\":\"ImageObject\",\"inLanguage\":\"pt-PT\",\"@id\":\"https:\/\/portaltela.pt\/noticias\/2026\/04\/29\/jose-luis-carneiro-no-ola-bom-dia-e-deu-toques-na-bola\/#primaryimage\",\"url\":\"https:\/\/portaltela.pt\/s.01k8rhncp4jt1\/2026\/04\/img_1280x721uu2026-04-29-11-30-59-2281777.jpg\",\"contentUrl\":\"https:\/\/portaltela.pt\/s.01k8rhncp4jt1\/2026\/04\/img_1280x721uu2026-04-29-11-30-59-2281777.jpg\",\"width\":796,\"height\":448,\"caption\":\"Photo\"},{\"@type\":\"BreadcrumbList\",\"@id\":\"https:\/\/portaltela.pt\/noticias\/2026\/04\/29\/jose-luis-carneiro-no-ola-bom-dia-e-deu-toques-na-bola\/#breadcrumb\",\"itemListElement\":[{\"@type\":\"ListItem\",\"position\":1,\"name\":\"In\u00edcio\",\"item\":\"https:\/\/portaltela.pt\/\"},{\"@type\":\"ListItem\",\"position\":2,\"name\":\"Jos\u00e9 Lu\u00eds Carneiro no Ol\u00e1, Bom Dia! e deu toques na bola\"}]},{\"@type\":\"WebSite\",\"@id\":\"https:\/\/portaltela.pt\/#website\",\"url\":\"https:\/\/portaltela.pt\/\",\"name\":\"Portal Tela Portugal\",\"description\":\"\",\"potentialAction\":[{\"@type\":\"SearchAction\",\"target\":{\"@type\":\"EntryPoint\",\"urlTemplate\":\"https:\/\/portaltela.pt\/?s={search_term_string}\"},\"query-input\":{\"@type\":\"PropertyValueSpecification\",\"valueRequired\":true,\"valueName\":\"search_term_string\"}}],\"inLanguage\":\"pt-PT\"},{\"@type\":\"Person\",\"@id\":\"https:\/\/portaltela.pt\/#\/schema\/person\/c4278d4a6028830caff9ee44b42d32ed\",\"name\":\"Telinha\",\"image\":{\"@type\":\"ImageObject\",\"inLanguage\":\"pt-PT\",\"@id\":\"https:\/\/portaltela.pt\/s.01k8rhncp4jt1\/2025\/11\/talking-bot-125x125.png\",\"url\":\"https:\/\/portaltela.pt\/s.01k8rhncp4jt1\/2025\/11\/talking-bot-125x125.png\",\"contentUrl\":\"https:\/\/portaltela.pt\/s.01k8rhncp4jt1\/2025\/11\/talking-bot-125x125.png\",\"caption\":\"Telinha\"},\"sameAs\":[\"https:\/\/portaltela.pt\/\"],\"url\":\"https:\/\/portaltela.pt\/por\/367410592786\/\"}]}<\/script>\n<!-- \/ Yoast SEO plugin. -->","yoast_head_json":{"title":"Jos\u00e9 Lu\u00eds Carneiro no Ol\u00e1, Bom Dia! e deu toques na bola - Portal Tela Portugal","robots":{"index":"index","follow":"follow","max-snippet":"max-snippet:-1","max-image-preview":"max-image-preview:large","max-video-preview":"max-video-preview:-1"},"og_locale":"pt_PT","og_type":"article","og_title":"Jos\u00e9 Lu\u00eds Carneiro no Ol\u00e1, Bom Dia! e deu toques na bola - Portal Tela Portugal","og_description":"O secret\u00e1rio-geral do PS, Jos\u00e9 Lu\u00eds Carneiro, participou no programa Ol\u00e1, Bom Dia na manh\u00e3 de quarta-feira. Falou do livro \"Vencer os Tempos\", dedicado \u00e0 esposa e aos filhos, destacando o papel da fam\u00edlia. Revelou que pensou em carreira diplom\u00e1tica ap\u00f3s a forma\u00e7\u00e3o, mas a vida mudou para a pol\u00edtica; \u00e9 licenciado em Rela\u00e7\u00f5es Internacionais, Mestre em Estudos Africanos e Doutoramento em Ci\u00eancia Pol\u00edtica e Administra\u00e7\u00e3o no Instituto Superior de Ci\u00eancias Sociais e Pol\u00edticas da Universidade de Lisboa. Foi desafiado a dar toques na bola, recordando o sonho de crian\u00e7a de seguir carreira futebol\u00edstica. O prato favorito do pol\u00edtico de cinquenta e quatro anos \u00e9 arroz de forno com anho assado; \u00e9 natural de Bai\u00e3o.","og_url":"https:\/\/portaltela.pt\/noticias\/2026\/04\/29\/jose-luis-carneiro-no-ola-bom-dia-e-deu-toques-na-bola\/","og_site_name":"Portal Tela Portugal","article_published_time":"2026-04-29T11:03:29+00:00","author":"Telinha","twitter_card":"summary_large_image","twitter_misc":{"Escrito por":"Telinha","Tempo estimado de leitura":"1 minuto"},"schema":{"@context":"https:\/\/schema.org","@graph":[{"@type":"Article","@id":"https:\/\/portaltela.pt\/noticias\/2026\/04\/29\/jose-luis-carneiro-no-ola-bom-dia-e-deu-toques-na-bola\/#article","isPartOf":{"@id":"https:\/\/portaltela.pt\/noticias\/2026\/04\/29\/jose-luis-carneiro-no-ola-bom-dia-e-deu-toques-na-bola\/"},"author":{"name":"Telinha","@id":"https:\/\/portaltela.pt\/#\/schema\/person\/c4278d4a6028830caff9ee44b42d32ed"},"headline":"Jos\u00e9 Lu\u00eds Carneiro no Ol\u00e1, Bom Dia! e deu toques na bola","datePublished":"2026-04-29T11:03:29+00:00","mainEntityOfPage":{"@id":"https:\/\/portaltela.pt\/noticias\/2026\/04\/29\/jose-luis-carneiro-no-ola-bom-dia-e-deu-toques-na-bola\/"},"wordCount":292,"image":{"@id":"https:\/\/portaltela.pt\/noticias\/2026\/04\/29\/jose-luis-carneiro-no-ola-bom-dia-e-deu-toques-na-bola\/#primaryimage"},"thumbnailUrl":"https:\/\/portaltela.pt\/s.01k8rhncp4jt1\/2026\/04\/img_1280x721uu2026-04-29-11-30-59-2281777.jpg","keywords":["Bai\u00e3o","entrevistas","pol\u00edtica","Portugal","PS","rela\u00e7\u00f5es internacionais"],"articleSection":["Curiosidades","Sociedade"],"inLanguage":"pt-PT"},{"@type":"WebPage","@id":"https:\/\/portaltela.pt\/noticias\/2026\/04\/29\/jose-luis-carneiro-no-ola-bom-dia-e-deu-toques-na-bola\/","url":"https:\/\/portaltela.pt\/noticias\/2026\/04\/29\/jose-luis-carneiro-no-ola-bom-dia-e-deu-toques-na-bola\/","name":"Jos\u00e9 Lu\u00eds Carneiro no Ol\u00e1, Bom Dia! e deu toques na bola - Portal Tela Portugal","isPartOf":{"@id":"https:\/\/portaltela.pt\/#website"},"primaryImageOfPage":{"@id":"https:\/\/portaltela.pt\/noticias\/2026\/04\/29\/jose-luis-carneiro-no-ola-bom-dia-e-deu-toques-na-bola\/#primaryimage"},"image":{"@id":"https:\/\/portaltela.pt\/noticias\/2026\/04\/29\/jose-luis-carneiro-no-ola-bom-dia-e-deu-toques-na-bola\/#primaryimage"},"thumbnailUrl":"https:\/\/portaltela.pt\/s.01k8rhncp4jt1\/2026\/04\/img_1280x721uu2026-04-29-11-30-59-2281777.jpg","datePublished":"2026-04-29T11:03:29+00:00","author":{"@id":"https:\/\/portaltela.pt\/#\/schema\/person\/c4278d4a6028830caff9ee44b42d32ed"},"breadcrumb":{"@id":"https:\/\/portaltela.pt\/noticias\/2026\/04\/29\/jose-luis-carneiro-no-ola-bom-dia-e-deu-toques-na-bola\/#breadcrumb"},"inLanguage":"pt-PT","potentialAction":[{"@type":"ReadAction","target":["https:\/\/portaltela.pt\/noticias\/2026\/04\/29\/jose-luis-carneiro-no-ola-bom-dia-e-deu-toques-na-bola\/"]}]},{"@type":"ImageObject","inLanguage":"pt-PT","@id":"https:\/\/portaltela.pt\/noticias\/2026\/04\/29\/jose-luis-carneiro-no-ola-bom-dia-e-deu-toques-na-bola\/#primaryimage","url":"https:\/\/portaltela.pt\/s.01k8rhncp4jt1\/2026\/04\/img_1280x721uu2026-04-29-11-30-59-2281777.jpg","contentUrl":"https:\/\/portaltela.pt\/s.01k8rhncp4jt1\/2026\/04\/img_1280x721uu2026-04-29-11-30-59-2281777.jpg","width":796,"height":448,"caption":"Photo"},{"@type":"BreadcrumbList","@id":"https:\/\/portaltela.pt\/noticias\/2026\/04\/29\/jose-luis-carneiro-no-ola-bom-dia-e-deu-toques-na-bola\/#breadcrumb","itemListElement":[{"@type":"ListItem","position":1,"name":"In\u00edcio","item":"https:\/\/portaltela.pt\/"},{"@type":"ListItem","position":2,"name":"Jos\u00e9 Lu\u00eds Carneiro no Ol\u00e1, Bom Dia! e deu toques na bola"}]},{"@type":"WebSite","@id":"https:\/\/portaltela.pt\/#website","url":"https:\/\/portaltela.pt\/","name":"Portal Tela Portugal","description":"","potentialAction":[{"@type":"SearchAction","target":{"@type":"EntryPoint","urlTemplate":"https:\/\/portaltela.pt\/?s={search_term_string}"},"query-input":{"@type":"PropertyValueSpecification","valueRequired":true,"valueName":"search_term_string"}}],"inLanguage":"pt-PT"},{"@type":"Person","@id":"https:\/\/portaltela.pt\/#\/schema\/person\/c4278d4a6028830caff9ee44b42d32ed","name":"Telinha","image":{"@type":"ImageObject","inLanguage":"pt-PT","@id":"https:\/\/portaltela.pt\/s.01k8rhncp4jt1\/2025\/11\/talking-bot-125x125.png","url":"https:\/\/portaltela.pt\/s.01k8rhncp4jt1\/2025\/11\/talking-bot-125x125.png","contentUrl":"https:\/\/portaltela.pt\/s.01k8rhncp4jt1\/2025\/11\/talking-bot-125x125.png","caption":"Telinha"},"sameAs":["https:\/\/portaltela.pt\/"],"url":"https:\/\/portaltela.pt\/por\/367410592786\/"}]}},"_links":{"self":[{"href":"https:\/\/portaltela.pt\/api\/wp\/v2\/posts\/461171","targetHints":{"allow":["GET"]}}],"collection":[{"href":"https:\/\/portaltela.pt\/api\/wp\/v2\/posts"}],"about":[{"href":"https:\/\/portaltela.pt\/api\/wp\/v2\/types\/post"}],"author":[{"embeddable":true,"href":"https:\/\/portaltela.pt\/api\/wp\/v2\/users\/2"}],"replies":[{"embeddable":true,"href":"https:\/\/portaltela.pt\/api\/wp\/v2\/comments?post=461171"}],"version-history":[{"count":0,"href":"https:\/\/portaltela.pt\/api\/wp\/v2\/posts\/461171\/revisions"}],"wp:featuredmedia":[{"embeddable":true,"href":"https:\/\/portaltela.pt\/api\/wp\/v2\/media\/461175"}],"wp:attachment":[{"href":"https:\/\/portaltela.pt\/api\/wp\/v2\/media?parent=461171"}],"wp:term":[{"taxonomy":"category","embeddable":true,"href":"https:\/\/portaltela.pt\/api\/wp\/v2\/categories?post=461171"},{"taxonomy":"post_tag","embeddable":true,"href":"https:\/\/portaltela.pt\/api\/wp\/v2\/tags?post=461171"}],"curies":[{"name":"wp","href":"https:\/\/api.w.org\/{rel}","templated":true}]}}