{"id":461160,"date":"2026-04-29T08:03:16","date_gmt":"2026-04-29T11:03:16","guid":{"rendered":"https:\/\/portaltela.pt\/noticias\/2026\/04\/29\/uber-afirma-operacao-a-correr-normalmente-apesar-de-protestos-de-motoristas\/"},"modified":"2026-04-29T08:03:16","modified_gmt":"2026-04-29T11:03:16","slug":"uber-afirma-operacao-a-correr-normalmente-apesar-de-protestos-de-motoristas","status":"publish","type":"post","link":"https:\/\/portaltela.pt\/noticias\/economia\/2026\/04\/29\/uber-afirma-operacao-a-correr-normalmente-apesar-de-protestos-de-motoristas\/","title":{"rendered":"Uber afirma opera\u00e7\u00e3o a correr normalmente, apesar de protestos de motoristas"},"content":{"rendered":"<p>A Uber afirmou hoje que a opera\u00e7\u00e3o est\u00e1 a funcionar com normalidade, mesmo diante de um protesto de motoristas. A empresa n\u00e3o revelou impactos diretos nos servi\u00e7os ou na disponibilidade para os utilizadores.<\/p>\n<p>Segundo a Uber, n\u00e3o ocorreu interrup\u00e7\u00e3o relevante das fun\u00e7\u00f5es da plataforma. Os servi\u00e7os continuam a estar dispon\u00edveis aos utilizadores, com tempos de resposta dentro do esperado.<\/p>\n<p>Ainda n\u00e3o foram difundidas informa\u00e7\u00f5es oficiais sobre as raz\u00f5es do protesto ou sobre eventuais consequ\u00eancias log\u00edsticas para a opera\u00e7\u00e3o.<\/p>\n<p>Fonte: Lusa<\/p>\n","protected":false},"excerpt":{"rendered":"<ul>\n<li>A Uber afirmou que a opera\u00e7\u00e3o est\u00e1 a funcionar com normalidade.<\/li>\n<li>A afirma\u00e7\u00e3o surge em resposta a um protesto de motoristas.<\/li>\n<li>O evento ocorreu apesar da contesta\u00e7\u00e3o dos motoristas, segundo a not\u00edcia.<\/li>\n<li>N\u00e3o foram apresentadas informa\u00e7\u00f5es adicionais sobre impactos ou n\u00fameros espec\u00edficos.<\/li>\n<li>O conte\u00fado completo da mat\u00e9ria est\u00e1 dispon\u00edvel apenas para subscritores.<\/li>\n<\/ul>\n","protected":false},"author":2,"featured_media":461166,"comment_status":"closed","ping_status":"closed","sticky":false,"template":"","format":"standard","meta":{"footnotes":""},"categories":[2,6735],"tags":[3263,2857,192,4535],"class_list":["post-461160","post","type-post","status-publish","format-standard","has-post-thumbnail","hentry","category-economia","category-negocios","tag-mobilidade-urbana","tag-protestos","tag-transporte","tag-transporte-publico"],"yoast_head":"<!-- This site is optimized with the Yoast SEO plugin v27.2 - https:\/\/yoast.com\/product\/yoast-seo-wordpress\/ -->\n<title>Uber afirma opera\u00e7\u00e3o a correr normalmente, apesar de protestos de motoristas - Portal Tela Portugal<\/title>\n<meta name=\"robots\" content=\"index, follow, max-snippet:-1, max-image-preview:large, max-video-preview:-1\" \/>\n<meta property=\"og:locale\" content=\"pt_PT\" \/>\n<meta property=\"og:type\" content=\"article\" \/>\n<meta property=\"og:title\" content=\"Uber afirma opera\u00e7\u00e3o a correr normalmente, apesar de protestos de motoristas - Portal Tela Portugal\" \/>\n<meta property=\"og:description\" content=\"A Uber afirmou que a opera\u00e7\u00e3o est\u00e1 a funcionar com normalidade. A afirma\u00e7\u00e3o surge em resposta a um protesto de motoristas. O evento ocorreu apesar da contesta\u00e7\u00e3o dos motoristas, segundo a not\u00edcia. N\u00e3o foram apresentadas informa\u00e7\u00f5es adicionais sobre impactos ou n\u00fameros espec\u00edficos. O conte\u00fado completo da mat\u00e9ria est\u00e1 dispon\u00edvel apenas para subscritores.\" \/>\n<meta property=\"og:url\" content=\"https:\/\/portaltela.pt\/noticias\/2026\/04\/29\/uber-afirma-operacao-a-correr-normalmente-apesar-de-protestos-de-motoristas\/\" \/>\n<meta property=\"og:site_name\" content=\"Portal Tela Portugal\" \/>\n<meta property=\"article:published_time\" content=\"2026-04-29T11:03:16+00:00\" \/>\n<meta name=\"author\" content=\"Telinha\" \/>\n<meta name=\"twitter:card\" content=\"summary_large_image\" \/>\n<meta name=\"twitter:label1\" content=\"Escrito por\" \/>\n\t<meta name=\"twitter:data1\" content=\"Telinha\" \/>\n<script type=\"application\/ld+json\" class=\"yoast-schema-graph\">{\"@context\":\"https:\/\/schema.org\",\"@graph\":[{\"@type\":\"Article\",\"@id\":\"https:\/\/portaltela.pt\/noticias\/2026\/04\/29\/uber-afirma-operacao-a-correr-normalmente-apesar-de-protestos-de-motoristas\/#article\",\"isPartOf\":{\"@id\":\"https:\/\/portaltela.pt\/noticias\/2026\/04\/29\/uber-afirma-operacao-a-correr-normalmente-apesar-de-protestos-de-motoristas\/\"},\"author\":{\"name\":\"Telinha\",\"@id\":\"https:\/\/portaltela.pt\/#\/schema\/person\/c4278d4a6028830caff9ee44b42d32ed\"},\"headline\":\"Uber afirma opera\u00e7\u00e3o a correr normalmente, apesar de protestos de motoristas\",\"datePublished\":\"2026-04-29T11:03:16+00:00\",\"mainEntityOfPage\":{\"@id\":\"https:\/\/portaltela.pt\/noticias\/2026\/04\/29\/uber-afirma-operacao-a-correr-normalmente-apesar-de-protestos-de-motoristas\/\"},\"wordCount\":106,\"image\":{\"@id\":\"https:\/\/portaltela.pt\/noticias\/2026\/04\/29\/uber-afirma-operacao-a-correr-normalmente-apesar-de-protestos-de-motoristas\/#primaryimage\"},\"thumbnailUrl\":\"https:\/\/portaltela.pt\/s.01k8rhncp4jt1\/2026\/04\/CACHE_780X1200_ANALOG_WATERMARKED_47014642_4715086_29042026115201.jpg\",\"keywords\":[\"mobilidade urbana\",\"protestos\",\"transporte\",\"transporte p\u00fablico\"],\"articleSection\":[\"Economia\",\"Neg\u00f3cios\"],\"inLanguage\":\"pt-PT\"},{\"@type\":\"WebPage\",\"@id\":\"https:\/\/portaltela.pt\/noticias\/2026\/04\/29\/uber-afirma-operacao-a-correr-normalmente-apesar-de-protestos-de-motoristas\/\",\"url\":\"https:\/\/portaltela.pt\/noticias\/2026\/04\/29\/uber-afirma-operacao-a-correr-normalmente-apesar-de-protestos-de-motoristas\/\",\"name\":\"Uber afirma opera\u00e7\u00e3o a correr normalmente, apesar de protestos de motoristas - Portal Tela Portugal\",\"isPartOf\":{\"@id\":\"https:\/\/portaltela.pt\/#website\"},\"primaryImageOfPage\":{\"@id\":\"https:\/\/portaltela.pt\/noticias\/2026\/04\/29\/uber-afirma-operacao-a-correr-normalmente-apesar-de-protestos-de-motoristas\/#primaryimage\"},\"image\":{\"@id\":\"https:\/\/portaltela.pt\/noticias\/2026\/04\/29\/uber-afirma-operacao-a-correr-normalmente-apesar-de-protestos-de-motoristas\/#primaryimage\"},\"thumbnailUrl\":\"https:\/\/portaltela.pt\/s.01k8rhncp4jt1\/2026\/04\/CACHE_780X1200_ANALOG_WATERMARKED_47014642_4715086_29042026115201.jpg\",\"datePublished\":\"2026-04-29T11:03:16+00:00\",\"author\":{\"@id\":\"https:\/\/portaltela.pt\/#\/schema\/person\/c4278d4a6028830caff9ee44b42d32ed\"},\"breadcrumb\":{\"@id\":\"https:\/\/portaltela.pt\/noticias\/2026\/04\/29\/uber-afirma-operacao-a-correr-normalmente-apesar-de-protestos-de-motoristas\/#breadcrumb\"},\"inLanguage\":\"pt-PT\",\"potentialAction\":[{\"@type\":\"ReadAction\",\"target\":[\"https:\/\/portaltela.pt\/noticias\/2026\/04\/29\/uber-afirma-operacao-a-correr-normalmente-apesar-de-protestos-de-motoristas\/\"]}]},{\"@type\":\"ImageObject\",\"inLanguage\":\"pt-PT\",\"@id\":\"https:\/\/portaltela.pt\/noticias\/2026\/04\/29\/uber-afirma-operacao-a-correr-normalmente-apesar-de-protestos-de-motoristas\/#primaryimage\",\"url\":\"https:\/\/portaltela.pt\/s.01k8rhncp4jt1\/2026\/04\/CACHE_780X1200_ANALOG_WATERMARKED_47014642_4715086_29042026115201.jpg\",\"contentUrl\":\"https:\/\/portaltela.pt\/s.01k8rhncp4jt1\/2026\/04\/CACHE_780X1200_ANALOG_WATERMARKED_47014642_4715086_29042026115201.jpg\",\"width\":768,\"height\":512,\"caption\":\"Uber assegura que opera\u00e7\u00e3o est\u00e1 a funcionar com normalidade apesar de protesto de motoristas\"},{\"@type\":\"BreadcrumbList\",\"@id\":\"https:\/\/portaltela.pt\/noticias\/2026\/04\/29\/uber-afirma-operacao-a-correr-normalmente-apesar-de-protestos-de-motoristas\/#breadcrumb\",\"itemListElement\":[{\"@type\":\"ListItem\",\"position\":1,\"name\":\"In\u00edcio\",\"item\":\"https:\/\/portaltela.pt\/\"},{\"@type\":\"ListItem\",\"position\":2,\"name\":\"Uber afirma opera\u00e7\u00e3o a correr normalmente, apesar de protestos de motoristas\"}]},{\"@type\":\"WebSite\",\"@id\":\"https:\/\/portaltela.pt\/#website\",\"url\":\"https:\/\/portaltela.pt\/\",\"name\":\"Portal Tela Portugal\",\"description\":\"\",\"potentialAction\":[{\"@type\":\"SearchAction\",\"target\":{\"@type\":\"EntryPoint\",\"urlTemplate\":\"https:\/\/portaltela.pt\/?s={search_term_string}\"},\"query-input\":{\"@type\":\"PropertyValueSpecification\",\"valueRequired\":true,\"valueName\":\"search_term_string\"}}],\"inLanguage\":\"pt-PT\"},{\"@type\":\"Person\",\"@id\":\"https:\/\/portaltela.pt\/#\/schema\/person\/c4278d4a6028830caff9ee44b42d32ed\",\"name\":\"Telinha\",\"image\":{\"@type\":\"ImageObject\",\"inLanguage\":\"pt-PT\",\"@id\":\"https:\/\/portaltela.pt\/s.01k8rhncp4jt1\/2025\/11\/talking-bot-125x125.png\",\"url\":\"https:\/\/portaltela.pt\/s.01k8rhncp4jt1\/2025\/11\/talking-bot-125x125.png\",\"contentUrl\":\"https:\/\/portaltela.pt\/s.01k8rhncp4jt1\/2025\/11\/talking-bot-125x125.png\",\"caption\":\"Telinha\"},\"sameAs\":[\"https:\/\/portaltela.pt\/\"],\"url\":\"https:\/\/portaltela.pt\/por\/367410592786\/\"}]}<\/script>\n<!-- \/ Yoast SEO plugin. -->","yoast_head_json":{"title":"Uber afirma opera\u00e7\u00e3o a correr normalmente, apesar de protestos de motoristas - Portal Tela Portugal","robots":{"index":"index","follow":"follow","max-snippet":"max-snippet:-1","max-image-preview":"max-image-preview:large","max-video-preview":"max-video-preview:-1"},"og_locale":"pt_PT","og_type":"article","og_title":"Uber afirma opera\u00e7\u00e3o a correr normalmente, apesar de protestos de motoristas - Portal Tela Portugal","og_description":"A Uber afirmou que a opera\u00e7\u00e3o est\u00e1 a funcionar com normalidade. A afirma\u00e7\u00e3o surge em resposta a um protesto de motoristas. O evento ocorreu apesar da contesta\u00e7\u00e3o dos motoristas, segundo a not\u00edcia. N\u00e3o foram apresentadas informa\u00e7\u00f5es adicionais sobre impactos ou n\u00fameros espec\u00edficos. O conte\u00fado completo da mat\u00e9ria est\u00e1 dispon\u00edvel apenas para subscritores.","og_url":"https:\/\/portaltela.pt\/noticias\/2026\/04\/29\/uber-afirma-operacao-a-correr-normalmente-apesar-de-protestos-de-motoristas\/","og_site_name":"Portal Tela Portugal","article_published_time":"2026-04-29T11:03:16+00:00","author":"Telinha","twitter_card":"summary_large_image","twitter_misc":{"Escrito por":"Telinha"},"schema":{"@context":"https:\/\/schema.org","@graph":[{"@type":"Article","@id":"https:\/\/portaltela.pt\/noticias\/2026\/04\/29\/uber-afirma-operacao-a-correr-normalmente-apesar-de-protestos-de-motoristas\/#article","isPartOf":{"@id":"https:\/\/portaltela.pt\/noticias\/2026\/04\/29\/uber-afirma-operacao-a-correr-normalmente-apesar-de-protestos-de-motoristas\/"},"author":{"name":"Telinha","@id":"https:\/\/portaltela.pt\/#\/schema\/person\/c4278d4a6028830caff9ee44b42d32ed"},"headline":"Uber afirma opera\u00e7\u00e3o a correr normalmente, apesar de protestos de motoristas","datePublished":"2026-04-29T11:03:16+00:00","mainEntityOfPage":{"@id":"https:\/\/portaltela.pt\/noticias\/2026\/04\/29\/uber-afirma-operacao-a-correr-normalmente-apesar-de-protestos-de-motoristas\/"},"wordCount":106,"image":{"@id":"https:\/\/portaltela.pt\/noticias\/2026\/04\/29\/uber-afirma-operacao-a-correr-normalmente-apesar-de-protestos-de-motoristas\/#primaryimage"},"thumbnailUrl":"https:\/\/portaltela.pt\/s.01k8rhncp4jt1\/2026\/04\/CACHE_780X1200_ANALOG_WATERMARKED_47014642_4715086_29042026115201.jpg","keywords":["mobilidade urbana","protestos","transporte","transporte p\u00fablico"],"articleSection":["Economia","Neg\u00f3cios"],"inLanguage":"pt-PT"},{"@type":"WebPage","@id":"https:\/\/portaltela.pt\/noticias\/2026\/04\/29\/uber-afirma-operacao-a-correr-normalmente-apesar-de-protestos-de-motoristas\/","url":"https:\/\/portaltela.pt\/noticias\/2026\/04\/29\/uber-afirma-operacao-a-correr-normalmente-apesar-de-protestos-de-motoristas\/","name":"Uber afirma opera\u00e7\u00e3o a correr normalmente, apesar de protestos de motoristas - Portal Tela Portugal","isPartOf":{"@id":"https:\/\/portaltela.pt\/#website"},"primaryImageOfPage":{"@id":"https:\/\/portaltela.pt\/noticias\/2026\/04\/29\/uber-afirma-operacao-a-correr-normalmente-apesar-de-protestos-de-motoristas\/#primaryimage"},"image":{"@id":"https:\/\/portaltela.pt\/noticias\/2026\/04\/29\/uber-afirma-operacao-a-correr-normalmente-apesar-de-protestos-de-motoristas\/#primaryimage"},"thumbnailUrl":"https:\/\/portaltela.pt\/s.01k8rhncp4jt1\/2026\/04\/CACHE_780X1200_ANALOG_WATERMARKED_47014642_4715086_29042026115201.jpg","datePublished":"2026-04-29T11:03:16+00:00","author":{"@id":"https:\/\/portaltela.pt\/#\/schema\/person\/c4278d4a6028830caff9ee44b42d32ed"},"breadcrumb":{"@id":"https:\/\/portaltela.pt\/noticias\/2026\/04\/29\/uber-afirma-operacao-a-correr-normalmente-apesar-de-protestos-de-motoristas\/#breadcrumb"},"inLanguage":"pt-PT","potentialAction":[{"@type":"ReadAction","target":["https:\/\/portaltela.pt\/noticias\/2026\/04\/29\/uber-afirma-operacao-a-correr-normalmente-apesar-de-protestos-de-motoristas\/"]}]},{"@type":"ImageObject","inLanguage":"pt-PT","@id":"https:\/\/portaltela.pt\/noticias\/2026\/04\/29\/uber-afirma-operacao-a-correr-normalmente-apesar-de-protestos-de-motoristas\/#primaryimage","url":"https:\/\/portaltela.pt\/s.01k8rhncp4jt1\/2026\/04\/CACHE_780X1200_ANALOG_WATERMARKED_47014642_4715086_29042026115201.jpg","contentUrl":"https:\/\/portaltela.pt\/s.01k8rhncp4jt1\/2026\/04\/CACHE_780X1200_ANALOG_WATERMARKED_47014642_4715086_29042026115201.jpg","width":768,"height":512,"caption":"Uber assegura que opera\u00e7\u00e3o est\u00e1 a funcionar com normalidade apesar de protesto de motoristas"},{"@type":"BreadcrumbList","@id":"https:\/\/portaltela.pt\/noticias\/2026\/04\/29\/uber-afirma-operacao-a-correr-normalmente-apesar-de-protestos-de-motoristas\/#breadcrumb","itemListElement":[{"@type":"ListItem","position":1,"name":"In\u00edcio","item":"https:\/\/portaltela.pt\/"},{"@type":"ListItem","position":2,"name":"Uber afirma opera\u00e7\u00e3o a correr normalmente, apesar de protestos de motoristas"}]},{"@type":"WebSite","@id":"https:\/\/portaltela.pt\/#website","url":"https:\/\/portaltela.pt\/","name":"Portal Tela Portugal","description":"","potentialAction":[{"@type":"SearchAction","target":{"@type":"EntryPoint","urlTemplate":"https:\/\/portaltela.pt\/?s={search_term_string}"},"query-input":{"@type":"PropertyValueSpecification","valueRequired":true,"valueName":"search_term_string"}}],"inLanguage":"pt-PT"},{"@type":"Person","@id":"https:\/\/portaltela.pt\/#\/schema\/person\/c4278d4a6028830caff9ee44b42d32ed","name":"Telinha","image":{"@type":"ImageObject","inLanguage":"pt-PT","@id":"https:\/\/portaltela.pt\/s.01k8rhncp4jt1\/2025\/11\/talking-bot-125x125.png","url":"https:\/\/portaltela.pt\/s.01k8rhncp4jt1\/2025\/11\/talking-bot-125x125.png","contentUrl":"https:\/\/portaltela.pt\/s.01k8rhncp4jt1\/2025\/11\/talking-bot-125x125.png","caption":"Telinha"},"sameAs":["https:\/\/portaltela.pt\/"],"url":"https:\/\/portaltela.pt\/por\/367410592786\/"}]}},"_links":{"self":[{"href":"https:\/\/portaltela.pt\/api\/wp\/v2\/posts\/461160","targetHints":{"allow":["GET"]}}],"collection":[{"href":"https:\/\/portaltela.pt\/api\/wp\/v2\/posts"}],"about":[{"href":"https:\/\/portaltela.pt\/api\/wp\/v2\/types\/post"}],"author":[{"embeddable":true,"href":"https:\/\/portaltela.pt\/api\/wp\/v2\/users\/2"}],"replies":[{"embeddable":true,"href":"https:\/\/portaltela.pt\/api\/wp\/v2\/comments?post=461160"}],"version-history":[{"count":0,"href":"https:\/\/portaltela.pt\/api\/wp\/v2\/posts\/461160\/revisions"}],"wp:featuredmedia":[{"embeddable":true,"href":"https:\/\/portaltela.pt\/api\/wp\/v2\/media\/461166"}],"wp:attachment":[{"href":"https:\/\/portaltela.pt\/api\/wp\/v2\/media?parent=461160"}],"wp:term":[{"taxonomy":"category","embeddable":true,"href":"https:\/\/portaltela.pt\/api\/wp\/v2\/categories?post=461160"},{"taxonomy":"post_tag","embeddable":true,"href":"https:\/\/portaltela.pt\/api\/wp\/v2\/tags?post=461160"}],"curies":[{"name":"wp","href":"https:\/\/api.w.org\/{rel}","templated":true}]}}