{"id":461155,"date":"2026-04-29T07:47:53","date_gmt":"2026-04-29T10:47:53","guid":{"rendered":"https:\/\/portaltela.pt\/noticias\/2026\/04\/29\/cgtp-marca-nova-greve-geral-para-2-de-junho-dia-do-trabalhador\/"},"modified":"2026-04-29T07:47:53","modified_gmt":"2026-04-29T10:47:53","slug":"cgtp-marca-nova-greve-geral-para-2-de-junho-dia-do-trabalhador","status":"publish","type":"post","link":"https:\/\/portaltela.pt\/noticias\/politica\/2026\/04\/29\/cgtp-marca-nova-greve-geral-para-2-de-junho-dia-do-trabalhador\/","title":{"rendered":"CGTP marca nova greve geral para 2 de junho, Dia do Trabalhador"},"content":{"rendered":"<p>A CGTP anunciou uma nova greve geral para o dia 2 de junho, em protesto contra o pacote laboral do Governo. O an\u00fancio ser\u00e1 feito no 1\u00ba de Maio, durante as celebra\u00e7\u00f5es do Dia do Trabalhador.<\/p>\n<p>A paralisa\u00e7\u00e3o foi aprovada durante a reuni\u00e3o do Conselho Nacional da CGTP, realizada na ter\u00e7a-feira. O secret\u00e1rio-geral da CGTP, Tiago Oliveira, indicou que as conclus\u00f5es da reuni\u00e3o ser\u00e3o divulgadas na sexta-feira, no \u00e2mbito das comemora\u00e7\u00f5es do 1\u00ba de Maio. A organiza\u00e7\u00e3o pretende manter a mobiliza\u00e7\u00e3o como resposta ao deteriorar do custo de vida e \u00e0s altera\u00e7\u00f5es laborais em discuss\u00e3o.<\/p>\n<h3>Convocat\u00f3ria e contexto<\/h3>\n<p>O Governo agendou uma nova reuni\u00e3o com a comiss\u00e3o permanente da Concerta\u00e7\u00e3o Social para 7 de maio, com o objetivo de dar continuidade \u00e0s negocia\u00e7\u00f5es sobre as leis laborais. Na semana anterior, a UGT rejeitou por unanimidade a proposta de reforma laborar apresentada pelo Governo, mas manteve a possibilidade de novas negocia\u00e7\u00f5es.<\/p>\n<h3>Negocia\u00e7\u00f5es em curso e posi\u00e7\u00e3o da UGT<\/h3>\n<p>A central sindical dever\u00e1 decidir, ap\u00f3s o encontro de 7 de maio, se ir\u00e1 aderir \u00e0 greve de 2 de junho. A CGTP tem mantido a posi\u00e7\u00e3o de que o pacote laboral prejudica trabalhadores e aumenta o custo de vida, defendendo mudan\u00e7as no conjunto das propostas do executivo. A UGT ainda n\u00e3o confirmou uma decis\u00e3o definitiva sobre a participa\u00e7\u00e3o no protesto, aguardando os desenvolvimentos das negocia\u00e7\u00f5es.<\/p>\n<h3>Contexto do anteprojeto trabalhista<\/h3>\n<p>O anteprojeto de reforma da legisla\u00e7\u00e3o laboral, denominado Trabalho XXI, foi apresentado pelo Governo em 24 de julho de 2025. O texto prev\u00ea mais de 100 altera\u00e7\u00f5es ao C\u00f3digo de Trabalho, com o objetivo de promover uma revis\u00e3o profunda das regras laborais em Portugal. O processo est\u00e1 a provocar di\u00e1logo entre o Governo, sindicatos e entidades representativas do empresariado.<\/p>\n","protected":false},"excerpt":{"rendered":"<ul>\n<li>A CGTP vai convocar uma nova greve geral para 2 de junho, Dia do Trabalhador, contra o pacote laboral do Governo, com an\u00fancio esperado a 1 de maio.<\/li>\n<li>A decis\u00e3o foi aprovada no Conselho Nacional da CGTP; o secret\u00e1rio-geral, Tiago Oliveira, indicou que as conclus\u00f5es ser\u00e3o divulgadas a 1 de maio.<\/li>\n<li>O Governo j\u00e1 marcou uma reuni\u00e3o da Concerta\u00e7\u00e3o Social para 7 de maio, para dar continuidade \u00e0s negocia\u00e7\u00f5es sobre as leis laborais.<\/li>\n<li>A Uni\u00e3o Geral de Trabalhadores rejeitou por unanimidade a proposta de reforma laboral, mas sinalizou portas abertas para novas negocia\u00e7\u00f5es, cabendo \u00e0 central decidir sobre ades\u00e3o \u00e0 greve.<\/li>\n<li>O Anteprojecto de reforma da legisla\u00e7\u00e3o laboral, denominado Trabalho XXI, foi apresentado a 24 de julho de 2025 e prev\u00ea mais de 100 altera\u00e7\u00f5es ao C\u00f3digo do Trabalho; a greve de dezembro foi conjunto entre CGTP e UGT.<\/li>\n<\/ul>\n","protected":false},"author":2,"featured_media":461156,"comment_status":"closed","ping_status":"closed","sticky":false,"template":"","format":"standard","meta":{"footnotes":""},"categories":[5,6871],"tags":[3075,1164,2841,2201,8919],"class_list":["post-461155","post","type-post","status-publish","format-standard","has-post-thumbnail","hentry","category-politica","category-sociedade","tag-cgtp","tag-greve","tag-trabalhadores","tag-trabalho","tag-ugt"],"yoast_head":"<!-- This site is optimized with the Yoast SEO plugin v27.2 - https:\/\/yoast.com\/product\/yoast-seo-wordpress\/ -->\n<title>CGTP marca nova greve geral para 2 de junho, Dia do Trabalhador - Portal Tela Portugal<\/title>\n<meta name=\"robots\" content=\"index, follow, max-snippet:-1, max-image-preview:large, max-video-preview:-1\" \/>\n<meta property=\"og:locale\" content=\"pt_PT\" \/>\n<meta property=\"og:type\" content=\"article\" \/>\n<meta property=\"og:title\" content=\"CGTP marca nova greve geral para 2 de junho, Dia do Trabalhador - Portal Tela Portugal\" \/>\n<meta property=\"og:description\" content=\"A CGTP vai convocar uma nova greve geral para 2 de junho, Dia do Trabalhador, contra o pacote laboral do Governo, com an\u00fancio esperado a 1 de maio. A decis\u00e3o foi aprovada no Conselho Nacional da CGTP; o secret\u00e1rio-geral, Tiago Oliveira, indicou que as conclus\u00f5es ser\u00e3o divulgadas a 1 de maio. O Governo j\u00e1 marcou uma reuni\u00e3o da Concerta\u00e7\u00e3o Social para 7 de maio, para dar continuidade \u00e0s negocia\u00e7\u00f5es sobre as leis laborais. A Uni\u00e3o Geral de Trabalhadores rejeitou por unanimidade a proposta de reforma laboral, mas sinalizou portas abertas para novas negocia\u00e7\u00f5es, cabendo \u00e0 central decidir sobre ades\u00e3o \u00e0 greve. O Anteprojecto de reforma da legisla\u00e7\u00e3o laboral, denominado Trabalho XXI, foi apresentado a 24 de julho de 2025 e prev\u00ea mais de 100 altera\u00e7\u00f5es ao C\u00f3digo do Trabalho; a greve de dezembro foi conjunto entre CGTP e UGT.\" \/>\n<meta property=\"og:url\" content=\"https:\/\/portaltela.pt\/noticias\/2026\/04\/29\/cgtp-marca-nova-greve-geral-para-2-de-junho-dia-do-trabalhador\/\" \/>\n<meta property=\"og:site_name\" content=\"Portal Tela Portugal\" \/>\n<meta property=\"article:published_time\" content=\"2026-04-29T10:47:53+00:00\" \/>\n<meta name=\"author\" content=\"Telinha\" \/>\n<meta name=\"twitter:card\" content=\"summary_large_image\" \/>\n<meta name=\"twitter:label1\" content=\"Escrito por\" \/>\n\t<meta name=\"twitter:data1\" content=\"Telinha\" \/>\n\t<meta name=\"twitter:label2\" content=\"Tempo estimado de leitura\" \/>\n\t<meta name=\"twitter:data2\" content=\"2 minutos\" \/>\n<script type=\"application\/ld+json\" class=\"yoast-schema-graph\">{\"@context\":\"https:\/\/schema.org\",\"@graph\":[{\"@type\":\"Article\",\"@id\":\"https:\/\/portaltela.pt\/noticias\/2026\/04\/29\/cgtp-marca-nova-greve-geral-para-2-de-junho-dia-do-trabalhador\/#article\",\"isPartOf\":{\"@id\":\"https:\/\/portaltela.pt\/noticias\/2026\/04\/29\/cgtp-marca-nova-greve-geral-para-2-de-junho-dia-do-trabalhador\/\"},\"author\":{\"name\":\"Telinha\",\"@id\":\"https:\/\/portaltela.pt\/#\/schema\/person\/c4278d4a6028830caff9ee44b42d32ed\"},\"headline\":\"CGTP marca nova greve geral para 2 de junho, Dia do Trabalhador\",\"datePublished\":\"2026-04-29T10:47:53+00:00\",\"mainEntityOfPage\":{\"@id\":\"https:\/\/portaltela.pt\/noticias\/2026\/04\/29\/cgtp-marca-nova-greve-geral-para-2-de-junho-dia-do-trabalhador\/\"},\"wordCount\":321,\"image\":{\"@id\":\"https:\/\/portaltela.pt\/noticias\/2026\/04\/29\/cgtp-marca-nova-greve-geral-para-2-de-junho-dia-do-trabalhador\/#primaryimage\"},\"thumbnailUrl\":\"https:\/\/portaltela.pt\/s.01k8rhncp4jt1\/2026\/04\/image-1659.jpg\",\"keywords\":[\"CGTP\",\"greve\",\"trabalhadores\",\"trabalho\",\"UGT\"],\"articleSection\":[\"Pol\u00edtica\",\"Sociedade\"],\"inLanguage\":\"pt-PT\"},{\"@type\":\"WebPage\",\"@id\":\"https:\/\/portaltela.pt\/noticias\/2026\/04\/29\/cgtp-marca-nova-greve-geral-para-2-de-junho-dia-do-trabalhador\/\",\"url\":\"https:\/\/portaltela.pt\/noticias\/2026\/04\/29\/cgtp-marca-nova-greve-geral-para-2-de-junho-dia-do-trabalhador\/\",\"name\":\"CGTP marca nova greve geral para 2 de junho, Dia do Trabalhador - Portal Tela Portugal\",\"isPartOf\":{\"@id\":\"https:\/\/portaltela.pt\/#website\"},\"primaryImageOfPage\":{\"@id\":\"https:\/\/portaltela.pt\/noticias\/2026\/04\/29\/cgtp-marca-nova-greve-geral-para-2-de-junho-dia-do-trabalhador\/#primaryimage\"},\"image\":{\"@id\":\"https:\/\/portaltela.pt\/noticias\/2026\/04\/29\/cgtp-marca-nova-greve-geral-para-2-de-junho-dia-do-trabalhador\/#primaryimage\"},\"thumbnailUrl\":\"https:\/\/portaltela.pt\/s.01k8rhncp4jt1\/2026\/04\/image-1659.jpg\",\"datePublished\":\"2026-04-29T10:47:53+00:00\",\"author\":{\"@id\":\"https:\/\/portaltela.pt\/#\/schema\/person\/c4278d4a6028830caff9ee44b42d32ed\"},\"breadcrumb\":{\"@id\":\"https:\/\/portaltela.pt\/noticias\/2026\/04\/29\/cgtp-marca-nova-greve-geral-para-2-de-junho-dia-do-trabalhador\/#breadcrumb\"},\"inLanguage\":\"pt-PT\",\"potentialAction\":[{\"@type\":\"ReadAction\",\"target\":[\"https:\/\/portaltela.pt\/noticias\/2026\/04\/29\/cgtp-marca-nova-greve-geral-para-2-de-junho-dia-do-trabalhador\/\"]}]},{\"@type\":\"ImageObject\",\"inLanguage\":\"pt-PT\",\"@id\":\"https:\/\/portaltela.pt\/noticias\/2026\/04\/29\/cgtp-marca-nova-greve-geral-para-2-de-junho-dia-do-trabalhador\/#primaryimage\",\"url\":\"https:\/\/portaltela.pt\/s.01k8rhncp4jt1\/2026\/04\/image-1659.jpg\",\"contentUrl\":\"https:\/\/portaltela.pt\/s.01k8rhncp4jt1\/2026\/04\/image-1659.jpg\",\"width\":796,\"height\":448,\"caption\":\"A \u00faltima greve geral, convocada pela CGTP e UGT, realizou-se em dezembro\"},{\"@type\":\"BreadcrumbList\",\"@id\":\"https:\/\/portaltela.pt\/noticias\/2026\/04\/29\/cgtp-marca-nova-greve-geral-para-2-de-junho-dia-do-trabalhador\/#breadcrumb\",\"itemListElement\":[{\"@type\":\"ListItem\",\"position\":1,\"name\":\"In\u00edcio\",\"item\":\"https:\/\/portaltela.pt\/\"},{\"@type\":\"ListItem\",\"position\":2,\"name\":\"CGTP marca nova greve geral para 2 de junho, Dia do Trabalhador\"}]},{\"@type\":\"WebSite\",\"@id\":\"https:\/\/portaltela.pt\/#website\",\"url\":\"https:\/\/portaltela.pt\/\",\"name\":\"Portal Tela Portugal\",\"description\":\"\",\"potentialAction\":[{\"@type\":\"SearchAction\",\"target\":{\"@type\":\"EntryPoint\",\"urlTemplate\":\"https:\/\/portaltela.pt\/?s={search_term_string}\"},\"query-input\":{\"@type\":\"PropertyValueSpecification\",\"valueRequired\":true,\"valueName\":\"search_term_string\"}}],\"inLanguage\":\"pt-PT\"},{\"@type\":\"Person\",\"@id\":\"https:\/\/portaltela.pt\/#\/schema\/person\/c4278d4a6028830caff9ee44b42d32ed\",\"name\":\"Telinha\",\"image\":{\"@type\":\"ImageObject\",\"inLanguage\":\"pt-PT\",\"@id\":\"https:\/\/portaltela.pt\/s.01k8rhncp4jt1\/2025\/11\/talking-bot-125x125.png\",\"url\":\"https:\/\/portaltela.pt\/s.01k8rhncp4jt1\/2025\/11\/talking-bot-125x125.png\",\"contentUrl\":\"https:\/\/portaltela.pt\/s.01k8rhncp4jt1\/2025\/11\/talking-bot-125x125.png\",\"caption\":\"Telinha\"},\"sameAs\":[\"https:\/\/portaltela.pt\/\"],\"url\":\"https:\/\/portaltela.pt\/por\/367410592786\/\"}]}<\/script>\n<!-- \/ Yoast SEO plugin. -->","yoast_head_json":{"title":"CGTP marca nova greve geral para 2 de junho, Dia do Trabalhador - Portal Tela Portugal","robots":{"index":"index","follow":"follow","max-snippet":"max-snippet:-1","max-image-preview":"max-image-preview:large","max-video-preview":"max-video-preview:-1"},"og_locale":"pt_PT","og_type":"article","og_title":"CGTP marca nova greve geral para 2 de junho, Dia do Trabalhador - Portal Tela Portugal","og_description":"A CGTP vai convocar uma nova greve geral para 2 de junho, Dia do Trabalhador, contra o pacote laboral do Governo, com an\u00fancio esperado a 1 de maio. A decis\u00e3o foi aprovada no Conselho Nacional da CGTP; o secret\u00e1rio-geral, Tiago Oliveira, indicou que as conclus\u00f5es ser\u00e3o divulgadas a 1 de maio. O Governo j\u00e1 marcou uma reuni\u00e3o da Concerta\u00e7\u00e3o Social para 7 de maio, para dar continuidade \u00e0s negocia\u00e7\u00f5es sobre as leis laborais. A Uni\u00e3o Geral de Trabalhadores rejeitou por unanimidade a proposta de reforma laboral, mas sinalizou portas abertas para novas negocia\u00e7\u00f5es, cabendo \u00e0 central decidir sobre ades\u00e3o \u00e0 greve. O Anteprojecto de reforma da legisla\u00e7\u00e3o laboral, denominado Trabalho XXI, foi apresentado a 24 de julho de 2025 e prev\u00ea mais de 100 altera\u00e7\u00f5es ao C\u00f3digo do Trabalho; a greve de dezembro foi conjunto entre CGTP e UGT.","og_url":"https:\/\/portaltela.pt\/noticias\/2026\/04\/29\/cgtp-marca-nova-greve-geral-para-2-de-junho-dia-do-trabalhador\/","og_site_name":"Portal Tela Portugal","article_published_time":"2026-04-29T10:47:53+00:00","author":"Telinha","twitter_card":"summary_large_image","twitter_misc":{"Escrito por":"Telinha","Tempo estimado de leitura":"2 minutos"},"schema":{"@context":"https:\/\/schema.org","@graph":[{"@type":"Article","@id":"https:\/\/portaltela.pt\/noticias\/2026\/04\/29\/cgtp-marca-nova-greve-geral-para-2-de-junho-dia-do-trabalhador\/#article","isPartOf":{"@id":"https:\/\/portaltela.pt\/noticias\/2026\/04\/29\/cgtp-marca-nova-greve-geral-para-2-de-junho-dia-do-trabalhador\/"},"author":{"name":"Telinha","@id":"https:\/\/portaltela.pt\/#\/schema\/person\/c4278d4a6028830caff9ee44b42d32ed"},"headline":"CGTP marca nova greve geral para 2 de junho, Dia do Trabalhador","datePublished":"2026-04-29T10:47:53+00:00","mainEntityOfPage":{"@id":"https:\/\/portaltela.pt\/noticias\/2026\/04\/29\/cgtp-marca-nova-greve-geral-para-2-de-junho-dia-do-trabalhador\/"},"wordCount":321,"image":{"@id":"https:\/\/portaltela.pt\/noticias\/2026\/04\/29\/cgtp-marca-nova-greve-geral-para-2-de-junho-dia-do-trabalhador\/#primaryimage"},"thumbnailUrl":"https:\/\/portaltela.pt\/s.01k8rhncp4jt1\/2026\/04\/image-1659.jpg","keywords":["CGTP","greve","trabalhadores","trabalho","UGT"],"articleSection":["Pol\u00edtica","Sociedade"],"inLanguage":"pt-PT"},{"@type":"WebPage","@id":"https:\/\/portaltela.pt\/noticias\/2026\/04\/29\/cgtp-marca-nova-greve-geral-para-2-de-junho-dia-do-trabalhador\/","url":"https:\/\/portaltela.pt\/noticias\/2026\/04\/29\/cgtp-marca-nova-greve-geral-para-2-de-junho-dia-do-trabalhador\/","name":"CGTP marca nova greve geral para 2 de junho, Dia do Trabalhador - Portal Tela Portugal","isPartOf":{"@id":"https:\/\/portaltela.pt\/#website"},"primaryImageOfPage":{"@id":"https:\/\/portaltela.pt\/noticias\/2026\/04\/29\/cgtp-marca-nova-greve-geral-para-2-de-junho-dia-do-trabalhador\/#primaryimage"},"image":{"@id":"https:\/\/portaltela.pt\/noticias\/2026\/04\/29\/cgtp-marca-nova-greve-geral-para-2-de-junho-dia-do-trabalhador\/#primaryimage"},"thumbnailUrl":"https:\/\/portaltela.pt\/s.01k8rhncp4jt1\/2026\/04\/image-1659.jpg","datePublished":"2026-04-29T10:47:53+00:00","author":{"@id":"https:\/\/portaltela.pt\/#\/schema\/person\/c4278d4a6028830caff9ee44b42d32ed"},"breadcrumb":{"@id":"https:\/\/portaltela.pt\/noticias\/2026\/04\/29\/cgtp-marca-nova-greve-geral-para-2-de-junho-dia-do-trabalhador\/#breadcrumb"},"inLanguage":"pt-PT","potentialAction":[{"@type":"ReadAction","target":["https:\/\/portaltela.pt\/noticias\/2026\/04\/29\/cgtp-marca-nova-greve-geral-para-2-de-junho-dia-do-trabalhador\/"]}]},{"@type":"ImageObject","inLanguage":"pt-PT","@id":"https:\/\/portaltela.pt\/noticias\/2026\/04\/29\/cgtp-marca-nova-greve-geral-para-2-de-junho-dia-do-trabalhador\/#primaryimage","url":"https:\/\/portaltela.pt\/s.01k8rhncp4jt1\/2026\/04\/image-1659.jpg","contentUrl":"https:\/\/portaltela.pt\/s.01k8rhncp4jt1\/2026\/04\/image-1659.jpg","width":796,"height":448,"caption":"A \u00faltima greve geral, convocada pela CGTP e UGT, realizou-se em dezembro"},{"@type":"BreadcrumbList","@id":"https:\/\/portaltela.pt\/noticias\/2026\/04\/29\/cgtp-marca-nova-greve-geral-para-2-de-junho-dia-do-trabalhador\/#breadcrumb","itemListElement":[{"@type":"ListItem","position":1,"name":"In\u00edcio","item":"https:\/\/portaltela.pt\/"},{"@type":"ListItem","position":2,"name":"CGTP marca nova greve geral para 2 de junho, Dia do Trabalhador"}]},{"@type":"WebSite","@id":"https:\/\/portaltela.pt\/#website","url":"https:\/\/portaltela.pt\/","name":"Portal Tela Portugal","description":"","potentialAction":[{"@type":"SearchAction","target":{"@type":"EntryPoint","urlTemplate":"https:\/\/portaltela.pt\/?s={search_term_string}"},"query-input":{"@type":"PropertyValueSpecification","valueRequired":true,"valueName":"search_term_string"}}],"inLanguage":"pt-PT"},{"@type":"Person","@id":"https:\/\/portaltela.pt\/#\/schema\/person\/c4278d4a6028830caff9ee44b42d32ed","name":"Telinha","image":{"@type":"ImageObject","inLanguage":"pt-PT","@id":"https:\/\/portaltela.pt\/s.01k8rhncp4jt1\/2025\/11\/talking-bot-125x125.png","url":"https:\/\/portaltela.pt\/s.01k8rhncp4jt1\/2025\/11\/talking-bot-125x125.png","contentUrl":"https:\/\/portaltela.pt\/s.01k8rhncp4jt1\/2025\/11\/talking-bot-125x125.png","caption":"Telinha"},"sameAs":["https:\/\/portaltela.pt\/"],"url":"https:\/\/portaltela.pt\/por\/367410592786\/"}]}},"_links":{"self":[{"href":"https:\/\/portaltela.pt\/api\/wp\/v2\/posts\/461155","targetHints":{"allow":["GET"]}}],"collection":[{"href":"https:\/\/portaltela.pt\/api\/wp\/v2\/posts"}],"about":[{"href":"https:\/\/portaltela.pt\/api\/wp\/v2\/types\/post"}],"author":[{"embeddable":true,"href":"https:\/\/portaltela.pt\/api\/wp\/v2\/users\/2"}],"replies":[{"embeddable":true,"href":"https:\/\/portaltela.pt\/api\/wp\/v2\/comments?post=461155"}],"version-history":[{"count":0,"href":"https:\/\/portaltela.pt\/api\/wp\/v2\/posts\/461155\/revisions"}],"wp:featuredmedia":[{"embeddable":true,"href":"https:\/\/portaltela.pt\/api\/wp\/v2\/media\/461156"}],"wp:attachment":[{"href":"https:\/\/portaltela.pt\/api\/wp\/v2\/media?parent=461155"}],"wp:term":[{"taxonomy":"category","embeddable":true,"href":"https:\/\/portaltela.pt\/api\/wp\/v2\/categories?post=461155"},{"taxonomy":"post_tag","embeddable":true,"href":"https:\/\/portaltela.pt\/api\/wp\/v2\/tags?post=461155"}],"curies":[{"name":"wp","href":"https:\/\/api.w.org\/{rel}","templated":true}]}}