{"id":461143,"date":"2026-04-29T07:47:36","date_gmt":"2026-04-29T10:47:36","guid":{"rendered":"https:\/\/portaltela.pt\/noticias\/2026\/04\/29\/carlos-vicens-em-busca-obstinada-pela-gloria\/"},"modified":"2026-04-29T07:47:36","modified_gmt":"2026-04-29T10:47:36","slug":"carlos-vicens-em-busca-obstinada-pela-gloria","status":"publish","type":"post","link":"https:\/\/portaltela.pt\/desporto\/futebol\/2026\/04\/29\/carlos-vicens-em-busca-obstinada-pela-gloria\/","title":{"rendered":"Carlos Vicens em busca obstinada pela gl\u00f3ria"},"content":{"rendered":"<p>Carlos Vicens, treinador de 43 anos, vem da escola do Barcelona e \u00e9 visto como disc\u00edpulo de Guardiola. Foi adjunto do t\u00e9cnico espanhol no Manchester City, em 2023, na conquista da Liga dos Campe\u00f5es frente ao Inter de Mil\u00e3o. Hoje, mira a Liga Europa \u00e0 frente do Sp. Braga, em busca de um feito hist\u00f3rico.<\/p>\n<p>A prioridade recai sobre a eliminat\u00f3ria com o Friburgo, nas meias-finais. A primeira m\u00e3o ocorre a 30 de abril, em Portugal, e a volta uma semana depois, na Alemanha. O objetivo \u00e9 seguir na competi\u00e7\u00e3o e chegar \u00e0 final em Istambul, cidade que acolhe a final desta \u00e9poca.<\/p>\n<p>Caso ultrapasse o Friburgo, o Braga pode enfrentar Aston Villa ou Nottingham Forest na decis\u00e3o. A ambi\u00e7\u00e3o de Vicens \u00e9 transformar a equipa minhota num candidato capaz de vencer uma prova europeia sem ser campe\u00e3o nacional, algo que j\u00e1 fez Bayer Leverkusen, Sampdoria e West Ham.<\/p>\n<p>Para o treinador, vencer a Liga Europa seria um feito relevante, mas n\u00e3o marcaria, por si, uma \u00e9poca central de gl\u00f3ria para o clube. A prioridade continua a manter o foco na competi\u00e7\u00e3o e no desenvolvimento coletivo do Braga, segundo declara\u00e7\u00f5es citadas pela imprensa desportiva.<\/p>\n<p>O ritmo do Sp. Braga na Liga Europa tem sido acompanhado com rigor pela dire\u00e7\u00e3o e pela massa associativa. A narrativa em torno de Vicens Real\u00e7a o estilo de jogo apoiado na ci\u00eancia t\u00e1ctica, herdado da forma\u00e7\u00e3o em Barcelona, com \u00eanfase na posse e na press\u00e3o alta.<\/p>\n<p>A meio do caminho, o clube minhoto encontra-se numa fase decisiva, em que cada jogada pode pender a favor ou contra a hist\u00f3rica ambi\u00e7\u00e3o europeia. Os pr\u00f3ximos desafios v\u00e3o indicar se a equipa consegue transformar o sonho em realidade.<\/p>\n","protected":false},"excerpt":{"rendered":"<ul>\n<li>Carlos Vicens, de 43 anos, \u00e9 treinador do Sp. Braga e est\u00e1 a caminho de tornar-se na primeira \u00e9poca uma final europeia com o clube.<\/li>\n<li>Adepto da escola Barcelona e disc\u00edpulo de Pep Guardiola, Vicens j\u00e1 celebrou uma vit\u00f3ria europeia como adjunto do Manchester City em 2023 (Inter de Mil\u00e3o, 1-0, final da Liga dos Campe\u00f5es).<\/li>\n<li>Braga disputa as meias-finais da Liga Europa contra o Friburgo; a primeira m\u00e3o \u00e9 disputada a 30 de abril, em Portugal, e a segunda na Alemanha, uma semana depois.<\/li>\n<li>Se chegar \u00e0 final, o Braga pode tornar-se no nono clube a vencer uma competi\u00e7\u00e3o europeia sem ser campe\u00e3o nacional, juntando nomes como Bayer Leverkusen, Sampdoria e West Ham.<\/li>\n<li>O objetivo de Vicens \u00e9 repetir esse \u00eaxito na sua estreia como treinador principal, embora n\u00e3o signifique que seja uma \u201c\u00e9poca dourada\u201d para os minhotos.<\/li>\n<\/ul>\n","protected":false},"author":2,"featured_media":461152,"comment_status":"closed","ping_status":"closed","sticky":false,"template":"","format":"standard","meta":{"footnotes":""},"categories":[21,24],"tags":[3577,152,5544,32,1014,2070],"class_list":["post-461143","post","type-post","status-publish","format-standard","has-post-thumbnail","hentry","category-desporto","category-futebol","tag-champions-league","tag-desporto","tag-europa-league","tag-futebol","tag-portugal","tag-sp-braga"],"yoast_head":"<!-- This site is optimized with the Yoast SEO plugin v27.2 - https:\/\/yoast.com\/product\/yoast-seo-wordpress\/ -->\n<title>Carlos Vicens em busca obstinada pela gl\u00f3ria - Portal Tela Portugal<\/title>\n<meta name=\"robots\" content=\"index, follow, max-snippet:-1, max-image-preview:large, max-video-preview:-1\" \/>\n<meta property=\"og:locale\" content=\"pt_PT\" \/>\n<meta property=\"og:type\" content=\"article\" \/>\n<meta property=\"og:title\" content=\"Carlos Vicens em busca obstinada pela gl\u00f3ria - Portal Tela Portugal\" \/>\n<meta property=\"og:description\" content=\"Carlos Vicens, de 43 anos, \u00e9 treinador do Sp. Braga e est\u00e1 a caminho de tornar-se na primeira \u00e9poca uma final europeia com o clube. Adepto da escola Barcelona e disc\u00edpulo de Pep Guardiola, Vicens j\u00e1 celebrou uma vit\u00f3ria europeia como adjunto do Manchester City em 2023 (Inter de Mil\u00e3o, 1-0, final da Liga dos Campe\u00f5es). Braga disputa as meias-finais da Liga Europa contra o Friburgo; a primeira m\u00e3o \u00e9 disputada a 30 de abril, em Portugal, e a segunda na Alemanha, uma semana depois. Se chegar \u00e0 final, o Braga pode tornar-se no nono clube a vencer uma competi\u00e7\u00e3o europeia sem ser campe\u00e3o nacional, juntando nomes como Bayer Leverkusen, Sampdoria e West Ham. O objetivo de Vicens \u00e9 repetir esse \u00eaxito na sua estreia como treinador principal, embora n\u00e3o signifique que seja uma \u201c\u00e9poca dourada\u201d para os minhotos.\" \/>\n<meta property=\"og:url\" content=\"https:\/\/portaltela.pt\/noticias\/2026\/04\/29\/carlos-vicens-em-busca-obstinada-pela-gloria\/\" \/>\n<meta property=\"og:site_name\" content=\"Portal Tela Portugal\" \/>\n<meta property=\"article:published_time\" content=\"2026-04-29T10:47:36+00:00\" \/>\n<meta name=\"author\" content=\"Telinha\" \/>\n<meta name=\"twitter:card\" content=\"summary_large_image\" \/>\n<meta name=\"twitter:label1\" content=\"Escrito por\" \/>\n\t<meta name=\"twitter:data1\" content=\"Telinha\" \/>\n\t<meta name=\"twitter:label2\" content=\"Tempo estimado de leitura\" \/>\n\t<meta name=\"twitter:data2\" content=\"1 minuto\" \/>\n<script type=\"application\/ld+json\" class=\"yoast-schema-graph\">{\"@context\":\"https:\/\/schema.org\",\"@graph\":[{\"@type\":\"Article\",\"@id\":\"https:\/\/portaltela.pt\/noticias\/2026\/04\/29\/carlos-vicens-em-busca-obstinada-pela-gloria\/#article\",\"isPartOf\":{\"@id\":\"https:\/\/portaltela.pt\/noticias\/2026\/04\/29\/carlos-vicens-em-busca-obstinada-pela-gloria\/\"},\"author\":{\"name\":\"Telinha\",\"@id\":\"https:\/\/portaltela.pt\/#\/schema\/person\/c4278d4a6028830caff9ee44b42d32ed\"},\"headline\":\"Carlos Vicens em busca obstinada pela gl\u00f3ria\",\"datePublished\":\"2026-04-29T10:47:36+00:00\",\"mainEntityOfPage\":{\"@id\":\"https:\/\/portaltela.pt\/noticias\/2026\/04\/29\/carlos-vicens-em-busca-obstinada-pela-gloria\/\"},\"wordCount\":305,\"image\":{\"@id\":\"https:\/\/portaltela.pt\/noticias\/2026\/04\/29\/carlos-vicens-em-busca-obstinada-pela-gloria\/#primaryimage\"},\"thumbnailUrl\":\"https:\/\/portaltela.pt\/s.01k8rhncp4jt1\/2026\/04\/img_920x518uu2026-04-16-23-30-12-2433522.jpg\",\"keywords\":[\"Champions League\",\"desporto\",\"Europa League\",\"futebol\",\"Portugal\",\"Sp. Braga\"],\"articleSection\":[\"Desporto\",\"Futebol\"],\"inLanguage\":\"pt-PT\"},{\"@type\":\"WebPage\",\"@id\":\"https:\/\/portaltela.pt\/noticias\/2026\/04\/29\/carlos-vicens-em-busca-obstinada-pela-gloria\/\",\"url\":\"https:\/\/portaltela.pt\/noticias\/2026\/04\/29\/carlos-vicens-em-busca-obstinada-pela-gloria\/\",\"name\":\"Carlos Vicens em busca obstinada pela gl\u00f3ria - Portal Tela Portugal\",\"isPartOf\":{\"@id\":\"https:\/\/portaltela.pt\/#website\"},\"primaryImageOfPage\":{\"@id\":\"https:\/\/portaltela.pt\/noticias\/2026\/04\/29\/carlos-vicens-em-busca-obstinada-pela-gloria\/#primaryimage\"},\"image\":{\"@id\":\"https:\/\/portaltela.pt\/noticias\/2026\/04\/29\/carlos-vicens-em-busca-obstinada-pela-gloria\/#primaryimage\"},\"thumbnailUrl\":\"https:\/\/portaltela.pt\/s.01k8rhncp4jt1\/2026\/04\/img_920x518uu2026-04-16-23-30-12-2433522.jpg\",\"datePublished\":\"2026-04-29T10:47:36+00:00\",\"author\":{\"@id\":\"https:\/\/portaltela.pt\/#\/schema\/person\/c4278d4a6028830caff9ee44b42d32ed\"},\"breadcrumb\":{\"@id\":\"https:\/\/portaltela.pt\/noticias\/2026\/04\/29\/carlos-vicens-em-busca-obstinada-pela-gloria\/#breadcrumb\"},\"inLanguage\":\"pt-PT\",\"potentialAction\":[{\"@type\":\"ReadAction\",\"target\":[\"https:\/\/portaltela.pt\/noticias\/2026\/04\/29\/carlos-vicens-em-busca-obstinada-pela-gloria\/\"]}]},{\"@type\":\"ImageObject\",\"inLanguage\":\"pt-PT\",\"@id\":\"https:\/\/portaltela.pt\/noticias\/2026\/04\/29\/carlos-vicens-em-busca-obstinada-pela-gloria\/#primaryimage\",\"url\":\"https:\/\/portaltela.pt\/s.01k8rhncp4jt1\/2026\/04\/img_920x518uu2026-04-16-23-30-12-2433522.jpg\",\"contentUrl\":\"https:\/\/portaltela.pt\/s.01k8rhncp4jt1\/2026\/04\/img_920x518uu2026-04-16-23-30-12-2433522.jpg\",\"width\":796,\"height\":448,\"caption\":\"Carlos Vicens, anivers\u00e1rio, Braga\"},{\"@type\":\"BreadcrumbList\",\"@id\":\"https:\/\/portaltela.pt\/noticias\/2026\/04\/29\/carlos-vicens-em-busca-obstinada-pela-gloria\/#breadcrumb\",\"itemListElement\":[{\"@type\":\"ListItem\",\"position\":1,\"name\":\"In\u00edcio\",\"item\":\"https:\/\/portaltela.pt\/\"},{\"@type\":\"ListItem\",\"position\":2,\"name\":\"Carlos Vicens em busca obstinada pela gl\u00f3ria\"}]},{\"@type\":\"WebSite\",\"@id\":\"https:\/\/portaltela.pt\/#website\",\"url\":\"https:\/\/portaltela.pt\/\",\"name\":\"Portal Tela Portugal\",\"description\":\"\",\"potentialAction\":[{\"@type\":\"SearchAction\",\"target\":{\"@type\":\"EntryPoint\",\"urlTemplate\":\"https:\/\/portaltela.pt\/?s={search_term_string}\"},\"query-input\":{\"@type\":\"PropertyValueSpecification\",\"valueRequired\":true,\"valueName\":\"search_term_string\"}}],\"inLanguage\":\"pt-PT\"},{\"@type\":\"Person\",\"@id\":\"https:\/\/portaltela.pt\/#\/schema\/person\/c4278d4a6028830caff9ee44b42d32ed\",\"name\":\"Telinha\",\"image\":{\"@type\":\"ImageObject\",\"inLanguage\":\"pt-PT\",\"@id\":\"https:\/\/portaltela.pt\/s.01k8rhncp4jt1\/2025\/11\/talking-bot-125x125.png\",\"url\":\"https:\/\/portaltela.pt\/s.01k8rhncp4jt1\/2025\/11\/talking-bot-125x125.png\",\"contentUrl\":\"https:\/\/portaltela.pt\/s.01k8rhncp4jt1\/2025\/11\/talking-bot-125x125.png\",\"caption\":\"Telinha\"},\"sameAs\":[\"https:\/\/portaltela.pt\/\"],\"url\":\"https:\/\/portaltela.pt\/por\/367410592786\/\"}]}<\/script>\n<!-- \/ Yoast SEO plugin. -->","yoast_head_json":{"title":"Carlos Vicens em busca obstinada pela gl\u00f3ria - Portal Tela Portugal","robots":{"index":"index","follow":"follow","max-snippet":"max-snippet:-1","max-image-preview":"max-image-preview:large","max-video-preview":"max-video-preview:-1"},"og_locale":"pt_PT","og_type":"article","og_title":"Carlos Vicens em busca obstinada pela gl\u00f3ria - Portal Tela Portugal","og_description":"Carlos Vicens, de 43 anos, \u00e9 treinador do Sp. Braga e est\u00e1 a caminho de tornar-se na primeira \u00e9poca uma final europeia com o clube. Adepto da escola Barcelona e disc\u00edpulo de Pep Guardiola, Vicens j\u00e1 celebrou uma vit\u00f3ria europeia como adjunto do Manchester City em 2023 (Inter de Mil\u00e3o, 1-0, final da Liga dos Campe\u00f5es). Braga disputa as meias-finais da Liga Europa contra o Friburgo; a primeira m\u00e3o \u00e9 disputada a 30 de abril, em Portugal, e a segunda na Alemanha, uma semana depois. Se chegar \u00e0 final, o Braga pode tornar-se no nono clube a vencer uma competi\u00e7\u00e3o europeia sem ser campe\u00e3o nacional, juntando nomes como Bayer Leverkusen, Sampdoria e West Ham. O objetivo de Vicens \u00e9 repetir esse \u00eaxito na sua estreia como treinador principal, embora n\u00e3o signifique que seja uma \u201c\u00e9poca dourada\u201d para os minhotos.","og_url":"https:\/\/portaltela.pt\/noticias\/2026\/04\/29\/carlos-vicens-em-busca-obstinada-pela-gloria\/","og_site_name":"Portal Tela Portugal","article_published_time":"2026-04-29T10:47:36+00:00","author":"Telinha","twitter_card":"summary_large_image","twitter_misc":{"Escrito por":"Telinha","Tempo estimado de leitura":"1 minuto"},"schema":{"@context":"https:\/\/schema.org","@graph":[{"@type":"Article","@id":"https:\/\/portaltela.pt\/noticias\/2026\/04\/29\/carlos-vicens-em-busca-obstinada-pela-gloria\/#article","isPartOf":{"@id":"https:\/\/portaltela.pt\/noticias\/2026\/04\/29\/carlos-vicens-em-busca-obstinada-pela-gloria\/"},"author":{"name":"Telinha","@id":"https:\/\/portaltela.pt\/#\/schema\/person\/c4278d4a6028830caff9ee44b42d32ed"},"headline":"Carlos Vicens em busca obstinada pela gl\u00f3ria","datePublished":"2026-04-29T10:47:36+00:00","mainEntityOfPage":{"@id":"https:\/\/portaltela.pt\/noticias\/2026\/04\/29\/carlos-vicens-em-busca-obstinada-pela-gloria\/"},"wordCount":305,"image":{"@id":"https:\/\/portaltela.pt\/noticias\/2026\/04\/29\/carlos-vicens-em-busca-obstinada-pela-gloria\/#primaryimage"},"thumbnailUrl":"https:\/\/portaltela.pt\/s.01k8rhncp4jt1\/2026\/04\/img_920x518uu2026-04-16-23-30-12-2433522.jpg","keywords":["Champions League","desporto","Europa League","futebol","Portugal","Sp. Braga"],"articleSection":["Desporto","Futebol"],"inLanguage":"pt-PT"},{"@type":"WebPage","@id":"https:\/\/portaltela.pt\/noticias\/2026\/04\/29\/carlos-vicens-em-busca-obstinada-pela-gloria\/","url":"https:\/\/portaltela.pt\/noticias\/2026\/04\/29\/carlos-vicens-em-busca-obstinada-pela-gloria\/","name":"Carlos Vicens em busca obstinada pela gl\u00f3ria - Portal Tela Portugal","isPartOf":{"@id":"https:\/\/portaltela.pt\/#website"},"primaryImageOfPage":{"@id":"https:\/\/portaltela.pt\/noticias\/2026\/04\/29\/carlos-vicens-em-busca-obstinada-pela-gloria\/#primaryimage"},"image":{"@id":"https:\/\/portaltela.pt\/noticias\/2026\/04\/29\/carlos-vicens-em-busca-obstinada-pela-gloria\/#primaryimage"},"thumbnailUrl":"https:\/\/portaltela.pt\/s.01k8rhncp4jt1\/2026\/04\/img_920x518uu2026-04-16-23-30-12-2433522.jpg","datePublished":"2026-04-29T10:47:36+00:00","author":{"@id":"https:\/\/portaltela.pt\/#\/schema\/person\/c4278d4a6028830caff9ee44b42d32ed"},"breadcrumb":{"@id":"https:\/\/portaltela.pt\/noticias\/2026\/04\/29\/carlos-vicens-em-busca-obstinada-pela-gloria\/#breadcrumb"},"inLanguage":"pt-PT","potentialAction":[{"@type":"ReadAction","target":["https:\/\/portaltela.pt\/noticias\/2026\/04\/29\/carlos-vicens-em-busca-obstinada-pela-gloria\/"]}]},{"@type":"ImageObject","inLanguage":"pt-PT","@id":"https:\/\/portaltela.pt\/noticias\/2026\/04\/29\/carlos-vicens-em-busca-obstinada-pela-gloria\/#primaryimage","url":"https:\/\/portaltela.pt\/s.01k8rhncp4jt1\/2026\/04\/img_920x518uu2026-04-16-23-30-12-2433522.jpg","contentUrl":"https:\/\/portaltela.pt\/s.01k8rhncp4jt1\/2026\/04\/img_920x518uu2026-04-16-23-30-12-2433522.jpg","width":796,"height":448,"caption":"Carlos Vicens, anivers\u00e1rio, Braga"},{"@type":"BreadcrumbList","@id":"https:\/\/portaltela.pt\/noticias\/2026\/04\/29\/carlos-vicens-em-busca-obstinada-pela-gloria\/#breadcrumb","itemListElement":[{"@type":"ListItem","position":1,"name":"In\u00edcio","item":"https:\/\/portaltela.pt\/"},{"@type":"ListItem","position":2,"name":"Carlos Vicens em busca obstinada pela gl\u00f3ria"}]},{"@type":"WebSite","@id":"https:\/\/portaltela.pt\/#website","url":"https:\/\/portaltela.pt\/","name":"Portal Tela Portugal","description":"","potentialAction":[{"@type":"SearchAction","target":{"@type":"EntryPoint","urlTemplate":"https:\/\/portaltela.pt\/?s={search_term_string}"},"query-input":{"@type":"PropertyValueSpecification","valueRequired":true,"valueName":"search_term_string"}}],"inLanguage":"pt-PT"},{"@type":"Person","@id":"https:\/\/portaltela.pt\/#\/schema\/person\/c4278d4a6028830caff9ee44b42d32ed","name":"Telinha","image":{"@type":"ImageObject","inLanguage":"pt-PT","@id":"https:\/\/portaltela.pt\/s.01k8rhncp4jt1\/2025\/11\/talking-bot-125x125.png","url":"https:\/\/portaltela.pt\/s.01k8rhncp4jt1\/2025\/11\/talking-bot-125x125.png","contentUrl":"https:\/\/portaltela.pt\/s.01k8rhncp4jt1\/2025\/11\/talking-bot-125x125.png","caption":"Telinha"},"sameAs":["https:\/\/portaltela.pt\/"],"url":"https:\/\/portaltela.pt\/por\/367410592786\/"}]}},"_links":{"self":[{"href":"https:\/\/portaltela.pt\/api\/wp\/v2\/posts\/461143","targetHints":{"allow":["GET"]}}],"collection":[{"href":"https:\/\/portaltela.pt\/api\/wp\/v2\/posts"}],"about":[{"href":"https:\/\/portaltela.pt\/api\/wp\/v2\/types\/post"}],"author":[{"embeddable":true,"href":"https:\/\/portaltela.pt\/api\/wp\/v2\/users\/2"}],"replies":[{"embeddable":true,"href":"https:\/\/portaltela.pt\/api\/wp\/v2\/comments?post=461143"}],"version-history":[{"count":0,"href":"https:\/\/portaltela.pt\/api\/wp\/v2\/posts\/461143\/revisions"}],"wp:featuredmedia":[{"embeddable":true,"href":"https:\/\/portaltela.pt\/api\/wp\/v2\/media\/461152"}],"wp:attachment":[{"href":"https:\/\/portaltela.pt\/api\/wp\/v2\/media?parent=461143"}],"wp:term":[{"taxonomy":"category","embeddable":true,"href":"https:\/\/portaltela.pt\/api\/wp\/v2\/categories?post=461143"},{"taxonomy":"post_tag","embeddable":true,"href":"https:\/\/portaltela.pt\/api\/wp\/v2\/tags?post=461143"}],"curies":[{"name":"wp","href":"https:\/\/api.w.org\/{rel}","templated":true}]}}