{"id":461141,"date":"2026-04-29T07:47:32","date_gmt":"2026-04-29T10:47:32","guid":{"rendered":"https:\/\/portaltela.pt\/noticias\/2026\/04\/29\/carlos-iii-expressa-solidariedade-a-trump-apos-tiroteio\/"},"modified":"2026-04-29T07:47:32","modified_gmt":"2026-04-29T10:47:32","slug":"carlos-iii-expressa-solidariedade-a-trump-apos-tiroteio","status":"publish","type":"post","link":"https:\/\/portaltela.pt\/noticias\/internacional\/2026\/04\/29\/carlos-iii-expressa-solidariedade-a-trump-apos-tiroteio\/","title":{"rendered":"Carlos III expressa solidariedade a Trump ap\u00f3s tiroteio"},"content":{"rendered":"<p>O rei Carlos III expressou solidariedade a Donald Trump ap\u00f3s o tiroteio que ocorreu durante o jantar de Correspondentes da Casa Branca, neste s\u00e1bado, em Washington. O monarca afirmou que os seus pensamentos estavam com o presidente, a primeira-dama e os convidados presentes no evento.<\/p>\n<p>O incidente aconteceu no jantar de Correspondentes da Casa Branca, um encontro em que jornalistas, autoridades e convidados se reunem na capital norte\u2011americana. Servidores de seguran\u00e7a foram acionados e as investiga\u00e7\u00f5es come\u00e7aram pelas autoridades locais.<\/p>\n<p>Carlos III reiterou, durante o discurso oficial, votos de boa sa\u00fade para as pessoas afetadas e para os envolvidos no incidente. A Casa Branca n\u00e3o divulgou detalhes adicionais sobre o estado das pessoas feridas ou sobre as causas do tiroteio.<\/p>\n","protected":false},"excerpt":{"rendered":"<ul>\n<li>O rei Carlos III manifestou solidariedade ao presidente Donald Trump ap\u00f3s o tiroteio no jantar de Correspondentes da Casa Branca.<\/li>\n<li>Em discurso oficial, o monarca disse que os seus pensamentos estavam com o presidente, com a primeira-dama e com os convidados presentes no evento.<\/li>\n<li>O incidente ocorreu durante o jantar de Correspondentes da Casa Branca, este s\u00e1bado.<\/li>\n<li>N\u00e3o foram divulgados detalhes adicionais sobre o ocorrido at\u00e9 ao momento.<\/li>\n<\/ul>\n","protected":false},"author":2,"featured_media":461145,"comment_status":"closed","ping_status":"closed","sticky":false,"template":"","format":"standard","meta":{"footnotes":""},"categories":[4,7127],"tags":[7944,7986,8421,7913,7878,8273],"class_list":["post-461141","post","type-post","status-publish","format-standard","has-post-thumbnail","hentry","category-internacional","category-politica-internacional","tag-_diplomacia","tag-_estados-unidos","tag-_jornalistas","tag-_politica","tag-_seguranca-publica","tag-_violencia"],"yoast_head":"<!-- This site is optimized with the Yoast SEO plugin v27.2 - https:\/\/yoast.com\/product\/yoast-seo-wordpress\/ -->\n<title>Carlos III expressa solidariedade a Trump ap\u00f3s tiroteio - Portal Tela Portugal<\/title>\n<meta name=\"robots\" content=\"index, follow, max-snippet:-1, max-image-preview:large, max-video-preview:-1\" \/>\n<meta property=\"og:locale\" content=\"pt_PT\" \/>\n<meta property=\"og:type\" content=\"article\" \/>\n<meta property=\"og:title\" content=\"Carlos III expressa solidariedade a Trump ap\u00f3s tiroteio - Portal Tela Portugal\" \/>\n<meta property=\"og:description\" content=\"O rei Carlos III manifestou solidariedade ao presidente Donald Trump ap\u00f3s o tiroteio no jantar de Correspondentes da Casa Branca. Em discurso oficial, o monarca disse que os seus pensamentos estavam com o presidente, com a primeira-dama e com os convidados presentes no evento. O incidente ocorreu durante o jantar de Correspondentes da Casa Branca, este s\u00e1bado. N\u00e3o foram divulgados detalhes adicionais sobre o ocorrido at\u00e9 ao momento.\" \/>\n<meta property=\"og:url\" content=\"https:\/\/portaltela.pt\/noticias\/2026\/04\/29\/carlos-iii-expressa-solidariedade-a-trump-apos-tiroteio\/\" \/>\n<meta property=\"og:site_name\" content=\"Portal Tela Portugal\" \/>\n<meta property=\"article:published_time\" content=\"2026-04-29T10:47:32+00:00\" \/>\n<meta name=\"author\" content=\"Telinha\" \/>\n<meta name=\"twitter:card\" content=\"summary_large_image\" \/>\n<meta name=\"twitter:label1\" content=\"Escrito por\" \/>\n\t<meta name=\"twitter:data1\" content=\"Telinha\" \/>\n\t<meta name=\"twitter:label2\" content=\"Tempo estimado de leitura\" \/>\n\t<meta name=\"twitter:data2\" content=\"1 minuto\" \/>\n<script type=\"application\/ld+json\" class=\"yoast-schema-graph\">{\"@context\":\"https:\/\/schema.org\",\"@graph\":[{\"@type\":\"Article\",\"@id\":\"https:\/\/portaltela.pt\/noticias\/2026\/04\/29\/carlos-iii-expressa-solidariedade-a-trump-apos-tiroteio\/#article\",\"isPartOf\":{\"@id\":\"https:\/\/portaltela.pt\/noticias\/2026\/04\/29\/carlos-iii-expressa-solidariedade-a-trump-apos-tiroteio\/\"},\"author\":{\"name\":\"Telinha\",\"@id\":\"https:\/\/portaltela.pt\/#\/schema\/person\/c4278d4a6028830caff9ee44b42d32ed\"},\"headline\":\"Carlos III expressa solidariedade a Trump ap\u00f3s tiroteio\",\"datePublished\":\"2026-04-29T10:47:32+00:00\",\"mainEntityOfPage\":{\"@id\":\"https:\/\/portaltela.pt\/noticias\/2026\/04\/29\/carlos-iii-expressa-solidariedade-a-trump-apos-tiroteio\/\"},\"wordCount\":137,\"image\":{\"@id\":\"https:\/\/portaltela.pt\/noticias\/2026\/04\/29\/carlos-iii-expressa-solidariedade-a-trump-apos-tiroteio\/#primaryimage\"},\"thumbnailUrl\":\"https:\/\/portaltela.pt\/s.01k8rhncp4jt1\/2026\/04\/img_1280x722uu2026-04-29-11-35-55-2281779.jpg\",\"keywords\":[\"_diplomacia\",\"_Estados Unidos\",\"_jornalistas\",\"_pol\u00edtica\",\"_seguran\u00e7a p\u00fablica\",\"_viol\u00eancia\"],\"articleSection\":[\"Internacional\",\"Pol\u00edtica Internacional\"],\"inLanguage\":\"pt-PT\"},{\"@type\":\"WebPage\",\"@id\":\"https:\/\/portaltela.pt\/noticias\/2026\/04\/29\/carlos-iii-expressa-solidariedade-a-trump-apos-tiroteio\/\",\"url\":\"https:\/\/portaltela.pt\/noticias\/2026\/04\/29\/carlos-iii-expressa-solidariedade-a-trump-apos-tiroteio\/\",\"name\":\"Carlos III expressa solidariedade a Trump ap\u00f3s tiroteio - Portal Tela Portugal\",\"isPartOf\":{\"@id\":\"https:\/\/portaltela.pt\/#website\"},\"primaryImageOfPage\":{\"@id\":\"https:\/\/portaltela.pt\/noticias\/2026\/04\/29\/carlos-iii-expressa-solidariedade-a-trump-apos-tiroteio\/#primaryimage\"},\"image\":{\"@id\":\"https:\/\/portaltela.pt\/noticias\/2026\/04\/29\/carlos-iii-expressa-solidariedade-a-trump-apos-tiroteio\/#primaryimage\"},\"thumbnailUrl\":\"https:\/\/portaltela.pt\/s.01k8rhncp4jt1\/2026\/04\/img_1280x722uu2026-04-29-11-35-55-2281779.jpg\",\"datePublished\":\"2026-04-29T10:47:32+00:00\",\"author\":{\"@id\":\"https:\/\/portaltela.pt\/#\/schema\/person\/c4278d4a6028830caff9ee44b42d32ed\"},\"breadcrumb\":{\"@id\":\"https:\/\/portaltela.pt\/noticias\/2026\/04\/29\/carlos-iii-expressa-solidariedade-a-trump-apos-tiroteio\/#breadcrumb\"},\"inLanguage\":\"pt-PT\",\"potentialAction\":[{\"@type\":\"ReadAction\",\"target\":[\"https:\/\/portaltela.pt\/noticias\/2026\/04\/29\/carlos-iii-expressa-solidariedade-a-trump-apos-tiroteio\/\"]}]},{\"@type\":\"ImageObject\",\"inLanguage\":\"pt-PT\",\"@id\":\"https:\/\/portaltela.pt\/noticias\/2026\/04\/29\/carlos-iii-expressa-solidariedade-a-trump-apos-tiroteio\/#primaryimage\",\"url\":\"https:\/\/portaltela.pt\/s.01k8rhncp4jt1\/2026\/04\/img_1280x722uu2026-04-29-11-35-55-2281779.jpg\",\"contentUrl\":\"https:\/\/portaltela.pt\/s.01k8rhncp4jt1\/2026\/04\/img_1280x722uu2026-04-29-11-35-55-2281779.jpg\",\"width\":796,\"height\":448,\"caption\":\"Photo\"},{\"@type\":\"BreadcrumbList\",\"@id\":\"https:\/\/portaltela.pt\/noticias\/2026\/04\/29\/carlos-iii-expressa-solidariedade-a-trump-apos-tiroteio\/#breadcrumb\",\"itemListElement\":[{\"@type\":\"ListItem\",\"position\":1,\"name\":\"In\u00edcio\",\"item\":\"https:\/\/portaltela.pt\/\"},{\"@type\":\"ListItem\",\"position\":2,\"name\":\"Carlos III expressa solidariedade a Trump ap\u00f3s tiroteio\"}]},{\"@type\":\"WebSite\",\"@id\":\"https:\/\/portaltela.pt\/#website\",\"url\":\"https:\/\/portaltela.pt\/\",\"name\":\"Portal Tela Portugal\",\"description\":\"\",\"potentialAction\":[{\"@type\":\"SearchAction\",\"target\":{\"@type\":\"EntryPoint\",\"urlTemplate\":\"https:\/\/portaltela.pt\/?s={search_term_string}\"},\"query-input\":{\"@type\":\"PropertyValueSpecification\",\"valueRequired\":true,\"valueName\":\"search_term_string\"}}],\"inLanguage\":\"pt-PT\"},{\"@type\":\"Person\",\"@id\":\"https:\/\/portaltela.pt\/#\/schema\/person\/c4278d4a6028830caff9ee44b42d32ed\",\"name\":\"Telinha\",\"image\":{\"@type\":\"ImageObject\",\"inLanguage\":\"pt-PT\",\"@id\":\"https:\/\/portaltela.pt\/s.01k8rhncp4jt1\/2025\/11\/talking-bot-125x125.png\",\"url\":\"https:\/\/portaltela.pt\/s.01k8rhncp4jt1\/2025\/11\/talking-bot-125x125.png\",\"contentUrl\":\"https:\/\/portaltela.pt\/s.01k8rhncp4jt1\/2025\/11\/talking-bot-125x125.png\",\"caption\":\"Telinha\"},\"sameAs\":[\"https:\/\/portaltela.pt\/\"],\"url\":\"https:\/\/portaltela.pt\/por\/367410592786\/\"}]}<\/script>\n<!-- \/ Yoast SEO plugin. -->","yoast_head_json":{"title":"Carlos III expressa solidariedade a Trump ap\u00f3s tiroteio - Portal Tela Portugal","robots":{"index":"index","follow":"follow","max-snippet":"max-snippet:-1","max-image-preview":"max-image-preview:large","max-video-preview":"max-video-preview:-1"},"og_locale":"pt_PT","og_type":"article","og_title":"Carlos III expressa solidariedade a Trump ap\u00f3s tiroteio - Portal Tela Portugal","og_description":"O rei Carlos III manifestou solidariedade ao presidente Donald Trump ap\u00f3s o tiroteio no jantar de Correspondentes da Casa Branca. Em discurso oficial, o monarca disse que os seus pensamentos estavam com o presidente, com a primeira-dama e com os convidados presentes no evento. O incidente ocorreu durante o jantar de Correspondentes da Casa Branca, este s\u00e1bado. N\u00e3o foram divulgados detalhes adicionais sobre o ocorrido at\u00e9 ao momento.","og_url":"https:\/\/portaltela.pt\/noticias\/2026\/04\/29\/carlos-iii-expressa-solidariedade-a-trump-apos-tiroteio\/","og_site_name":"Portal Tela Portugal","article_published_time":"2026-04-29T10:47:32+00:00","author":"Telinha","twitter_card":"summary_large_image","twitter_misc":{"Escrito por":"Telinha","Tempo estimado de leitura":"1 minuto"},"schema":{"@context":"https:\/\/schema.org","@graph":[{"@type":"Article","@id":"https:\/\/portaltela.pt\/noticias\/2026\/04\/29\/carlos-iii-expressa-solidariedade-a-trump-apos-tiroteio\/#article","isPartOf":{"@id":"https:\/\/portaltela.pt\/noticias\/2026\/04\/29\/carlos-iii-expressa-solidariedade-a-trump-apos-tiroteio\/"},"author":{"name":"Telinha","@id":"https:\/\/portaltela.pt\/#\/schema\/person\/c4278d4a6028830caff9ee44b42d32ed"},"headline":"Carlos III expressa solidariedade a Trump ap\u00f3s tiroteio","datePublished":"2026-04-29T10:47:32+00:00","mainEntityOfPage":{"@id":"https:\/\/portaltela.pt\/noticias\/2026\/04\/29\/carlos-iii-expressa-solidariedade-a-trump-apos-tiroteio\/"},"wordCount":137,"image":{"@id":"https:\/\/portaltela.pt\/noticias\/2026\/04\/29\/carlos-iii-expressa-solidariedade-a-trump-apos-tiroteio\/#primaryimage"},"thumbnailUrl":"https:\/\/portaltela.pt\/s.01k8rhncp4jt1\/2026\/04\/img_1280x722uu2026-04-29-11-35-55-2281779.jpg","keywords":["_diplomacia","_Estados Unidos","_jornalistas","_pol\u00edtica","_seguran\u00e7a p\u00fablica","_viol\u00eancia"],"articleSection":["Internacional","Pol\u00edtica Internacional"],"inLanguage":"pt-PT"},{"@type":"WebPage","@id":"https:\/\/portaltela.pt\/noticias\/2026\/04\/29\/carlos-iii-expressa-solidariedade-a-trump-apos-tiroteio\/","url":"https:\/\/portaltela.pt\/noticias\/2026\/04\/29\/carlos-iii-expressa-solidariedade-a-trump-apos-tiroteio\/","name":"Carlos III expressa solidariedade a Trump ap\u00f3s tiroteio - Portal Tela Portugal","isPartOf":{"@id":"https:\/\/portaltela.pt\/#website"},"primaryImageOfPage":{"@id":"https:\/\/portaltela.pt\/noticias\/2026\/04\/29\/carlos-iii-expressa-solidariedade-a-trump-apos-tiroteio\/#primaryimage"},"image":{"@id":"https:\/\/portaltela.pt\/noticias\/2026\/04\/29\/carlos-iii-expressa-solidariedade-a-trump-apos-tiroteio\/#primaryimage"},"thumbnailUrl":"https:\/\/portaltela.pt\/s.01k8rhncp4jt1\/2026\/04\/img_1280x722uu2026-04-29-11-35-55-2281779.jpg","datePublished":"2026-04-29T10:47:32+00:00","author":{"@id":"https:\/\/portaltela.pt\/#\/schema\/person\/c4278d4a6028830caff9ee44b42d32ed"},"breadcrumb":{"@id":"https:\/\/portaltela.pt\/noticias\/2026\/04\/29\/carlos-iii-expressa-solidariedade-a-trump-apos-tiroteio\/#breadcrumb"},"inLanguage":"pt-PT","potentialAction":[{"@type":"ReadAction","target":["https:\/\/portaltela.pt\/noticias\/2026\/04\/29\/carlos-iii-expressa-solidariedade-a-trump-apos-tiroteio\/"]}]},{"@type":"ImageObject","inLanguage":"pt-PT","@id":"https:\/\/portaltela.pt\/noticias\/2026\/04\/29\/carlos-iii-expressa-solidariedade-a-trump-apos-tiroteio\/#primaryimage","url":"https:\/\/portaltela.pt\/s.01k8rhncp4jt1\/2026\/04\/img_1280x722uu2026-04-29-11-35-55-2281779.jpg","contentUrl":"https:\/\/portaltela.pt\/s.01k8rhncp4jt1\/2026\/04\/img_1280x722uu2026-04-29-11-35-55-2281779.jpg","width":796,"height":448,"caption":"Photo"},{"@type":"BreadcrumbList","@id":"https:\/\/portaltela.pt\/noticias\/2026\/04\/29\/carlos-iii-expressa-solidariedade-a-trump-apos-tiroteio\/#breadcrumb","itemListElement":[{"@type":"ListItem","position":1,"name":"In\u00edcio","item":"https:\/\/portaltela.pt\/"},{"@type":"ListItem","position":2,"name":"Carlos III expressa solidariedade a Trump ap\u00f3s tiroteio"}]},{"@type":"WebSite","@id":"https:\/\/portaltela.pt\/#website","url":"https:\/\/portaltela.pt\/","name":"Portal Tela Portugal","description":"","potentialAction":[{"@type":"SearchAction","target":{"@type":"EntryPoint","urlTemplate":"https:\/\/portaltela.pt\/?s={search_term_string}"},"query-input":{"@type":"PropertyValueSpecification","valueRequired":true,"valueName":"search_term_string"}}],"inLanguage":"pt-PT"},{"@type":"Person","@id":"https:\/\/portaltela.pt\/#\/schema\/person\/c4278d4a6028830caff9ee44b42d32ed","name":"Telinha","image":{"@type":"ImageObject","inLanguage":"pt-PT","@id":"https:\/\/portaltela.pt\/s.01k8rhncp4jt1\/2025\/11\/talking-bot-125x125.png","url":"https:\/\/portaltela.pt\/s.01k8rhncp4jt1\/2025\/11\/talking-bot-125x125.png","contentUrl":"https:\/\/portaltela.pt\/s.01k8rhncp4jt1\/2025\/11\/talking-bot-125x125.png","caption":"Telinha"},"sameAs":["https:\/\/portaltela.pt\/"],"url":"https:\/\/portaltela.pt\/por\/367410592786\/"}]}},"_links":{"self":[{"href":"https:\/\/portaltela.pt\/api\/wp\/v2\/posts\/461141","targetHints":{"allow":["GET"]}}],"collection":[{"href":"https:\/\/portaltela.pt\/api\/wp\/v2\/posts"}],"about":[{"href":"https:\/\/portaltela.pt\/api\/wp\/v2\/types\/post"}],"author":[{"embeddable":true,"href":"https:\/\/portaltela.pt\/api\/wp\/v2\/users\/2"}],"replies":[{"embeddable":true,"href":"https:\/\/portaltela.pt\/api\/wp\/v2\/comments?post=461141"}],"version-history":[{"count":0,"href":"https:\/\/portaltela.pt\/api\/wp\/v2\/posts\/461141\/revisions"}],"wp:featuredmedia":[{"embeddable":true,"href":"https:\/\/portaltela.pt\/api\/wp\/v2\/media\/461145"}],"wp:attachment":[{"href":"https:\/\/portaltela.pt\/api\/wp\/v2\/media?parent=461141"}],"wp:term":[{"taxonomy":"category","embeddable":true,"href":"https:\/\/portaltela.pt\/api\/wp\/v2\/categories?post=461141"},{"taxonomy":"post_tag","embeddable":true,"href":"https:\/\/portaltela.pt\/api\/wp\/v2\/tags?post=461141"}],"curies":[{"name":"wp","href":"https:\/\/api.w.org\/{rel}","templated":true}]}}