{"id":461140,"date":"2026-04-29T07:47:31","date_gmt":"2026-04-29T10:47:31","guid":{"rendered":"https:\/\/portaltela.pt\/noticias\/2026\/04\/29\/dois-mortos-e-feridos-apos-aviao-colidir-com-hangar-em-aeroporto-australiano\/"},"modified":"2026-04-29T07:47:31","modified_gmt":"2026-04-29T10:47:31","slug":"dois-mortos-e-feridos-apos-aviao-colidir-com-hangar-em-aeroporto-australiano","status":"publish","type":"post","link":"https:\/\/portaltela.pt\/acidentes\/2026\/04\/29\/dois-mortos-e-feridos-apos-aviao-colidir-com-hangar-em-aeroporto-australiano\/","title":{"rendered":"Dois mortos e feridos ap\u00f3s avi\u00e3o colidir com hangar em aeroporto australiano"},"content":{"rendered":"<p>O avi\u00e3o colidiu com um hangar no aeroporto de Parafield, em Adelaide, Austr\u00e1lia, nesta quarta-feira, causando um inc\u00eandio de grandes propor\u00e7\u00f5es. Dois mortos e v\u00e1rias pessoas feridas foram confirmadas pelas autoridades locais. O incidente ocorreu durante a manh\u00e3.<\/p>\n<p>Equipes de emerg\u00eancia mobilizaram-se de imediato para controlar as chamas e prestar assist\u00eancia \u00e0s v\u00edtimas. Bombeiros, param\u00e9dicos e pol\u00edcia trabalharam para assegurar a \u00e1rea e evitar que o fogo se propagasse para estruturas adjacentes.<\/p>\n<p>O aeroporto ficou parcialmente encerrado para facilitar as opera\u00e7\u00f5es de resgate e a investiga\u00e7\u00e3o. N\u00e3o h\u00e1 informa\u00e7\u00f5es oficiais sobre as identidades das v\u00edtimas ou o estado de sa\u00fade dos feridos. A causa do acidente est\u00e1 a ser investigada pelas autoridades.<\/p>\n<h3>Investiga\u00e7\u00f5es em curso<\/h3>\n<p>Parafield \u00e9 uma instala\u00e7\u00e3o usada sobretudo para treino, transporte de cargas e manuten\u00e7\u00e3o aeron\u00e1utica. As autoridades ainda n\u00e3o indicaram poss\u00edveis causas, incluindo condi\u00e7\u00f5es meteorol\u00f3gicas ou falhas t\u00e9cnicas, e reiteraram que o inqu\u00e9rito \u00e9 priorit\u00e1rio.<\/p>\n<p>As autoridades destacam a import\u00e2ncia de seguir as informa\u00e7\u00f5es oficiais durante a apura\u00e7\u00e3o. O aeroporto continua a avaliar o impacto na opera\u00e7\u00e3o a\u00e9rea e a orientar viajantes sobre o estado de voos. Fontes locais confirmam que a investiga\u00e7\u00e3o est\u00e1 em curso.<\/p>\n","protected":false},"excerpt":{"rendered":"<ul>\n<li>Dois mortos e v\u00e1rias pessoas ficaram feridas ap\u00f3s um avi\u00e3o colidir com um hangar no aeroporto de Parafield, em Adelaide, Austr\u00e1lia, na manh\u00e3 de quarta-feira, causando um inc\u00eandio de grandes propor\u00e7\u00f5es.<\/li>\n<li>Equipes de emerg\u00eancia trabalharam para controlar as chamas e prestar assist\u00eancia \u00e0s v\u00edtimas, com bombeiros, param\u00e9dicos e agentes de pol\u00edcia no local.<\/li>\n<li>O aeroporto de Parafield foi parcialmente fechado para facilitar as opera\u00e7\u00f5es de resgate e investiga\u00e7\u00e3o, com recomenda\u00e7\u00f5es para os passageiros verificarem o status dos voos.<\/li>\n<li>As autoridades iniciaram investiga\u00e7\u00f5es para determinar as causas do acidente, sem ainda divulgar identidades das v\u00edtimas ou o estado de sa\u00fade dos feridos.<\/li>\n<li>O hangar atingido e as opera\u00e7\u00f5es do aeroporto geraram transtornos na rotina local, com as autoridades prometendo divulgar novas informa\u00e7\u00f5es assim que dispon\u00edveis.<\/li>\n<\/ul>\n","protected":false},"author":2,"featured_media":461148,"comment_status":"closed","ping_status":"closed","sticky":false,"template":"","format":"standard","meta":{"footnotes":""},"categories":[6849],"tags":[8341,7891,7890,8552,8260,8767],"class_list":["post-461140","post","type-post","status-publish","format-standard","has-post-thumbnail","hentry","category-acidentes","tag-_acidente","tag-_aeronautica","tag-_aeroportos","tag-_avioes","tag-_incendio","tag-_investigacao"],"yoast_head":"<!-- This site is optimized with the Yoast SEO plugin v27.2 - https:\/\/yoast.com\/product\/yoast-seo-wordpress\/ -->\n<title>Dois mortos e feridos ap\u00f3s avi\u00e3o colidir com hangar em aeroporto australiano - Portal Tela Portugal<\/title>\n<meta name=\"robots\" content=\"index, follow, max-snippet:-1, max-image-preview:large, max-video-preview:-1\" \/>\n<meta property=\"og:locale\" content=\"pt_PT\" \/>\n<meta property=\"og:type\" content=\"article\" \/>\n<meta property=\"og:title\" content=\"Dois mortos e feridos ap\u00f3s avi\u00e3o colidir com hangar em aeroporto australiano - Portal Tela Portugal\" \/>\n<meta property=\"og:description\" content=\"Dois mortos e v\u00e1rias pessoas ficaram feridas ap\u00f3s um avi\u00e3o colidir com um hangar no aeroporto de Parafield, em Adelaide, Austr\u00e1lia, na manh\u00e3 de quarta-feira, causando um inc\u00eandio de grandes propor\u00e7\u00f5es. Equipes de emerg\u00eancia trabalharam para controlar as chamas e prestar assist\u00eancia \u00e0s v\u00edtimas, com bombeiros, param\u00e9dicos e agentes de pol\u00edcia no local. O aeroporto de Parafield foi parcialmente fechado para facilitar as opera\u00e7\u00f5es de resgate e investiga\u00e7\u00e3o, com recomenda\u00e7\u00f5es para os passageiros verificarem o status dos voos. As autoridades iniciaram investiga\u00e7\u00f5es para determinar as causas do acidente, sem ainda divulgar identidades das v\u00edtimas ou o estado de sa\u00fade dos feridos. O hangar atingido e as opera\u00e7\u00f5es do aeroporto geraram transtornos na rotina local, com as autoridades prometendo divulgar novas informa\u00e7\u00f5es assim que dispon\u00edveis.\" \/>\n<meta property=\"og:url\" content=\"https:\/\/portaltela.pt\/noticias\/2026\/04\/29\/dois-mortos-e-feridos-apos-aviao-colidir-com-hangar-em-aeroporto-australiano\/\" \/>\n<meta property=\"og:site_name\" content=\"Portal Tela Portugal\" \/>\n<meta property=\"article:published_time\" content=\"2026-04-29T10:47:31+00:00\" \/>\n<meta name=\"author\" content=\"Telinha\" \/>\n<meta name=\"twitter:card\" content=\"summary_large_image\" \/>\n<meta name=\"twitter:label1\" content=\"Escrito por\" \/>\n\t<meta name=\"twitter:data1\" content=\"Telinha\" \/>\n\t<meta name=\"twitter:label2\" content=\"Tempo estimado de leitura\" \/>\n\t<meta name=\"twitter:data2\" content=\"1 minuto\" \/>\n<script type=\"application\/ld+json\" class=\"yoast-schema-graph\">{\"@context\":\"https:\/\/schema.org\",\"@graph\":[{\"@type\":\"Article\",\"@id\":\"https:\/\/portaltela.pt\/noticias\/2026\/04\/29\/dois-mortos-e-feridos-apos-aviao-colidir-com-hangar-em-aeroporto-australiano\/#article\",\"isPartOf\":{\"@id\":\"https:\/\/portaltela.pt\/noticias\/2026\/04\/29\/dois-mortos-e-feridos-apos-aviao-colidir-com-hangar-em-aeroporto-australiano\/\"},\"author\":{\"name\":\"Telinha\",\"@id\":\"https:\/\/portaltela.pt\/#\/schema\/person\/c4278d4a6028830caff9ee44b42d32ed\"},\"headline\":\"Dois mortos e feridos ap\u00f3s avi\u00e3o colidir com hangar em aeroporto australiano\",\"datePublished\":\"2026-04-29T10:47:31+00:00\",\"mainEntityOfPage\":{\"@id\":\"https:\/\/portaltela.pt\/noticias\/2026\/04\/29\/dois-mortos-e-feridos-apos-aviao-colidir-com-hangar-em-aeroporto-australiano\/\"},\"wordCount\":235,\"image\":{\"@id\":\"https:\/\/portaltela.pt\/noticias\/2026\/04\/29\/dois-mortos-e-feridos-apos-aviao-colidir-com-hangar-em-aeroporto-australiano\/#primaryimage\"},\"thumbnailUrl\":\"https:\/\/portaltela.pt\/s.01k8rhncp4jt1\/2026\/04\/img_1280x722uu2026-04-29-11-31-19-2281778.jpg\",\"keywords\":[\"_acidente\",\"_aeron\u00e1utica\",\"_aeroportos\",\"_avi\u00f5es\",\"_inc\u00eandio\",\"_investiga\u00e7\u00e3o\"],\"articleSection\":[\"Acidentes\"],\"inLanguage\":\"pt-PT\"},{\"@type\":\"WebPage\",\"@id\":\"https:\/\/portaltela.pt\/noticias\/2026\/04\/29\/dois-mortos-e-feridos-apos-aviao-colidir-com-hangar-em-aeroporto-australiano\/\",\"url\":\"https:\/\/portaltela.pt\/noticias\/2026\/04\/29\/dois-mortos-e-feridos-apos-aviao-colidir-com-hangar-em-aeroporto-australiano\/\",\"name\":\"Dois mortos e feridos ap\u00f3s avi\u00e3o colidir com hangar em aeroporto australiano - Portal Tela Portugal\",\"isPartOf\":{\"@id\":\"https:\/\/portaltela.pt\/#website\"},\"primaryImageOfPage\":{\"@id\":\"https:\/\/portaltela.pt\/noticias\/2026\/04\/29\/dois-mortos-e-feridos-apos-aviao-colidir-com-hangar-em-aeroporto-australiano\/#primaryimage\"},\"image\":{\"@id\":\"https:\/\/portaltela.pt\/noticias\/2026\/04\/29\/dois-mortos-e-feridos-apos-aviao-colidir-com-hangar-em-aeroporto-australiano\/#primaryimage\"},\"thumbnailUrl\":\"https:\/\/portaltela.pt\/s.01k8rhncp4jt1\/2026\/04\/img_1280x722uu2026-04-29-11-31-19-2281778.jpg\",\"datePublished\":\"2026-04-29T10:47:31+00:00\",\"author\":{\"@id\":\"https:\/\/portaltela.pt\/#\/schema\/person\/c4278d4a6028830caff9ee44b42d32ed\"},\"breadcrumb\":{\"@id\":\"https:\/\/portaltela.pt\/noticias\/2026\/04\/29\/dois-mortos-e-feridos-apos-aviao-colidir-com-hangar-em-aeroporto-australiano\/#breadcrumb\"},\"inLanguage\":\"pt-PT\",\"potentialAction\":[{\"@type\":\"ReadAction\",\"target\":[\"https:\/\/portaltela.pt\/noticias\/2026\/04\/29\/dois-mortos-e-feridos-apos-aviao-colidir-com-hangar-em-aeroporto-australiano\/\"]}]},{\"@type\":\"ImageObject\",\"inLanguage\":\"pt-PT\",\"@id\":\"https:\/\/portaltela.pt\/noticias\/2026\/04\/29\/dois-mortos-e-feridos-apos-aviao-colidir-com-hangar-em-aeroporto-australiano\/#primaryimage\",\"url\":\"https:\/\/portaltela.pt\/s.01k8rhncp4jt1\/2026\/04\/img_1280x722uu2026-04-29-11-31-19-2281778.jpg\",\"contentUrl\":\"https:\/\/portaltela.pt\/s.01k8rhncp4jt1\/2026\/04\/img_1280x722uu2026-04-29-11-31-19-2281778.jpg\",\"width\":796,\"height\":448,\"caption\":\"Photo\"},{\"@type\":\"BreadcrumbList\",\"@id\":\"https:\/\/portaltela.pt\/noticias\/2026\/04\/29\/dois-mortos-e-feridos-apos-aviao-colidir-com-hangar-em-aeroporto-australiano\/#breadcrumb\",\"itemListElement\":[{\"@type\":\"ListItem\",\"position\":1,\"name\":\"In\u00edcio\",\"item\":\"https:\/\/portaltela.pt\/\"},{\"@type\":\"ListItem\",\"position\":2,\"name\":\"Dois mortos e feridos ap\u00f3s avi\u00e3o colidir com hangar em aeroporto australiano\"}]},{\"@type\":\"WebSite\",\"@id\":\"https:\/\/portaltela.pt\/#website\",\"url\":\"https:\/\/portaltela.pt\/\",\"name\":\"Portal Tela Portugal\",\"description\":\"\",\"potentialAction\":[{\"@type\":\"SearchAction\",\"target\":{\"@type\":\"EntryPoint\",\"urlTemplate\":\"https:\/\/portaltela.pt\/?s={search_term_string}\"},\"query-input\":{\"@type\":\"PropertyValueSpecification\",\"valueRequired\":true,\"valueName\":\"search_term_string\"}}],\"inLanguage\":\"pt-PT\"},{\"@type\":\"Person\",\"@id\":\"https:\/\/portaltela.pt\/#\/schema\/person\/c4278d4a6028830caff9ee44b42d32ed\",\"name\":\"Telinha\",\"image\":{\"@type\":\"ImageObject\",\"inLanguage\":\"pt-PT\",\"@id\":\"https:\/\/portaltela.pt\/s.01k8rhncp4jt1\/2025\/11\/talking-bot-125x125.png\",\"url\":\"https:\/\/portaltela.pt\/s.01k8rhncp4jt1\/2025\/11\/talking-bot-125x125.png\",\"contentUrl\":\"https:\/\/portaltela.pt\/s.01k8rhncp4jt1\/2025\/11\/talking-bot-125x125.png\",\"caption\":\"Telinha\"},\"sameAs\":[\"https:\/\/portaltela.pt\/\"],\"url\":\"https:\/\/portaltela.pt\/por\/367410592786\/\"}]}<\/script>\n<!-- \/ Yoast SEO plugin. -->","yoast_head_json":{"title":"Dois mortos e feridos ap\u00f3s avi\u00e3o colidir com hangar em aeroporto australiano - Portal Tela Portugal","robots":{"index":"index","follow":"follow","max-snippet":"max-snippet:-1","max-image-preview":"max-image-preview:large","max-video-preview":"max-video-preview:-1"},"og_locale":"pt_PT","og_type":"article","og_title":"Dois mortos e feridos ap\u00f3s avi\u00e3o colidir com hangar em aeroporto australiano - Portal Tela Portugal","og_description":"Dois mortos e v\u00e1rias pessoas ficaram feridas ap\u00f3s um avi\u00e3o colidir com um hangar no aeroporto de Parafield, em Adelaide, Austr\u00e1lia, na manh\u00e3 de quarta-feira, causando um inc\u00eandio de grandes propor\u00e7\u00f5es. Equipes de emerg\u00eancia trabalharam para controlar as chamas e prestar assist\u00eancia \u00e0s v\u00edtimas, com bombeiros, param\u00e9dicos e agentes de pol\u00edcia no local. O aeroporto de Parafield foi parcialmente fechado para facilitar as opera\u00e7\u00f5es de resgate e investiga\u00e7\u00e3o, com recomenda\u00e7\u00f5es para os passageiros verificarem o status dos voos. As autoridades iniciaram investiga\u00e7\u00f5es para determinar as causas do acidente, sem ainda divulgar identidades das v\u00edtimas ou o estado de sa\u00fade dos feridos. O hangar atingido e as opera\u00e7\u00f5es do aeroporto geraram transtornos na rotina local, com as autoridades prometendo divulgar novas informa\u00e7\u00f5es assim que dispon\u00edveis.","og_url":"https:\/\/portaltela.pt\/noticias\/2026\/04\/29\/dois-mortos-e-feridos-apos-aviao-colidir-com-hangar-em-aeroporto-australiano\/","og_site_name":"Portal Tela Portugal","article_published_time":"2026-04-29T10:47:31+00:00","author":"Telinha","twitter_card":"summary_large_image","twitter_misc":{"Escrito por":"Telinha","Tempo estimado de leitura":"1 minuto"},"schema":{"@context":"https:\/\/schema.org","@graph":[{"@type":"Article","@id":"https:\/\/portaltela.pt\/noticias\/2026\/04\/29\/dois-mortos-e-feridos-apos-aviao-colidir-com-hangar-em-aeroporto-australiano\/#article","isPartOf":{"@id":"https:\/\/portaltela.pt\/noticias\/2026\/04\/29\/dois-mortos-e-feridos-apos-aviao-colidir-com-hangar-em-aeroporto-australiano\/"},"author":{"name":"Telinha","@id":"https:\/\/portaltela.pt\/#\/schema\/person\/c4278d4a6028830caff9ee44b42d32ed"},"headline":"Dois mortos e feridos ap\u00f3s avi\u00e3o colidir com hangar em aeroporto australiano","datePublished":"2026-04-29T10:47:31+00:00","mainEntityOfPage":{"@id":"https:\/\/portaltela.pt\/noticias\/2026\/04\/29\/dois-mortos-e-feridos-apos-aviao-colidir-com-hangar-em-aeroporto-australiano\/"},"wordCount":235,"image":{"@id":"https:\/\/portaltela.pt\/noticias\/2026\/04\/29\/dois-mortos-e-feridos-apos-aviao-colidir-com-hangar-em-aeroporto-australiano\/#primaryimage"},"thumbnailUrl":"https:\/\/portaltela.pt\/s.01k8rhncp4jt1\/2026\/04\/img_1280x722uu2026-04-29-11-31-19-2281778.jpg","keywords":["_acidente","_aeron\u00e1utica","_aeroportos","_avi\u00f5es","_inc\u00eandio","_investiga\u00e7\u00e3o"],"articleSection":["Acidentes"],"inLanguage":"pt-PT"},{"@type":"WebPage","@id":"https:\/\/portaltela.pt\/noticias\/2026\/04\/29\/dois-mortos-e-feridos-apos-aviao-colidir-com-hangar-em-aeroporto-australiano\/","url":"https:\/\/portaltela.pt\/noticias\/2026\/04\/29\/dois-mortos-e-feridos-apos-aviao-colidir-com-hangar-em-aeroporto-australiano\/","name":"Dois mortos e feridos ap\u00f3s avi\u00e3o colidir com hangar em aeroporto australiano - Portal Tela Portugal","isPartOf":{"@id":"https:\/\/portaltela.pt\/#website"},"primaryImageOfPage":{"@id":"https:\/\/portaltela.pt\/noticias\/2026\/04\/29\/dois-mortos-e-feridos-apos-aviao-colidir-com-hangar-em-aeroporto-australiano\/#primaryimage"},"image":{"@id":"https:\/\/portaltela.pt\/noticias\/2026\/04\/29\/dois-mortos-e-feridos-apos-aviao-colidir-com-hangar-em-aeroporto-australiano\/#primaryimage"},"thumbnailUrl":"https:\/\/portaltela.pt\/s.01k8rhncp4jt1\/2026\/04\/img_1280x722uu2026-04-29-11-31-19-2281778.jpg","datePublished":"2026-04-29T10:47:31+00:00","author":{"@id":"https:\/\/portaltela.pt\/#\/schema\/person\/c4278d4a6028830caff9ee44b42d32ed"},"breadcrumb":{"@id":"https:\/\/portaltela.pt\/noticias\/2026\/04\/29\/dois-mortos-e-feridos-apos-aviao-colidir-com-hangar-em-aeroporto-australiano\/#breadcrumb"},"inLanguage":"pt-PT","potentialAction":[{"@type":"ReadAction","target":["https:\/\/portaltela.pt\/noticias\/2026\/04\/29\/dois-mortos-e-feridos-apos-aviao-colidir-com-hangar-em-aeroporto-australiano\/"]}]},{"@type":"ImageObject","inLanguage":"pt-PT","@id":"https:\/\/portaltela.pt\/noticias\/2026\/04\/29\/dois-mortos-e-feridos-apos-aviao-colidir-com-hangar-em-aeroporto-australiano\/#primaryimage","url":"https:\/\/portaltela.pt\/s.01k8rhncp4jt1\/2026\/04\/img_1280x722uu2026-04-29-11-31-19-2281778.jpg","contentUrl":"https:\/\/portaltela.pt\/s.01k8rhncp4jt1\/2026\/04\/img_1280x722uu2026-04-29-11-31-19-2281778.jpg","width":796,"height":448,"caption":"Photo"},{"@type":"BreadcrumbList","@id":"https:\/\/portaltela.pt\/noticias\/2026\/04\/29\/dois-mortos-e-feridos-apos-aviao-colidir-com-hangar-em-aeroporto-australiano\/#breadcrumb","itemListElement":[{"@type":"ListItem","position":1,"name":"In\u00edcio","item":"https:\/\/portaltela.pt\/"},{"@type":"ListItem","position":2,"name":"Dois mortos e feridos ap\u00f3s avi\u00e3o colidir com hangar em aeroporto australiano"}]},{"@type":"WebSite","@id":"https:\/\/portaltela.pt\/#website","url":"https:\/\/portaltela.pt\/","name":"Portal Tela Portugal","description":"","potentialAction":[{"@type":"SearchAction","target":{"@type":"EntryPoint","urlTemplate":"https:\/\/portaltela.pt\/?s={search_term_string}"},"query-input":{"@type":"PropertyValueSpecification","valueRequired":true,"valueName":"search_term_string"}}],"inLanguage":"pt-PT"},{"@type":"Person","@id":"https:\/\/portaltela.pt\/#\/schema\/person\/c4278d4a6028830caff9ee44b42d32ed","name":"Telinha","image":{"@type":"ImageObject","inLanguage":"pt-PT","@id":"https:\/\/portaltela.pt\/s.01k8rhncp4jt1\/2025\/11\/talking-bot-125x125.png","url":"https:\/\/portaltela.pt\/s.01k8rhncp4jt1\/2025\/11\/talking-bot-125x125.png","contentUrl":"https:\/\/portaltela.pt\/s.01k8rhncp4jt1\/2025\/11\/talking-bot-125x125.png","caption":"Telinha"},"sameAs":["https:\/\/portaltela.pt\/"],"url":"https:\/\/portaltela.pt\/por\/367410592786\/"}]}},"_links":{"self":[{"href":"https:\/\/portaltela.pt\/api\/wp\/v2\/posts\/461140","targetHints":{"allow":["GET"]}}],"collection":[{"href":"https:\/\/portaltela.pt\/api\/wp\/v2\/posts"}],"about":[{"href":"https:\/\/portaltela.pt\/api\/wp\/v2\/types\/post"}],"author":[{"embeddable":true,"href":"https:\/\/portaltela.pt\/api\/wp\/v2\/users\/2"}],"replies":[{"embeddable":true,"href":"https:\/\/portaltela.pt\/api\/wp\/v2\/comments?post=461140"}],"version-history":[{"count":0,"href":"https:\/\/portaltela.pt\/api\/wp\/v2\/posts\/461140\/revisions"}],"wp:featuredmedia":[{"embeddable":true,"href":"https:\/\/portaltela.pt\/api\/wp\/v2\/media\/461148"}],"wp:attachment":[{"href":"https:\/\/portaltela.pt\/api\/wp\/v2\/media?parent=461140"}],"wp:term":[{"taxonomy":"category","embeddable":true,"href":"https:\/\/portaltela.pt\/api\/wp\/v2\/categories?post=461140"},{"taxonomy":"post_tag","embeddable":true,"href":"https:\/\/portaltela.pt\/api\/wp\/v2\/tags?post=461140"}],"curies":[{"name":"wp","href":"https:\/\/api.w.org\/{rel}","templated":true}]}}