{"id":461139,"date":"2026-04-29T07:47:32","date_gmt":"2026-04-29T10:47:32","guid":{"rendered":"https:\/\/portaltela.pt\/noticias\/2026\/04\/29\/ryanair-encerra-operacoes-nos-acores-aluguer-de-carros-preve-quebra-de-30\/"},"modified":"2026-04-29T07:47:32","modified_gmt":"2026-04-29T10:47:32","slug":"ryanair-encerra-operacoes-nos-acores-aluguer-de-carros-preve-quebra-de-30","status":"publish","type":"post","link":"https:\/\/portaltela.pt\/noticias\/economia\/2026\/04\/29\/ryanair-encerra-operacoes-nos-acores-aluguer-de-carros-preve-quebra-de-30\/","title":{"rendered":"Ryanair encerra opera\u00e7\u00f5es nos A\u00e7ores; aluguer de carros prev\u00ea quebra de 30%"},"content":{"rendered":"<p>A Ryanair cessou a opera\u00e7\u00e3o nos A\u00e7ores a 29 de Mar\u00e7o, ap\u00f3s alegadas taxas aeroportu\u00e1rias elevadas e inactividade do Governo portugu\u00eas. A decis\u00e3o impactou o turismo na regi\u00e3o, com efeitos sentidos na oferta de voos e no sector do aluguer de viaturas.<\/p>\n<p>A Associa\u00e7\u00e3o Nacional dos Locadores de Ve\u00edculos (ARAC) \u2014 representa\u00e7\u00e3o nos A\u00e7ores e na Madeira \u2014 aponta uma quebra de 30% na procura de viaturas de aluguer face ao mesmo per\u00edodo do ano anterior. Este valor foi indicado pela ARAC \u00e0 Lusa.<\/p>\n<p>A aus\u00eancia da Ryanair \u00e9 apontada como fator determinante, pois a companhia de baixo custo atra\u00eda turistas que recorriam com frequ\u00eancia ao rent-a-car e ao alojamento local. O per\u00edodo da P\u00e1scoa coincidiu com a sa\u00edda da operadora.<\/p>\n<p>Para al\u00e9m da redu\u00e7\u00e3o verificada em Abril, a ARAC reconhece que outros fatores podem influenciar o mercado, mas destaca que grande parte da quebra se deve \u00e0 aus\u00eancia da Ryanair. O Ver\u00e3o dever\u00e1 trazer maior movimento, dizem.<\/p>\n<p>O respons\u00e1vel da ARAC alerta, no entanto, que o impacto persiste para o pr\u00f3ximo Inverno, quando o tr\u00e1fego pode depender apenas da SATA e da TAP, caso a situa\u00e7\u00e3o n\u00e3o se altere.<\/p>\n<p>A Ryanair havia informado em Janeiro, via ag\u00eancia Lusa, que encerraria a base nos A\u00e7ores no fim de Mar\u00e7o, afastando-se de qualquer recuo. O Governo Regional dos A\u00e7ores ainda tentou manter a opera\u00e7\u00e3o iniciada em 2015, sem sucesso.<\/p>\n","protected":false},"excerpt":{"rendered":"<ul>\n<li>A ARAC revela uma quebra de cerca de 30% na procura por viaturas de aluguer nos A\u00e7ores face ao mesmo per\u00edodo do ano passado, associada \u00e0 sa\u00edda da Ryanair.<\/li>\n<li>A Ryanair deixou de operar nos A\u00e7ores a 29 de mar\u00e7o, citando elevadas taxas aeroportu\u00e1rias e a inac\u00e7\u00e3o do Governo Portugu\u00eas.<\/li>\n<li>A aus\u00eancia da Ryanair \u00e9 vista como determinante, dado que atra\u00eda turistas com maior procura de aluguer de viaturas e alojamento local.<\/li>\n<li>A sa\u00edda coincidiu com a P\u00e1scoa, per\u00edodo tradicionalmente fraco para o turismo, agravando o impacto no sector.<\/li>\n<li>O ver\u00e3o \u00e9 visto como oportunidade de recupera\u00e7\u00e3o, mas o inverno preocupa; h\u00e1 alerta de que, sem medidas, a quebra pode ampliar-se, mantendo-se o peso da sa\u00edda da Ryanair.<\/li>\n<\/ul>\n","protected":false},"author":2,"featured_media":461144,"comment_status":"closed","ping_status":"closed","sticky":false,"template":"","format":"standard","meta":{"footnotes":""},"categories":[2,6735],"tags":[8118,8502,6115,8062,8287,7912],"class_list":["post-461139","post","type-post","status-publish","format-standard","has-post-thumbnail","hentry","category-economia","category-negocios","tag-_acores","tag-_aviacao","tag-_economia","tag-_portugal","tag-_transporte","tag-_turismo"],"yoast_head":"<!-- This site is optimized with the Yoast SEO plugin v27.2 - https:\/\/yoast.com\/product\/yoast-seo-wordpress\/ -->\n<title>Ryanair encerra opera\u00e7\u00f5es nos A\u00e7ores; aluguer de carros prev\u00ea quebra de 30% - Portal Tela Portugal<\/title>\n<meta name=\"robots\" content=\"index, follow, max-snippet:-1, max-image-preview:large, max-video-preview:-1\" \/>\n<meta property=\"og:locale\" content=\"pt_PT\" \/>\n<meta property=\"og:type\" content=\"article\" \/>\n<meta property=\"og:title\" content=\"Ryanair encerra opera\u00e7\u00f5es nos A\u00e7ores; aluguer de carros prev\u00ea quebra de 30% - Portal Tela Portugal\" \/>\n<meta property=\"og:description\" content=\"A ARAC revela uma quebra de cerca de 30% na procura por viaturas de aluguer nos A\u00e7ores face ao mesmo per\u00edodo do ano passado, associada \u00e0 sa\u00edda da Ryanair. A Ryanair deixou de operar nos A\u00e7ores a 29 de mar\u00e7o, citando elevadas taxas aeroportu\u00e1rias e a inac\u00e7\u00e3o do Governo Portugu\u00eas. A aus\u00eancia da Ryanair \u00e9 vista como determinante, dado que atra\u00eda turistas com maior procura de aluguer de viaturas e alojamento local. A sa\u00edda coincidiu com a P\u00e1scoa, per\u00edodo tradicionalmente fraco para o turismo, agravando o impacto no sector. O ver\u00e3o \u00e9 visto como oportunidade de recupera\u00e7\u00e3o, mas o inverno preocupa; h\u00e1 alerta de que, sem medidas, a quebra pode ampliar-se, mantendo-se o peso da sa\u00edda da Ryanair.\" \/>\n<meta property=\"og:url\" content=\"https:\/\/portaltela.pt\/noticias\/2026\/04\/29\/ryanair-encerra-operacoes-nos-acores-aluguer-de-carros-preve-quebra-de-30\/\" \/>\n<meta property=\"og:site_name\" content=\"Portal Tela Portugal\" \/>\n<meta property=\"article:published_time\" content=\"2026-04-29T10:47:32+00:00\" \/>\n<meta name=\"author\" content=\"Telinha\" \/>\n<meta name=\"twitter:card\" content=\"summary_large_image\" \/>\n<meta name=\"twitter:label1\" content=\"Escrito por\" \/>\n\t<meta name=\"twitter:data1\" content=\"Telinha\" \/>\n\t<meta name=\"twitter:label2\" content=\"Tempo estimado de leitura\" \/>\n\t<meta name=\"twitter:data2\" content=\"1 minuto\" \/>\n<script type=\"application\/ld+json\" class=\"yoast-schema-graph\">{\"@context\":\"https:\/\/schema.org\",\"@graph\":[{\"@type\":\"Article\",\"@id\":\"https:\/\/portaltela.pt\/noticias\/2026\/04\/29\/ryanair-encerra-operacoes-nos-acores-aluguer-de-carros-preve-quebra-de-30\/#article\",\"isPartOf\":{\"@id\":\"https:\/\/portaltela.pt\/noticias\/2026\/04\/29\/ryanair-encerra-operacoes-nos-acores-aluguer-de-carros-preve-quebra-de-30\/\"},\"author\":{\"name\":\"Telinha\",\"@id\":\"https:\/\/portaltela.pt\/#\/schema\/person\/c4278d4a6028830caff9ee44b42d32ed\"},\"headline\":\"Ryanair encerra opera\u00e7\u00f5es nos A\u00e7ores; aluguer de carros prev\u00ea quebra de 30%\",\"datePublished\":\"2026-04-29T10:47:32+00:00\",\"mainEntityOfPage\":{\"@id\":\"https:\/\/portaltela.pt\/noticias\/2026\/04\/29\/ryanair-encerra-operacoes-nos-acores-aluguer-de-carros-preve-quebra-de-30\/\"},\"wordCount\":266,\"image\":{\"@id\":\"https:\/\/portaltela.pt\/noticias\/2026\/04\/29\/ryanair-encerra-operacoes-nos-acores-aluguer-de-carros-preve-quebra-de-30\/#primaryimage\"},\"thumbnailUrl\":\"https:\/\/portaltela.pt\/s.01k8rhncp4jt1\/2026\/04\/2084799.jpg\",\"keywords\":[\"_A\u00e7ores\",\"_avia\u00e7\u00e3o\",\"_economia\",\"_Portugal\",\"_transporte\",\"_turismo\"],\"articleSection\":[\"Economia\",\"Neg\u00f3cios\"],\"inLanguage\":\"pt-PT\"},{\"@type\":\"WebPage\",\"@id\":\"https:\/\/portaltela.pt\/noticias\/2026\/04\/29\/ryanair-encerra-operacoes-nos-acores-aluguer-de-carros-preve-quebra-de-30\/\",\"url\":\"https:\/\/portaltela.pt\/noticias\/2026\/04\/29\/ryanair-encerra-operacoes-nos-acores-aluguer-de-carros-preve-quebra-de-30\/\",\"name\":\"Ryanair encerra opera\u00e7\u00f5es nos A\u00e7ores; aluguer de carros prev\u00ea quebra de 30% - Portal Tela Portugal\",\"isPartOf\":{\"@id\":\"https:\/\/portaltela.pt\/#website\"},\"primaryImageOfPage\":{\"@id\":\"https:\/\/portaltela.pt\/noticias\/2026\/04\/29\/ryanair-encerra-operacoes-nos-acores-aluguer-de-carros-preve-quebra-de-30\/#primaryimage\"},\"image\":{\"@id\":\"https:\/\/portaltela.pt\/noticias\/2026\/04\/29\/ryanair-encerra-operacoes-nos-acores-aluguer-de-carros-preve-quebra-de-30\/#primaryimage\"},\"thumbnailUrl\":\"https:\/\/portaltela.pt\/s.01k8rhncp4jt1\/2026\/04\/2084799.jpg\",\"datePublished\":\"2026-04-29T10:47:32+00:00\",\"author\":{\"@id\":\"https:\/\/portaltela.pt\/#\/schema\/person\/c4278d4a6028830caff9ee44b42d32ed\"},\"breadcrumb\":{\"@id\":\"https:\/\/portaltela.pt\/noticias\/2026\/04\/29\/ryanair-encerra-operacoes-nos-acores-aluguer-de-carros-preve-quebra-de-30\/#breadcrumb\"},\"inLanguage\":\"pt-PT\",\"potentialAction\":[{\"@type\":\"ReadAction\",\"target\":[\"https:\/\/portaltela.pt\/noticias\/2026\/04\/29\/ryanair-encerra-operacoes-nos-acores-aluguer-de-carros-preve-quebra-de-30\/\"]}]},{\"@type\":\"ImageObject\",\"inLanguage\":\"pt-PT\",\"@id\":\"https:\/\/portaltela.pt\/noticias\/2026\/04\/29\/ryanair-encerra-operacoes-nos-acores-aluguer-de-carros-preve-quebra-de-30\/#primaryimage\",\"url\":\"https:\/\/portaltela.pt\/s.01k8rhncp4jt1\/2026\/04\/2084799.jpg\",\"contentUrl\":\"https:\/\/portaltela.pt\/s.01k8rhncp4jt1\/2026\/04\/2084799.jpg\",\"width\":796,\"height\":448,\"caption\":\"O aviso do sector de rent-a-car: \\\"A maior preocupa\u00e7\u00e3o que deve existir \u00e9 j\u00e1 para o pr\u00f3ximo Inverno\\\"\"},{\"@type\":\"BreadcrumbList\",\"@id\":\"https:\/\/portaltela.pt\/noticias\/2026\/04\/29\/ryanair-encerra-operacoes-nos-acores-aluguer-de-carros-preve-quebra-de-30\/#breadcrumb\",\"itemListElement\":[{\"@type\":\"ListItem\",\"position\":1,\"name\":\"In\u00edcio\",\"item\":\"https:\/\/portaltela.pt\/\"},{\"@type\":\"ListItem\",\"position\":2,\"name\":\"Ryanair encerra opera\u00e7\u00f5es nos A\u00e7ores; aluguer de carros prev\u00ea quebra de 30%\"}]},{\"@type\":\"WebSite\",\"@id\":\"https:\/\/portaltela.pt\/#website\",\"url\":\"https:\/\/portaltela.pt\/\",\"name\":\"Portal Tela Portugal\",\"description\":\"\",\"potentialAction\":[{\"@type\":\"SearchAction\",\"target\":{\"@type\":\"EntryPoint\",\"urlTemplate\":\"https:\/\/portaltela.pt\/?s={search_term_string}\"},\"query-input\":{\"@type\":\"PropertyValueSpecification\",\"valueRequired\":true,\"valueName\":\"search_term_string\"}}],\"inLanguage\":\"pt-PT\"},{\"@type\":\"Person\",\"@id\":\"https:\/\/portaltela.pt\/#\/schema\/person\/c4278d4a6028830caff9ee44b42d32ed\",\"name\":\"Telinha\",\"image\":{\"@type\":\"ImageObject\",\"inLanguage\":\"pt-PT\",\"@id\":\"https:\/\/portaltela.pt\/s.01k8rhncp4jt1\/2025\/11\/talking-bot-125x125.png\",\"url\":\"https:\/\/portaltela.pt\/s.01k8rhncp4jt1\/2025\/11\/talking-bot-125x125.png\",\"contentUrl\":\"https:\/\/portaltela.pt\/s.01k8rhncp4jt1\/2025\/11\/talking-bot-125x125.png\",\"caption\":\"Telinha\"},\"sameAs\":[\"https:\/\/portaltela.pt\/\"],\"url\":\"https:\/\/portaltela.pt\/por\/367410592786\/\"}]}<\/script>\n<!-- \/ Yoast SEO plugin. -->","yoast_head_json":{"title":"Ryanair encerra opera\u00e7\u00f5es nos A\u00e7ores; aluguer de carros prev\u00ea quebra de 30% - Portal Tela Portugal","robots":{"index":"index","follow":"follow","max-snippet":"max-snippet:-1","max-image-preview":"max-image-preview:large","max-video-preview":"max-video-preview:-1"},"og_locale":"pt_PT","og_type":"article","og_title":"Ryanair encerra opera\u00e7\u00f5es nos A\u00e7ores; aluguer de carros prev\u00ea quebra de 30% - Portal Tela Portugal","og_description":"A ARAC revela uma quebra de cerca de 30% na procura por viaturas de aluguer nos A\u00e7ores face ao mesmo per\u00edodo do ano passado, associada \u00e0 sa\u00edda da Ryanair. A Ryanair deixou de operar nos A\u00e7ores a 29 de mar\u00e7o, citando elevadas taxas aeroportu\u00e1rias e a inac\u00e7\u00e3o do Governo Portugu\u00eas. A aus\u00eancia da Ryanair \u00e9 vista como determinante, dado que atra\u00eda turistas com maior procura de aluguer de viaturas e alojamento local. A sa\u00edda coincidiu com a P\u00e1scoa, per\u00edodo tradicionalmente fraco para o turismo, agravando o impacto no sector. O ver\u00e3o \u00e9 visto como oportunidade de recupera\u00e7\u00e3o, mas o inverno preocupa; h\u00e1 alerta de que, sem medidas, a quebra pode ampliar-se, mantendo-se o peso da sa\u00edda da Ryanair.","og_url":"https:\/\/portaltela.pt\/noticias\/2026\/04\/29\/ryanair-encerra-operacoes-nos-acores-aluguer-de-carros-preve-quebra-de-30\/","og_site_name":"Portal Tela Portugal","article_published_time":"2026-04-29T10:47:32+00:00","author":"Telinha","twitter_card":"summary_large_image","twitter_misc":{"Escrito por":"Telinha","Tempo estimado de leitura":"1 minuto"},"schema":{"@context":"https:\/\/schema.org","@graph":[{"@type":"Article","@id":"https:\/\/portaltela.pt\/noticias\/2026\/04\/29\/ryanair-encerra-operacoes-nos-acores-aluguer-de-carros-preve-quebra-de-30\/#article","isPartOf":{"@id":"https:\/\/portaltela.pt\/noticias\/2026\/04\/29\/ryanair-encerra-operacoes-nos-acores-aluguer-de-carros-preve-quebra-de-30\/"},"author":{"name":"Telinha","@id":"https:\/\/portaltela.pt\/#\/schema\/person\/c4278d4a6028830caff9ee44b42d32ed"},"headline":"Ryanair encerra opera\u00e7\u00f5es nos A\u00e7ores; aluguer de carros prev\u00ea quebra de 30%","datePublished":"2026-04-29T10:47:32+00:00","mainEntityOfPage":{"@id":"https:\/\/portaltela.pt\/noticias\/2026\/04\/29\/ryanair-encerra-operacoes-nos-acores-aluguer-de-carros-preve-quebra-de-30\/"},"wordCount":266,"image":{"@id":"https:\/\/portaltela.pt\/noticias\/2026\/04\/29\/ryanair-encerra-operacoes-nos-acores-aluguer-de-carros-preve-quebra-de-30\/#primaryimage"},"thumbnailUrl":"https:\/\/portaltela.pt\/s.01k8rhncp4jt1\/2026\/04\/2084799.jpg","keywords":["_A\u00e7ores","_avia\u00e7\u00e3o","_economia","_Portugal","_transporte","_turismo"],"articleSection":["Economia","Neg\u00f3cios"],"inLanguage":"pt-PT"},{"@type":"WebPage","@id":"https:\/\/portaltela.pt\/noticias\/2026\/04\/29\/ryanair-encerra-operacoes-nos-acores-aluguer-de-carros-preve-quebra-de-30\/","url":"https:\/\/portaltela.pt\/noticias\/2026\/04\/29\/ryanair-encerra-operacoes-nos-acores-aluguer-de-carros-preve-quebra-de-30\/","name":"Ryanair encerra opera\u00e7\u00f5es nos A\u00e7ores; aluguer de carros prev\u00ea quebra de 30% - Portal Tela Portugal","isPartOf":{"@id":"https:\/\/portaltela.pt\/#website"},"primaryImageOfPage":{"@id":"https:\/\/portaltela.pt\/noticias\/2026\/04\/29\/ryanair-encerra-operacoes-nos-acores-aluguer-de-carros-preve-quebra-de-30\/#primaryimage"},"image":{"@id":"https:\/\/portaltela.pt\/noticias\/2026\/04\/29\/ryanair-encerra-operacoes-nos-acores-aluguer-de-carros-preve-quebra-de-30\/#primaryimage"},"thumbnailUrl":"https:\/\/portaltela.pt\/s.01k8rhncp4jt1\/2026\/04\/2084799.jpg","datePublished":"2026-04-29T10:47:32+00:00","author":{"@id":"https:\/\/portaltela.pt\/#\/schema\/person\/c4278d4a6028830caff9ee44b42d32ed"},"breadcrumb":{"@id":"https:\/\/portaltela.pt\/noticias\/2026\/04\/29\/ryanair-encerra-operacoes-nos-acores-aluguer-de-carros-preve-quebra-de-30\/#breadcrumb"},"inLanguage":"pt-PT","potentialAction":[{"@type":"ReadAction","target":["https:\/\/portaltela.pt\/noticias\/2026\/04\/29\/ryanair-encerra-operacoes-nos-acores-aluguer-de-carros-preve-quebra-de-30\/"]}]},{"@type":"ImageObject","inLanguage":"pt-PT","@id":"https:\/\/portaltela.pt\/noticias\/2026\/04\/29\/ryanair-encerra-operacoes-nos-acores-aluguer-de-carros-preve-quebra-de-30\/#primaryimage","url":"https:\/\/portaltela.pt\/s.01k8rhncp4jt1\/2026\/04\/2084799.jpg","contentUrl":"https:\/\/portaltela.pt\/s.01k8rhncp4jt1\/2026\/04\/2084799.jpg","width":796,"height":448,"caption":"O aviso do sector de rent-a-car: \"A maior preocupa\u00e7\u00e3o que deve existir \u00e9 j\u00e1 para o pr\u00f3ximo Inverno\""},{"@type":"BreadcrumbList","@id":"https:\/\/portaltela.pt\/noticias\/2026\/04\/29\/ryanair-encerra-operacoes-nos-acores-aluguer-de-carros-preve-quebra-de-30\/#breadcrumb","itemListElement":[{"@type":"ListItem","position":1,"name":"In\u00edcio","item":"https:\/\/portaltela.pt\/"},{"@type":"ListItem","position":2,"name":"Ryanair encerra opera\u00e7\u00f5es nos A\u00e7ores; aluguer de carros prev\u00ea quebra de 30%"}]},{"@type":"WebSite","@id":"https:\/\/portaltela.pt\/#website","url":"https:\/\/portaltela.pt\/","name":"Portal Tela Portugal","description":"","potentialAction":[{"@type":"SearchAction","target":{"@type":"EntryPoint","urlTemplate":"https:\/\/portaltela.pt\/?s={search_term_string}"},"query-input":{"@type":"PropertyValueSpecification","valueRequired":true,"valueName":"search_term_string"}}],"inLanguage":"pt-PT"},{"@type":"Person","@id":"https:\/\/portaltela.pt\/#\/schema\/person\/c4278d4a6028830caff9ee44b42d32ed","name":"Telinha","image":{"@type":"ImageObject","inLanguage":"pt-PT","@id":"https:\/\/portaltela.pt\/s.01k8rhncp4jt1\/2025\/11\/talking-bot-125x125.png","url":"https:\/\/portaltela.pt\/s.01k8rhncp4jt1\/2025\/11\/talking-bot-125x125.png","contentUrl":"https:\/\/portaltela.pt\/s.01k8rhncp4jt1\/2025\/11\/talking-bot-125x125.png","caption":"Telinha"},"sameAs":["https:\/\/portaltela.pt\/"],"url":"https:\/\/portaltela.pt\/por\/367410592786\/"}]}},"_links":{"self":[{"href":"https:\/\/portaltela.pt\/api\/wp\/v2\/posts\/461139","targetHints":{"allow":["GET"]}}],"collection":[{"href":"https:\/\/portaltela.pt\/api\/wp\/v2\/posts"}],"about":[{"href":"https:\/\/portaltela.pt\/api\/wp\/v2\/types\/post"}],"author":[{"embeddable":true,"href":"https:\/\/portaltela.pt\/api\/wp\/v2\/users\/2"}],"replies":[{"embeddable":true,"href":"https:\/\/portaltela.pt\/api\/wp\/v2\/comments?post=461139"}],"version-history":[{"count":0,"href":"https:\/\/portaltela.pt\/api\/wp\/v2\/posts\/461139\/revisions"}],"wp:featuredmedia":[{"embeddable":true,"href":"https:\/\/portaltela.pt\/api\/wp\/v2\/media\/461144"}],"wp:attachment":[{"href":"https:\/\/portaltela.pt\/api\/wp\/v2\/media?parent=461139"}],"wp:term":[{"taxonomy":"category","embeddable":true,"href":"https:\/\/portaltela.pt\/api\/wp\/v2\/categories?post=461139"},{"taxonomy":"post_tag","embeddable":true,"href":"https:\/\/portaltela.pt\/api\/wp\/v2\/tags?post=461139"}],"curies":[{"name":"wp","href":"https:\/\/api.w.org\/{rel}","templated":true}]}}