{"id":461128,"date":"2026-04-29T07:33:19","date_gmt":"2026-04-29T10:33:19","guid":{"rendered":"https:\/\/portaltela.pt\/noticias\/2026\/04\/29\/menor-abusada-sexualmente-denuncia-padrasto-a-psicologa-da-escola\/"},"modified":"2026-04-29T07:33:19","modified_gmt":"2026-04-29T10:33:19","slug":"menor-abusada-sexualmente-denuncia-padrasto-a-psicologa-da-escola","status":"publish","type":"post","link":"https:\/\/portaltela.pt\/criminalidade\/2026\/04\/29\/menor-abusada-sexualmente-denuncia-padrasto-a-psicologa-da-escola\/","title":{"rendered":"Menor abusada sexualmente denuncia padrasto \u00e0 psic\u00f3loga da escola"},"content":{"rendered":"<p>A Pol\u00edcia Judici\u00e1ria deteve um homem na Amadora, suspeito de abusar sexualmente de uma menor ao longo de quase quatro anos. A v\u00edtima, uma menina com 12 anos na altura dos factos, era tratada pelo padrasto do n\u00facleo familiar.<\/p>\n<p>A deten\u00e7\u00e3o ocorreu depois de uma den\u00fancia apresentada pela psic\u00f3loga da escola onde a menor frequenta. A escola partilhou informa\u00e7\u00f5es com as autoridades para avan\u00e7ar com a investiga\u00e7\u00e3o.<\/p>\n<p>A v\u00edtima revelou os abusos \u00e0 psic\u00f3loga, que encorajou a crian\u00e7a a pedir ajuda e a denunciar o que aconteceu. Este passo levou \u00e0 abertura de dilig\u00eancias pela PJ.<\/p>\n<p>O suspeito ficou em pris\u00e3o preventiva, ap\u00f3s audi\u00eancia no juiz competente. A investiga\u00e7\u00e3o pretende apurar se houve outras pessoas envolvidas ou outras v\u00edtimas.<\/p>\n<p>A v\u00edtima recebe apoio psicol\u00f3gico e acompanhamento por parte das autoridades. A escola continua a colaborar para assegurar a prote\u00e7\u00e3o da menor e a seguran\u00e7a no espa\u00e7o escolar.<\/p>\n","protected":false},"excerpt":{"rendered":"<ul>\n<li>Homem detido pela Pol\u00edcia Judici\u00e1ria na Amadora suspeito de abusar sexualmente de uma menor durante quase quatro anos.<\/li>\n<li>A v\u00edtima, uma menina de 12 anos na altura, denunciou os abusos ap\u00f3s procurar ajuda na escola.<\/li>\n<li>A den\u00fancia levou a que o suspeito fosse apanhado em flagrante pela psic\u00f3loga da escola e detido pela PJ.<\/li>\n<li>O homem ficou em pris\u00e3o preventiva ap\u00f3s ser apresentado a juiz; a investiga\u00e7\u00e3o segue para apurar poss\u00edveis outras pessoas ou v\u00edtimas.<\/li>\n<li>A v\u00edtima recebe apoio psicol\u00f3gico e a escola colabora com as autoridades para assegurar a sua prote\u00e7\u00e3o; a PJ destaca a import\u00e2ncia de denunciar abusos sexuais infantis.<\/li>\n<\/ul>\n","protected":false},"author":2,"featured_media":461132,"comment_status":"closed","ping_status":"closed","sticky":false,"template":"","format":"standard","meta":{"footnotes":""},"categories":[6907,7374],"tags":[8288,8155,8022,8767,8162,8068],"class_list":["post-461128","post","type-post","status-publish","format-standard","has-post-thumbnail","hentry","category-crime","category-criminalidade","tag-_abuso-de-menores","tag-_abuso-sexual-de-menor-dependente","tag-_amadora","tag-_investigacao","tag-_policia-judiciaria","tag-_psicologia"],"yoast_head":"<!-- This site is optimized with the Yoast SEO plugin v27.2 - https:\/\/yoast.com\/product\/yoast-seo-wordpress\/ -->\n<title>Menor abusada sexualmente denuncia padrasto \u00e0 psic\u00f3loga da escola - Portal Tela Portugal<\/title>\n<meta name=\"robots\" content=\"index, follow, max-snippet:-1, max-image-preview:large, max-video-preview:-1\" \/>\n<meta property=\"og:locale\" content=\"pt_PT\" \/>\n<meta property=\"og:type\" content=\"article\" \/>\n<meta property=\"og:title\" content=\"Menor abusada sexualmente denuncia padrasto \u00e0 psic\u00f3loga da escola - Portal Tela Portugal\" \/>\n<meta property=\"og:description\" content=\"Homem detido pela Pol\u00edcia Judici\u00e1ria na Amadora suspeito de abusar sexualmente de uma menor durante quase quatro anos. A v\u00edtima, uma menina de 12 anos na altura, denunciou os abusos ap\u00f3s procurar ajuda na escola. A den\u00fancia levou a que o suspeito fosse apanhado em flagrante pela psic\u00f3loga da escola e detido pela PJ. O homem ficou em pris\u00e3o preventiva ap\u00f3s ser apresentado a juiz; a investiga\u00e7\u00e3o segue para apurar poss\u00edveis outras pessoas ou v\u00edtimas. A v\u00edtima recebe apoio psicol\u00f3gico e a escola colabora com as autoridades para assegurar a sua prote\u00e7\u00e3o; a PJ destaca a import\u00e2ncia de denunciar abusos sexuais infantis.\" \/>\n<meta property=\"og:url\" content=\"https:\/\/portaltela.pt\/noticias\/2026\/04\/29\/menor-abusada-sexualmente-denuncia-padrasto-a-psicologa-da-escola\/\" \/>\n<meta property=\"og:site_name\" content=\"Portal Tela Portugal\" \/>\n<meta property=\"article:published_time\" content=\"2026-04-29T10:33:19+00:00\" \/>\n<meta name=\"author\" content=\"Telinha\" \/>\n<meta name=\"twitter:card\" content=\"summary_large_image\" \/>\n<meta name=\"twitter:label1\" content=\"Escrito por\" \/>\n\t<meta name=\"twitter:data1\" content=\"Telinha\" \/>\n\t<meta name=\"twitter:label2\" content=\"Tempo estimado de leitura\" \/>\n\t<meta name=\"twitter:data2\" content=\"1 minuto\" \/>\n<script type=\"application\/ld+json\" class=\"yoast-schema-graph\">{\"@context\":\"https:\/\/schema.org\",\"@graph\":[{\"@type\":\"Article\",\"@id\":\"https:\/\/portaltela.pt\/noticias\/2026\/04\/29\/menor-abusada-sexualmente-denuncia-padrasto-a-psicologa-da-escola\/#article\",\"isPartOf\":{\"@id\":\"https:\/\/portaltela.pt\/noticias\/2026\/04\/29\/menor-abusada-sexualmente-denuncia-padrasto-a-psicologa-da-escola\/\"},\"author\":{\"name\":\"Telinha\",\"@id\":\"https:\/\/portaltela.pt\/#\/schema\/person\/c4278d4a6028830caff9ee44b42d32ed\"},\"headline\":\"Menor abusada sexualmente denuncia padrasto \u00e0 psic\u00f3loga da escola\",\"datePublished\":\"2026-04-29T10:33:19+00:00\",\"mainEntityOfPage\":{\"@id\":\"https:\/\/portaltela.pt\/noticias\/2026\/04\/29\/menor-abusada-sexualmente-denuncia-padrasto-a-psicologa-da-escola\/\"},\"wordCount\":177,\"image\":{\"@id\":\"https:\/\/portaltela.pt\/noticias\/2026\/04\/29\/menor-abusada-sexualmente-denuncia-padrasto-a-psicologa-da-escola\/#primaryimage\"},\"thumbnailUrl\":\"https:\/\/portaltela.pt\/s.01k8rhncp4jt1\/2026\/04\/img_1280x722uu2026-03-20-12-23-11-2273662-im-639116915546635465.jpg\",\"keywords\":[\"_abuso de menores\",\"_abuso sexual de menor dependente\",\"_Amadora\",\"_investiga\u00e7\u00e3o\",\"_Pol\u00edcia Judici\u00e1ria\",\"_psicologia\"],\"articleSection\":[\"Crime\",\"Criminalidade\"],\"inLanguage\":\"pt-PT\"},{\"@type\":\"WebPage\",\"@id\":\"https:\/\/portaltela.pt\/noticias\/2026\/04\/29\/menor-abusada-sexualmente-denuncia-padrasto-a-psicologa-da-escola\/\",\"url\":\"https:\/\/portaltela.pt\/noticias\/2026\/04\/29\/menor-abusada-sexualmente-denuncia-padrasto-a-psicologa-da-escola\/\",\"name\":\"Menor abusada sexualmente denuncia padrasto \u00e0 psic\u00f3loga da escola - Portal Tela Portugal\",\"isPartOf\":{\"@id\":\"https:\/\/portaltela.pt\/#website\"},\"primaryImageOfPage\":{\"@id\":\"https:\/\/portaltela.pt\/noticias\/2026\/04\/29\/menor-abusada-sexualmente-denuncia-padrasto-a-psicologa-da-escola\/#primaryimage\"},\"image\":{\"@id\":\"https:\/\/portaltela.pt\/noticias\/2026\/04\/29\/menor-abusada-sexualmente-denuncia-padrasto-a-psicologa-da-escola\/#primaryimage\"},\"thumbnailUrl\":\"https:\/\/portaltela.pt\/s.01k8rhncp4jt1\/2026\/04\/img_1280x722uu2026-03-20-12-23-11-2273662-im-639116915546635465.jpg\",\"datePublished\":\"2026-04-29T10:33:19+00:00\",\"author\":{\"@id\":\"https:\/\/portaltela.pt\/#\/schema\/person\/c4278d4a6028830caff9ee44b42d32ed\"},\"breadcrumb\":{\"@id\":\"https:\/\/portaltela.pt\/noticias\/2026\/04\/29\/menor-abusada-sexualmente-denuncia-padrasto-a-psicologa-da-escola\/#breadcrumb\"},\"inLanguage\":\"pt-PT\",\"potentialAction\":[{\"@type\":\"ReadAction\",\"target\":[\"https:\/\/portaltela.pt\/noticias\/2026\/04\/29\/menor-abusada-sexualmente-denuncia-padrasto-a-psicologa-da-escola\/\"]}]},{\"@type\":\"ImageObject\",\"inLanguage\":\"pt-PT\",\"@id\":\"https:\/\/portaltela.pt\/noticias\/2026\/04\/29\/menor-abusada-sexualmente-denuncia-padrasto-a-psicologa-da-escola\/#primaryimage\",\"url\":\"https:\/\/portaltela.pt\/s.01k8rhncp4jt1\/2026\/04\/img_1280x722uu2026-03-20-12-23-11-2273662-im-639116915546635465.jpg\",\"contentUrl\":\"https:\/\/portaltela.pt\/s.01k8rhncp4jt1\/2026\/04\/img_1280x722uu2026-03-20-12-23-11-2273662-im-639116915546635465.jpg\",\"width\":796,\"height\":448,\"caption\":\"Photo\"},{\"@type\":\"BreadcrumbList\",\"@id\":\"https:\/\/portaltela.pt\/noticias\/2026\/04\/29\/menor-abusada-sexualmente-denuncia-padrasto-a-psicologa-da-escola\/#breadcrumb\",\"itemListElement\":[{\"@type\":\"ListItem\",\"position\":1,\"name\":\"In\u00edcio\",\"item\":\"https:\/\/portaltela.pt\/\"},{\"@type\":\"ListItem\",\"position\":2,\"name\":\"Menor abusada sexualmente denuncia padrasto \u00e0 psic\u00f3loga da escola\"}]},{\"@type\":\"WebSite\",\"@id\":\"https:\/\/portaltela.pt\/#website\",\"url\":\"https:\/\/portaltela.pt\/\",\"name\":\"Portal Tela Portugal\",\"description\":\"\",\"potentialAction\":[{\"@type\":\"SearchAction\",\"target\":{\"@type\":\"EntryPoint\",\"urlTemplate\":\"https:\/\/portaltela.pt\/?s={search_term_string}\"},\"query-input\":{\"@type\":\"PropertyValueSpecification\",\"valueRequired\":true,\"valueName\":\"search_term_string\"}}],\"inLanguage\":\"pt-PT\"},{\"@type\":\"Person\",\"@id\":\"https:\/\/portaltela.pt\/#\/schema\/person\/c4278d4a6028830caff9ee44b42d32ed\",\"name\":\"Telinha\",\"image\":{\"@type\":\"ImageObject\",\"inLanguage\":\"pt-PT\",\"@id\":\"https:\/\/portaltela.pt\/s.01k8rhncp4jt1\/2025\/11\/talking-bot-125x125.png\",\"url\":\"https:\/\/portaltela.pt\/s.01k8rhncp4jt1\/2025\/11\/talking-bot-125x125.png\",\"contentUrl\":\"https:\/\/portaltela.pt\/s.01k8rhncp4jt1\/2025\/11\/talking-bot-125x125.png\",\"caption\":\"Telinha\"},\"sameAs\":[\"https:\/\/portaltela.pt\/\"],\"url\":\"https:\/\/portaltela.pt\/por\/367410592786\/\"}]}<\/script>\n<!-- \/ Yoast SEO plugin. -->","yoast_head_json":{"title":"Menor abusada sexualmente denuncia padrasto \u00e0 psic\u00f3loga da escola - Portal Tela Portugal","robots":{"index":"index","follow":"follow","max-snippet":"max-snippet:-1","max-image-preview":"max-image-preview:large","max-video-preview":"max-video-preview:-1"},"og_locale":"pt_PT","og_type":"article","og_title":"Menor abusada sexualmente denuncia padrasto \u00e0 psic\u00f3loga da escola - Portal Tela Portugal","og_description":"Homem detido pela Pol\u00edcia Judici\u00e1ria na Amadora suspeito de abusar sexualmente de uma menor durante quase quatro anos. A v\u00edtima, uma menina de 12 anos na altura, denunciou os abusos ap\u00f3s procurar ajuda na escola. A den\u00fancia levou a que o suspeito fosse apanhado em flagrante pela psic\u00f3loga da escola e detido pela PJ. O homem ficou em pris\u00e3o preventiva ap\u00f3s ser apresentado a juiz; a investiga\u00e7\u00e3o segue para apurar poss\u00edveis outras pessoas ou v\u00edtimas. A v\u00edtima recebe apoio psicol\u00f3gico e a escola colabora com as autoridades para assegurar a sua prote\u00e7\u00e3o; a PJ destaca a import\u00e2ncia de denunciar abusos sexuais infantis.","og_url":"https:\/\/portaltela.pt\/noticias\/2026\/04\/29\/menor-abusada-sexualmente-denuncia-padrasto-a-psicologa-da-escola\/","og_site_name":"Portal Tela Portugal","article_published_time":"2026-04-29T10:33:19+00:00","author":"Telinha","twitter_card":"summary_large_image","twitter_misc":{"Escrito por":"Telinha","Tempo estimado de leitura":"1 minuto"},"schema":{"@context":"https:\/\/schema.org","@graph":[{"@type":"Article","@id":"https:\/\/portaltela.pt\/noticias\/2026\/04\/29\/menor-abusada-sexualmente-denuncia-padrasto-a-psicologa-da-escola\/#article","isPartOf":{"@id":"https:\/\/portaltela.pt\/noticias\/2026\/04\/29\/menor-abusada-sexualmente-denuncia-padrasto-a-psicologa-da-escola\/"},"author":{"name":"Telinha","@id":"https:\/\/portaltela.pt\/#\/schema\/person\/c4278d4a6028830caff9ee44b42d32ed"},"headline":"Menor abusada sexualmente denuncia padrasto \u00e0 psic\u00f3loga da escola","datePublished":"2026-04-29T10:33:19+00:00","mainEntityOfPage":{"@id":"https:\/\/portaltela.pt\/noticias\/2026\/04\/29\/menor-abusada-sexualmente-denuncia-padrasto-a-psicologa-da-escola\/"},"wordCount":177,"image":{"@id":"https:\/\/portaltela.pt\/noticias\/2026\/04\/29\/menor-abusada-sexualmente-denuncia-padrasto-a-psicologa-da-escola\/#primaryimage"},"thumbnailUrl":"https:\/\/portaltela.pt\/s.01k8rhncp4jt1\/2026\/04\/img_1280x722uu2026-03-20-12-23-11-2273662-im-639116915546635465.jpg","keywords":["_abuso de menores","_abuso sexual de menor dependente","_Amadora","_investiga\u00e7\u00e3o","_Pol\u00edcia Judici\u00e1ria","_psicologia"],"articleSection":["Crime","Criminalidade"],"inLanguage":"pt-PT"},{"@type":"WebPage","@id":"https:\/\/portaltela.pt\/noticias\/2026\/04\/29\/menor-abusada-sexualmente-denuncia-padrasto-a-psicologa-da-escola\/","url":"https:\/\/portaltela.pt\/noticias\/2026\/04\/29\/menor-abusada-sexualmente-denuncia-padrasto-a-psicologa-da-escola\/","name":"Menor abusada sexualmente denuncia padrasto \u00e0 psic\u00f3loga da escola - Portal Tela Portugal","isPartOf":{"@id":"https:\/\/portaltela.pt\/#website"},"primaryImageOfPage":{"@id":"https:\/\/portaltela.pt\/noticias\/2026\/04\/29\/menor-abusada-sexualmente-denuncia-padrasto-a-psicologa-da-escola\/#primaryimage"},"image":{"@id":"https:\/\/portaltela.pt\/noticias\/2026\/04\/29\/menor-abusada-sexualmente-denuncia-padrasto-a-psicologa-da-escola\/#primaryimage"},"thumbnailUrl":"https:\/\/portaltela.pt\/s.01k8rhncp4jt1\/2026\/04\/img_1280x722uu2026-03-20-12-23-11-2273662-im-639116915546635465.jpg","datePublished":"2026-04-29T10:33:19+00:00","author":{"@id":"https:\/\/portaltela.pt\/#\/schema\/person\/c4278d4a6028830caff9ee44b42d32ed"},"breadcrumb":{"@id":"https:\/\/portaltela.pt\/noticias\/2026\/04\/29\/menor-abusada-sexualmente-denuncia-padrasto-a-psicologa-da-escola\/#breadcrumb"},"inLanguage":"pt-PT","potentialAction":[{"@type":"ReadAction","target":["https:\/\/portaltela.pt\/noticias\/2026\/04\/29\/menor-abusada-sexualmente-denuncia-padrasto-a-psicologa-da-escola\/"]}]},{"@type":"ImageObject","inLanguage":"pt-PT","@id":"https:\/\/portaltela.pt\/noticias\/2026\/04\/29\/menor-abusada-sexualmente-denuncia-padrasto-a-psicologa-da-escola\/#primaryimage","url":"https:\/\/portaltela.pt\/s.01k8rhncp4jt1\/2026\/04\/img_1280x722uu2026-03-20-12-23-11-2273662-im-639116915546635465.jpg","contentUrl":"https:\/\/portaltela.pt\/s.01k8rhncp4jt1\/2026\/04\/img_1280x722uu2026-03-20-12-23-11-2273662-im-639116915546635465.jpg","width":796,"height":448,"caption":"Photo"},{"@type":"BreadcrumbList","@id":"https:\/\/portaltela.pt\/noticias\/2026\/04\/29\/menor-abusada-sexualmente-denuncia-padrasto-a-psicologa-da-escola\/#breadcrumb","itemListElement":[{"@type":"ListItem","position":1,"name":"In\u00edcio","item":"https:\/\/portaltela.pt\/"},{"@type":"ListItem","position":2,"name":"Menor abusada sexualmente denuncia padrasto \u00e0 psic\u00f3loga da escola"}]},{"@type":"WebSite","@id":"https:\/\/portaltela.pt\/#website","url":"https:\/\/portaltela.pt\/","name":"Portal Tela Portugal","description":"","potentialAction":[{"@type":"SearchAction","target":{"@type":"EntryPoint","urlTemplate":"https:\/\/portaltela.pt\/?s={search_term_string}"},"query-input":{"@type":"PropertyValueSpecification","valueRequired":true,"valueName":"search_term_string"}}],"inLanguage":"pt-PT"},{"@type":"Person","@id":"https:\/\/portaltela.pt\/#\/schema\/person\/c4278d4a6028830caff9ee44b42d32ed","name":"Telinha","image":{"@type":"ImageObject","inLanguage":"pt-PT","@id":"https:\/\/portaltela.pt\/s.01k8rhncp4jt1\/2025\/11\/talking-bot-125x125.png","url":"https:\/\/portaltela.pt\/s.01k8rhncp4jt1\/2025\/11\/talking-bot-125x125.png","contentUrl":"https:\/\/portaltela.pt\/s.01k8rhncp4jt1\/2025\/11\/talking-bot-125x125.png","caption":"Telinha"},"sameAs":["https:\/\/portaltela.pt\/"],"url":"https:\/\/portaltela.pt\/por\/367410592786\/"}]}},"_links":{"self":[{"href":"https:\/\/portaltela.pt\/api\/wp\/v2\/posts\/461128","targetHints":{"allow":["GET"]}}],"collection":[{"href":"https:\/\/portaltela.pt\/api\/wp\/v2\/posts"}],"about":[{"href":"https:\/\/portaltela.pt\/api\/wp\/v2\/types\/post"}],"author":[{"embeddable":true,"href":"https:\/\/portaltela.pt\/api\/wp\/v2\/users\/2"}],"replies":[{"embeddable":true,"href":"https:\/\/portaltela.pt\/api\/wp\/v2\/comments?post=461128"}],"version-history":[{"count":0,"href":"https:\/\/portaltela.pt\/api\/wp\/v2\/posts\/461128\/revisions"}],"wp:featuredmedia":[{"embeddable":true,"href":"https:\/\/portaltela.pt\/api\/wp\/v2\/media\/461132"}],"wp:attachment":[{"href":"https:\/\/portaltela.pt\/api\/wp\/v2\/media?parent=461128"}],"wp:term":[{"taxonomy":"category","embeddable":true,"href":"https:\/\/portaltela.pt\/api\/wp\/v2\/categories?post=461128"},{"taxonomy":"post_tag","embeddable":true,"href":"https:\/\/portaltela.pt\/api\/wp\/v2\/tags?post=461128"}],"curies":[{"name":"wp","href":"https:\/\/api.w.org\/{rel}","templated":true}]}}