{"id":461127,"date":"2026-04-29T07:33:19","date_gmt":"2026-04-29T10:33:19","guid":{"rendered":"https:\/\/portaltela.pt\/noticias\/2026\/04\/29\/tribunal-de-evora-condena-dois-homens-a-prisao-por-roubos-e-sequestros-em-bancos-3\/"},"modified":"2026-04-29T07:33:19","modified_gmt":"2026-04-29T10:33:19","slug":"tribunal-de-evora-condena-dois-homens-a-prisao-por-roubos-e-sequestros-em-bancos-3","status":"publish","type":"post","link":"https:\/\/portaltela.pt\/justica\/2026\/04\/29\/tribunal-de-evora-condena-dois-homens-a-prisao-por-roubos-e-sequestros-em-bancos-3\/","title":{"rendered":"Tribunal de \u00c9vora condena dois homens \u00e0 pris\u00e3o por roubos e sequestros em bancos"},"content":{"rendered":"<p>No Tribunal de \u00c9vora, dois homens foram condenados por crimes de roubo e sequestro em bancos. As senten\u00e7as emergem do ac\u00f3rd\u00e3o que avaliou o complexo de factos ocorridos na pr\u00e1tica de assaltos com reten\u00e7\u00e3o de v\u00edtimas.<\/p>\n<p>O condenado com 44 anos recebeu uma pena \u00fanica de 20 anos e meio de pris\u00e3o. O arguido de 43 anos foi igualmente responsabilizado, recebendo uma pena \u00fanica de 12 anos de pris\u00e3o, segundo o ac\u00f3rd\u00e3o.<\/p>\n<p>A decis\u00e3o foi proferida em data ainda a confirmar, envolvendo dilig\u00eancias relativas a a\u00e7\u00f5es de roubo com recurso a sequestro dentro de institui\u00e7\u00f5es banc\u00e1rias. O tribunal manteve o enquadramento de cada arguido na gravidade dos factos.<\/p>\n<p>As an\u00e1lises indicam que os crimes incluem a reten\u00e7\u00e3o de pessoas durante os roubos, com motiva\u00e7\u00f5es ligadas ao ganho econ\u00f3mico. O calend\u00e1rio de julgamentos e os elementos probat\u00f3rios foram considerados de forma fundamentada pelo coletivo de ju\u00edzes.<\/p>\n","protected":false},"excerpt":{"rendered":"<ul>\n<li>O Tribunal de \u00c9vora condenou dois homens por roubos e sequestros em bancos.<\/li>\n<li>O homem de 44 anos foi condenado a uma pena \u00fanica de 20 anos e meio de pris\u00e3o.<\/li>\n<li>O arguido de 43 anos foi condenado a uma pena \u00fanica de 12 anos de pris\u00e3o.<\/li>\n<li>A senten\u00e7a foi proferida com base no ac\u00f3rd\u00e3o, datado de hoje, 29 de abril de 2026, \u00e0s 11h18.<\/li>\n<li>Os factos envolvem crimes de roubo em bancos e sequestro, conforme o ac\u00f3rd\u00e3o.<\/li>\n<\/ul>\n","protected":false},"author":2,"featured_media":461133,"comment_status":"closed","ping_status":"closed","sticky":false,"template":"","format":"standard","meta":{"footnotes":""},"categories":[7374,6815],"tags":[8416,8767,8770,8066,8269,8080],"class_list":["post-461127","post","type-post","status-publish","format-standard","has-post-thumbnail","hentry","category-criminalidade","category-justica","tag-_bancos","tag-_investigacao","tag-_justica","tag-_roubo","tag-_sequestro","tag-_tribunais"],"yoast_head":"<!-- This site is optimized with the Yoast SEO plugin v27.2 - https:\/\/yoast.com\/product\/yoast-seo-wordpress\/ -->\n<title>Tribunal de \u00c9vora condena dois homens \u00e0 pris\u00e3o por roubos e sequestros em bancos - Portal Tela Portugal<\/title>\n<meta name=\"robots\" content=\"index, follow, max-snippet:-1, max-image-preview:large, max-video-preview:-1\" \/>\n<meta property=\"og:locale\" content=\"pt_PT\" \/>\n<meta property=\"og:type\" content=\"article\" \/>\n<meta property=\"og:title\" content=\"Tribunal de \u00c9vora condena dois homens \u00e0 pris\u00e3o por roubos e sequestros em bancos - Portal Tela Portugal\" \/>\n<meta property=\"og:description\" content=\"O Tribunal de \u00c9vora condenou dois homens por roubos e sequestros em bancos. O homem de 44 anos foi condenado a uma pena \u00fanica de 20 anos e meio de pris\u00e3o. O arguido de 43 anos foi condenado a uma pena \u00fanica de 12 anos de pris\u00e3o. A senten\u00e7a foi proferida com base no ac\u00f3rd\u00e3o, datado de hoje, 29 de abril de 2026, \u00e0s 11h18. Os factos envolvem crimes de roubo em bancos e sequestro, conforme o ac\u00f3rd\u00e3o.\" \/>\n<meta property=\"og:url\" content=\"https:\/\/portaltela.pt\/noticias\/2026\/04\/29\/tribunal-de-evora-condena-dois-homens-a-prisao-por-roubos-e-sequestros-em-bancos-3\/\" \/>\n<meta property=\"og:site_name\" content=\"Portal Tela Portugal\" \/>\n<meta property=\"article:published_time\" content=\"2026-04-29T10:33:19+00:00\" \/>\n<meta name=\"author\" content=\"Telinha\" \/>\n<meta name=\"twitter:card\" content=\"summary_large_image\" \/>\n<meta name=\"twitter:label1\" content=\"Escrito por\" \/>\n\t<meta name=\"twitter:data1\" content=\"Telinha\" \/>\n\t<meta name=\"twitter:label2\" content=\"Tempo estimado de leitura\" \/>\n\t<meta name=\"twitter:data2\" content=\"1 minuto\" \/>\n<script type=\"application\/ld+json\" class=\"yoast-schema-graph\">{\"@context\":\"https:\/\/schema.org\",\"@graph\":[{\"@type\":\"Article\",\"@id\":\"https:\/\/portaltela.pt\/noticias\/2026\/04\/29\/tribunal-de-evora-condena-dois-homens-a-prisao-por-roubos-e-sequestros-em-bancos-3\/#article\",\"isPartOf\":{\"@id\":\"https:\/\/portaltela.pt\/noticias\/2026\/04\/29\/tribunal-de-evora-condena-dois-homens-a-prisao-por-roubos-e-sequestros-em-bancos-3\/\"},\"author\":{\"name\":\"Telinha\",\"@id\":\"https:\/\/portaltela.pt\/#\/schema\/person\/c4278d4a6028830caff9ee44b42d32ed\"},\"headline\":\"Tribunal de \u00c9vora condena dois homens \u00e0 pris\u00e3o por roubos e sequestros em bancos\",\"datePublished\":\"2026-04-29T10:33:19+00:00\",\"mainEntityOfPage\":{\"@id\":\"https:\/\/portaltela.pt\/noticias\/2026\/04\/29\/tribunal-de-evora-condena-dois-homens-a-prisao-por-roubos-e-sequestros-em-bancos-3\/\"},\"wordCount\":177,\"image\":{\"@id\":\"https:\/\/portaltela.pt\/noticias\/2026\/04\/29\/tribunal-de-evora-condena-dois-homens-a-prisao-por-roubos-e-sequestros-em-bancos-3\/#primaryimage\"},\"thumbnailUrl\":\"https:\/\/portaltela.pt\/s.01k8rhncp4jt1\/2026\/04\/img_1280x722uu2025-07-27-18-57-20-2225475-im-638979574336121294.jpg\",\"keywords\":[\"_bancos\",\"_investiga\u00e7\u00e3o\",\"_justi\u00e7a\",\"_roubo\",\"_sequestro\",\"_Tribunais\"],\"articleSection\":[\"Criminalidade\",\"Justi\u00e7a\"],\"inLanguage\":\"pt-PT\"},{\"@type\":\"WebPage\",\"@id\":\"https:\/\/portaltela.pt\/noticias\/2026\/04\/29\/tribunal-de-evora-condena-dois-homens-a-prisao-por-roubos-e-sequestros-em-bancos-3\/\",\"url\":\"https:\/\/portaltela.pt\/noticias\/2026\/04\/29\/tribunal-de-evora-condena-dois-homens-a-prisao-por-roubos-e-sequestros-em-bancos-3\/\",\"name\":\"Tribunal de \u00c9vora condena dois homens \u00e0 pris\u00e3o por roubos e sequestros em bancos - Portal Tela Portugal\",\"isPartOf\":{\"@id\":\"https:\/\/portaltela.pt\/#website\"},\"primaryImageOfPage\":{\"@id\":\"https:\/\/portaltela.pt\/noticias\/2026\/04\/29\/tribunal-de-evora-condena-dois-homens-a-prisao-por-roubos-e-sequestros-em-bancos-3\/#primaryimage\"},\"image\":{\"@id\":\"https:\/\/portaltela.pt\/noticias\/2026\/04\/29\/tribunal-de-evora-condena-dois-homens-a-prisao-por-roubos-e-sequestros-em-bancos-3\/#primaryimage\"},\"thumbnailUrl\":\"https:\/\/portaltela.pt\/s.01k8rhncp4jt1\/2026\/04\/img_1280x722uu2025-07-27-18-57-20-2225475-im-638979574336121294.jpg\",\"datePublished\":\"2026-04-29T10:33:19+00:00\",\"author\":{\"@id\":\"https:\/\/portaltela.pt\/#\/schema\/person\/c4278d4a6028830caff9ee44b42d32ed\"},\"breadcrumb\":{\"@id\":\"https:\/\/portaltela.pt\/noticias\/2026\/04\/29\/tribunal-de-evora-condena-dois-homens-a-prisao-por-roubos-e-sequestros-em-bancos-3\/#breadcrumb\"},\"inLanguage\":\"pt-PT\",\"potentialAction\":[{\"@type\":\"ReadAction\",\"target\":[\"https:\/\/portaltela.pt\/noticias\/2026\/04\/29\/tribunal-de-evora-condena-dois-homens-a-prisao-por-roubos-e-sequestros-em-bancos-3\/\"]}]},{\"@type\":\"ImageObject\",\"inLanguage\":\"pt-PT\",\"@id\":\"https:\/\/portaltela.pt\/noticias\/2026\/04\/29\/tribunal-de-evora-condena-dois-homens-a-prisao-por-roubos-e-sequestros-em-bancos-3\/#primaryimage\",\"url\":\"https:\/\/portaltela.pt\/s.01k8rhncp4jt1\/2026\/04\/img_1280x722uu2025-07-27-18-57-20-2225475-im-638979574336121294.jpg\",\"contentUrl\":\"https:\/\/portaltela.pt\/s.01k8rhncp4jt1\/2026\/04\/img_1280x722uu2025-07-27-18-57-20-2225475-im-638979574336121294.jpg\",\"width\":796,\"height\":448,\"caption\":\"Photo\"},{\"@type\":\"BreadcrumbList\",\"@id\":\"https:\/\/portaltela.pt\/noticias\/2026\/04\/29\/tribunal-de-evora-condena-dois-homens-a-prisao-por-roubos-e-sequestros-em-bancos-3\/#breadcrumb\",\"itemListElement\":[{\"@type\":\"ListItem\",\"position\":1,\"name\":\"In\u00edcio\",\"item\":\"https:\/\/portaltela.pt\/\"},{\"@type\":\"ListItem\",\"position\":2,\"name\":\"Tribunal de \u00c9vora condena dois homens \u00e0 pris\u00e3o por roubos e sequestros em bancos\"}]},{\"@type\":\"WebSite\",\"@id\":\"https:\/\/portaltela.pt\/#website\",\"url\":\"https:\/\/portaltela.pt\/\",\"name\":\"Portal Tela Portugal\",\"description\":\"\",\"potentialAction\":[{\"@type\":\"SearchAction\",\"target\":{\"@type\":\"EntryPoint\",\"urlTemplate\":\"https:\/\/portaltela.pt\/?s={search_term_string}\"},\"query-input\":{\"@type\":\"PropertyValueSpecification\",\"valueRequired\":true,\"valueName\":\"search_term_string\"}}],\"inLanguage\":\"pt-PT\"},{\"@type\":\"Person\",\"@id\":\"https:\/\/portaltela.pt\/#\/schema\/person\/c4278d4a6028830caff9ee44b42d32ed\",\"name\":\"Telinha\",\"image\":{\"@type\":\"ImageObject\",\"inLanguage\":\"pt-PT\",\"@id\":\"https:\/\/portaltela.pt\/s.01k8rhncp4jt1\/2025\/11\/talking-bot-125x125.png\",\"url\":\"https:\/\/portaltela.pt\/s.01k8rhncp4jt1\/2025\/11\/talking-bot-125x125.png\",\"contentUrl\":\"https:\/\/portaltela.pt\/s.01k8rhncp4jt1\/2025\/11\/talking-bot-125x125.png\",\"caption\":\"Telinha\"},\"sameAs\":[\"https:\/\/portaltela.pt\/\"],\"url\":\"https:\/\/portaltela.pt\/por\/367410592786\/\"}]}<\/script>\n<!-- \/ Yoast SEO plugin. -->","yoast_head_json":{"title":"Tribunal de \u00c9vora condena dois homens \u00e0 pris\u00e3o por roubos e sequestros em bancos - Portal Tela Portugal","robots":{"index":"index","follow":"follow","max-snippet":"max-snippet:-1","max-image-preview":"max-image-preview:large","max-video-preview":"max-video-preview:-1"},"og_locale":"pt_PT","og_type":"article","og_title":"Tribunal de \u00c9vora condena dois homens \u00e0 pris\u00e3o por roubos e sequestros em bancos - Portal Tela Portugal","og_description":"O Tribunal de \u00c9vora condenou dois homens por roubos e sequestros em bancos. O homem de 44 anos foi condenado a uma pena \u00fanica de 20 anos e meio de pris\u00e3o. O arguido de 43 anos foi condenado a uma pena \u00fanica de 12 anos de pris\u00e3o. A senten\u00e7a foi proferida com base no ac\u00f3rd\u00e3o, datado de hoje, 29 de abril de 2026, \u00e0s 11h18. Os factos envolvem crimes de roubo em bancos e sequestro, conforme o ac\u00f3rd\u00e3o.","og_url":"https:\/\/portaltela.pt\/noticias\/2026\/04\/29\/tribunal-de-evora-condena-dois-homens-a-prisao-por-roubos-e-sequestros-em-bancos-3\/","og_site_name":"Portal Tela Portugal","article_published_time":"2026-04-29T10:33:19+00:00","author":"Telinha","twitter_card":"summary_large_image","twitter_misc":{"Escrito por":"Telinha","Tempo estimado de leitura":"1 minuto"},"schema":{"@context":"https:\/\/schema.org","@graph":[{"@type":"Article","@id":"https:\/\/portaltela.pt\/noticias\/2026\/04\/29\/tribunal-de-evora-condena-dois-homens-a-prisao-por-roubos-e-sequestros-em-bancos-3\/#article","isPartOf":{"@id":"https:\/\/portaltela.pt\/noticias\/2026\/04\/29\/tribunal-de-evora-condena-dois-homens-a-prisao-por-roubos-e-sequestros-em-bancos-3\/"},"author":{"name":"Telinha","@id":"https:\/\/portaltela.pt\/#\/schema\/person\/c4278d4a6028830caff9ee44b42d32ed"},"headline":"Tribunal de \u00c9vora condena dois homens \u00e0 pris\u00e3o por roubos e sequestros em bancos","datePublished":"2026-04-29T10:33:19+00:00","mainEntityOfPage":{"@id":"https:\/\/portaltela.pt\/noticias\/2026\/04\/29\/tribunal-de-evora-condena-dois-homens-a-prisao-por-roubos-e-sequestros-em-bancos-3\/"},"wordCount":177,"image":{"@id":"https:\/\/portaltela.pt\/noticias\/2026\/04\/29\/tribunal-de-evora-condena-dois-homens-a-prisao-por-roubos-e-sequestros-em-bancos-3\/#primaryimage"},"thumbnailUrl":"https:\/\/portaltela.pt\/s.01k8rhncp4jt1\/2026\/04\/img_1280x722uu2025-07-27-18-57-20-2225475-im-638979574336121294.jpg","keywords":["_bancos","_investiga\u00e7\u00e3o","_justi\u00e7a","_roubo","_sequestro","_Tribunais"],"articleSection":["Criminalidade","Justi\u00e7a"],"inLanguage":"pt-PT"},{"@type":"WebPage","@id":"https:\/\/portaltela.pt\/noticias\/2026\/04\/29\/tribunal-de-evora-condena-dois-homens-a-prisao-por-roubos-e-sequestros-em-bancos-3\/","url":"https:\/\/portaltela.pt\/noticias\/2026\/04\/29\/tribunal-de-evora-condena-dois-homens-a-prisao-por-roubos-e-sequestros-em-bancos-3\/","name":"Tribunal de \u00c9vora condena dois homens \u00e0 pris\u00e3o por roubos e sequestros em bancos - Portal Tela Portugal","isPartOf":{"@id":"https:\/\/portaltela.pt\/#website"},"primaryImageOfPage":{"@id":"https:\/\/portaltela.pt\/noticias\/2026\/04\/29\/tribunal-de-evora-condena-dois-homens-a-prisao-por-roubos-e-sequestros-em-bancos-3\/#primaryimage"},"image":{"@id":"https:\/\/portaltela.pt\/noticias\/2026\/04\/29\/tribunal-de-evora-condena-dois-homens-a-prisao-por-roubos-e-sequestros-em-bancos-3\/#primaryimage"},"thumbnailUrl":"https:\/\/portaltela.pt\/s.01k8rhncp4jt1\/2026\/04\/img_1280x722uu2025-07-27-18-57-20-2225475-im-638979574336121294.jpg","datePublished":"2026-04-29T10:33:19+00:00","author":{"@id":"https:\/\/portaltela.pt\/#\/schema\/person\/c4278d4a6028830caff9ee44b42d32ed"},"breadcrumb":{"@id":"https:\/\/portaltela.pt\/noticias\/2026\/04\/29\/tribunal-de-evora-condena-dois-homens-a-prisao-por-roubos-e-sequestros-em-bancos-3\/#breadcrumb"},"inLanguage":"pt-PT","potentialAction":[{"@type":"ReadAction","target":["https:\/\/portaltela.pt\/noticias\/2026\/04\/29\/tribunal-de-evora-condena-dois-homens-a-prisao-por-roubos-e-sequestros-em-bancos-3\/"]}]},{"@type":"ImageObject","inLanguage":"pt-PT","@id":"https:\/\/portaltela.pt\/noticias\/2026\/04\/29\/tribunal-de-evora-condena-dois-homens-a-prisao-por-roubos-e-sequestros-em-bancos-3\/#primaryimage","url":"https:\/\/portaltela.pt\/s.01k8rhncp4jt1\/2026\/04\/img_1280x722uu2025-07-27-18-57-20-2225475-im-638979574336121294.jpg","contentUrl":"https:\/\/portaltela.pt\/s.01k8rhncp4jt1\/2026\/04\/img_1280x722uu2025-07-27-18-57-20-2225475-im-638979574336121294.jpg","width":796,"height":448,"caption":"Photo"},{"@type":"BreadcrumbList","@id":"https:\/\/portaltela.pt\/noticias\/2026\/04\/29\/tribunal-de-evora-condena-dois-homens-a-prisao-por-roubos-e-sequestros-em-bancos-3\/#breadcrumb","itemListElement":[{"@type":"ListItem","position":1,"name":"In\u00edcio","item":"https:\/\/portaltela.pt\/"},{"@type":"ListItem","position":2,"name":"Tribunal de \u00c9vora condena dois homens \u00e0 pris\u00e3o por roubos e sequestros em bancos"}]},{"@type":"WebSite","@id":"https:\/\/portaltela.pt\/#website","url":"https:\/\/portaltela.pt\/","name":"Portal Tela Portugal","description":"","potentialAction":[{"@type":"SearchAction","target":{"@type":"EntryPoint","urlTemplate":"https:\/\/portaltela.pt\/?s={search_term_string}"},"query-input":{"@type":"PropertyValueSpecification","valueRequired":true,"valueName":"search_term_string"}}],"inLanguage":"pt-PT"},{"@type":"Person","@id":"https:\/\/portaltela.pt\/#\/schema\/person\/c4278d4a6028830caff9ee44b42d32ed","name":"Telinha","image":{"@type":"ImageObject","inLanguage":"pt-PT","@id":"https:\/\/portaltela.pt\/s.01k8rhncp4jt1\/2025\/11\/talking-bot-125x125.png","url":"https:\/\/portaltela.pt\/s.01k8rhncp4jt1\/2025\/11\/talking-bot-125x125.png","contentUrl":"https:\/\/portaltela.pt\/s.01k8rhncp4jt1\/2025\/11\/talking-bot-125x125.png","caption":"Telinha"},"sameAs":["https:\/\/portaltela.pt\/"],"url":"https:\/\/portaltela.pt\/por\/367410592786\/"}]}},"_links":{"self":[{"href":"https:\/\/portaltela.pt\/api\/wp\/v2\/posts\/461127","targetHints":{"allow":["GET"]}}],"collection":[{"href":"https:\/\/portaltela.pt\/api\/wp\/v2\/posts"}],"about":[{"href":"https:\/\/portaltela.pt\/api\/wp\/v2\/types\/post"}],"author":[{"embeddable":true,"href":"https:\/\/portaltela.pt\/api\/wp\/v2\/users\/2"}],"replies":[{"embeddable":true,"href":"https:\/\/portaltela.pt\/api\/wp\/v2\/comments?post=461127"}],"version-history":[{"count":0,"href":"https:\/\/portaltela.pt\/api\/wp\/v2\/posts\/461127\/revisions"}],"wp:featuredmedia":[{"embeddable":true,"href":"https:\/\/portaltela.pt\/api\/wp\/v2\/media\/461133"}],"wp:attachment":[{"href":"https:\/\/portaltela.pt\/api\/wp\/v2\/media?parent=461127"}],"wp:term":[{"taxonomy":"category","embeddable":true,"href":"https:\/\/portaltela.pt\/api\/wp\/v2\/categories?post=461127"},{"taxonomy":"post_tag","embeddable":true,"href":"https:\/\/portaltela.pt\/api\/wp\/v2\/tags?post=461127"}],"curies":[{"name":"wp","href":"https:\/\/api.w.org\/{rel}","templated":true}]}}