{"id":461126,"date":"2026-04-29T07:33:20","date_gmt":"2026-04-29T10:33:20","guid":{"rendered":"https:\/\/portaltela.pt\/noticias\/2026\/04\/29\/taxa-de-desemprego-em-marco-recua-para-58\/"},"modified":"2026-04-29T07:33:20","modified_gmt":"2026-04-29T10:33:20","slug":"taxa-de-desemprego-em-marco-recua-para-58","status":"publish","type":"post","link":"https:\/\/portaltela.pt\/noticias\/economia\/2026\/04\/29\/taxa-de-desemprego-em-marco-recua-para-58\/","title":{"rendered":"Taxa de desemprego em mar\u00e7o recua para 5,8%"},"content":{"rendered":"<p>O desemprego em mar\u00e7o situou-se em 5,8%, mantendo-se est\u00e1vel em rela\u00e7\u00e3o a fevereiro, segundo dados provis\u00f3rios do INE. O indicador tamb\u00e9m mostra queda de 0,5 pontos percentuais face a mar\u00e7o de 2025.<\/p>\n<p>O INE aponta que, apesar da estabilidade mensal, o desemprego permanece 0,2 p.p. acima de dezembro de 2025, mas 0,5 p.p. abaixo de mar\u00e7o do ano anterior. A leitura aponta menor press\u00e3o evidenciada no \u00faltimo ano.<\/p>\n<h3>Principais indicadores do mercado de trabalho<\/h3>\n<p>A taxa de subutiliza\u00e7\u00e3o do trabalho ficou em 9,8%, igual ao m\u00eas anterior. O indicador \u00e9 0,1 p.p. superior ao valor de tr\u00eas meses antes e 0,0 p.p. abaixo de mar\u00e7o do ano anterior, que foi de 10,7%. A divulga\u00e7\u00e3o \u00e9 preliminar.<\/p>\n","protected":false},"excerpt":{"rendered":"<ul>\n<li>A taxa de desemprego em mar\u00e7o ficou em 5,8%, igual ao valor de fevereiro de 2026 e 0,5 p.p. abaixo de mar\u00e7o de 2025.<\/li>\n<li>Os dados s\u00e3o provis\u00f3rios e foram divulgados pelo Instituto Nacional de Estat\u00edstica (INE).<\/li>\n<li>Em mar\u00e7o, a taxa de desemprego foi superior \u00e0 de dezembro de 2025 (0,2 p.p.) e inferior \u00e0 de mar\u00e7o de 2025 (0,5 p.p.).<\/li>\n<li>A taxa de subutiliza\u00e7\u00e3o do trabalho foi estimada em 9,8%, igual ao m\u00eas anterior.<\/li>\n<li>A subutiliza\u00e7\u00e3o est\u00e1 0,1 p.p. acima de tr\u00eas meses antes e abaixo de 10,7% em mar\u00e7o de 2025.<\/li>\n<\/ul>\n","protected":false},"author":2,"featured_media":461134,"comment_status":"closed","ping_status":"closed","sticky":false,"template":"","format":"standard","meta":{"footnotes":""},"categories":[2,6850],"tags":[820,190,28,1006,1014,2201],"class_list":["post-461126","post","type-post","status-publish","format-standard","has-post-thumbnail","hentry","category-economia","category-financas","tag-desemprego","tag-desenvolvimento-economico","tag-economia","tag-emprego","tag-portugal","tag-trabalho"],"yoast_head":"<!-- This site is optimized with the Yoast SEO plugin v27.2 - https:\/\/yoast.com\/product\/yoast-seo-wordpress\/ -->\n<title>Taxa de desemprego em mar\u00e7o recua para 5,8% - Portal Tela Portugal<\/title>\n<meta name=\"robots\" content=\"index, follow, max-snippet:-1, max-image-preview:large, max-video-preview:-1\" \/>\n<meta property=\"og:locale\" content=\"pt_PT\" \/>\n<meta property=\"og:type\" content=\"article\" \/>\n<meta property=\"og:title\" content=\"Taxa de desemprego em mar\u00e7o recua para 5,8% - Portal Tela Portugal\" \/>\n<meta property=\"og:description\" content=\"A taxa de desemprego em mar\u00e7o ficou em 5,8%, igual ao valor de fevereiro de 2026 e 0,5 p.p. abaixo de mar\u00e7o de 2025. Os dados s\u00e3o provis\u00f3rios e foram divulgados pelo Instituto Nacional de Estat\u00edstica (INE). Em mar\u00e7o, a taxa de desemprego foi superior \u00e0 de dezembro de 2025 (0,2 p.p.) e inferior \u00e0 de mar\u00e7o de 2025 (0,5 p.p.). A taxa de subutiliza\u00e7\u00e3o do trabalho foi estimada em 9,8%, igual ao m\u00eas anterior. A subutiliza\u00e7\u00e3o est\u00e1 0,1 p.p. acima de tr\u00eas meses antes e abaixo de 10,7% em mar\u00e7o de 2025.\" \/>\n<meta property=\"og:url\" content=\"https:\/\/portaltela.pt\/noticias\/2026\/04\/29\/taxa-de-desemprego-em-marco-recua-para-58\/\" \/>\n<meta property=\"og:site_name\" content=\"Portal Tela Portugal\" \/>\n<meta property=\"article:published_time\" content=\"2026-04-29T10:33:20+00:00\" \/>\n<meta name=\"author\" content=\"Telinha\" \/>\n<meta name=\"twitter:card\" content=\"summary_large_image\" \/>\n<meta name=\"twitter:label1\" content=\"Escrito por\" \/>\n\t<meta name=\"twitter:data1\" content=\"Telinha\" \/>\n\t<meta name=\"twitter:label2\" content=\"Tempo estimado de leitura\" \/>\n\t<meta name=\"twitter:data2\" content=\"1 minuto\" \/>\n<script type=\"application\/ld+json\" class=\"yoast-schema-graph\">{\"@context\":\"https:\/\/schema.org\",\"@graph\":[{\"@type\":\"Article\",\"@id\":\"https:\/\/portaltela.pt\/noticias\/2026\/04\/29\/taxa-de-desemprego-em-marco-recua-para-58\/#article\",\"isPartOf\":{\"@id\":\"https:\/\/portaltela.pt\/noticias\/2026\/04\/29\/taxa-de-desemprego-em-marco-recua-para-58\/\"},\"author\":{\"name\":\"Telinha\",\"@id\":\"https:\/\/portaltela.pt\/#\/schema\/person\/c4278d4a6028830caff9ee44b42d32ed\"},\"headline\":\"Taxa de desemprego em mar\u00e7o recua para 5,8%\",\"datePublished\":\"2026-04-29T10:33:20+00:00\",\"mainEntityOfPage\":{\"@id\":\"https:\/\/portaltela.pt\/noticias\/2026\/04\/29\/taxa-de-desemprego-em-marco-recua-para-58\/\"},\"wordCount\":129,\"image\":{\"@id\":\"https:\/\/portaltela.pt\/noticias\/2026\/04\/29\/taxa-de-desemprego-em-marco-recua-para-58\/#primaryimage\"},\"thumbnailUrl\":\"https:\/\/portaltela.pt\/s.01k8rhncp4jt1\/2026\/04\/image-1657.jpg\",\"keywords\":[\"desemprego\",\"Desenvolvimento econ\u00f3mico\",\"economia\",\"emprego\",\"Portugal\",\"trabalho\"],\"articleSection\":[\"Economia\",\"Finan\u00e7as\"],\"inLanguage\":\"pt-PT\"},{\"@type\":\"WebPage\",\"@id\":\"https:\/\/portaltela.pt\/noticias\/2026\/04\/29\/taxa-de-desemprego-em-marco-recua-para-58\/\",\"url\":\"https:\/\/portaltela.pt\/noticias\/2026\/04\/29\/taxa-de-desemprego-em-marco-recua-para-58\/\",\"name\":\"Taxa de desemprego em mar\u00e7o recua para 5,8% - Portal Tela Portugal\",\"isPartOf\":{\"@id\":\"https:\/\/portaltela.pt\/#website\"},\"primaryImageOfPage\":{\"@id\":\"https:\/\/portaltela.pt\/noticias\/2026\/04\/29\/taxa-de-desemprego-em-marco-recua-para-58\/#primaryimage\"},\"image\":{\"@id\":\"https:\/\/portaltela.pt\/noticias\/2026\/04\/29\/taxa-de-desemprego-em-marco-recua-para-58\/#primaryimage\"},\"thumbnailUrl\":\"https:\/\/portaltela.pt\/s.01k8rhncp4jt1\/2026\/04\/image-1657.jpg\",\"datePublished\":\"2026-04-29T10:33:20+00:00\",\"author\":{\"@id\":\"https:\/\/portaltela.pt\/#\/schema\/person\/c4278d4a6028830caff9ee44b42d32ed\"},\"breadcrumb\":{\"@id\":\"https:\/\/portaltela.pt\/noticias\/2026\/04\/29\/taxa-de-desemprego-em-marco-recua-para-58\/#breadcrumb\"},\"inLanguage\":\"pt-PT\",\"potentialAction\":[{\"@type\":\"ReadAction\",\"target\":[\"https:\/\/portaltela.pt\/noticias\/2026\/04\/29\/taxa-de-desemprego-em-marco-recua-para-58\/\"]}]},{\"@type\":\"ImageObject\",\"inLanguage\":\"pt-PT\",\"@id\":\"https:\/\/portaltela.pt\/noticias\/2026\/04\/29\/taxa-de-desemprego-em-marco-recua-para-58\/#primaryimage\",\"url\":\"https:\/\/portaltela.pt\/s.01k8rhncp4jt1\/2026\/04\/image-1657.jpg\",\"contentUrl\":\"https:\/\/portaltela.pt\/s.01k8rhncp4jt1\/2026\/04\/image-1657.jpg\",\"width\":796,\"height\":448,\"caption\":\"Taxa de desemprego fixou-se 0,5 pontos percentuais abaixo do mesmo m\u00eas do ano passado\"},{\"@type\":\"BreadcrumbList\",\"@id\":\"https:\/\/portaltela.pt\/noticias\/2026\/04\/29\/taxa-de-desemprego-em-marco-recua-para-58\/#breadcrumb\",\"itemListElement\":[{\"@type\":\"ListItem\",\"position\":1,\"name\":\"In\u00edcio\",\"item\":\"https:\/\/portaltela.pt\/\"},{\"@type\":\"ListItem\",\"position\":2,\"name\":\"Taxa de desemprego em mar\u00e7o recua para 5,8%\"}]},{\"@type\":\"WebSite\",\"@id\":\"https:\/\/portaltela.pt\/#website\",\"url\":\"https:\/\/portaltela.pt\/\",\"name\":\"Portal Tela Portugal\",\"description\":\"\",\"potentialAction\":[{\"@type\":\"SearchAction\",\"target\":{\"@type\":\"EntryPoint\",\"urlTemplate\":\"https:\/\/portaltela.pt\/?s={search_term_string}\"},\"query-input\":{\"@type\":\"PropertyValueSpecification\",\"valueRequired\":true,\"valueName\":\"search_term_string\"}}],\"inLanguage\":\"pt-PT\"},{\"@type\":\"Person\",\"@id\":\"https:\/\/portaltela.pt\/#\/schema\/person\/c4278d4a6028830caff9ee44b42d32ed\",\"name\":\"Telinha\",\"image\":{\"@type\":\"ImageObject\",\"inLanguage\":\"pt-PT\",\"@id\":\"https:\/\/portaltela.pt\/s.01k8rhncp4jt1\/2025\/11\/talking-bot-125x125.png\",\"url\":\"https:\/\/portaltela.pt\/s.01k8rhncp4jt1\/2025\/11\/talking-bot-125x125.png\",\"contentUrl\":\"https:\/\/portaltela.pt\/s.01k8rhncp4jt1\/2025\/11\/talking-bot-125x125.png\",\"caption\":\"Telinha\"},\"sameAs\":[\"https:\/\/portaltela.pt\/\"],\"url\":\"https:\/\/portaltela.pt\/por\/367410592786\/\"}]}<\/script>\n<!-- \/ Yoast SEO plugin. -->","yoast_head_json":{"title":"Taxa de desemprego em mar\u00e7o recua para 5,8% - Portal Tela Portugal","robots":{"index":"index","follow":"follow","max-snippet":"max-snippet:-1","max-image-preview":"max-image-preview:large","max-video-preview":"max-video-preview:-1"},"og_locale":"pt_PT","og_type":"article","og_title":"Taxa de desemprego em mar\u00e7o recua para 5,8% - Portal Tela Portugal","og_description":"A taxa de desemprego em mar\u00e7o ficou em 5,8%, igual ao valor de fevereiro de 2026 e 0,5 p.p. abaixo de mar\u00e7o de 2025. Os dados s\u00e3o provis\u00f3rios e foram divulgados pelo Instituto Nacional de Estat\u00edstica (INE). Em mar\u00e7o, a taxa de desemprego foi superior \u00e0 de dezembro de 2025 (0,2 p.p.) e inferior \u00e0 de mar\u00e7o de 2025 (0,5 p.p.). A taxa de subutiliza\u00e7\u00e3o do trabalho foi estimada em 9,8%, igual ao m\u00eas anterior. A subutiliza\u00e7\u00e3o est\u00e1 0,1 p.p. acima de tr\u00eas meses antes e abaixo de 10,7% em mar\u00e7o de 2025.","og_url":"https:\/\/portaltela.pt\/noticias\/2026\/04\/29\/taxa-de-desemprego-em-marco-recua-para-58\/","og_site_name":"Portal Tela Portugal","article_published_time":"2026-04-29T10:33:20+00:00","author":"Telinha","twitter_card":"summary_large_image","twitter_misc":{"Escrito por":"Telinha","Tempo estimado de leitura":"1 minuto"},"schema":{"@context":"https:\/\/schema.org","@graph":[{"@type":"Article","@id":"https:\/\/portaltela.pt\/noticias\/2026\/04\/29\/taxa-de-desemprego-em-marco-recua-para-58\/#article","isPartOf":{"@id":"https:\/\/portaltela.pt\/noticias\/2026\/04\/29\/taxa-de-desemprego-em-marco-recua-para-58\/"},"author":{"name":"Telinha","@id":"https:\/\/portaltela.pt\/#\/schema\/person\/c4278d4a6028830caff9ee44b42d32ed"},"headline":"Taxa de desemprego em mar\u00e7o recua para 5,8%","datePublished":"2026-04-29T10:33:20+00:00","mainEntityOfPage":{"@id":"https:\/\/portaltela.pt\/noticias\/2026\/04\/29\/taxa-de-desemprego-em-marco-recua-para-58\/"},"wordCount":129,"image":{"@id":"https:\/\/portaltela.pt\/noticias\/2026\/04\/29\/taxa-de-desemprego-em-marco-recua-para-58\/#primaryimage"},"thumbnailUrl":"https:\/\/portaltela.pt\/s.01k8rhncp4jt1\/2026\/04\/image-1657.jpg","keywords":["desemprego","Desenvolvimento econ\u00f3mico","economia","emprego","Portugal","trabalho"],"articleSection":["Economia","Finan\u00e7as"],"inLanguage":"pt-PT"},{"@type":"WebPage","@id":"https:\/\/portaltela.pt\/noticias\/2026\/04\/29\/taxa-de-desemprego-em-marco-recua-para-58\/","url":"https:\/\/portaltela.pt\/noticias\/2026\/04\/29\/taxa-de-desemprego-em-marco-recua-para-58\/","name":"Taxa de desemprego em mar\u00e7o recua para 5,8% - Portal Tela Portugal","isPartOf":{"@id":"https:\/\/portaltela.pt\/#website"},"primaryImageOfPage":{"@id":"https:\/\/portaltela.pt\/noticias\/2026\/04\/29\/taxa-de-desemprego-em-marco-recua-para-58\/#primaryimage"},"image":{"@id":"https:\/\/portaltela.pt\/noticias\/2026\/04\/29\/taxa-de-desemprego-em-marco-recua-para-58\/#primaryimage"},"thumbnailUrl":"https:\/\/portaltela.pt\/s.01k8rhncp4jt1\/2026\/04\/image-1657.jpg","datePublished":"2026-04-29T10:33:20+00:00","author":{"@id":"https:\/\/portaltela.pt\/#\/schema\/person\/c4278d4a6028830caff9ee44b42d32ed"},"breadcrumb":{"@id":"https:\/\/portaltela.pt\/noticias\/2026\/04\/29\/taxa-de-desemprego-em-marco-recua-para-58\/#breadcrumb"},"inLanguage":"pt-PT","potentialAction":[{"@type":"ReadAction","target":["https:\/\/portaltela.pt\/noticias\/2026\/04\/29\/taxa-de-desemprego-em-marco-recua-para-58\/"]}]},{"@type":"ImageObject","inLanguage":"pt-PT","@id":"https:\/\/portaltela.pt\/noticias\/2026\/04\/29\/taxa-de-desemprego-em-marco-recua-para-58\/#primaryimage","url":"https:\/\/portaltela.pt\/s.01k8rhncp4jt1\/2026\/04\/image-1657.jpg","contentUrl":"https:\/\/portaltela.pt\/s.01k8rhncp4jt1\/2026\/04\/image-1657.jpg","width":796,"height":448,"caption":"Taxa de desemprego fixou-se 0,5 pontos percentuais abaixo do mesmo m\u00eas do ano passado"},{"@type":"BreadcrumbList","@id":"https:\/\/portaltela.pt\/noticias\/2026\/04\/29\/taxa-de-desemprego-em-marco-recua-para-58\/#breadcrumb","itemListElement":[{"@type":"ListItem","position":1,"name":"In\u00edcio","item":"https:\/\/portaltela.pt\/"},{"@type":"ListItem","position":2,"name":"Taxa de desemprego em mar\u00e7o recua para 5,8%"}]},{"@type":"WebSite","@id":"https:\/\/portaltela.pt\/#website","url":"https:\/\/portaltela.pt\/","name":"Portal Tela Portugal","description":"","potentialAction":[{"@type":"SearchAction","target":{"@type":"EntryPoint","urlTemplate":"https:\/\/portaltela.pt\/?s={search_term_string}"},"query-input":{"@type":"PropertyValueSpecification","valueRequired":true,"valueName":"search_term_string"}}],"inLanguage":"pt-PT"},{"@type":"Person","@id":"https:\/\/portaltela.pt\/#\/schema\/person\/c4278d4a6028830caff9ee44b42d32ed","name":"Telinha","image":{"@type":"ImageObject","inLanguage":"pt-PT","@id":"https:\/\/portaltela.pt\/s.01k8rhncp4jt1\/2025\/11\/talking-bot-125x125.png","url":"https:\/\/portaltela.pt\/s.01k8rhncp4jt1\/2025\/11\/talking-bot-125x125.png","contentUrl":"https:\/\/portaltela.pt\/s.01k8rhncp4jt1\/2025\/11\/talking-bot-125x125.png","caption":"Telinha"},"sameAs":["https:\/\/portaltela.pt\/"],"url":"https:\/\/portaltela.pt\/por\/367410592786\/"}]}},"_links":{"self":[{"href":"https:\/\/portaltela.pt\/api\/wp\/v2\/posts\/461126","targetHints":{"allow":["GET"]}}],"collection":[{"href":"https:\/\/portaltela.pt\/api\/wp\/v2\/posts"}],"about":[{"href":"https:\/\/portaltela.pt\/api\/wp\/v2\/types\/post"}],"author":[{"embeddable":true,"href":"https:\/\/portaltela.pt\/api\/wp\/v2\/users\/2"}],"replies":[{"embeddable":true,"href":"https:\/\/portaltela.pt\/api\/wp\/v2\/comments?post=461126"}],"version-history":[{"count":0,"href":"https:\/\/portaltela.pt\/api\/wp\/v2\/posts\/461126\/revisions"}],"wp:featuredmedia":[{"embeddable":true,"href":"https:\/\/portaltela.pt\/api\/wp\/v2\/media\/461134"}],"wp:attachment":[{"href":"https:\/\/portaltela.pt\/api\/wp\/v2\/media?parent=461126"}],"wp:term":[{"taxonomy":"category","embeddable":true,"href":"https:\/\/portaltela.pt\/api\/wp\/v2\/categories?post=461126"},{"taxonomy":"post_tag","embeddable":true,"href":"https:\/\/portaltela.pt\/api\/wp\/v2\/tags?post=461126"}],"curies":[{"name":"wp","href":"https:\/\/api.w.org\/{rel}","templated":true}]}}