{"id":461123,"date":"2026-04-29T07:33:16","date_gmt":"2026-04-29T10:33:16","guid":{"rendered":"https:\/\/portaltela.pt\/noticias\/2026\/04\/29\/morre-jose-santa-barbara-designer-de-capas-de-jose-afonso-e-do-logotipo-da-cp\/"},"modified":"2026-04-29T07:33:16","modified_gmt":"2026-04-29T10:33:16","slug":"morre-jose-santa-barbara-designer-de-capas-de-jose-afonso-e-do-logotipo-da-cp","status":"publish","type":"post","link":"https:\/\/portaltela.pt\/noticias\/2026\/04\/29\/morre-jose-santa-barbara-designer-de-capas-de-jose-afonso-e-do-logotipo-da-cp\/","title":{"rendered":"Morre Jos\u00e9 Santa-B\u00e1rbara, designer de capas de Jos\u00e9 Afonso e do log\u00f3tipo da CP"},"content":{"rendered":"<p>Jos\u00e9 Santa-B\u00e1rbara, designer e artista pl\u00e1stico, morreu esta ter\u00e7a-feira, segundo o PCP. O jornalista e criador de nove capas de discos de Jos\u00e9 Afonso e do log\u00f3tipo da CP era uma refer\u00eancia das artes visuais em Portugal, com uma vida dedicada ao design.<\/p>\n<p>O Partido Comunista Portugu\u00eas recorda-o como militante ativo desde jovem e destaca a sua obra em \u00e1reas como escultura, pintura, medalh\u00edstica, ilustra\u00e7\u00e3o e design. O PCP sublinha a liga\u00e7\u00e3o estreita entre o seu trabalho e o envolvimento pol\u00edtico ao longo da vida.<\/p>\n<p>Entre os trabalhos mais marcantes do artista est\u00e1 a autoria de nove capas de Jos\u00e9 Afonso e o log\u00f3tipo da CP, bem como interven\u00e7\u00f5es pl\u00e1sticas em esta\u00e7\u00f5es do Metropolitano de Lisboa e em esta\u00e7\u00f5es ferrovi\u00e1rias. O PCP enaltece a perman\u00eancia de Santa-B\u00e1rbara no movimento cultural e pol\u00edtico.<\/p>\n<h3>Legado<\/h3>\n<p>Santa-B\u00e1rbara participou no MUD Juvenil e na VII Exposi\u00e7\u00e3o Geral de Artes Pl\u00e1sticas, eventos considerados de resist\u00eancia ao fascismo. Tamb\u00e9m integrou as Bienais de Artes Pl\u00e1sticas da Festa do Avante!, mantendo uma liga\u00e7\u00e3o cont\u00ednua ao PCP. Portugal perde um dos seus artistas mais significativos, afirma o partido.<\/p>\n","protected":false},"excerpt":{"rendered":"<ul>\n<li>Morreu o designer Jos\u00e9 Santa-B\u00e1rbara, autor de nove capas de discos de Jos\u00e9 Afonso e do log\u00f3tipo da CP.<\/li>\n<li>A not\u00edcia foi anunciada pelo PCP, que o descreveu como um dos maiores artistas portugueses e militante comunista \u201csempre presente\u201d.<\/li>\n<li>Nascido em 1936, nas Caldas da Rainha, destacou-se nas artes visuais em \u00e1reas como escultura, pintura, medalh\u00edstica, ilustra\u00e7\u00e3o e design.<\/li>\n<li>O seu trabalho inclui interven\u00e7\u00f5es pl\u00e1sticas em esta\u00e7\u00f5es de Entrecampos e Santa Apol\u00f3nia (Metropolitano de Lisboa) e nas esta\u00e7\u00f5es do Pragal, Entrecampos e Rossio (ferrovia).<\/li>\n<li>Envolveu-se no MUD Juvenil, marcou presen\u00e7a na VII Exposi\u00e7\u00e3o Geral de Artes Pl\u00e1sticas e participou nas Bienais da Festa do Avante!, mantendo liga\u00e7\u00e3o com o PCP.<\/li>\n<\/ul>\n","protected":false},"author":2,"featured_media":461129,"comment_status":"closed","ping_status":"closed","sticky":false,"template":"","format":"standard","meta":{"footnotes":""},"categories":[7375,1],"tags":[8036,8633,8608,7756,981,1014],"class_list":["post-461123","post","type-post","status-publish","format-standard","has-post-thumbnail","hentry","category-cultura","category-noticias","tag-_arte","tag-_artes-visuais","tag-_cp","tag-_cultura","tag-lisboa","tag-portugal"],"yoast_head":"<!-- This site is optimized with the Yoast SEO plugin v27.2 - https:\/\/yoast.com\/product\/yoast-seo-wordpress\/ -->\n<title>Morre Jos\u00e9 Santa-B\u00e1rbara, designer de capas de Jos\u00e9 Afonso e do log\u00f3tipo da CP - Portal Tela Portugal<\/title>\n<meta name=\"robots\" content=\"index, follow, max-snippet:-1, max-image-preview:large, max-video-preview:-1\" \/>\n<meta property=\"og:locale\" content=\"pt_PT\" \/>\n<meta property=\"og:type\" content=\"article\" \/>\n<meta property=\"og:title\" content=\"Morre Jos\u00e9 Santa-B\u00e1rbara, designer de capas de Jos\u00e9 Afonso e do log\u00f3tipo da CP - Portal Tela Portugal\" \/>\n<meta property=\"og:description\" content=\"Morreu o designer Jos\u00e9 Santa-B\u00e1rbara, autor de nove capas de discos de Jos\u00e9 Afonso e do log\u00f3tipo da CP. A not\u00edcia foi anunciada pelo PCP, que o descreveu como um dos maiores artistas portugueses e militante comunista \u201csempre presente\u201d. Nascido em 1936, nas Caldas da Rainha, destacou-se nas artes visuais em \u00e1reas como escultura, pintura, medalh\u00edstica, ilustra\u00e7\u00e3o e design. O seu trabalho inclui interven\u00e7\u00f5es pl\u00e1sticas em esta\u00e7\u00f5es de Entrecampos e Santa Apol\u00f3nia (Metropolitano de Lisboa) e nas esta\u00e7\u00f5es do Pragal, Entrecampos e Rossio (ferrovia). Envolveu-se no MUD Juvenil, marcou presen\u00e7a na VII Exposi\u00e7\u00e3o Geral de Artes Pl\u00e1sticas e participou nas Bienais da Festa do Avante!, mantendo liga\u00e7\u00e3o com o PCP.\" \/>\n<meta property=\"og:url\" content=\"https:\/\/portaltela.pt\/noticias\/2026\/04\/29\/morre-jose-santa-barbara-designer-de-capas-de-jose-afonso-e-do-logotipo-da-cp\/\" \/>\n<meta property=\"og:site_name\" content=\"Portal Tela Portugal\" \/>\n<meta property=\"article:published_time\" content=\"2026-04-29T10:33:16+00:00\" \/>\n<meta name=\"author\" content=\"Telinha\" \/>\n<meta name=\"twitter:card\" content=\"summary_large_image\" \/>\n<meta name=\"twitter:label1\" content=\"Escrito por\" \/>\n\t<meta name=\"twitter:data1\" content=\"Telinha\" \/>\n\t<meta name=\"twitter:label2\" content=\"Tempo estimado de leitura\" \/>\n\t<meta name=\"twitter:data2\" content=\"1 minuto\" \/>\n<script type=\"application\/ld+json\" class=\"yoast-schema-graph\">{\"@context\":\"https:\/\/schema.org\",\"@graph\":[{\"@type\":\"Article\",\"@id\":\"https:\/\/portaltela.pt\/noticias\/2026\/04\/29\/morre-jose-santa-barbara-designer-de-capas-de-jose-afonso-e-do-logotipo-da-cp\/#article\",\"isPartOf\":{\"@id\":\"https:\/\/portaltela.pt\/noticias\/2026\/04\/29\/morre-jose-santa-barbara-designer-de-capas-de-jose-afonso-e-do-logotipo-da-cp\/\"},\"author\":{\"name\":\"Telinha\",\"@id\":\"https:\/\/portaltela.pt\/#\/schema\/person\/c4278d4a6028830caff9ee44b42d32ed\"},\"headline\":\"Morre Jos\u00e9 Santa-B\u00e1rbara, designer de capas de Jos\u00e9 Afonso e do log\u00f3tipo da CP\",\"datePublished\":\"2026-04-29T10:33:16+00:00\",\"mainEntityOfPage\":{\"@id\":\"https:\/\/portaltela.pt\/noticias\/2026\/04\/29\/morre-jose-santa-barbara-designer-de-capas-de-jose-afonso-e-do-logotipo-da-cp\/\"},\"wordCount\":223,\"image\":{\"@id\":\"https:\/\/portaltela.pt\/noticias\/2026\/04\/29\/morre-jose-santa-barbara-designer-de-capas-de-jose-afonso-e-do-logotipo-da-cp\/#primaryimage\"},\"thumbnailUrl\":\"https:\/\/portaltela.pt\/s.01k8rhncp4jt1\/2026\/04\/img_1280x721uu2026-04-29-11-21-52-2281772.jpg\",\"keywords\":[\"_arte\",\"_Artes Visuais\",\"_CP\",\"_cultura\",\"Lisboa\",\"Portugal\"],\"articleSection\":[\"Cultura\",\"Not\u00edcias\"],\"inLanguage\":\"pt-PT\"},{\"@type\":\"WebPage\",\"@id\":\"https:\/\/portaltela.pt\/noticias\/2026\/04\/29\/morre-jose-santa-barbara-designer-de-capas-de-jose-afonso-e-do-logotipo-da-cp\/\",\"url\":\"https:\/\/portaltela.pt\/noticias\/2026\/04\/29\/morre-jose-santa-barbara-designer-de-capas-de-jose-afonso-e-do-logotipo-da-cp\/\",\"name\":\"Morre Jos\u00e9 Santa-B\u00e1rbara, designer de capas de Jos\u00e9 Afonso e do log\u00f3tipo da CP - Portal Tela Portugal\",\"isPartOf\":{\"@id\":\"https:\/\/portaltela.pt\/#website\"},\"primaryImageOfPage\":{\"@id\":\"https:\/\/portaltela.pt\/noticias\/2026\/04\/29\/morre-jose-santa-barbara-designer-de-capas-de-jose-afonso-e-do-logotipo-da-cp\/#primaryimage\"},\"image\":{\"@id\":\"https:\/\/portaltela.pt\/noticias\/2026\/04\/29\/morre-jose-santa-barbara-designer-de-capas-de-jose-afonso-e-do-logotipo-da-cp\/#primaryimage\"},\"thumbnailUrl\":\"https:\/\/portaltela.pt\/s.01k8rhncp4jt1\/2026\/04\/img_1280x721uu2026-04-29-11-21-52-2281772.jpg\",\"datePublished\":\"2026-04-29T10:33:16+00:00\",\"author\":{\"@id\":\"https:\/\/portaltela.pt\/#\/schema\/person\/c4278d4a6028830caff9ee44b42d32ed\"},\"breadcrumb\":{\"@id\":\"https:\/\/portaltela.pt\/noticias\/2026\/04\/29\/morre-jose-santa-barbara-designer-de-capas-de-jose-afonso-e-do-logotipo-da-cp\/#breadcrumb\"},\"inLanguage\":\"pt-PT\",\"potentialAction\":[{\"@type\":\"ReadAction\",\"target\":[\"https:\/\/portaltela.pt\/noticias\/2026\/04\/29\/morre-jose-santa-barbara-designer-de-capas-de-jose-afonso-e-do-logotipo-da-cp\/\"]}]},{\"@type\":\"ImageObject\",\"inLanguage\":\"pt-PT\",\"@id\":\"https:\/\/portaltela.pt\/noticias\/2026\/04\/29\/morre-jose-santa-barbara-designer-de-capas-de-jose-afonso-e-do-logotipo-da-cp\/#primaryimage\",\"url\":\"https:\/\/portaltela.pt\/s.01k8rhncp4jt1\/2026\/04\/img_1280x721uu2026-04-29-11-21-52-2281772.jpg\",\"contentUrl\":\"https:\/\/portaltela.pt\/s.01k8rhncp4jt1\/2026\/04\/img_1280x721uu2026-04-29-11-21-52-2281772.jpg\",\"width\":796,\"height\":448,\"caption\":\"Homenagem a Jos\u00e9 Santa-B\u00e1rbara, designer de capas de Jos\u00e9 Afonso e do log\u00f3tipo da CP, falecido aos 89 anos\"},{\"@type\":\"BreadcrumbList\",\"@id\":\"https:\/\/portaltela.pt\/noticias\/2026\/04\/29\/morre-jose-santa-barbara-designer-de-capas-de-jose-afonso-e-do-logotipo-da-cp\/#breadcrumb\",\"itemListElement\":[{\"@type\":\"ListItem\",\"position\":1,\"name\":\"In\u00edcio\",\"item\":\"https:\/\/portaltela.pt\/\"},{\"@type\":\"ListItem\",\"position\":2,\"name\":\"Morre Jos\u00e9 Santa-B\u00e1rbara, designer de capas de Jos\u00e9 Afonso e do log\u00f3tipo da CP\"}]},{\"@type\":\"WebSite\",\"@id\":\"https:\/\/portaltela.pt\/#website\",\"url\":\"https:\/\/portaltela.pt\/\",\"name\":\"Portal Tela Portugal\",\"description\":\"\",\"potentialAction\":[{\"@type\":\"SearchAction\",\"target\":{\"@type\":\"EntryPoint\",\"urlTemplate\":\"https:\/\/portaltela.pt\/?s={search_term_string}\"},\"query-input\":{\"@type\":\"PropertyValueSpecification\",\"valueRequired\":true,\"valueName\":\"search_term_string\"}}],\"inLanguage\":\"pt-PT\"},{\"@type\":\"Person\",\"@id\":\"https:\/\/portaltela.pt\/#\/schema\/person\/c4278d4a6028830caff9ee44b42d32ed\",\"name\":\"Telinha\",\"image\":{\"@type\":\"ImageObject\",\"inLanguage\":\"pt-PT\",\"@id\":\"https:\/\/portaltela.pt\/s.01k8rhncp4jt1\/2025\/11\/talking-bot-125x125.png\",\"url\":\"https:\/\/portaltela.pt\/s.01k8rhncp4jt1\/2025\/11\/talking-bot-125x125.png\",\"contentUrl\":\"https:\/\/portaltela.pt\/s.01k8rhncp4jt1\/2025\/11\/talking-bot-125x125.png\",\"caption\":\"Telinha\"},\"sameAs\":[\"https:\/\/portaltela.pt\/\"],\"url\":\"https:\/\/portaltela.pt\/por\/367410592786\/\"}]}<\/script>\n<!-- \/ Yoast SEO plugin. -->","yoast_head_json":{"title":"Morre Jos\u00e9 Santa-B\u00e1rbara, designer de capas de Jos\u00e9 Afonso e do log\u00f3tipo da CP - Portal Tela Portugal","robots":{"index":"index","follow":"follow","max-snippet":"max-snippet:-1","max-image-preview":"max-image-preview:large","max-video-preview":"max-video-preview:-1"},"og_locale":"pt_PT","og_type":"article","og_title":"Morre Jos\u00e9 Santa-B\u00e1rbara, designer de capas de Jos\u00e9 Afonso e do log\u00f3tipo da CP - Portal Tela Portugal","og_description":"Morreu o designer Jos\u00e9 Santa-B\u00e1rbara, autor de nove capas de discos de Jos\u00e9 Afonso e do log\u00f3tipo da CP. A not\u00edcia foi anunciada pelo PCP, que o descreveu como um dos maiores artistas portugueses e militante comunista \u201csempre presente\u201d. Nascido em 1936, nas Caldas da Rainha, destacou-se nas artes visuais em \u00e1reas como escultura, pintura, medalh\u00edstica, ilustra\u00e7\u00e3o e design. O seu trabalho inclui interven\u00e7\u00f5es pl\u00e1sticas em esta\u00e7\u00f5es de Entrecampos e Santa Apol\u00f3nia (Metropolitano de Lisboa) e nas esta\u00e7\u00f5es do Pragal, Entrecampos e Rossio (ferrovia). Envolveu-se no MUD Juvenil, marcou presen\u00e7a na VII Exposi\u00e7\u00e3o Geral de Artes Pl\u00e1sticas e participou nas Bienais da Festa do Avante!, mantendo liga\u00e7\u00e3o com o PCP.","og_url":"https:\/\/portaltela.pt\/noticias\/2026\/04\/29\/morre-jose-santa-barbara-designer-de-capas-de-jose-afonso-e-do-logotipo-da-cp\/","og_site_name":"Portal Tela Portugal","article_published_time":"2026-04-29T10:33:16+00:00","author":"Telinha","twitter_card":"summary_large_image","twitter_misc":{"Escrito por":"Telinha","Tempo estimado de leitura":"1 minuto"},"schema":{"@context":"https:\/\/schema.org","@graph":[{"@type":"Article","@id":"https:\/\/portaltela.pt\/noticias\/2026\/04\/29\/morre-jose-santa-barbara-designer-de-capas-de-jose-afonso-e-do-logotipo-da-cp\/#article","isPartOf":{"@id":"https:\/\/portaltela.pt\/noticias\/2026\/04\/29\/morre-jose-santa-barbara-designer-de-capas-de-jose-afonso-e-do-logotipo-da-cp\/"},"author":{"name":"Telinha","@id":"https:\/\/portaltela.pt\/#\/schema\/person\/c4278d4a6028830caff9ee44b42d32ed"},"headline":"Morre Jos\u00e9 Santa-B\u00e1rbara, designer de capas de Jos\u00e9 Afonso e do log\u00f3tipo da CP","datePublished":"2026-04-29T10:33:16+00:00","mainEntityOfPage":{"@id":"https:\/\/portaltela.pt\/noticias\/2026\/04\/29\/morre-jose-santa-barbara-designer-de-capas-de-jose-afonso-e-do-logotipo-da-cp\/"},"wordCount":223,"image":{"@id":"https:\/\/portaltela.pt\/noticias\/2026\/04\/29\/morre-jose-santa-barbara-designer-de-capas-de-jose-afonso-e-do-logotipo-da-cp\/#primaryimage"},"thumbnailUrl":"https:\/\/portaltela.pt\/s.01k8rhncp4jt1\/2026\/04\/img_1280x721uu2026-04-29-11-21-52-2281772.jpg","keywords":["_arte","_Artes Visuais","_CP","_cultura","Lisboa","Portugal"],"articleSection":["Cultura","Not\u00edcias"],"inLanguage":"pt-PT"},{"@type":"WebPage","@id":"https:\/\/portaltela.pt\/noticias\/2026\/04\/29\/morre-jose-santa-barbara-designer-de-capas-de-jose-afonso-e-do-logotipo-da-cp\/","url":"https:\/\/portaltela.pt\/noticias\/2026\/04\/29\/morre-jose-santa-barbara-designer-de-capas-de-jose-afonso-e-do-logotipo-da-cp\/","name":"Morre Jos\u00e9 Santa-B\u00e1rbara, designer de capas de Jos\u00e9 Afonso e do log\u00f3tipo da CP - Portal Tela Portugal","isPartOf":{"@id":"https:\/\/portaltela.pt\/#website"},"primaryImageOfPage":{"@id":"https:\/\/portaltela.pt\/noticias\/2026\/04\/29\/morre-jose-santa-barbara-designer-de-capas-de-jose-afonso-e-do-logotipo-da-cp\/#primaryimage"},"image":{"@id":"https:\/\/portaltela.pt\/noticias\/2026\/04\/29\/morre-jose-santa-barbara-designer-de-capas-de-jose-afonso-e-do-logotipo-da-cp\/#primaryimage"},"thumbnailUrl":"https:\/\/portaltela.pt\/s.01k8rhncp4jt1\/2026\/04\/img_1280x721uu2026-04-29-11-21-52-2281772.jpg","datePublished":"2026-04-29T10:33:16+00:00","author":{"@id":"https:\/\/portaltela.pt\/#\/schema\/person\/c4278d4a6028830caff9ee44b42d32ed"},"breadcrumb":{"@id":"https:\/\/portaltela.pt\/noticias\/2026\/04\/29\/morre-jose-santa-barbara-designer-de-capas-de-jose-afonso-e-do-logotipo-da-cp\/#breadcrumb"},"inLanguage":"pt-PT","potentialAction":[{"@type":"ReadAction","target":["https:\/\/portaltela.pt\/noticias\/2026\/04\/29\/morre-jose-santa-barbara-designer-de-capas-de-jose-afonso-e-do-logotipo-da-cp\/"]}]},{"@type":"ImageObject","inLanguage":"pt-PT","@id":"https:\/\/portaltela.pt\/noticias\/2026\/04\/29\/morre-jose-santa-barbara-designer-de-capas-de-jose-afonso-e-do-logotipo-da-cp\/#primaryimage","url":"https:\/\/portaltela.pt\/s.01k8rhncp4jt1\/2026\/04\/img_1280x721uu2026-04-29-11-21-52-2281772.jpg","contentUrl":"https:\/\/portaltela.pt\/s.01k8rhncp4jt1\/2026\/04\/img_1280x721uu2026-04-29-11-21-52-2281772.jpg","width":796,"height":448,"caption":"Homenagem a Jos\u00e9 Santa-B\u00e1rbara, designer de capas de Jos\u00e9 Afonso e do log\u00f3tipo da CP, falecido aos 89 anos"},{"@type":"BreadcrumbList","@id":"https:\/\/portaltela.pt\/noticias\/2026\/04\/29\/morre-jose-santa-barbara-designer-de-capas-de-jose-afonso-e-do-logotipo-da-cp\/#breadcrumb","itemListElement":[{"@type":"ListItem","position":1,"name":"In\u00edcio","item":"https:\/\/portaltela.pt\/"},{"@type":"ListItem","position":2,"name":"Morre Jos\u00e9 Santa-B\u00e1rbara, designer de capas de Jos\u00e9 Afonso e do log\u00f3tipo da CP"}]},{"@type":"WebSite","@id":"https:\/\/portaltela.pt\/#website","url":"https:\/\/portaltela.pt\/","name":"Portal Tela Portugal","description":"","potentialAction":[{"@type":"SearchAction","target":{"@type":"EntryPoint","urlTemplate":"https:\/\/portaltela.pt\/?s={search_term_string}"},"query-input":{"@type":"PropertyValueSpecification","valueRequired":true,"valueName":"search_term_string"}}],"inLanguage":"pt-PT"},{"@type":"Person","@id":"https:\/\/portaltela.pt\/#\/schema\/person\/c4278d4a6028830caff9ee44b42d32ed","name":"Telinha","image":{"@type":"ImageObject","inLanguage":"pt-PT","@id":"https:\/\/portaltela.pt\/s.01k8rhncp4jt1\/2025\/11\/talking-bot-125x125.png","url":"https:\/\/portaltela.pt\/s.01k8rhncp4jt1\/2025\/11\/talking-bot-125x125.png","contentUrl":"https:\/\/portaltela.pt\/s.01k8rhncp4jt1\/2025\/11\/talking-bot-125x125.png","caption":"Telinha"},"sameAs":["https:\/\/portaltela.pt\/"],"url":"https:\/\/portaltela.pt\/por\/367410592786\/"}]}},"_links":{"self":[{"href":"https:\/\/portaltela.pt\/api\/wp\/v2\/posts\/461123","targetHints":{"allow":["GET"]}}],"collection":[{"href":"https:\/\/portaltela.pt\/api\/wp\/v2\/posts"}],"about":[{"href":"https:\/\/portaltela.pt\/api\/wp\/v2\/types\/post"}],"author":[{"embeddable":true,"href":"https:\/\/portaltela.pt\/api\/wp\/v2\/users\/2"}],"replies":[{"embeddable":true,"href":"https:\/\/portaltela.pt\/api\/wp\/v2\/comments?post=461123"}],"version-history":[{"count":0,"href":"https:\/\/portaltela.pt\/api\/wp\/v2\/posts\/461123\/revisions"}],"wp:featuredmedia":[{"embeddable":true,"href":"https:\/\/portaltela.pt\/api\/wp\/v2\/media\/461129"}],"wp:attachment":[{"href":"https:\/\/portaltela.pt\/api\/wp\/v2\/media?parent=461123"}],"wp:term":[{"taxonomy":"category","embeddable":true,"href":"https:\/\/portaltela.pt\/api\/wp\/v2\/categories?post=461123"},{"taxonomy":"post_tag","embeddable":true,"href":"https:\/\/portaltela.pt\/api\/wp\/v2\/tags?post=461123"}],"curies":[{"name":"wp","href":"https:\/\/api.w.org\/{rel}","templated":true}]}}