{"id":461109,"date":"2026-04-29T07:33:06","date_gmt":"2026-04-29T10:33:06","guid":{"rendered":"https:\/\/portaltela.pt\/noticias\/2026\/04\/29\/intervencao-na-muralha-de-trancoso-dispara-alertas-sobre-andorinhao-preto\/"},"modified":"2026-04-29T07:33:06","modified_gmt":"2026-04-29T10:33:06","slug":"intervencao-na-muralha-de-trancoso-dispara-alertas-sobre-andorinhao-preto","status":"publish","type":"post","link":"https:\/\/portaltela.pt\/meio-ambiente\/2026\/04\/29\/intervencao-na-muralha-de-trancoso-dispara-alertas-sobre-andorinhao-preto\/","title":{"rendered":"Interven\u00e7\u00e3o na muralha de Trancoso dispara alertas sobre andorinh\u00e3o-preto"},"content":{"rendered":"<p>A interven\u00e7\u00e3o na muralha de Trancoso, designada como recupera\u00e7\u00e3o do tro\u00e7o fronteiri\u00e7o, tem ocorrido numa \u00e9poca de nidifica\u00e7\u00e3o da esp\u00e9cie andorinh\u00e3o-preto. Associa\u00e7\u00f5es ambientalistas alertam para o risco de perturba\u00e7\u00e3o de mais de 300 a 400 ninhos na maior col\u00f3nia do pa\u00eds.<\/p>\n<p>Alunos de escolas de Trancoso acompanharam a visita orientada pelo Laborat\u00f3rio Rural e pelo CERVAS\/Associa\u00e7\u00e3o Aldeia, com o apoio do munic\u00edpio, para observar os andorinh\u00f5es que chegam de \u00c1frica. Ao chegar ao local, o grupo deparou-se com obras j\u00e1 em curso na muralha.<\/p>\n<p>O epis\u00f3dio desencadeou contactos com o ICNF e o SEPNA da GNR, sem resultados vis\u00edveis, segundo as organiza\u00e7\u00f5es. O conjunto de entidades que orientava a visita pediu explica\u00e7\u00f5es \u00e0 autarquia e reiterou a preocupa\u00e7\u00e3o com a prote\u00e7\u00e3o da esp\u00e9cie durante a reprodu\u00e7\u00e3o.<\/p>\n<p>No final do dia, o munic\u00edpio de Trancoso reiterou que a interven\u00e7\u00e3o afeta menos de 10% do per\u00edmetro da muralha e que o objetivo \u00e9 evitar o colapso causado pela drenagem de \u00e1guas pluviais. A \u00e9reoda-do-ano passado foi apontada como fator agravante pelo \u00faltimo Inverno.<\/p>\n<h3>O que est\u00e1 em causa<\/h3>\n<p>Ricardo Brand\u00e3o, do CERVAS, acusa a obra de avan\u00e7ar de forma mais extensa e de n\u00e3o observar a restri\u00e7\u00e3o legal de n\u00e3o realizar obras durante a reprodu\u00e7\u00e3o do andorinh\u00e3o-preto. O m\u00e9dico-veterin\u00e1rio diz que a continuidade dos trabalhos pode violar a legisla\u00e7\u00e3o que protege ninhos e perturba a esp\u00e9cie.<\/p>\n<h3>Rea\u00e7\u00f5es e pr\u00f3ximos passos<\/h3>\n<p>As associa\u00e7\u00f5es permanecem firmes na den\u00fancia e pedem paragem tempor\u00e1ria das obras at\u00e9 ao fim do per\u00edodo de nidifica\u00e7\u00e3o. Referem que existem exemplos de boas pr\u00e1ticas em Portugal que conciliam patrim\u00f3nio e biodiversidade, citando Guimar\u00e3es e a Lourinh\u00e3 como refer\u00eancias. O ICNF ainda n\u00e3o respondeu formalmente aos pedidos de esclarecimento.<\/p>\n","protected":false},"excerpt":{"rendered":"<ul>\n<li>Interven\u00e7\u00e3o na muralha de Trancoso ocorre durante a \u00e9poca de nidifica\u00e7\u00e3o do andorinh\u00e3o-preto, o que as associa\u00e7\u00f5es consideram proibido por lei.<\/li>\n<li>A col\u00f3nia de andorinh\u00f5es-preto na muralha \u00e9 descrita como a maior do pa\u00eds, com estimativas de mais de 300 a 400 ninhos, e as aves enfrentam perturba\u00e7\u00f5es devido a andaimes e redes.<\/li>\n<li>Organiza\u00e7\u00f5es ambientais denunciaram a situa\u00e7\u00e3o, pedindo a\u00e7\u00f5es do ICNF e SEPNA, e lembraram que a continua\u00e7\u00e3o das obras durante o per\u00edodo de reprodu\u00e7\u00e3o viola a legisla\u00e7\u00e3o de prote\u00e7\u00e3o das esp\u00e9cies.<\/li>\n<li>O munic\u00edpio afirma que as obras s\u00e3o urgentes, afetam menos de 10% do per\u00edmetro e contam com \u201csolu\u00e7\u00f5es t\u00e9cnicas\u201d para proteger a esp\u00e9cie, embora n\u00e3o tenha havido a\u00e7\u00f5es vis\u00edveis at\u00e9 ao momento.<\/li>\n<li>Quem denunciou a situa\u00e7\u00e3o destaca que, mesmo com promessas, a muralha continua a ser intervencionada e teme-se que a col\u00f3nia possa perder ninhos, com impactos culturais e ecol\u00f3gicos na regi\u00e3o.<\/li>\n<\/ul>\n","protected":false},"author":2,"featured_media":461120,"comment_status":"closed","ping_status":"closed","sticky":false,"template":"","format":"standard","meta":{"footnotes":""},"categories":[6725],"tags":[8238,8131,8103,8007,9145,8286],"class_list":["post-461109","post","type-post","status-publish","format-standard","has-post-thumbnail","hentry","category-meio-ambiente","tag-_ambiente","tag-_animais","tag-_conservacao-ambiental","tag-_guarda","tag-_icnf","tag-_protecao-ambiental"],"yoast_head":"<!-- This site is optimized with the Yoast SEO plugin v27.2 - https:\/\/yoast.com\/product\/yoast-seo-wordpress\/ -->\n<title>Interven\u00e7\u00e3o na muralha de Trancoso dispara alertas sobre andorinh\u00e3o-preto - Portal Tela Portugal<\/title>\n<meta name=\"robots\" content=\"index, follow, max-snippet:-1, max-image-preview:large, max-video-preview:-1\" \/>\n<meta property=\"og:locale\" content=\"pt_PT\" \/>\n<meta property=\"og:type\" content=\"article\" \/>\n<meta property=\"og:title\" content=\"Interven\u00e7\u00e3o na muralha de Trancoso dispara alertas sobre andorinh\u00e3o-preto - Portal Tela Portugal\" \/>\n<meta property=\"og:description\" content=\"Interven\u00e7\u00e3o na muralha de Trancoso ocorre durante a \u00e9poca de nidifica\u00e7\u00e3o do andorinh\u00e3o-preto, o que as associa\u00e7\u00f5es consideram proibido por lei. A col\u00f3nia de andorinh\u00f5es-preto na muralha \u00e9 descrita como a maior do pa\u00eds, com estimativas de mais de 300 a 400 ninhos, e as aves enfrentam perturba\u00e7\u00f5es devido a andaimes e redes. Organiza\u00e7\u00f5es ambientais denunciaram a situa\u00e7\u00e3o, pedindo a\u00e7\u00f5es do ICNF e SEPNA, e lembraram que a continua\u00e7\u00e3o das obras durante o per\u00edodo de reprodu\u00e7\u00e3o viola a legisla\u00e7\u00e3o de prote\u00e7\u00e3o das esp\u00e9cies. O munic\u00edpio afirma que as obras s\u00e3o urgentes, afetam menos de 10% do per\u00edmetro e contam com \u201csolu\u00e7\u00f5es t\u00e9cnicas\u201d para proteger a esp\u00e9cie, embora n\u00e3o tenha havido a\u00e7\u00f5es vis\u00edveis at\u00e9 ao momento. Quem denunciou a situa\u00e7\u00e3o destaca que, mesmo com promessas, a muralha continua a ser intervencionada e teme-se que a col\u00f3nia possa perder ninhos, com impactos culturais e ecol\u00f3gicos na regi\u00e3o.\" \/>\n<meta property=\"og:url\" content=\"https:\/\/portaltela.pt\/noticias\/2026\/04\/29\/intervencao-na-muralha-de-trancoso-dispara-alertas-sobre-andorinhao-preto\/\" \/>\n<meta property=\"og:site_name\" content=\"Portal Tela Portugal\" \/>\n<meta property=\"article:published_time\" content=\"2026-04-29T10:33:06+00:00\" \/>\n<meta name=\"author\" content=\"Telinha\" \/>\n<meta name=\"twitter:card\" content=\"summary_large_image\" \/>\n<meta name=\"twitter:label1\" content=\"Escrito por\" \/>\n\t<meta name=\"twitter:data1\" content=\"Telinha\" \/>\n\t<meta name=\"twitter:label2\" content=\"Tempo estimado de leitura\" \/>\n\t<meta name=\"twitter:data2\" content=\"2 minutos\" \/>\n<script type=\"application\/ld+json\" class=\"yoast-schema-graph\">{\"@context\":\"https:\/\/schema.org\",\"@graph\":[{\"@type\":\"Article\",\"@id\":\"https:\/\/portaltela.pt\/noticias\/2026\/04\/29\/intervencao-na-muralha-de-trancoso-dispara-alertas-sobre-andorinhao-preto\/#article\",\"isPartOf\":{\"@id\":\"https:\/\/portaltela.pt\/noticias\/2026\/04\/29\/intervencao-na-muralha-de-trancoso-dispara-alertas-sobre-andorinhao-preto\/\"},\"author\":{\"name\":\"Telinha\",\"@id\":\"https:\/\/portaltela.pt\/#\/schema\/person\/c4278d4a6028830caff9ee44b42d32ed\"},\"headline\":\"Interven\u00e7\u00e3o na muralha de Trancoso dispara alertas sobre andorinh\u00e3o-preto\",\"datePublished\":\"2026-04-29T10:33:06+00:00\",\"mainEntityOfPage\":{\"@id\":\"https:\/\/portaltela.pt\/noticias\/2026\/04\/29\/intervencao-na-muralha-de-trancoso-dispara-alertas-sobre-andorinhao-preto\/\"},\"wordCount\":334,\"image\":{\"@id\":\"https:\/\/portaltela.pt\/noticias\/2026\/04\/29\/intervencao-na-muralha-de-trancoso-dispara-alertas-sobre-andorinhao-preto\/#primaryimage\"},\"thumbnailUrl\":\"https:\/\/portaltela.pt\/s.01k8rhncp4jt1\/2026\/04\/2084586.jpg\",\"keywords\":[\"_ambiente\",\"_animais\",\"_conserva\u00e7\u00e3o ambiental\",\"_Guarda\",\"_ICNF\",\"_prote\u00e7\u00e3o ambiental\"],\"articleSection\":[\"Meio Ambiente\"],\"inLanguage\":\"pt-PT\"},{\"@type\":\"WebPage\",\"@id\":\"https:\/\/portaltela.pt\/noticias\/2026\/04\/29\/intervencao-na-muralha-de-trancoso-dispara-alertas-sobre-andorinhao-preto\/\",\"url\":\"https:\/\/portaltela.pt\/noticias\/2026\/04\/29\/intervencao-na-muralha-de-trancoso-dispara-alertas-sobre-andorinhao-preto\/\",\"name\":\"Interven\u00e7\u00e3o na muralha de Trancoso dispara alertas sobre andorinh\u00e3o-preto - Portal Tela Portugal\",\"isPartOf\":{\"@id\":\"https:\/\/portaltela.pt\/#website\"},\"primaryImageOfPage\":{\"@id\":\"https:\/\/portaltela.pt\/noticias\/2026\/04\/29\/intervencao-na-muralha-de-trancoso-dispara-alertas-sobre-andorinhao-preto\/#primaryimage\"},\"image\":{\"@id\":\"https:\/\/portaltela.pt\/noticias\/2026\/04\/29\/intervencao-na-muralha-de-trancoso-dispara-alertas-sobre-andorinhao-preto\/#primaryimage\"},\"thumbnailUrl\":\"https:\/\/portaltela.pt\/s.01k8rhncp4jt1\/2026\/04\/2084586.jpg\",\"datePublished\":\"2026-04-29T10:33:06+00:00\",\"author\":{\"@id\":\"https:\/\/portaltela.pt\/#\/schema\/person\/c4278d4a6028830caff9ee44b42d32ed\"},\"breadcrumb\":{\"@id\":\"https:\/\/portaltela.pt\/noticias\/2026\/04\/29\/intervencao-na-muralha-de-trancoso-dispara-alertas-sobre-andorinhao-preto\/#breadcrumb\"},\"inLanguage\":\"pt-PT\",\"potentialAction\":[{\"@type\":\"ReadAction\",\"target\":[\"https:\/\/portaltela.pt\/noticias\/2026\/04\/29\/intervencao-na-muralha-de-trancoso-dispara-alertas-sobre-andorinhao-preto\/\"]}]},{\"@type\":\"ImageObject\",\"inLanguage\":\"pt-PT\",\"@id\":\"https:\/\/portaltela.pt\/noticias\/2026\/04\/29\/intervencao-na-muralha-de-trancoso-dispara-alertas-sobre-andorinhao-preto\/#primaryimage\",\"url\":\"https:\/\/portaltela.pt\/s.01k8rhncp4jt1\/2026\/04\/2084586.jpg\",\"contentUrl\":\"https:\/\/portaltela.pt\/s.01k8rhncp4jt1\/2026\/04\/2084586.jpg\",\"width\":796,\"height\":448,\"caption\":\"A col\u00f3nia de Trancoso, dizem as associa\u00e7\u00f5es, \u00e9 a maior do pa\u00eds\"},{\"@type\":\"BreadcrumbList\",\"@id\":\"https:\/\/portaltela.pt\/noticias\/2026\/04\/29\/intervencao-na-muralha-de-trancoso-dispara-alertas-sobre-andorinhao-preto\/#breadcrumb\",\"itemListElement\":[{\"@type\":\"ListItem\",\"position\":1,\"name\":\"In\u00edcio\",\"item\":\"https:\/\/portaltela.pt\/\"},{\"@type\":\"ListItem\",\"position\":2,\"name\":\"Interven\u00e7\u00e3o na muralha de Trancoso dispara alertas sobre andorinh\u00e3o-preto\"}]},{\"@type\":\"WebSite\",\"@id\":\"https:\/\/portaltela.pt\/#website\",\"url\":\"https:\/\/portaltela.pt\/\",\"name\":\"Portal Tela Portugal\",\"description\":\"\",\"potentialAction\":[{\"@type\":\"SearchAction\",\"target\":{\"@type\":\"EntryPoint\",\"urlTemplate\":\"https:\/\/portaltela.pt\/?s={search_term_string}\"},\"query-input\":{\"@type\":\"PropertyValueSpecification\",\"valueRequired\":true,\"valueName\":\"search_term_string\"}}],\"inLanguage\":\"pt-PT\"},{\"@type\":\"Person\",\"@id\":\"https:\/\/portaltela.pt\/#\/schema\/person\/c4278d4a6028830caff9ee44b42d32ed\",\"name\":\"Telinha\",\"image\":{\"@type\":\"ImageObject\",\"inLanguage\":\"pt-PT\",\"@id\":\"https:\/\/portaltela.pt\/s.01k8rhncp4jt1\/2025\/11\/talking-bot-125x125.png\",\"url\":\"https:\/\/portaltela.pt\/s.01k8rhncp4jt1\/2025\/11\/talking-bot-125x125.png\",\"contentUrl\":\"https:\/\/portaltela.pt\/s.01k8rhncp4jt1\/2025\/11\/talking-bot-125x125.png\",\"caption\":\"Telinha\"},\"sameAs\":[\"https:\/\/portaltela.pt\/\"],\"url\":\"https:\/\/portaltela.pt\/por\/367410592786\/\"}]}<\/script>\n<!-- \/ Yoast SEO plugin. -->","yoast_head_json":{"title":"Interven\u00e7\u00e3o na muralha de Trancoso dispara alertas sobre andorinh\u00e3o-preto - Portal Tela Portugal","robots":{"index":"index","follow":"follow","max-snippet":"max-snippet:-1","max-image-preview":"max-image-preview:large","max-video-preview":"max-video-preview:-1"},"og_locale":"pt_PT","og_type":"article","og_title":"Interven\u00e7\u00e3o na muralha de Trancoso dispara alertas sobre andorinh\u00e3o-preto - Portal Tela Portugal","og_description":"Interven\u00e7\u00e3o na muralha de Trancoso ocorre durante a \u00e9poca de nidifica\u00e7\u00e3o do andorinh\u00e3o-preto, o que as associa\u00e7\u00f5es consideram proibido por lei. A col\u00f3nia de andorinh\u00f5es-preto na muralha \u00e9 descrita como a maior do pa\u00eds, com estimativas de mais de 300 a 400 ninhos, e as aves enfrentam perturba\u00e7\u00f5es devido a andaimes e redes. Organiza\u00e7\u00f5es ambientais denunciaram a situa\u00e7\u00e3o, pedindo a\u00e7\u00f5es do ICNF e SEPNA, e lembraram que a continua\u00e7\u00e3o das obras durante o per\u00edodo de reprodu\u00e7\u00e3o viola a legisla\u00e7\u00e3o de prote\u00e7\u00e3o das esp\u00e9cies. O munic\u00edpio afirma que as obras s\u00e3o urgentes, afetam menos de 10% do per\u00edmetro e contam com \u201csolu\u00e7\u00f5es t\u00e9cnicas\u201d para proteger a esp\u00e9cie, embora n\u00e3o tenha havido a\u00e7\u00f5es vis\u00edveis at\u00e9 ao momento. Quem denunciou a situa\u00e7\u00e3o destaca que, mesmo com promessas, a muralha continua a ser intervencionada e teme-se que a col\u00f3nia possa perder ninhos, com impactos culturais e ecol\u00f3gicos na regi\u00e3o.","og_url":"https:\/\/portaltela.pt\/noticias\/2026\/04\/29\/intervencao-na-muralha-de-trancoso-dispara-alertas-sobre-andorinhao-preto\/","og_site_name":"Portal Tela Portugal","article_published_time":"2026-04-29T10:33:06+00:00","author":"Telinha","twitter_card":"summary_large_image","twitter_misc":{"Escrito por":"Telinha","Tempo estimado de leitura":"2 minutos"},"schema":{"@context":"https:\/\/schema.org","@graph":[{"@type":"Article","@id":"https:\/\/portaltela.pt\/noticias\/2026\/04\/29\/intervencao-na-muralha-de-trancoso-dispara-alertas-sobre-andorinhao-preto\/#article","isPartOf":{"@id":"https:\/\/portaltela.pt\/noticias\/2026\/04\/29\/intervencao-na-muralha-de-trancoso-dispara-alertas-sobre-andorinhao-preto\/"},"author":{"name":"Telinha","@id":"https:\/\/portaltela.pt\/#\/schema\/person\/c4278d4a6028830caff9ee44b42d32ed"},"headline":"Interven\u00e7\u00e3o na muralha de Trancoso dispara alertas sobre andorinh\u00e3o-preto","datePublished":"2026-04-29T10:33:06+00:00","mainEntityOfPage":{"@id":"https:\/\/portaltela.pt\/noticias\/2026\/04\/29\/intervencao-na-muralha-de-trancoso-dispara-alertas-sobre-andorinhao-preto\/"},"wordCount":334,"image":{"@id":"https:\/\/portaltela.pt\/noticias\/2026\/04\/29\/intervencao-na-muralha-de-trancoso-dispara-alertas-sobre-andorinhao-preto\/#primaryimage"},"thumbnailUrl":"https:\/\/portaltela.pt\/s.01k8rhncp4jt1\/2026\/04\/2084586.jpg","keywords":["_ambiente","_animais","_conserva\u00e7\u00e3o ambiental","_Guarda","_ICNF","_prote\u00e7\u00e3o ambiental"],"articleSection":["Meio Ambiente"],"inLanguage":"pt-PT"},{"@type":"WebPage","@id":"https:\/\/portaltela.pt\/noticias\/2026\/04\/29\/intervencao-na-muralha-de-trancoso-dispara-alertas-sobre-andorinhao-preto\/","url":"https:\/\/portaltela.pt\/noticias\/2026\/04\/29\/intervencao-na-muralha-de-trancoso-dispara-alertas-sobre-andorinhao-preto\/","name":"Interven\u00e7\u00e3o na muralha de Trancoso dispara alertas sobre andorinh\u00e3o-preto - Portal Tela Portugal","isPartOf":{"@id":"https:\/\/portaltela.pt\/#website"},"primaryImageOfPage":{"@id":"https:\/\/portaltela.pt\/noticias\/2026\/04\/29\/intervencao-na-muralha-de-trancoso-dispara-alertas-sobre-andorinhao-preto\/#primaryimage"},"image":{"@id":"https:\/\/portaltela.pt\/noticias\/2026\/04\/29\/intervencao-na-muralha-de-trancoso-dispara-alertas-sobre-andorinhao-preto\/#primaryimage"},"thumbnailUrl":"https:\/\/portaltela.pt\/s.01k8rhncp4jt1\/2026\/04\/2084586.jpg","datePublished":"2026-04-29T10:33:06+00:00","author":{"@id":"https:\/\/portaltela.pt\/#\/schema\/person\/c4278d4a6028830caff9ee44b42d32ed"},"breadcrumb":{"@id":"https:\/\/portaltela.pt\/noticias\/2026\/04\/29\/intervencao-na-muralha-de-trancoso-dispara-alertas-sobre-andorinhao-preto\/#breadcrumb"},"inLanguage":"pt-PT","potentialAction":[{"@type":"ReadAction","target":["https:\/\/portaltela.pt\/noticias\/2026\/04\/29\/intervencao-na-muralha-de-trancoso-dispara-alertas-sobre-andorinhao-preto\/"]}]},{"@type":"ImageObject","inLanguage":"pt-PT","@id":"https:\/\/portaltela.pt\/noticias\/2026\/04\/29\/intervencao-na-muralha-de-trancoso-dispara-alertas-sobre-andorinhao-preto\/#primaryimage","url":"https:\/\/portaltela.pt\/s.01k8rhncp4jt1\/2026\/04\/2084586.jpg","contentUrl":"https:\/\/portaltela.pt\/s.01k8rhncp4jt1\/2026\/04\/2084586.jpg","width":796,"height":448,"caption":"A col\u00f3nia de Trancoso, dizem as associa\u00e7\u00f5es, \u00e9 a maior do pa\u00eds"},{"@type":"BreadcrumbList","@id":"https:\/\/portaltela.pt\/noticias\/2026\/04\/29\/intervencao-na-muralha-de-trancoso-dispara-alertas-sobre-andorinhao-preto\/#breadcrumb","itemListElement":[{"@type":"ListItem","position":1,"name":"In\u00edcio","item":"https:\/\/portaltela.pt\/"},{"@type":"ListItem","position":2,"name":"Interven\u00e7\u00e3o na muralha de Trancoso dispara alertas sobre andorinh\u00e3o-preto"}]},{"@type":"WebSite","@id":"https:\/\/portaltela.pt\/#website","url":"https:\/\/portaltela.pt\/","name":"Portal Tela Portugal","description":"","potentialAction":[{"@type":"SearchAction","target":{"@type":"EntryPoint","urlTemplate":"https:\/\/portaltela.pt\/?s={search_term_string}"},"query-input":{"@type":"PropertyValueSpecification","valueRequired":true,"valueName":"search_term_string"}}],"inLanguage":"pt-PT"},{"@type":"Person","@id":"https:\/\/portaltela.pt\/#\/schema\/person\/c4278d4a6028830caff9ee44b42d32ed","name":"Telinha","image":{"@type":"ImageObject","inLanguage":"pt-PT","@id":"https:\/\/portaltela.pt\/s.01k8rhncp4jt1\/2025\/11\/talking-bot-125x125.png","url":"https:\/\/portaltela.pt\/s.01k8rhncp4jt1\/2025\/11\/talking-bot-125x125.png","contentUrl":"https:\/\/portaltela.pt\/s.01k8rhncp4jt1\/2025\/11\/talking-bot-125x125.png","caption":"Telinha"},"sameAs":["https:\/\/portaltela.pt\/"],"url":"https:\/\/portaltela.pt\/por\/367410592786\/"}]}},"_links":{"self":[{"href":"https:\/\/portaltela.pt\/api\/wp\/v2\/posts\/461109","targetHints":{"allow":["GET"]}}],"collection":[{"href":"https:\/\/portaltela.pt\/api\/wp\/v2\/posts"}],"about":[{"href":"https:\/\/portaltela.pt\/api\/wp\/v2\/types\/post"}],"author":[{"embeddable":true,"href":"https:\/\/portaltela.pt\/api\/wp\/v2\/users\/2"}],"replies":[{"embeddable":true,"href":"https:\/\/portaltela.pt\/api\/wp\/v2\/comments?post=461109"}],"version-history":[{"count":0,"href":"https:\/\/portaltela.pt\/api\/wp\/v2\/posts\/461109\/revisions"}],"wp:featuredmedia":[{"embeddable":true,"href":"https:\/\/portaltela.pt\/api\/wp\/v2\/media\/461120"}],"wp:attachment":[{"href":"https:\/\/portaltela.pt\/api\/wp\/v2\/media?parent=461109"}],"wp:term":[{"taxonomy":"category","embeddable":true,"href":"https:\/\/portaltela.pt\/api\/wp\/v2\/categories?post=461109"},{"taxonomy":"post_tag","embeddable":true,"href":"https:\/\/portaltela.pt\/api\/wp\/v2\/tags?post=461109"}],"curies":[{"name":"wp","href":"https:\/\/api.w.org\/{rel}","templated":true}]}}