{"id":461107,"date":"2026-04-29T07:33:04","date_gmt":"2026-04-29T10:33:04","guid":{"rendered":"https:\/\/portaltela.pt\/noticias\/2026\/04\/29\/modelo-mata-cronista-a-sangue-frio\/"},"modified":"2026-04-29T07:33:04","modified_gmt":"2026-04-29T10:33:04","slug":"modelo-mata-cronista-a-sangue-frio","status":"publish","type":"post","link":"https:\/\/portaltela.pt\/noticias\/2026\/04\/29\/modelo-mata-cronista-a-sangue-frio\/","title":{"rendered":"Modelo mata cronista a sangue frio"},"content":{"rendered":"<p>O crime ocorreu h\u00e1 15 anos: Renato Seabra assassinou Carlos Castro num hotel em Nova Iorque, durante a passagem de ano. O epis\u00f3dio \u00e9 tema de um podcast que analisa os pormenores j\u00e1 conhecidos, sem implicar novas conclus\u00f5es.<\/p>\n<p>A investiga\u00e7\u00e3o que chegou ao jornalismo de hoje identifica motivos ainda debatidos e descreve o contexto em que o crime aconteceu. A narrativa \u00e9 apresentada com o objetivo de esclarecer o que se sabe, sem ju\u00edzos de valor.<\/p>\n<p>O epis\u00f3dio em causa integra o espa\u00e7o Crime e Castigo, com a participa\u00e7\u00e3o de Paulo Jo\u00e3o Santos e Paulo Sargento, moderados por Rita Fernandes Batista e editado por Diana Martins. O formato re\u00fane informa\u00e7\u00f5es e entrevistas relevantes para o caso.<\/p>\n<h3>Conte\u00fado do epis\u00f3dio<\/h3>\n<p>O podcast aprofunda os factos do crime em Nova Iorque, situando a data, o local e a din\u00e2mica entre as duas pessoas envolvidas. O objetivo \u00e9 oferecer uma vis\u00e3o factual sobre o que ocorreu na altura e as explica\u00e7\u00f5es que t\u00eam sido avan\u00e7adas.<\/p>\n","protected":false},"excerpt":{"rendered":"<ul>\n<li>O texto aborda um crime ocorrido h\u00e1 quinze anos: Renato Seabra matou Carlos Castro num hotel de Nova Iorque, para celebrar a passagem de ano.<\/li>\n<li>S\u00f3 agora ficaram conhecidos alguns pormenores que ajudam a explicar o motivo do crime.<\/li>\n<li>O caso \u00e9 o tema do podcast Crime e Castigo desta semana.<\/li>\n<li>O podcast \u00e9 apresentado por Paulo Jo\u00e3o Santos e Paulo Sargento.<\/li>\n<li>Rita Fernandes Batista moderou o epis\u00f3dio e Diana Martins trata da edi\u00e7\u00e3o.<\/li>\n<\/ul>\n","protected":false},"author":2,"featured_media":461118,"comment_status":"closed","ping_status":"closed","sticky":false,"template":"","format":"standard","meta":{"footnotes":""},"categories":[6907,1],"tags":[7921,9032,8075,7995,8421,8527],"class_list":["post-461107","post","type-post","status-publish","format-standard","has-post-thumbnail","hentry","category-crime","category-noticias","tag-_crime","tag-_documentarios","tag-_homicidio","tag-_imprensa","tag-_jornalistas","tag-_nova-york"],"yoast_head":"<!-- This site is optimized with the Yoast SEO plugin v27.2 - https:\/\/yoast.com\/product\/yoast-seo-wordpress\/ -->\n<title>Modelo mata cronista a sangue frio - Portal Tela Portugal<\/title>\n<meta name=\"robots\" content=\"index, follow, max-snippet:-1, max-image-preview:large, max-video-preview:-1\" \/>\n<meta property=\"og:locale\" content=\"pt_PT\" \/>\n<meta property=\"og:type\" content=\"article\" \/>\n<meta property=\"og:title\" content=\"Modelo mata cronista a sangue frio - Portal Tela Portugal\" \/>\n<meta property=\"og:description\" content=\"O texto aborda um crime ocorrido h\u00e1 quinze anos: Renato Seabra matou Carlos Castro num hotel de Nova Iorque, para celebrar a passagem de ano. S\u00f3 agora ficaram conhecidos alguns pormenores que ajudam a explicar o motivo do crime. O caso \u00e9 o tema do podcast Crime e Castigo desta semana. O podcast \u00e9 apresentado por Paulo Jo\u00e3o Santos e Paulo Sargento. Rita Fernandes Batista moderou o epis\u00f3dio e Diana Martins trata da edi\u00e7\u00e3o.\" \/>\n<meta property=\"og:url\" content=\"https:\/\/portaltela.pt\/noticias\/2026\/04\/29\/modelo-mata-cronista-a-sangue-frio\/\" \/>\n<meta property=\"og:site_name\" content=\"Portal Tela Portugal\" \/>\n<meta property=\"article:published_time\" content=\"2026-04-29T10:33:04+00:00\" \/>\n<meta name=\"author\" content=\"Telinha\" \/>\n<meta name=\"twitter:card\" content=\"summary_large_image\" \/>\n<meta name=\"twitter:label1\" content=\"Escrito por\" \/>\n\t<meta name=\"twitter:data1\" content=\"Telinha\" \/>\n\t<meta name=\"twitter:label2\" content=\"Tempo estimado de leitura\" \/>\n\t<meta name=\"twitter:data2\" content=\"1 minuto\" \/>\n<script type=\"application\/ld+json\" class=\"yoast-schema-graph\">{\"@context\":\"https:\/\/schema.org\",\"@graph\":[{\"@type\":\"Article\",\"@id\":\"https:\/\/portaltela.pt\/noticias\/2026\/04\/29\/modelo-mata-cronista-a-sangue-frio\/#article\",\"isPartOf\":{\"@id\":\"https:\/\/portaltela.pt\/noticias\/2026\/04\/29\/modelo-mata-cronista-a-sangue-frio\/\"},\"author\":{\"name\":\"Telinha\",\"@id\":\"https:\/\/portaltela.pt\/#\/schema\/person\/c4278d4a6028830caff9ee44b42d32ed\"},\"headline\":\"Modelo mata cronista a sangue frio\",\"datePublished\":\"2026-04-29T10:33:04+00:00\",\"mainEntityOfPage\":{\"@id\":\"https:\/\/portaltela.pt\/noticias\/2026\/04\/29\/modelo-mata-cronista-a-sangue-frio\/\"},\"wordCount\":181,\"image\":{\"@id\":\"https:\/\/portaltela.pt\/noticias\/2026\/04\/29\/modelo-mata-cronista-a-sangue-frio\/#primaryimage\"},\"thumbnailUrl\":\"https:\/\/portaltela.pt\/s.01k8rhncp4jt1\/2026\/04\/img_1280x717uu2022-10-01-11-10-49-1189219.jpg\",\"keywords\":[\"_crime\",\"_document\u00e1rios\",\"_homic\u00eddio\",\"_imprensa\",\"_jornalistas\",\"_Nova York\"],\"articleSection\":[\"Crime\",\"Not\u00edcias\"],\"inLanguage\":\"pt-PT\"},{\"@type\":\"WebPage\",\"@id\":\"https:\/\/portaltela.pt\/noticias\/2026\/04\/29\/modelo-mata-cronista-a-sangue-frio\/\",\"url\":\"https:\/\/portaltela.pt\/noticias\/2026\/04\/29\/modelo-mata-cronista-a-sangue-frio\/\",\"name\":\"Modelo mata cronista a sangue frio - Portal Tela Portugal\",\"isPartOf\":{\"@id\":\"https:\/\/portaltela.pt\/#website\"},\"primaryImageOfPage\":{\"@id\":\"https:\/\/portaltela.pt\/noticias\/2026\/04\/29\/modelo-mata-cronista-a-sangue-frio\/#primaryimage\"},\"image\":{\"@id\":\"https:\/\/portaltela.pt\/noticias\/2026\/04\/29\/modelo-mata-cronista-a-sangue-frio\/#primaryimage\"},\"thumbnailUrl\":\"https:\/\/portaltela.pt\/s.01k8rhncp4jt1\/2026\/04\/img_1280x717uu2022-10-01-11-10-49-1189219.jpg\",\"datePublished\":\"2026-04-29T10:33:04+00:00\",\"author\":{\"@id\":\"https:\/\/portaltela.pt\/#\/schema\/person\/c4278d4a6028830caff9ee44b42d32ed\"},\"breadcrumb\":{\"@id\":\"https:\/\/portaltela.pt\/noticias\/2026\/04\/29\/modelo-mata-cronista-a-sangue-frio\/#breadcrumb\"},\"inLanguage\":\"pt-PT\",\"potentialAction\":[{\"@type\":\"ReadAction\",\"target\":[\"https:\/\/portaltela.pt\/noticias\/2026\/04\/29\/modelo-mata-cronista-a-sangue-frio\/\"]}]},{\"@type\":\"ImageObject\",\"inLanguage\":\"pt-PT\",\"@id\":\"https:\/\/portaltela.pt\/noticias\/2026\/04\/29\/modelo-mata-cronista-a-sangue-frio\/#primaryimage\",\"url\":\"https:\/\/portaltela.pt\/s.01k8rhncp4jt1\/2026\/04\/img_1280x717uu2022-10-01-11-10-49-1189219.jpg\",\"contentUrl\":\"https:\/\/portaltela.pt\/s.01k8rhncp4jt1\/2026\/04\/img_1280x717uu2022-10-01-11-10-49-1189219.jpg\",\"width\":796,\"height\":448,\"caption\":\"Photo\"},{\"@type\":\"BreadcrumbList\",\"@id\":\"https:\/\/portaltela.pt\/noticias\/2026\/04\/29\/modelo-mata-cronista-a-sangue-frio\/#breadcrumb\",\"itemListElement\":[{\"@type\":\"ListItem\",\"position\":1,\"name\":\"In\u00edcio\",\"item\":\"https:\/\/portaltela.pt\/\"},{\"@type\":\"ListItem\",\"position\":2,\"name\":\"Modelo mata cronista a sangue frio\"}]},{\"@type\":\"WebSite\",\"@id\":\"https:\/\/portaltela.pt\/#website\",\"url\":\"https:\/\/portaltela.pt\/\",\"name\":\"Portal Tela Portugal\",\"description\":\"\",\"potentialAction\":[{\"@type\":\"SearchAction\",\"target\":{\"@type\":\"EntryPoint\",\"urlTemplate\":\"https:\/\/portaltela.pt\/?s={search_term_string}\"},\"query-input\":{\"@type\":\"PropertyValueSpecification\",\"valueRequired\":true,\"valueName\":\"search_term_string\"}}],\"inLanguage\":\"pt-PT\"},{\"@type\":\"Person\",\"@id\":\"https:\/\/portaltela.pt\/#\/schema\/person\/c4278d4a6028830caff9ee44b42d32ed\",\"name\":\"Telinha\",\"image\":{\"@type\":\"ImageObject\",\"inLanguage\":\"pt-PT\",\"@id\":\"https:\/\/portaltela.pt\/s.01k8rhncp4jt1\/2025\/11\/talking-bot-125x125.png\",\"url\":\"https:\/\/portaltela.pt\/s.01k8rhncp4jt1\/2025\/11\/talking-bot-125x125.png\",\"contentUrl\":\"https:\/\/portaltela.pt\/s.01k8rhncp4jt1\/2025\/11\/talking-bot-125x125.png\",\"caption\":\"Telinha\"},\"sameAs\":[\"https:\/\/portaltela.pt\/\"],\"url\":\"https:\/\/portaltela.pt\/por\/367410592786\/\"}]}<\/script>\n<!-- \/ Yoast SEO plugin. -->","yoast_head_json":{"title":"Modelo mata cronista a sangue frio - Portal Tela Portugal","robots":{"index":"index","follow":"follow","max-snippet":"max-snippet:-1","max-image-preview":"max-image-preview:large","max-video-preview":"max-video-preview:-1"},"og_locale":"pt_PT","og_type":"article","og_title":"Modelo mata cronista a sangue frio - Portal Tela Portugal","og_description":"O texto aborda um crime ocorrido h\u00e1 quinze anos: Renato Seabra matou Carlos Castro num hotel de Nova Iorque, para celebrar a passagem de ano. S\u00f3 agora ficaram conhecidos alguns pormenores que ajudam a explicar o motivo do crime. O caso \u00e9 o tema do podcast Crime e Castigo desta semana. O podcast \u00e9 apresentado por Paulo Jo\u00e3o Santos e Paulo Sargento. Rita Fernandes Batista moderou o epis\u00f3dio e Diana Martins trata da edi\u00e7\u00e3o.","og_url":"https:\/\/portaltela.pt\/noticias\/2026\/04\/29\/modelo-mata-cronista-a-sangue-frio\/","og_site_name":"Portal Tela Portugal","article_published_time":"2026-04-29T10:33:04+00:00","author":"Telinha","twitter_card":"summary_large_image","twitter_misc":{"Escrito por":"Telinha","Tempo estimado de leitura":"1 minuto"},"schema":{"@context":"https:\/\/schema.org","@graph":[{"@type":"Article","@id":"https:\/\/portaltela.pt\/noticias\/2026\/04\/29\/modelo-mata-cronista-a-sangue-frio\/#article","isPartOf":{"@id":"https:\/\/portaltela.pt\/noticias\/2026\/04\/29\/modelo-mata-cronista-a-sangue-frio\/"},"author":{"name":"Telinha","@id":"https:\/\/portaltela.pt\/#\/schema\/person\/c4278d4a6028830caff9ee44b42d32ed"},"headline":"Modelo mata cronista a sangue frio","datePublished":"2026-04-29T10:33:04+00:00","mainEntityOfPage":{"@id":"https:\/\/portaltela.pt\/noticias\/2026\/04\/29\/modelo-mata-cronista-a-sangue-frio\/"},"wordCount":181,"image":{"@id":"https:\/\/portaltela.pt\/noticias\/2026\/04\/29\/modelo-mata-cronista-a-sangue-frio\/#primaryimage"},"thumbnailUrl":"https:\/\/portaltela.pt\/s.01k8rhncp4jt1\/2026\/04\/img_1280x717uu2022-10-01-11-10-49-1189219.jpg","keywords":["_crime","_document\u00e1rios","_homic\u00eddio","_imprensa","_jornalistas","_Nova York"],"articleSection":["Crime","Not\u00edcias"],"inLanguage":"pt-PT"},{"@type":"WebPage","@id":"https:\/\/portaltela.pt\/noticias\/2026\/04\/29\/modelo-mata-cronista-a-sangue-frio\/","url":"https:\/\/portaltela.pt\/noticias\/2026\/04\/29\/modelo-mata-cronista-a-sangue-frio\/","name":"Modelo mata cronista a sangue frio - Portal Tela Portugal","isPartOf":{"@id":"https:\/\/portaltela.pt\/#website"},"primaryImageOfPage":{"@id":"https:\/\/portaltela.pt\/noticias\/2026\/04\/29\/modelo-mata-cronista-a-sangue-frio\/#primaryimage"},"image":{"@id":"https:\/\/portaltela.pt\/noticias\/2026\/04\/29\/modelo-mata-cronista-a-sangue-frio\/#primaryimage"},"thumbnailUrl":"https:\/\/portaltela.pt\/s.01k8rhncp4jt1\/2026\/04\/img_1280x717uu2022-10-01-11-10-49-1189219.jpg","datePublished":"2026-04-29T10:33:04+00:00","author":{"@id":"https:\/\/portaltela.pt\/#\/schema\/person\/c4278d4a6028830caff9ee44b42d32ed"},"breadcrumb":{"@id":"https:\/\/portaltela.pt\/noticias\/2026\/04\/29\/modelo-mata-cronista-a-sangue-frio\/#breadcrumb"},"inLanguage":"pt-PT","potentialAction":[{"@type":"ReadAction","target":["https:\/\/portaltela.pt\/noticias\/2026\/04\/29\/modelo-mata-cronista-a-sangue-frio\/"]}]},{"@type":"ImageObject","inLanguage":"pt-PT","@id":"https:\/\/portaltela.pt\/noticias\/2026\/04\/29\/modelo-mata-cronista-a-sangue-frio\/#primaryimage","url":"https:\/\/portaltela.pt\/s.01k8rhncp4jt1\/2026\/04\/img_1280x717uu2022-10-01-11-10-49-1189219.jpg","contentUrl":"https:\/\/portaltela.pt\/s.01k8rhncp4jt1\/2026\/04\/img_1280x717uu2022-10-01-11-10-49-1189219.jpg","width":796,"height":448,"caption":"Photo"},{"@type":"BreadcrumbList","@id":"https:\/\/portaltela.pt\/noticias\/2026\/04\/29\/modelo-mata-cronista-a-sangue-frio\/#breadcrumb","itemListElement":[{"@type":"ListItem","position":1,"name":"In\u00edcio","item":"https:\/\/portaltela.pt\/"},{"@type":"ListItem","position":2,"name":"Modelo mata cronista a sangue frio"}]},{"@type":"WebSite","@id":"https:\/\/portaltela.pt\/#website","url":"https:\/\/portaltela.pt\/","name":"Portal Tela Portugal","description":"","potentialAction":[{"@type":"SearchAction","target":{"@type":"EntryPoint","urlTemplate":"https:\/\/portaltela.pt\/?s={search_term_string}"},"query-input":{"@type":"PropertyValueSpecification","valueRequired":true,"valueName":"search_term_string"}}],"inLanguage":"pt-PT"},{"@type":"Person","@id":"https:\/\/portaltela.pt\/#\/schema\/person\/c4278d4a6028830caff9ee44b42d32ed","name":"Telinha","image":{"@type":"ImageObject","inLanguage":"pt-PT","@id":"https:\/\/portaltela.pt\/s.01k8rhncp4jt1\/2025\/11\/talking-bot-125x125.png","url":"https:\/\/portaltela.pt\/s.01k8rhncp4jt1\/2025\/11\/talking-bot-125x125.png","contentUrl":"https:\/\/portaltela.pt\/s.01k8rhncp4jt1\/2025\/11\/talking-bot-125x125.png","caption":"Telinha"},"sameAs":["https:\/\/portaltela.pt\/"],"url":"https:\/\/portaltela.pt\/por\/367410592786\/"}]}},"_links":{"self":[{"href":"https:\/\/portaltela.pt\/api\/wp\/v2\/posts\/461107","targetHints":{"allow":["GET"]}}],"collection":[{"href":"https:\/\/portaltela.pt\/api\/wp\/v2\/posts"}],"about":[{"href":"https:\/\/portaltela.pt\/api\/wp\/v2\/types\/post"}],"author":[{"embeddable":true,"href":"https:\/\/portaltela.pt\/api\/wp\/v2\/users\/2"}],"replies":[{"embeddable":true,"href":"https:\/\/portaltela.pt\/api\/wp\/v2\/comments?post=461107"}],"version-history":[{"count":0,"href":"https:\/\/portaltela.pt\/api\/wp\/v2\/posts\/461107\/revisions"}],"wp:featuredmedia":[{"embeddable":true,"href":"https:\/\/portaltela.pt\/api\/wp\/v2\/media\/461118"}],"wp:attachment":[{"href":"https:\/\/portaltela.pt\/api\/wp\/v2\/media?parent=461107"}],"wp:term":[{"taxonomy":"category","embeddable":true,"href":"https:\/\/portaltela.pt\/api\/wp\/v2\/categories?post=461107"},{"taxonomy":"post_tag","embeddable":true,"href":"https:\/\/portaltela.pt\/api\/wp\/v2\/tags?post=461107"}],"curies":[{"name":"wp","href":"https:\/\/api.w.org\/{rel}","templated":true}]}}