{"id":461106,"date":"2026-04-29T07:33:04","date_gmt":"2026-04-29T10:33:04","guid":{"rendered":"https:\/\/portaltela.pt\/noticias\/2026\/04\/29\/suspeito-de-ataque-a-donald-trump-liderou-grupo-cristao-na-universidade\/"},"modified":"2026-04-29T07:33:04","modified_gmt":"2026-04-29T10:33:04","slug":"suspeito-de-ataque-a-donald-trump-liderou-grupo-cristao-na-universidade","status":"publish","type":"post","link":"https:\/\/portaltela.pt\/justica\/2026\/04\/29\/suspeito-de-ataque-a-donald-trump-liderou-grupo-cristao-na-universidade\/","title":{"rendered":"Suspeito de ataque a Donald Trump liderou grupo crist\u00e3o na universidade"},"content":{"rendered":"<p>O suspeito de ataque contra Donald Trump durante o jantar dos correspondentes foi identificado como Cole Tomas Allen. Segundo informa\u00e7\u00f5es dispon\u00edveis, Allen tinha uma posi\u00e7\u00e3o de lideran\u00e7a num grupo crist\u00e3o na sua universidade anterior, o Caltech. As autoridades ainda n\u00e3o confirmaram se a atua\u00e7\u00e3o de Allen est\u00e1 ligada ao incidente.<\/p>\n<p>Enquanto isso, a administra\u00e7\u00e3o de Donald Trump descreveu o ataque como motivado por \u00f3dio. Em contraste, antigos colegas de Allen recordam-no como um jovem devoto e dedicado \u00e0 comunidade religiosa. A verdade sobre as motiva\u00e7\u00f5es permanece em investiga\u00e7\u00e3o pelas autoridades competentes.<\/p>\n<p>Elizabeth Terlinden, que conhecia Allen da universidade, inicialmente pensou tratar-se de um erro de identifica\u00e7\u00e3o. Ao analisar um longo e-mail enviado pelo suspeito, reconheceu a voz de Cole, o que refor\u00e7ou a possibilidade de liga\u00e7\u00e3o entre o ex-colega e o suspeito.<\/p>\n<p>O caso envolve ainda quest\u00f5es a investigar sobre o contexto do ataque, incluindo o local do evento, as condi\u00e7\u00f5es de seguran\u00e7a e as poss\u00edveis redes de apoio ou de tens\u00e3o que possam ter influenciado o indiv\u00edduo. As autoridades n\u00e3o revelaram detalhes operacionais por quest\u00f5es de investiga\u00e7\u00e3o.<\/p>\n<p>At\u00e9 ao momento, n\u00e3o h\u00e1 informa\u00e7\u00f5es oficiais sobre pris\u00f5es adicionais ou sobre o estado de sa\u00fade de Trump. As investiga\u00e7\u00f5es continuam para confirmar a rela\u00e7\u00e3o entre Allen, o contexto universit\u00e1rio do suspeito e o alegado ataque.<\/p>\n","protected":false},"excerpt":{"rendered":"<ul>\n<li>Cole Tomas Allen, suspeito de ataque a Donald Trump no jantar dos correspondentes, era l\u00edder crist\u00e3o na Caltech.<\/li>\n<li>A administra\u00e7\u00e3o de Donald Trump descreveu o ataque como motivado por \u00f3dio, enquanto colegas o lembram como jovem devoto.<\/li>\n<li>Elizabeth Terlinden pensava tratar\u2011se de erro de identifica\u00e7\u00e3o at\u00e9 ler o longo e\u2011mail do suspeito e reconhecer a voz do antigo colega.<\/li>\n<li>O texto sugere que o homem que ela conhecia como crist\u00e3o devoto planeou matar o Presidente, segundo o conte\u00fado do e\u2011mail.<\/li>\n<li>Uma imagem mostra as armas que Allen tinha na posse no momento do ataque, conforme reportagem da Reuters.<\/li>\n<\/ul>\n","protected":false},"author":2,"featured_media":461117,"comment_status":"closed","ping_status":"closed","sticky":false,"template":"","format":"standard","meta":{"footnotes":""},"categories":[6907,6815],"tags":[7343,105,4953,102,215,2832],"class_list":["post-461106","post","type-post","status-publish","format-standard","has-post-thumbnail","hentry","category-crime","category-justica","tag-ataque","tag-cristianismo","tag-donald-trump","tag-igreja","tag-investigacao","tag-politica"],"yoast_head":"<!-- This site is optimized with the Yoast SEO plugin v27.2 - https:\/\/yoast.com\/product\/yoast-seo-wordpress\/ -->\n<title>Suspeito de ataque a Donald Trump liderou grupo crist\u00e3o na universidade - Portal Tela Portugal<\/title>\n<meta name=\"robots\" content=\"index, follow, max-snippet:-1, max-image-preview:large, max-video-preview:-1\" \/>\n<meta property=\"og:locale\" content=\"pt_PT\" \/>\n<meta property=\"og:type\" content=\"article\" \/>\n<meta property=\"og:title\" content=\"Suspeito de ataque a Donald Trump liderou grupo crist\u00e3o na universidade - Portal Tela Portugal\" \/>\n<meta property=\"og:description\" content=\"Cole Tomas Allen, suspeito de ataque a Donald Trump no jantar dos correspondentes, era l\u00edder crist\u00e3o na Caltech. A administra\u00e7\u00e3o de Donald Trump descreveu o ataque como motivado por \u00f3dio, enquanto colegas o lembram como jovem devoto. Elizabeth Terlinden pensava tratar\u2011se de erro de identifica\u00e7\u00e3o at\u00e9 ler o longo e\u2011mail do suspeito e reconhecer a voz do antigo colega. O texto sugere que o homem que ela conhecia como crist\u00e3o devoto planeou matar o Presidente, segundo o conte\u00fado do e\u2011mail. Uma imagem mostra as armas que Allen tinha na posse no momento do ataque, conforme reportagem da Reuters.\" \/>\n<meta property=\"og:url\" content=\"https:\/\/portaltela.pt\/noticias\/2026\/04\/29\/suspeito-de-ataque-a-donald-trump-liderou-grupo-cristao-na-universidade\/\" \/>\n<meta property=\"og:site_name\" content=\"Portal Tela Portugal\" \/>\n<meta property=\"article:published_time\" content=\"2026-04-29T10:33:04+00:00\" \/>\n<meta name=\"author\" content=\"Telinha\" \/>\n<meta name=\"twitter:card\" content=\"summary_large_image\" \/>\n<meta name=\"twitter:label1\" content=\"Escrito por\" \/>\n\t<meta name=\"twitter:data1\" content=\"Telinha\" \/>\n\t<meta name=\"twitter:label2\" content=\"Tempo estimado de leitura\" \/>\n\t<meta name=\"twitter:data2\" content=\"1 minuto\" \/>\n<script type=\"application\/ld+json\" class=\"yoast-schema-graph\">{\"@context\":\"https:\/\/schema.org\",\"@graph\":[{\"@type\":\"Article\",\"@id\":\"https:\/\/portaltela.pt\/noticias\/2026\/04\/29\/suspeito-de-ataque-a-donald-trump-liderou-grupo-cristao-na-universidade\/#article\",\"isPartOf\":{\"@id\":\"https:\/\/portaltela.pt\/noticias\/2026\/04\/29\/suspeito-de-ataque-a-donald-trump-liderou-grupo-cristao-na-universidade\/\"},\"author\":{\"name\":\"Telinha\",\"@id\":\"https:\/\/portaltela.pt\/#\/schema\/person\/c4278d4a6028830caff9ee44b42d32ed\"},\"headline\":\"Suspeito de ataque a Donald Trump liderou grupo crist\u00e3o na universidade\",\"datePublished\":\"2026-04-29T10:33:04+00:00\",\"mainEntityOfPage\":{\"@id\":\"https:\/\/portaltela.pt\/noticias\/2026\/04\/29\/suspeito-de-ataque-a-donald-trump-liderou-grupo-cristao-na-universidade\/\"},\"wordCount\":254,\"image\":{\"@id\":\"https:\/\/portaltela.pt\/noticias\/2026\/04\/29\/suspeito-de-ataque-a-donald-trump-liderou-grupo-cristao-na-universidade\/#primaryimage\"},\"thumbnailUrl\":\"https:\/\/portaltela.pt\/s.01k8rhncp4jt1\/2026\/04\/2084786.jpg\",\"keywords\":[\"ataque\",\"cristianismo\",\"Donald Trump\",\"igreja\",\"investiga\u00e7\u00e3o\",\"pol\u00edtica\"],\"articleSection\":[\"Crime\",\"Justi\u00e7a\"],\"inLanguage\":\"pt-PT\"},{\"@type\":\"WebPage\",\"@id\":\"https:\/\/portaltela.pt\/noticias\/2026\/04\/29\/suspeito-de-ataque-a-donald-trump-liderou-grupo-cristao-na-universidade\/\",\"url\":\"https:\/\/portaltela.pt\/noticias\/2026\/04\/29\/suspeito-de-ataque-a-donald-trump-liderou-grupo-cristao-na-universidade\/\",\"name\":\"Suspeito de ataque a Donald Trump liderou grupo crist\u00e3o na universidade - Portal Tela Portugal\",\"isPartOf\":{\"@id\":\"https:\/\/portaltela.pt\/#website\"},\"primaryImageOfPage\":{\"@id\":\"https:\/\/portaltela.pt\/noticias\/2026\/04\/29\/suspeito-de-ataque-a-donald-trump-liderou-grupo-cristao-na-universidade\/#primaryimage\"},\"image\":{\"@id\":\"https:\/\/portaltela.pt\/noticias\/2026\/04\/29\/suspeito-de-ataque-a-donald-trump-liderou-grupo-cristao-na-universidade\/#primaryimage\"},\"thumbnailUrl\":\"https:\/\/portaltela.pt\/s.01k8rhncp4jt1\/2026\/04\/2084786.jpg\",\"datePublished\":\"2026-04-29T10:33:04+00:00\",\"author\":{\"@id\":\"https:\/\/portaltela.pt\/#\/schema\/person\/c4278d4a6028830caff9ee44b42d32ed\"},\"breadcrumb\":{\"@id\":\"https:\/\/portaltela.pt\/noticias\/2026\/04\/29\/suspeito-de-ataque-a-donald-trump-liderou-grupo-cristao-na-universidade\/#breadcrumb\"},\"inLanguage\":\"pt-PT\",\"potentialAction\":[{\"@type\":\"ReadAction\",\"target\":[\"https:\/\/portaltela.pt\/noticias\/2026\/04\/29\/suspeito-de-ataque-a-donald-trump-liderou-grupo-cristao-na-universidade\/\"]}]},{\"@type\":\"ImageObject\",\"inLanguage\":\"pt-PT\",\"@id\":\"https:\/\/portaltela.pt\/noticias\/2026\/04\/29\/suspeito-de-ataque-a-donald-trump-liderou-grupo-cristao-na-universidade\/#primaryimage\",\"url\":\"https:\/\/portaltela.pt\/s.01k8rhncp4jt1\/2026\/04\/2084786.jpg\",\"contentUrl\":\"https:\/\/portaltela.pt\/s.01k8rhncp4jt1\/2026\/04\/2084786.jpg\",\"width\":796,\"height\":448,\"caption\":\"Armas que Cole Allen tinha na sua posse no momento do ataque\"},{\"@type\":\"BreadcrumbList\",\"@id\":\"https:\/\/portaltela.pt\/noticias\/2026\/04\/29\/suspeito-de-ataque-a-donald-trump-liderou-grupo-cristao-na-universidade\/#breadcrumb\",\"itemListElement\":[{\"@type\":\"ListItem\",\"position\":1,\"name\":\"In\u00edcio\",\"item\":\"https:\/\/portaltela.pt\/\"},{\"@type\":\"ListItem\",\"position\":2,\"name\":\"Suspeito de ataque a Donald Trump liderou grupo crist\u00e3o na universidade\"}]},{\"@type\":\"WebSite\",\"@id\":\"https:\/\/portaltela.pt\/#website\",\"url\":\"https:\/\/portaltela.pt\/\",\"name\":\"Portal Tela Portugal\",\"description\":\"\",\"potentialAction\":[{\"@type\":\"SearchAction\",\"target\":{\"@type\":\"EntryPoint\",\"urlTemplate\":\"https:\/\/portaltela.pt\/?s={search_term_string}\"},\"query-input\":{\"@type\":\"PropertyValueSpecification\",\"valueRequired\":true,\"valueName\":\"search_term_string\"}}],\"inLanguage\":\"pt-PT\"},{\"@type\":\"Person\",\"@id\":\"https:\/\/portaltela.pt\/#\/schema\/person\/c4278d4a6028830caff9ee44b42d32ed\",\"name\":\"Telinha\",\"image\":{\"@type\":\"ImageObject\",\"inLanguage\":\"pt-PT\",\"@id\":\"https:\/\/portaltela.pt\/s.01k8rhncp4jt1\/2025\/11\/talking-bot-125x125.png\",\"url\":\"https:\/\/portaltela.pt\/s.01k8rhncp4jt1\/2025\/11\/talking-bot-125x125.png\",\"contentUrl\":\"https:\/\/portaltela.pt\/s.01k8rhncp4jt1\/2025\/11\/talking-bot-125x125.png\",\"caption\":\"Telinha\"},\"sameAs\":[\"https:\/\/portaltela.pt\/\"],\"url\":\"https:\/\/portaltela.pt\/por\/367410592786\/\"}]}<\/script>\n<!-- \/ Yoast SEO plugin. -->","yoast_head_json":{"title":"Suspeito de ataque a Donald Trump liderou grupo crist\u00e3o na universidade - Portal Tela Portugal","robots":{"index":"index","follow":"follow","max-snippet":"max-snippet:-1","max-image-preview":"max-image-preview:large","max-video-preview":"max-video-preview:-1"},"og_locale":"pt_PT","og_type":"article","og_title":"Suspeito de ataque a Donald Trump liderou grupo crist\u00e3o na universidade - Portal Tela Portugal","og_description":"Cole Tomas Allen, suspeito de ataque a Donald Trump no jantar dos correspondentes, era l\u00edder crist\u00e3o na Caltech. A administra\u00e7\u00e3o de Donald Trump descreveu o ataque como motivado por \u00f3dio, enquanto colegas o lembram como jovem devoto. Elizabeth Terlinden pensava tratar\u2011se de erro de identifica\u00e7\u00e3o at\u00e9 ler o longo e\u2011mail do suspeito e reconhecer a voz do antigo colega. O texto sugere que o homem que ela conhecia como crist\u00e3o devoto planeou matar o Presidente, segundo o conte\u00fado do e\u2011mail. Uma imagem mostra as armas que Allen tinha na posse no momento do ataque, conforme reportagem da Reuters.","og_url":"https:\/\/portaltela.pt\/noticias\/2026\/04\/29\/suspeito-de-ataque-a-donald-trump-liderou-grupo-cristao-na-universidade\/","og_site_name":"Portal Tela Portugal","article_published_time":"2026-04-29T10:33:04+00:00","author":"Telinha","twitter_card":"summary_large_image","twitter_misc":{"Escrito por":"Telinha","Tempo estimado de leitura":"1 minuto"},"schema":{"@context":"https:\/\/schema.org","@graph":[{"@type":"Article","@id":"https:\/\/portaltela.pt\/noticias\/2026\/04\/29\/suspeito-de-ataque-a-donald-trump-liderou-grupo-cristao-na-universidade\/#article","isPartOf":{"@id":"https:\/\/portaltela.pt\/noticias\/2026\/04\/29\/suspeito-de-ataque-a-donald-trump-liderou-grupo-cristao-na-universidade\/"},"author":{"name":"Telinha","@id":"https:\/\/portaltela.pt\/#\/schema\/person\/c4278d4a6028830caff9ee44b42d32ed"},"headline":"Suspeito de ataque a Donald Trump liderou grupo crist\u00e3o na universidade","datePublished":"2026-04-29T10:33:04+00:00","mainEntityOfPage":{"@id":"https:\/\/portaltela.pt\/noticias\/2026\/04\/29\/suspeito-de-ataque-a-donald-trump-liderou-grupo-cristao-na-universidade\/"},"wordCount":254,"image":{"@id":"https:\/\/portaltela.pt\/noticias\/2026\/04\/29\/suspeito-de-ataque-a-donald-trump-liderou-grupo-cristao-na-universidade\/#primaryimage"},"thumbnailUrl":"https:\/\/portaltela.pt\/s.01k8rhncp4jt1\/2026\/04\/2084786.jpg","keywords":["ataque","cristianismo","Donald Trump","igreja","investiga\u00e7\u00e3o","pol\u00edtica"],"articleSection":["Crime","Justi\u00e7a"],"inLanguage":"pt-PT"},{"@type":"WebPage","@id":"https:\/\/portaltela.pt\/noticias\/2026\/04\/29\/suspeito-de-ataque-a-donald-trump-liderou-grupo-cristao-na-universidade\/","url":"https:\/\/portaltela.pt\/noticias\/2026\/04\/29\/suspeito-de-ataque-a-donald-trump-liderou-grupo-cristao-na-universidade\/","name":"Suspeito de ataque a Donald Trump liderou grupo crist\u00e3o na universidade - Portal Tela Portugal","isPartOf":{"@id":"https:\/\/portaltela.pt\/#website"},"primaryImageOfPage":{"@id":"https:\/\/portaltela.pt\/noticias\/2026\/04\/29\/suspeito-de-ataque-a-donald-trump-liderou-grupo-cristao-na-universidade\/#primaryimage"},"image":{"@id":"https:\/\/portaltela.pt\/noticias\/2026\/04\/29\/suspeito-de-ataque-a-donald-trump-liderou-grupo-cristao-na-universidade\/#primaryimage"},"thumbnailUrl":"https:\/\/portaltela.pt\/s.01k8rhncp4jt1\/2026\/04\/2084786.jpg","datePublished":"2026-04-29T10:33:04+00:00","author":{"@id":"https:\/\/portaltela.pt\/#\/schema\/person\/c4278d4a6028830caff9ee44b42d32ed"},"breadcrumb":{"@id":"https:\/\/portaltela.pt\/noticias\/2026\/04\/29\/suspeito-de-ataque-a-donald-trump-liderou-grupo-cristao-na-universidade\/#breadcrumb"},"inLanguage":"pt-PT","potentialAction":[{"@type":"ReadAction","target":["https:\/\/portaltela.pt\/noticias\/2026\/04\/29\/suspeito-de-ataque-a-donald-trump-liderou-grupo-cristao-na-universidade\/"]}]},{"@type":"ImageObject","inLanguage":"pt-PT","@id":"https:\/\/portaltela.pt\/noticias\/2026\/04\/29\/suspeito-de-ataque-a-donald-trump-liderou-grupo-cristao-na-universidade\/#primaryimage","url":"https:\/\/portaltela.pt\/s.01k8rhncp4jt1\/2026\/04\/2084786.jpg","contentUrl":"https:\/\/portaltela.pt\/s.01k8rhncp4jt1\/2026\/04\/2084786.jpg","width":796,"height":448,"caption":"Armas que Cole Allen tinha na sua posse no momento do ataque"},{"@type":"BreadcrumbList","@id":"https:\/\/portaltela.pt\/noticias\/2026\/04\/29\/suspeito-de-ataque-a-donald-trump-liderou-grupo-cristao-na-universidade\/#breadcrumb","itemListElement":[{"@type":"ListItem","position":1,"name":"In\u00edcio","item":"https:\/\/portaltela.pt\/"},{"@type":"ListItem","position":2,"name":"Suspeito de ataque a Donald Trump liderou grupo crist\u00e3o na universidade"}]},{"@type":"WebSite","@id":"https:\/\/portaltela.pt\/#website","url":"https:\/\/portaltela.pt\/","name":"Portal Tela Portugal","description":"","potentialAction":[{"@type":"SearchAction","target":{"@type":"EntryPoint","urlTemplate":"https:\/\/portaltela.pt\/?s={search_term_string}"},"query-input":{"@type":"PropertyValueSpecification","valueRequired":true,"valueName":"search_term_string"}}],"inLanguage":"pt-PT"},{"@type":"Person","@id":"https:\/\/portaltela.pt\/#\/schema\/person\/c4278d4a6028830caff9ee44b42d32ed","name":"Telinha","image":{"@type":"ImageObject","inLanguage":"pt-PT","@id":"https:\/\/portaltela.pt\/s.01k8rhncp4jt1\/2025\/11\/talking-bot-125x125.png","url":"https:\/\/portaltela.pt\/s.01k8rhncp4jt1\/2025\/11\/talking-bot-125x125.png","contentUrl":"https:\/\/portaltela.pt\/s.01k8rhncp4jt1\/2025\/11\/talking-bot-125x125.png","caption":"Telinha"},"sameAs":["https:\/\/portaltela.pt\/"],"url":"https:\/\/portaltela.pt\/por\/367410592786\/"}]}},"_links":{"self":[{"href":"https:\/\/portaltela.pt\/api\/wp\/v2\/posts\/461106","targetHints":{"allow":["GET"]}}],"collection":[{"href":"https:\/\/portaltela.pt\/api\/wp\/v2\/posts"}],"about":[{"href":"https:\/\/portaltela.pt\/api\/wp\/v2\/types\/post"}],"author":[{"embeddable":true,"href":"https:\/\/portaltela.pt\/api\/wp\/v2\/users\/2"}],"replies":[{"embeddable":true,"href":"https:\/\/portaltela.pt\/api\/wp\/v2\/comments?post=461106"}],"version-history":[{"count":0,"href":"https:\/\/portaltela.pt\/api\/wp\/v2\/posts\/461106\/revisions"}],"wp:featuredmedia":[{"embeddable":true,"href":"https:\/\/portaltela.pt\/api\/wp\/v2\/media\/461117"}],"wp:attachment":[{"href":"https:\/\/portaltela.pt\/api\/wp\/v2\/media?parent=461106"}],"wp:term":[{"taxonomy":"category","embeddable":true,"href":"https:\/\/portaltela.pt\/api\/wp\/v2\/categories?post=461106"},{"taxonomy":"post_tag","embeddable":true,"href":"https:\/\/portaltela.pt\/api\/wp\/v2\/tags?post=461106"}],"curies":[{"name":"wp","href":"https:\/\/api.w.org\/{rel}","templated":true}]}}