{"id":461103,"date":"2026-04-29T07:33:02","date_gmt":"2026-04-29T10:33:02","guid":{"rendered":"https:\/\/portaltela.pt\/noticias\/2026\/04\/29\/musk-depoe-em-tribunal-sobre-controlo-da-openai\/"},"modified":"2026-04-29T07:33:02","modified_gmt":"2026-04-29T10:33:02","slug":"musk-depoe-em-tribunal-sobre-controlo-da-openai","status":"publish","type":"post","link":"https:\/\/portaltela.pt\/tecnologia\/2026\/04\/29\/musk-depoe-em-tribunal-sobre-controlo-da-openai\/","title":{"rendered":"Musk dep\u00f5e em tribunal sobre controlo da OpenAI"},"content":{"rendered":"<p>Em Oakland, Calif\u00f3rnia, um julgamento de alto risco come\u00e7ou para decidir o lit\u00edgio entre Elon Musk e Sam Altman sobre o controlo da OpenAI. A a\u00e7\u00e3o envolve Greg Brockman e a Microsoft, na sequ\u00eancia de altera\u00e7\u00f5es estruturais da organiza\u00e7\u00e3o sem fins lucrativos para uma estrutura mista.<\/p>\n<p>Musk acusa Altman e Brockman, com apoio da Microsoft, de terem assumido o controlo de uma institui\u00e7\u00e3o fundada para o desenvolvimento seguro e aberto da IA. O pedido inclui indemniza\u00e7\u00f5es e a destitui\u00e7\u00e3o de Altman do conselho da OpenAI.<\/p>\n<p>O processo corre no Tribunal Federal do Distrito Norte da Calif\u00f3rnia, sob a supervis\u00e3o da ju\u00edza Yvonne Gonzalez Rogers. O julgamento pode durar entre duas e tr\u00eas semanas, com a expectativa de depoimentos de outras testemunhas.<\/p>\n<p>Musk dep\u00f4s na ter\u00e7a-feira como a primeira testemunha. O seu advogado, Steven Molo, descreveu o caso como simples, apesar de ser apresentado como complexo, e criticou a apropria\u00e7\u00e3o de uma institui\u00e7\u00e3o de caridade.<\/p>\n<p>Segundo Molo, Altman e Brockman, com a Microsoft, teriam tomado controlo de uma funda\u00e7\u00e3o cuja miss\u00e3o era a IA segura. O objetivo de Musk \u00e9 obter indemniza\u00e7\u00e3o e a sa\u00edda de Altman do conselho da OpenAI.<\/p>\n<h3>Contexto e posi\u00e7\u00e3o da OpenAI<\/h3>\n<p>A OpenAI reagiu ao processo, desvalorizando as acusa\u00e7\u00f5es como ressentimento destinado a travar o crescimento da empresa. O departamento jur\u00eddico da OpenAI afirma que Musk pretendia controlar a maioria do capital de uma empresa com fins lucrativos e fundir-na com a Tesla.<\/p>\n<p>O representante da OpenAI afirmou que n\u00e3o havia garantia de que a organiza\u00e7\u00e3o permaneceria sem fins lucrativos, destacando a aspeto estrat\u00e9gico: acelerar a corrida tecnol\u00f3gica contra a Google. A defesa de Musk sustenta que o caso visa Altman, Brockman e a Microsoft, n\u00e3o Musk diretamente.<\/p>\n<h3>O que est\u00e1 em jogo e pr\u00f3ximos passos<\/h3>\n<p>Durante o depoimento, Musk detalhou a origem da OpenAI, remontando a uma conversa com Larry Page. O cofundador da Google havia criticado a prioridade dada \u00e0 IA face \u00e0 sobreviv\u00eancia humana. Musk apresentou uma vis\u00e3o de limites para o investimento lucrativo.<\/p>\n<p>O testemunho de Altman e de Satya Nadella, CEO da Microsoft, est\u00e1 previsto para seguir. A data de conclus\u00e3o n\u00e3o est\u00e1 definida. O objetivo do processo \u00e9 esclarecer quem controla a OpenAI e quais s\u00e3o os caminhos de financiamento e governan\u00e7a aceit\u00e1veis.<\/p>\n<p>Musk foi inicialmente o maior financiador individual da OpenAI, com mais de 44 milh\u00f5es de d\u00f3lares. Em 2018 deixou o conselho da OpenAI ap\u00f3s desentendimentos com Altman, repetindo uma tentativa de maior controlo pouco antes.<\/p>\n","protected":false},"excerpt":{"rendered":"<ul>\n<li>Elon Musk dep\u00f4s num julgamento federal na Calif\u00f3rnia, contestando a mudan\u00e7a de OpenAI de uma organiza\u00e7\u00e3o sem fins lucrativos para incluir um bra\u00e7o com fins lucrativos, com foco no controlo por Sam Altman e Greg Brockman e apoio da Microsoft.<\/li>\n<li>Musk reclama indemniza\u00e7\u00e3o e a destitui\u00e7\u00e3o de Altman do conselho de administra\u00e7\u00e3o da OpenAI, afirmando que Altman e Brockman, com a ajuda da Microsoft, tomaram o controlo de uma funda\u00e7\u00e3o dedicada ao desenvolvimento seguro e aberto da IA.<\/li>\n<li>O debate gira em torno de quem controla a OpenAI e se houve promessas de financiamento para pressionar os fundadores, com a OpenAI a sustentar que Musk pretendia criar uma empresa com fins lucrativos dominante.<\/li>\n<li>O julgamento come\u00e7ou na segunda-feira e deve durar duas a tr\u00eas semanas; Musk foi o primeiro a depor, descrevendo a sua vis\u00e3o sobre a funda\u00e7\u00e3o e os seus objetivos iniciais para a IA.<\/li>\n<li>Espera-se que Altman e o presidente-executivo da Microsoft, Satya Nadella, testemunhem nos pr\u00f3ximos dias, num caso que pode influenciar o rumo da IA e o equil\u00edbrio entre lucro e miss\u00e3o na OpenAI.<\/li>\n<\/ul>\n","protected":false},"author":2,"featured_media":461111,"comment_status":"closed","ping_status":"closed","sticky":false,"template":"","format":"standard","meta":{"footnotes":""},"categories":[1,6716],"tags":[8016,8708,8000,8767,7989,4972],"class_list":["post-461103","post","type-post","status-publish","format-standard","has-post-thumbnail","hentry","category-noticias","category-tecnologia","tag-_empresas","tag-_governanca","tag-_inteligencia-artificial","tag-_investigacao","tag-_tecnologia","tag-elon-musk"],"yoast_head":"<!-- This site is optimized with the Yoast SEO plugin v27.2 - https:\/\/yoast.com\/product\/yoast-seo-wordpress\/ -->\n<title>Musk dep\u00f5e em tribunal sobre controlo da OpenAI - Portal Tela Portugal<\/title>\n<meta name=\"robots\" content=\"index, follow, max-snippet:-1, max-image-preview:large, max-video-preview:-1\" \/>\n<meta property=\"og:locale\" content=\"pt_PT\" \/>\n<meta property=\"og:type\" content=\"article\" \/>\n<meta property=\"og:title\" content=\"Musk dep\u00f5e em tribunal sobre controlo da OpenAI - Portal Tela Portugal\" \/>\n<meta property=\"og:description\" content=\"Elon Musk dep\u00f4s num julgamento federal na Calif\u00f3rnia, contestando a mudan\u00e7a de OpenAI de uma organiza\u00e7\u00e3o sem fins lucrativos para incluir um bra\u00e7o com fins lucrativos, com foco no controlo por Sam Altman e Greg Brockman e apoio da Microsoft. Musk reclama indemniza\u00e7\u00e3o e a destitui\u00e7\u00e3o de Altman do conselho de administra\u00e7\u00e3o da OpenAI, afirmando que Altman e Brockman, com a ajuda da Microsoft, tomaram o controlo de uma funda\u00e7\u00e3o dedicada ao desenvolvimento seguro e aberto da IA. O debate gira em torno de quem controla a OpenAI e se houve promessas de financiamento para pressionar os fundadores, com a OpenAI a sustentar que Musk pretendia criar uma empresa com fins lucrativos dominante. O julgamento come\u00e7ou na segunda-feira e deve durar duas a tr\u00eas semanas; Musk foi o primeiro a depor, descrevendo a sua vis\u00e3o sobre a funda\u00e7\u00e3o e os seus objetivos iniciais para a IA. Espera-se que Altman e o presidente-executivo da Microsoft, Satya Nadella, testemunhem nos pr\u00f3ximos dias, num caso que pode influenciar o rumo da IA e o equil\u00edbrio entre lucro e miss\u00e3o na OpenAI.\" \/>\n<meta property=\"og:url\" content=\"https:\/\/portaltela.pt\/noticias\/2026\/04\/29\/musk-depoe-em-tribunal-sobre-controlo-da-openai\/\" \/>\n<meta property=\"og:site_name\" content=\"Portal Tela Portugal\" \/>\n<meta property=\"article:published_time\" content=\"2026-04-29T10:33:02+00:00\" \/>\n<meta name=\"author\" content=\"Telinha\" \/>\n<meta name=\"twitter:card\" content=\"summary_large_image\" \/>\n<meta name=\"twitter:label1\" content=\"Escrito por\" \/>\n\t<meta name=\"twitter:data1\" content=\"Telinha\" \/>\n\t<meta name=\"twitter:label2\" content=\"Tempo estimado de leitura\" \/>\n\t<meta name=\"twitter:data2\" content=\"2 minutos\" \/>\n<script type=\"application\/ld+json\" class=\"yoast-schema-graph\">{\"@context\":\"https:\/\/schema.org\",\"@graph\":[{\"@type\":\"Article\",\"@id\":\"https:\/\/portaltela.pt\/noticias\/2026\/04\/29\/musk-depoe-em-tribunal-sobre-controlo-da-openai\/#article\",\"isPartOf\":{\"@id\":\"https:\/\/portaltela.pt\/noticias\/2026\/04\/29\/musk-depoe-em-tribunal-sobre-controlo-da-openai\/\"},\"author\":{\"name\":\"Telinha\",\"@id\":\"https:\/\/portaltela.pt\/#\/schema\/person\/c4278d4a6028830caff9ee44b42d32ed\"},\"headline\":\"Musk dep\u00f5e em tribunal sobre controlo da OpenAI\",\"datePublished\":\"2026-04-29T10:33:02+00:00\",\"mainEntityOfPage\":{\"@id\":\"https:\/\/portaltela.pt\/noticias\/2026\/04\/29\/musk-depoe-em-tribunal-sobre-controlo-da-openai\/\"},\"wordCount\":452,\"image\":{\"@id\":\"https:\/\/portaltela.pt\/noticias\/2026\/04\/29\/musk-depoe-em-tribunal-sobre-controlo-da-openai\/#primaryimage\"},\"thumbnailUrl\":\"https:\/\/portaltela.pt\/s.01k8rhncp4jt1\/2026\/04\/1536x864_cmsv2_24ee2754-d7d0-5ca3-b536-b8e4af4c43f2-9740176.jpg\",\"keywords\":[\"_empresas\",\"_governan\u00e7a\",\"_intelig\u00eancia artificial\",\"_investiga\u00e7\u00e3o\",\"_tecnologia\",\"Elon Musk\"],\"articleSection\":[\"Not\u00edcias\",\"Tecnologia\"],\"inLanguage\":\"pt-PT\"},{\"@type\":\"WebPage\",\"@id\":\"https:\/\/portaltela.pt\/noticias\/2026\/04\/29\/musk-depoe-em-tribunal-sobre-controlo-da-openai\/\",\"url\":\"https:\/\/portaltela.pt\/noticias\/2026\/04\/29\/musk-depoe-em-tribunal-sobre-controlo-da-openai\/\",\"name\":\"Musk dep\u00f5e em tribunal sobre controlo da OpenAI - Portal Tela Portugal\",\"isPartOf\":{\"@id\":\"https:\/\/portaltela.pt\/#website\"},\"primaryImageOfPage\":{\"@id\":\"https:\/\/portaltela.pt\/noticias\/2026\/04\/29\/musk-depoe-em-tribunal-sobre-controlo-da-openai\/#primaryimage\"},\"image\":{\"@id\":\"https:\/\/portaltela.pt\/noticias\/2026\/04\/29\/musk-depoe-em-tribunal-sobre-controlo-da-openai\/#primaryimage\"},\"thumbnailUrl\":\"https:\/\/portaltela.pt\/s.01k8rhncp4jt1\/2026\/04\/1536x864_cmsv2_24ee2754-d7d0-5ca3-b536-b8e4af4c43f2-9740176.jpg\",\"datePublished\":\"2026-04-29T10:33:02+00:00\",\"author\":{\"@id\":\"https:\/\/portaltela.pt\/#\/schema\/person\/c4278d4a6028830caff9ee44b42d32ed\"},\"breadcrumb\":{\"@id\":\"https:\/\/portaltela.pt\/noticias\/2026\/04\/29\/musk-depoe-em-tribunal-sobre-controlo-da-openai\/#breadcrumb\"},\"inLanguage\":\"pt-PT\",\"potentialAction\":[{\"@type\":\"ReadAction\",\"target\":[\"https:\/\/portaltela.pt\/noticias\/2026\/04\/29\/musk-depoe-em-tribunal-sobre-controlo-da-openai\/\"]}]},{\"@type\":\"ImageObject\",\"inLanguage\":\"pt-PT\",\"@id\":\"https:\/\/portaltela.pt\/noticias\/2026\/04\/29\/musk-depoe-em-tribunal-sobre-controlo-da-openai\/#primaryimage\",\"url\":\"https:\/\/portaltela.pt\/s.01k8rhncp4jt1\/2026\/04\/1536x864_cmsv2_24ee2754-d7d0-5ca3-b536-b8e4af4c43f2-9740176.jpg\",\"contentUrl\":\"https:\/\/portaltela.pt\/s.01k8rhncp4jt1\/2026\/04\/1536x864_cmsv2_24ee2754-d7d0-5ca3-b536-b8e4af4c43f2-9740176.jpg\",\"width\":796,\"height\":448,\"caption\":\"Elon Musk chega ao Tribunal Federal dos EUA em Oakland, Calif\u00f3rnia, na ter\u00e7a-feira, 28 de abril de 2026\"},{\"@type\":\"BreadcrumbList\",\"@id\":\"https:\/\/portaltela.pt\/noticias\/2026\/04\/29\/musk-depoe-em-tribunal-sobre-controlo-da-openai\/#breadcrumb\",\"itemListElement\":[{\"@type\":\"ListItem\",\"position\":1,\"name\":\"In\u00edcio\",\"item\":\"https:\/\/portaltela.pt\/\"},{\"@type\":\"ListItem\",\"position\":2,\"name\":\"Musk dep\u00f5e em tribunal sobre controlo da OpenAI\"}]},{\"@type\":\"WebSite\",\"@id\":\"https:\/\/portaltela.pt\/#website\",\"url\":\"https:\/\/portaltela.pt\/\",\"name\":\"Portal Tela Portugal\",\"description\":\"\",\"potentialAction\":[{\"@type\":\"SearchAction\",\"target\":{\"@type\":\"EntryPoint\",\"urlTemplate\":\"https:\/\/portaltela.pt\/?s={search_term_string}\"},\"query-input\":{\"@type\":\"PropertyValueSpecification\",\"valueRequired\":true,\"valueName\":\"search_term_string\"}}],\"inLanguage\":\"pt-PT\"},{\"@type\":\"Person\",\"@id\":\"https:\/\/portaltela.pt\/#\/schema\/person\/c4278d4a6028830caff9ee44b42d32ed\",\"name\":\"Telinha\",\"image\":{\"@type\":\"ImageObject\",\"inLanguage\":\"pt-PT\",\"@id\":\"https:\/\/portaltela.pt\/s.01k8rhncp4jt1\/2025\/11\/talking-bot-125x125.png\",\"url\":\"https:\/\/portaltela.pt\/s.01k8rhncp4jt1\/2025\/11\/talking-bot-125x125.png\",\"contentUrl\":\"https:\/\/portaltela.pt\/s.01k8rhncp4jt1\/2025\/11\/talking-bot-125x125.png\",\"caption\":\"Telinha\"},\"sameAs\":[\"https:\/\/portaltela.pt\/\"],\"url\":\"https:\/\/portaltela.pt\/por\/367410592786\/\"}]}<\/script>\n<!-- \/ Yoast SEO plugin. -->","yoast_head_json":{"title":"Musk dep\u00f5e em tribunal sobre controlo da OpenAI - Portal Tela Portugal","robots":{"index":"index","follow":"follow","max-snippet":"max-snippet:-1","max-image-preview":"max-image-preview:large","max-video-preview":"max-video-preview:-1"},"og_locale":"pt_PT","og_type":"article","og_title":"Musk dep\u00f5e em tribunal sobre controlo da OpenAI - Portal Tela Portugal","og_description":"Elon Musk dep\u00f4s num julgamento federal na Calif\u00f3rnia, contestando a mudan\u00e7a de OpenAI de uma organiza\u00e7\u00e3o sem fins lucrativos para incluir um bra\u00e7o com fins lucrativos, com foco no controlo por Sam Altman e Greg Brockman e apoio da Microsoft. Musk reclama indemniza\u00e7\u00e3o e a destitui\u00e7\u00e3o de Altman do conselho de administra\u00e7\u00e3o da OpenAI, afirmando que Altman e Brockman, com a ajuda da Microsoft, tomaram o controlo de uma funda\u00e7\u00e3o dedicada ao desenvolvimento seguro e aberto da IA. O debate gira em torno de quem controla a OpenAI e se houve promessas de financiamento para pressionar os fundadores, com a OpenAI a sustentar que Musk pretendia criar uma empresa com fins lucrativos dominante. O julgamento come\u00e7ou na segunda-feira e deve durar duas a tr\u00eas semanas; Musk foi o primeiro a depor, descrevendo a sua vis\u00e3o sobre a funda\u00e7\u00e3o e os seus objetivos iniciais para a IA. Espera-se que Altman e o presidente-executivo da Microsoft, Satya Nadella, testemunhem nos pr\u00f3ximos dias, num caso que pode influenciar o rumo da IA e o equil\u00edbrio entre lucro e miss\u00e3o na OpenAI.","og_url":"https:\/\/portaltela.pt\/noticias\/2026\/04\/29\/musk-depoe-em-tribunal-sobre-controlo-da-openai\/","og_site_name":"Portal Tela Portugal","article_published_time":"2026-04-29T10:33:02+00:00","author":"Telinha","twitter_card":"summary_large_image","twitter_misc":{"Escrito por":"Telinha","Tempo estimado de leitura":"2 minutos"},"schema":{"@context":"https:\/\/schema.org","@graph":[{"@type":"Article","@id":"https:\/\/portaltela.pt\/noticias\/2026\/04\/29\/musk-depoe-em-tribunal-sobre-controlo-da-openai\/#article","isPartOf":{"@id":"https:\/\/portaltela.pt\/noticias\/2026\/04\/29\/musk-depoe-em-tribunal-sobre-controlo-da-openai\/"},"author":{"name":"Telinha","@id":"https:\/\/portaltela.pt\/#\/schema\/person\/c4278d4a6028830caff9ee44b42d32ed"},"headline":"Musk dep\u00f5e em tribunal sobre controlo da OpenAI","datePublished":"2026-04-29T10:33:02+00:00","mainEntityOfPage":{"@id":"https:\/\/portaltela.pt\/noticias\/2026\/04\/29\/musk-depoe-em-tribunal-sobre-controlo-da-openai\/"},"wordCount":452,"image":{"@id":"https:\/\/portaltela.pt\/noticias\/2026\/04\/29\/musk-depoe-em-tribunal-sobre-controlo-da-openai\/#primaryimage"},"thumbnailUrl":"https:\/\/portaltela.pt\/s.01k8rhncp4jt1\/2026\/04\/1536x864_cmsv2_24ee2754-d7d0-5ca3-b536-b8e4af4c43f2-9740176.jpg","keywords":["_empresas","_governan\u00e7a","_intelig\u00eancia artificial","_investiga\u00e7\u00e3o","_tecnologia","Elon Musk"],"articleSection":["Not\u00edcias","Tecnologia"],"inLanguage":"pt-PT"},{"@type":"WebPage","@id":"https:\/\/portaltela.pt\/noticias\/2026\/04\/29\/musk-depoe-em-tribunal-sobre-controlo-da-openai\/","url":"https:\/\/portaltela.pt\/noticias\/2026\/04\/29\/musk-depoe-em-tribunal-sobre-controlo-da-openai\/","name":"Musk dep\u00f5e em tribunal sobre controlo da OpenAI - Portal Tela Portugal","isPartOf":{"@id":"https:\/\/portaltela.pt\/#website"},"primaryImageOfPage":{"@id":"https:\/\/portaltela.pt\/noticias\/2026\/04\/29\/musk-depoe-em-tribunal-sobre-controlo-da-openai\/#primaryimage"},"image":{"@id":"https:\/\/portaltela.pt\/noticias\/2026\/04\/29\/musk-depoe-em-tribunal-sobre-controlo-da-openai\/#primaryimage"},"thumbnailUrl":"https:\/\/portaltela.pt\/s.01k8rhncp4jt1\/2026\/04\/1536x864_cmsv2_24ee2754-d7d0-5ca3-b536-b8e4af4c43f2-9740176.jpg","datePublished":"2026-04-29T10:33:02+00:00","author":{"@id":"https:\/\/portaltela.pt\/#\/schema\/person\/c4278d4a6028830caff9ee44b42d32ed"},"breadcrumb":{"@id":"https:\/\/portaltela.pt\/noticias\/2026\/04\/29\/musk-depoe-em-tribunal-sobre-controlo-da-openai\/#breadcrumb"},"inLanguage":"pt-PT","potentialAction":[{"@type":"ReadAction","target":["https:\/\/portaltela.pt\/noticias\/2026\/04\/29\/musk-depoe-em-tribunal-sobre-controlo-da-openai\/"]}]},{"@type":"ImageObject","inLanguage":"pt-PT","@id":"https:\/\/portaltela.pt\/noticias\/2026\/04\/29\/musk-depoe-em-tribunal-sobre-controlo-da-openai\/#primaryimage","url":"https:\/\/portaltela.pt\/s.01k8rhncp4jt1\/2026\/04\/1536x864_cmsv2_24ee2754-d7d0-5ca3-b536-b8e4af4c43f2-9740176.jpg","contentUrl":"https:\/\/portaltela.pt\/s.01k8rhncp4jt1\/2026\/04\/1536x864_cmsv2_24ee2754-d7d0-5ca3-b536-b8e4af4c43f2-9740176.jpg","width":796,"height":448,"caption":"Elon Musk chega ao Tribunal Federal dos EUA em Oakland, Calif\u00f3rnia, na ter\u00e7a-feira, 28 de abril de 2026"},{"@type":"BreadcrumbList","@id":"https:\/\/portaltela.pt\/noticias\/2026\/04\/29\/musk-depoe-em-tribunal-sobre-controlo-da-openai\/#breadcrumb","itemListElement":[{"@type":"ListItem","position":1,"name":"In\u00edcio","item":"https:\/\/portaltela.pt\/"},{"@type":"ListItem","position":2,"name":"Musk dep\u00f5e em tribunal sobre controlo da OpenAI"}]},{"@type":"WebSite","@id":"https:\/\/portaltela.pt\/#website","url":"https:\/\/portaltela.pt\/","name":"Portal Tela Portugal","description":"","potentialAction":[{"@type":"SearchAction","target":{"@type":"EntryPoint","urlTemplate":"https:\/\/portaltela.pt\/?s={search_term_string}"},"query-input":{"@type":"PropertyValueSpecification","valueRequired":true,"valueName":"search_term_string"}}],"inLanguage":"pt-PT"},{"@type":"Person","@id":"https:\/\/portaltela.pt\/#\/schema\/person\/c4278d4a6028830caff9ee44b42d32ed","name":"Telinha","image":{"@type":"ImageObject","inLanguage":"pt-PT","@id":"https:\/\/portaltela.pt\/s.01k8rhncp4jt1\/2025\/11\/talking-bot-125x125.png","url":"https:\/\/portaltela.pt\/s.01k8rhncp4jt1\/2025\/11\/talking-bot-125x125.png","contentUrl":"https:\/\/portaltela.pt\/s.01k8rhncp4jt1\/2025\/11\/talking-bot-125x125.png","caption":"Telinha"},"sameAs":["https:\/\/portaltela.pt\/"],"url":"https:\/\/portaltela.pt\/por\/367410592786\/"}]}},"_links":{"self":[{"href":"https:\/\/portaltela.pt\/api\/wp\/v2\/posts\/461103","targetHints":{"allow":["GET"]}}],"collection":[{"href":"https:\/\/portaltela.pt\/api\/wp\/v2\/posts"}],"about":[{"href":"https:\/\/portaltela.pt\/api\/wp\/v2\/types\/post"}],"author":[{"embeddable":true,"href":"https:\/\/portaltela.pt\/api\/wp\/v2\/users\/2"}],"replies":[{"embeddable":true,"href":"https:\/\/portaltela.pt\/api\/wp\/v2\/comments?post=461103"}],"version-history":[{"count":0,"href":"https:\/\/portaltela.pt\/api\/wp\/v2\/posts\/461103\/revisions"}],"wp:featuredmedia":[{"embeddable":true,"href":"https:\/\/portaltela.pt\/api\/wp\/v2\/media\/461111"}],"wp:attachment":[{"href":"https:\/\/portaltela.pt\/api\/wp\/v2\/media?parent=461103"}],"wp:term":[{"taxonomy":"category","embeddable":true,"href":"https:\/\/portaltela.pt\/api\/wp\/v2\/categories?post=461103"},{"taxonomy":"post_tag","embeddable":true,"href":"https:\/\/portaltela.pt\/api\/wp\/v2\/tags?post=461103"}],"curies":[{"name":"wp","href":"https:\/\/api.w.org\/{rel}","templated":true}]}}