{"id":461102,"date":"2026-04-29T07:33:01","date_gmt":"2026-04-29T10:33:01","guid":{"rendered":"https:\/\/portaltela.pt\/noticias\/2026\/04\/29\/esquadra-do-rato-policia-nao-viu-agressoes-imagens-sugerem-o-contrario\/"},"modified":"2026-04-29T07:33:01","modified_gmt":"2026-04-29T10:33:01","slug":"esquadra-do-rato-policia-nao-viu-agressoes-imagens-sugerem-o-contrario","status":"publish","type":"post","link":"https:\/\/portaltela.pt\/justica\/2026\/04\/29\/esquadra-do-rato-policia-nao-viu-agressoes-imagens-sugerem-o-contrario\/","title":{"rendered":"Esquadra do Rato: pol\u00edcia n\u00e3o viu agress\u00f5es; imagens sugerem o contr\u00e1rio"},"content":{"rendered":"<p>Apesar das declara\u00e7\u00f5es em tribunal, agentes da Esquadra do Rato n\u00e3o admitiram ter visto agress\u00f5es, segundo a instru\u00e7\u00e3o criminal. O Minist\u00e9rio P\u00fablico mant\u00e9m dois arguidos para julgamento, com base em provas de testemunhas, v\u00eddeos e mensagens.<\/p>\n<p>As investiga\u00e7\u00f5es incluem ainda sete agentes indiciados por alegada tortura, num processo que permanece em fase de inqu\u00e9rito. O caso envolve alegadas agress\u00f5es contra cidad\u00e3os em situa\u00e7\u00e3o de vulnerabilidade.<\/p>\n<h3>Imagens e relatos<\/h3>\n<p>A ju\u00edza de instru\u00e7\u00e3o descreveu v\u00eddeos e mensagens de telem\u00f3vel que, segundo a acusa\u00e7\u00e3o, comprovam abusos dentro da esquadra. V\u00edtimas aparecem algemadas e sob press\u00e3o, com agress\u00f5es f\u00edsicas registadas em luvas de boxe e gasosas.<\/p>\n<p>Relatos de uma das v\u00edtimas indicam coer\u00eancia com as provas recolhidas, incluindo incidentes de agress\u00e3o e intimida\u00e7\u00e3o. A magistrada destacou que o contexto de vulnerabilidade n\u00e3o compromete a credibilidade das testemunhas.<\/p>\n<p>Do lado dos arguidos, alguns depoimentos s\u00e3o considerados contradit\u00f3rios em rela\u00e7\u00e3o \u00e0 restante prova. A ju\u00edza manteve a leitura dos ind\u00edcios suficientes para levar dois agentes a julgamento. Outros colegas tamb\u00e9m est\u00e3o sob suspeita.<\/p>\n<h3>Desdobramentos processuais<\/h3>\n<p>Guilherme Leme e \u00d3scar Borges enfrentam acusa\u00e7\u00f5es separadas, com Leme em pris\u00e3o preventiva e Borges em pris\u00e3o domicili\u00e1ria. Entre os crimes, constam tortura, viola\u00e7\u00e3o e agress\u00f5es f\u00edsicas consumadas ou na forma tentada.<\/p>\n<p>O caso come\u00e7ou a ganhar contornos p\u00fablicos em outubro de 2024, com alega\u00e7\u00f5es de viola\u00e7\u00e3o de uma pessoa em situa\u00e7\u00e3o de sem-abrigo. O inqu\u00e9rito envolve ainda relatos de intimidar v\u00edtimas, incluindo insultos e coer\u00e7\u00e3o.<\/p>\n<p>A ju\u00edza n\u00e3o indica, no despacho de remessa a julgamento, se foram emitidas certid\u00f5es sobre depoimentos de outros colegas. Segundo o tribunal, as testemunhas n\u00e3o podem mentir em tribunal, differindo dos arguidos, cuja posi\u00e7\u00e3o \u00e9 de acusa\u00e7\u00e3o.<\/p>\n","protected":false},"excerpt":{"rendered":"<ul>\n<li>Os pol\u00edcias da esquadra do Largo do Rato negaram ter visto agress\u00f5es, durante os depoimentos em tribunal.<\/li>\n<li>V\u00eddeos, mensagens de Whatsapp e depoimentos das v\u00edtimas sugerem agress\u00f5es dentro da esquadra, incluindo uso de g\u00e1s pimenta e de luvas de boxe.<\/li>\n<li>Dois arguidos v\u00e3o a julgamento: Guilherme Leme e \u00d3scar Borges; Leme fica em pris\u00e3o preventiva, Borges em domicili\u00e1ria; Leme \u00e9 acusado de 29 crimes e Borges de sete, incluindo tortura.<\/li>\n<li>A ju\u00edza considerou as v\u00edtimas cred\u00edveis e as suas declara\u00e7\u00f5es congruentes com a prova, reconhecendo que algumas testemunhas n\u00e3o s\u00e3o t\u00e3o cred\u00edveis.<\/li>\n<li>Al\u00e9m dos dois arguidos, h\u00e1 sete agentes indiciados por suspeitas de tortura; o caso continua em investiga\u00e7\u00e3o.<\/li>\n<\/ul>\n","protected":false},"author":2,"featured_media":461110,"comment_status":"closed","ping_status":"closed","sticky":false,"template":"","format":"standard","meta":{"footnotes":""},"categories":[7374,6815],"tags":[7945,9092,8041,8671,9331,8076],"class_list":["post-461102","post","type-post","status-publish","format-standard","has-post-thumbnail","hentry","category-criminalidade","category-justica","tag-_agressoes","tag-_inquerito-criminal","tag-_psp","tag-_tortura","tag-_video","tag-_violacao"],"yoast_head":"<!-- This site is optimized with the Yoast SEO plugin v27.2 - https:\/\/yoast.com\/product\/yoast-seo-wordpress\/ -->\n<title>Esquadra do Rato: pol\u00edcia n\u00e3o viu agress\u00f5es; imagens sugerem o contr\u00e1rio - Portal Tela Portugal<\/title>\n<meta name=\"robots\" content=\"index, follow, max-snippet:-1, max-image-preview:large, max-video-preview:-1\" \/>\n<meta property=\"og:locale\" content=\"pt_PT\" \/>\n<meta property=\"og:type\" content=\"article\" \/>\n<meta property=\"og:title\" content=\"Esquadra do Rato: pol\u00edcia n\u00e3o viu agress\u00f5es; imagens sugerem o contr\u00e1rio - Portal Tela Portugal\" \/>\n<meta property=\"og:description\" content=\"Os pol\u00edcias da esquadra do Largo do Rato negaram ter visto agress\u00f5es, durante os depoimentos em tribunal. V\u00eddeos, mensagens de Whatsapp e depoimentos das v\u00edtimas sugerem agress\u00f5es dentro da esquadra, incluindo uso de g\u00e1s pimenta e de luvas de boxe. Dois arguidos v\u00e3o a julgamento: Guilherme Leme e \u00d3scar Borges; Leme fica em pris\u00e3o preventiva, Borges em domicili\u00e1ria; Leme \u00e9 acusado de 29 crimes e Borges de sete, incluindo tortura. A ju\u00edza considerou as v\u00edtimas cred\u00edveis e as suas declara\u00e7\u00f5es congruentes com a prova, reconhecendo que algumas testemunhas n\u00e3o s\u00e3o t\u00e3o cred\u00edveis. Al\u00e9m dos dois arguidos, h\u00e1 sete agentes indiciados por suspeitas de tortura; o caso continua em investiga\u00e7\u00e3o.\" \/>\n<meta property=\"og:url\" content=\"https:\/\/portaltela.pt\/noticias\/2026\/04\/29\/esquadra-do-rato-policia-nao-viu-agressoes-imagens-sugerem-o-contrario\/\" \/>\n<meta property=\"og:site_name\" content=\"Portal Tela Portugal\" \/>\n<meta property=\"article:published_time\" content=\"2026-04-29T10:33:01+00:00\" \/>\n<meta name=\"author\" content=\"Telinha\" \/>\n<meta name=\"twitter:card\" content=\"summary_large_image\" \/>\n<meta name=\"twitter:label1\" content=\"Escrito por\" \/>\n\t<meta name=\"twitter:data1\" content=\"Telinha\" \/>\n\t<meta name=\"twitter:label2\" content=\"Tempo estimado de leitura\" \/>\n\t<meta name=\"twitter:data2\" content=\"2 minutos\" \/>\n<script type=\"application\/ld+json\" class=\"yoast-schema-graph\">{\"@context\":\"https:\/\/schema.org\",\"@graph\":[{\"@type\":\"Article\",\"@id\":\"https:\/\/portaltela.pt\/noticias\/2026\/04\/29\/esquadra-do-rato-policia-nao-viu-agressoes-imagens-sugerem-o-contrario\/#article\",\"isPartOf\":{\"@id\":\"https:\/\/portaltela.pt\/noticias\/2026\/04\/29\/esquadra-do-rato-policia-nao-viu-agressoes-imagens-sugerem-o-contrario\/\"},\"author\":{\"name\":\"Telinha\",\"@id\":\"https:\/\/portaltela.pt\/#\/schema\/person\/c4278d4a6028830caff9ee44b42d32ed\"},\"headline\":\"Esquadra do Rato: pol\u00edcia n\u00e3o viu agress\u00f5es; imagens sugerem o contr\u00e1rio\",\"datePublished\":\"2026-04-29T10:33:01+00:00\",\"mainEntityOfPage\":{\"@id\":\"https:\/\/portaltela.pt\/noticias\/2026\/04\/29\/esquadra-do-rato-policia-nao-viu-agressoes-imagens-sugerem-o-contrario\/\"},\"wordCount\":340,\"image\":{\"@id\":\"https:\/\/portaltela.pt\/noticias\/2026\/04\/29\/esquadra-do-rato-policia-nao-viu-agressoes-imagens-sugerem-o-contrario\/#primaryimage\"},\"thumbnailUrl\":\"https:\/\/portaltela.pt\/s.01k8rhncp4jt1\/2026\/04\/2084748.jpg\",\"keywords\":[\"_agress\u00f5es\",\"_inqu\u00e9rito criminal\",\"_PSP\",\"_tortura\",\"_v\u00eddeo\",\"_viola\u00e7\u00e3o\"],\"articleSection\":[\"Criminalidade\",\"Justi\u00e7a\"],\"inLanguage\":\"pt-PT\"},{\"@type\":\"WebPage\",\"@id\":\"https:\/\/portaltela.pt\/noticias\/2026\/04\/29\/esquadra-do-rato-policia-nao-viu-agressoes-imagens-sugerem-o-contrario\/\",\"url\":\"https:\/\/portaltela.pt\/noticias\/2026\/04\/29\/esquadra-do-rato-policia-nao-viu-agressoes-imagens-sugerem-o-contrario\/\",\"name\":\"Esquadra do Rato: pol\u00edcia n\u00e3o viu agress\u00f5es; imagens sugerem o contr\u00e1rio - Portal Tela Portugal\",\"isPartOf\":{\"@id\":\"https:\/\/portaltela.pt\/#website\"},\"primaryImageOfPage\":{\"@id\":\"https:\/\/portaltela.pt\/noticias\/2026\/04\/29\/esquadra-do-rato-policia-nao-viu-agressoes-imagens-sugerem-o-contrario\/#primaryimage\"},\"image\":{\"@id\":\"https:\/\/portaltela.pt\/noticias\/2026\/04\/29\/esquadra-do-rato-policia-nao-viu-agressoes-imagens-sugerem-o-contrario\/#primaryimage\"},\"thumbnailUrl\":\"https:\/\/portaltela.pt\/s.01k8rhncp4jt1\/2026\/04\/2084748.jpg\",\"datePublished\":\"2026-04-29T10:33:01+00:00\",\"author\":{\"@id\":\"https:\/\/portaltela.pt\/#\/schema\/person\/c4278d4a6028830caff9ee44b42d32ed\"},\"breadcrumb\":{\"@id\":\"https:\/\/portaltela.pt\/noticias\/2026\/04\/29\/esquadra-do-rato-policia-nao-viu-agressoes-imagens-sugerem-o-contrario\/#breadcrumb\"},\"inLanguage\":\"pt-PT\",\"potentialAction\":[{\"@type\":\"ReadAction\",\"target\":[\"https:\/\/portaltela.pt\/noticias\/2026\/04\/29\/esquadra-do-rato-policia-nao-viu-agressoes-imagens-sugerem-o-contrario\/\"]}]},{\"@type\":\"ImageObject\",\"inLanguage\":\"pt-PT\",\"@id\":\"https:\/\/portaltela.pt\/noticias\/2026\/04\/29\/esquadra-do-rato-policia-nao-viu-agressoes-imagens-sugerem-o-contrario\/#primaryimage\",\"url\":\"https:\/\/portaltela.pt\/s.01k8rhncp4jt1\/2026\/04\/2084748.jpg\",\"contentUrl\":\"https:\/\/portaltela.pt\/s.01k8rhncp4jt1\/2026\/04\/2084748.jpg\",\"width\":796,\"height\":448,\"caption\":\"Pol\u00edcias pertenciam \u00e0 22\u00aa Esquadra da Policia de Seguran\u00e7a P\u00fablica (PSP), no Largo do Rato\"},{\"@type\":\"BreadcrumbList\",\"@id\":\"https:\/\/portaltela.pt\/noticias\/2026\/04\/29\/esquadra-do-rato-policia-nao-viu-agressoes-imagens-sugerem-o-contrario\/#breadcrumb\",\"itemListElement\":[{\"@type\":\"ListItem\",\"position\":1,\"name\":\"In\u00edcio\",\"item\":\"https:\/\/portaltela.pt\/\"},{\"@type\":\"ListItem\",\"position\":2,\"name\":\"Esquadra do Rato: pol\u00edcia n\u00e3o viu agress\u00f5es; imagens sugerem o contr\u00e1rio\"}]},{\"@type\":\"WebSite\",\"@id\":\"https:\/\/portaltela.pt\/#website\",\"url\":\"https:\/\/portaltela.pt\/\",\"name\":\"Portal Tela Portugal\",\"description\":\"\",\"potentialAction\":[{\"@type\":\"SearchAction\",\"target\":{\"@type\":\"EntryPoint\",\"urlTemplate\":\"https:\/\/portaltela.pt\/?s={search_term_string}\"},\"query-input\":{\"@type\":\"PropertyValueSpecification\",\"valueRequired\":true,\"valueName\":\"search_term_string\"}}],\"inLanguage\":\"pt-PT\"},{\"@type\":\"Person\",\"@id\":\"https:\/\/portaltela.pt\/#\/schema\/person\/c4278d4a6028830caff9ee44b42d32ed\",\"name\":\"Telinha\",\"image\":{\"@type\":\"ImageObject\",\"inLanguage\":\"pt-PT\",\"@id\":\"https:\/\/portaltela.pt\/s.01k8rhncp4jt1\/2025\/11\/talking-bot-125x125.png\",\"url\":\"https:\/\/portaltela.pt\/s.01k8rhncp4jt1\/2025\/11\/talking-bot-125x125.png\",\"contentUrl\":\"https:\/\/portaltela.pt\/s.01k8rhncp4jt1\/2025\/11\/talking-bot-125x125.png\",\"caption\":\"Telinha\"},\"sameAs\":[\"https:\/\/portaltela.pt\/\"],\"url\":\"https:\/\/portaltela.pt\/por\/367410592786\/\"}]}<\/script>\n<!-- \/ Yoast SEO plugin. -->","yoast_head_json":{"title":"Esquadra do Rato: pol\u00edcia n\u00e3o viu agress\u00f5es; imagens sugerem o contr\u00e1rio - Portal Tela Portugal","robots":{"index":"index","follow":"follow","max-snippet":"max-snippet:-1","max-image-preview":"max-image-preview:large","max-video-preview":"max-video-preview:-1"},"og_locale":"pt_PT","og_type":"article","og_title":"Esquadra do Rato: pol\u00edcia n\u00e3o viu agress\u00f5es; imagens sugerem o contr\u00e1rio - Portal Tela Portugal","og_description":"Os pol\u00edcias da esquadra do Largo do Rato negaram ter visto agress\u00f5es, durante os depoimentos em tribunal. V\u00eddeos, mensagens de Whatsapp e depoimentos das v\u00edtimas sugerem agress\u00f5es dentro da esquadra, incluindo uso de g\u00e1s pimenta e de luvas de boxe. Dois arguidos v\u00e3o a julgamento: Guilherme Leme e \u00d3scar Borges; Leme fica em pris\u00e3o preventiva, Borges em domicili\u00e1ria; Leme \u00e9 acusado de 29 crimes e Borges de sete, incluindo tortura. A ju\u00edza considerou as v\u00edtimas cred\u00edveis e as suas declara\u00e7\u00f5es congruentes com a prova, reconhecendo que algumas testemunhas n\u00e3o s\u00e3o t\u00e3o cred\u00edveis. Al\u00e9m dos dois arguidos, h\u00e1 sete agentes indiciados por suspeitas de tortura; o caso continua em investiga\u00e7\u00e3o.","og_url":"https:\/\/portaltela.pt\/noticias\/2026\/04\/29\/esquadra-do-rato-policia-nao-viu-agressoes-imagens-sugerem-o-contrario\/","og_site_name":"Portal Tela Portugal","article_published_time":"2026-04-29T10:33:01+00:00","author":"Telinha","twitter_card":"summary_large_image","twitter_misc":{"Escrito por":"Telinha","Tempo estimado de leitura":"2 minutos"},"schema":{"@context":"https:\/\/schema.org","@graph":[{"@type":"Article","@id":"https:\/\/portaltela.pt\/noticias\/2026\/04\/29\/esquadra-do-rato-policia-nao-viu-agressoes-imagens-sugerem-o-contrario\/#article","isPartOf":{"@id":"https:\/\/portaltela.pt\/noticias\/2026\/04\/29\/esquadra-do-rato-policia-nao-viu-agressoes-imagens-sugerem-o-contrario\/"},"author":{"name":"Telinha","@id":"https:\/\/portaltela.pt\/#\/schema\/person\/c4278d4a6028830caff9ee44b42d32ed"},"headline":"Esquadra do Rato: pol\u00edcia n\u00e3o viu agress\u00f5es; imagens sugerem o contr\u00e1rio","datePublished":"2026-04-29T10:33:01+00:00","mainEntityOfPage":{"@id":"https:\/\/portaltela.pt\/noticias\/2026\/04\/29\/esquadra-do-rato-policia-nao-viu-agressoes-imagens-sugerem-o-contrario\/"},"wordCount":340,"image":{"@id":"https:\/\/portaltela.pt\/noticias\/2026\/04\/29\/esquadra-do-rato-policia-nao-viu-agressoes-imagens-sugerem-o-contrario\/#primaryimage"},"thumbnailUrl":"https:\/\/portaltela.pt\/s.01k8rhncp4jt1\/2026\/04\/2084748.jpg","keywords":["_agress\u00f5es","_inqu\u00e9rito criminal","_PSP","_tortura","_v\u00eddeo","_viola\u00e7\u00e3o"],"articleSection":["Criminalidade","Justi\u00e7a"],"inLanguage":"pt-PT"},{"@type":"WebPage","@id":"https:\/\/portaltela.pt\/noticias\/2026\/04\/29\/esquadra-do-rato-policia-nao-viu-agressoes-imagens-sugerem-o-contrario\/","url":"https:\/\/portaltela.pt\/noticias\/2026\/04\/29\/esquadra-do-rato-policia-nao-viu-agressoes-imagens-sugerem-o-contrario\/","name":"Esquadra do Rato: pol\u00edcia n\u00e3o viu agress\u00f5es; imagens sugerem o contr\u00e1rio - Portal Tela Portugal","isPartOf":{"@id":"https:\/\/portaltela.pt\/#website"},"primaryImageOfPage":{"@id":"https:\/\/portaltela.pt\/noticias\/2026\/04\/29\/esquadra-do-rato-policia-nao-viu-agressoes-imagens-sugerem-o-contrario\/#primaryimage"},"image":{"@id":"https:\/\/portaltela.pt\/noticias\/2026\/04\/29\/esquadra-do-rato-policia-nao-viu-agressoes-imagens-sugerem-o-contrario\/#primaryimage"},"thumbnailUrl":"https:\/\/portaltela.pt\/s.01k8rhncp4jt1\/2026\/04\/2084748.jpg","datePublished":"2026-04-29T10:33:01+00:00","author":{"@id":"https:\/\/portaltela.pt\/#\/schema\/person\/c4278d4a6028830caff9ee44b42d32ed"},"breadcrumb":{"@id":"https:\/\/portaltela.pt\/noticias\/2026\/04\/29\/esquadra-do-rato-policia-nao-viu-agressoes-imagens-sugerem-o-contrario\/#breadcrumb"},"inLanguage":"pt-PT","potentialAction":[{"@type":"ReadAction","target":["https:\/\/portaltela.pt\/noticias\/2026\/04\/29\/esquadra-do-rato-policia-nao-viu-agressoes-imagens-sugerem-o-contrario\/"]}]},{"@type":"ImageObject","inLanguage":"pt-PT","@id":"https:\/\/portaltela.pt\/noticias\/2026\/04\/29\/esquadra-do-rato-policia-nao-viu-agressoes-imagens-sugerem-o-contrario\/#primaryimage","url":"https:\/\/portaltela.pt\/s.01k8rhncp4jt1\/2026\/04\/2084748.jpg","contentUrl":"https:\/\/portaltela.pt\/s.01k8rhncp4jt1\/2026\/04\/2084748.jpg","width":796,"height":448,"caption":"Pol\u00edcias pertenciam \u00e0 22\u00aa Esquadra da Policia de Seguran\u00e7a P\u00fablica (PSP), no Largo do Rato"},{"@type":"BreadcrumbList","@id":"https:\/\/portaltela.pt\/noticias\/2026\/04\/29\/esquadra-do-rato-policia-nao-viu-agressoes-imagens-sugerem-o-contrario\/#breadcrumb","itemListElement":[{"@type":"ListItem","position":1,"name":"In\u00edcio","item":"https:\/\/portaltela.pt\/"},{"@type":"ListItem","position":2,"name":"Esquadra do Rato: pol\u00edcia n\u00e3o viu agress\u00f5es; imagens sugerem o contr\u00e1rio"}]},{"@type":"WebSite","@id":"https:\/\/portaltela.pt\/#website","url":"https:\/\/portaltela.pt\/","name":"Portal Tela Portugal","description":"","potentialAction":[{"@type":"SearchAction","target":{"@type":"EntryPoint","urlTemplate":"https:\/\/portaltela.pt\/?s={search_term_string}"},"query-input":{"@type":"PropertyValueSpecification","valueRequired":true,"valueName":"search_term_string"}}],"inLanguage":"pt-PT"},{"@type":"Person","@id":"https:\/\/portaltela.pt\/#\/schema\/person\/c4278d4a6028830caff9ee44b42d32ed","name":"Telinha","image":{"@type":"ImageObject","inLanguage":"pt-PT","@id":"https:\/\/portaltela.pt\/s.01k8rhncp4jt1\/2025\/11\/talking-bot-125x125.png","url":"https:\/\/portaltela.pt\/s.01k8rhncp4jt1\/2025\/11\/talking-bot-125x125.png","contentUrl":"https:\/\/portaltela.pt\/s.01k8rhncp4jt1\/2025\/11\/talking-bot-125x125.png","caption":"Telinha"},"sameAs":["https:\/\/portaltela.pt\/"],"url":"https:\/\/portaltela.pt\/por\/367410592786\/"}]}},"_links":{"self":[{"href":"https:\/\/portaltela.pt\/api\/wp\/v2\/posts\/461102","targetHints":{"allow":["GET"]}}],"collection":[{"href":"https:\/\/portaltela.pt\/api\/wp\/v2\/posts"}],"about":[{"href":"https:\/\/portaltela.pt\/api\/wp\/v2\/types\/post"}],"author":[{"embeddable":true,"href":"https:\/\/portaltela.pt\/api\/wp\/v2\/users\/2"}],"replies":[{"embeddable":true,"href":"https:\/\/portaltela.pt\/api\/wp\/v2\/comments?post=461102"}],"version-history":[{"count":0,"href":"https:\/\/portaltela.pt\/api\/wp\/v2\/posts\/461102\/revisions"}],"wp:featuredmedia":[{"embeddable":true,"href":"https:\/\/portaltela.pt\/api\/wp\/v2\/media\/461110"}],"wp:attachment":[{"href":"https:\/\/portaltela.pt\/api\/wp\/v2\/media?parent=461102"}],"wp:term":[{"taxonomy":"category","embeddable":true,"href":"https:\/\/portaltela.pt\/api\/wp\/v2\/categories?post=461102"},{"taxonomy":"post_tag","embeddable":true,"href":"https:\/\/portaltela.pt\/api\/wp\/v2\/tags?post=461102"}],"curies":[{"name":"wp","href":"https:\/\/api.w.org\/{rel}","templated":true}]}}