{"id":461100,"date":"2026-04-29T07:33:01","date_gmt":"2026-04-29T10:33:01","guid":{"rendered":"https:\/\/portaltela.pt\/noticias\/2026\/04\/29\/damas-o-seculo-ilustrado-em-imagens-historicas\/"},"modified":"2026-04-29T07:33:01","modified_gmt":"2026-04-29T10:33:01","slug":"damas-o-seculo-ilustrado-em-imagens-historicas","status":"publish","type":"post","link":"https:\/\/portaltela.pt\/curiosidades\/2026\/04\/29\/damas-o-seculo-ilustrado-em-imagens-historicas\/","title":{"rendered":"Damas: o s\u00e9culo ilustrado em imagens hist\u00f3ricas"},"content":{"rendered":"<p>A investiga\u00e7\u00e3o de Cl\u00e1udia Alves, baseada em arquivo, revela a participa\u00e7\u00e3o de mulheres da alta sociedade portuguesa na I Guerra Mundial (1914-1918). A pesquisadora encontrou cartas e fotografias que atestam a atua\u00e7\u00e3o dessas mulheres, designadas como enfermeiras senhoras.<\/p>\n<p>As protagonistas partiram de Portugal com o objetivo de apoiar o esfor\u00e7o de guerra, atuando na regi\u00e3o norte de Fran\u00e7a. O material identifica-as como primeiras guardi\u00e3s de um hospital a ser constru\u00eddo para acolher feridos.<\/p>\n<p>A \u00e1rea de atua\u00e7\u00e3o situava-se em Ambleteuse, a cerca de 300 quil\u00f3metros de Paris, onde um hospital seria criado para atender o Corpo Expedicion\u00e1rio Portugu\u00eas. A miss\u00e3o combinava assist\u00eancia, hospitalidade e acompanhamento m\u00e9dico dos feridos.<\/p>\n<h3>Contexto documental<\/h3>\n<p>As fontes mencionam liga\u00e7\u00f5es entre a nobreza portuguesa e o apoio m\u00e9dico durante o conflito. O acervo aponta correspond\u00eancia entre casas nobres, institui\u00e7\u00f5es de benefic\u00eancia e institui\u00e7\u00f5es militares. Os documentos ajudam a mapear a participa\u00e7\u00e3o feminina al\u00e9m do papel tradicional.<\/p>\n<h3>Legado e desdobramentos<\/h3>\n<p>A descoberta contribui para compreender a dimens\u00e3o feminina da participa\u00e7\u00e3o portuguesa na guerra. O material relativo \u00e0s enfermeiras senhoras oferece novos elementos para a mem\u00f3ria hist\u00f3rica do per\u00edodo. A pesquisa permanece em curso para confirmar nomes e trajetos.<\/p>\n","protected":false},"excerpt":{"rendered":"<ul>\n<li>Mulheres da alta sociedade portuguesa participaram na I Guerra Mundial (1914-1918), conforme descoberta de arquivo por Cl\u00e1udia Alves.<\/li>\n<li>Foram identificadas como \u201cenfermeiras senhoras\u201d que partiram de Portugal para a frente de batalha.<\/li>\n<li>Destino: Ambleteuse, no norte de Fran\u00e7a, a cerca de 300 quil\u00f3metros de Paris.<\/li>\n<li>A miss\u00e3o era serem as primeiras guardi\u00e3s de um hospital a ser constru\u00eddo para acompanhar feridos do Corpo Expedicion\u00e1rio Portugu\u00eas.<\/li>\n<\/ul>\n","protected":false},"author":2,"featured_media":461112,"comment_status":"closed","ping_status":"closed","sticky":false,"template":"","format":"standard","meta":{"footnotes":""},"categories":[7384],"tags":[8346,8295,7983,7947,9933,8062],"class_list":["post-461100","post","type-post","status-publish","format-standard","has-post-thumbnail","hentry","category-curiosidades","tag-_enfermeiros","tag-_franca","tag-_historia","tag-_mulheres","tag-_nobreza","tag-_portugal"],"yoast_head":"<!-- This site is optimized with the Yoast SEO plugin v27.2 - https:\/\/yoast.com\/product\/yoast-seo-wordpress\/ -->\n<title>Damas: o s\u00e9culo ilustrado em imagens hist\u00f3ricas - Portal Tela Portugal<\/title>\n<meta name=\"robots\" content=\"index, follow, max-snippet:-1, max-image-preview:large, max-video-preview:-1\" \/>\n<meta property=\"og:locale\" content=\"pt_PT\" \/>\n<meta property=\"og:type\" content=\"article\" \/>\n<meta property=\"og:title\" content=\"Damas: o s\u00e9culo ilustrado em imagens hist\u00f3ricas - Portal Tela Portugal\" \/>\n<meta property=\"og:description\" content=\"Mulheres da alta sociedade portuguesa participaram na I Guerra Mundial (1914-1918), conforme descoberta de arquivo por Cl\u00e1udia Alves. Foram identificadas como \u201cenfermeiras senhoras\u201d que partiram de Portugal para a frente de batalha. Destino: Ambleteuse, no norte de Fran\u00e7a, a cerca de 300 quil\u00f3metros de Paris. A miss\u00e3o era serem as primeiras guardi\u00e3s de um hospital a ser constru\u00eddo para acompanhar feridos do Corpo Expedicion\u00e1rio Portugu\u00eas.\" \/>\n<meta property=\"og:url\" content=\"https:\/\/portaltela.pt\/noticias\/2026\/04\/29\/damas-o-seculo-ilustrado-em-imagens-historicas\/\" \/>\n<meta property=\"og:site_name\" content=\"Portal Tela Portugal\" \/>\n<meta property=\"article:published_time\" content=\"2026-04-29T10:33:01+00:00\" \/>\n<meta name=\"author\" content=\"Telinha\" \/>\n<meta name=\"twitter:card\" content=\"summary_large_image\" \/>\n<meta name=\"twitter:label1\" content=\"Escrito por\" \/>\n\t<meta name=\"twitter:data1\" content=\"Telinha\" \/>\n\t<meta name=\"twitter:label2\" content=\"Tempo estimado de leitura\" \/>\n\t<meta name=\"twitter:data2\" content=\"1 minuto\" \/>\n<script type=\"application\/ld+json\" class=\"yoast-schema-graph\">{\"@context\":\"https:\/\/schema.org\",\"@graph\":[{\"@type\":\"Article\",\"@id\":\"https:\/\/portaltela.pt\/noticias\/2026\/04\/29\/damas-o-seculo-ilustrado-em-imagens-historicas\/#article\",\"isPartOf\":{\"@id\":\"https:\/\/portaltela.pt\/noticias\/2026\/04\/29\/damas-o-seculo-ilustrado-em-imagens-historicas\/\"},\"author\":{\"name\":\"Telinha\",\"@id\":\"https:\/\/portaltela.pt\/#\/schema\/person\/c4278d4a6028830caff9ee44b42d32ed\"},\"headline\":\"Damas: o s\u00e9culo ilustrado em imagens hist\u00f3ricas\",\"datePublished\":\"2026-04-29T10:33:01+00:00\",\"mainEntityOfPage\":{\"@id\":\"https:\/\/portaltela.pt\/noticias\/2026\/04\/29\/damas-o-seculo-ilustrado-em-imagens-historicas\/\"},\"wordCount\":228,\"image\":{\"@id\":\"https:\/\/portaltela.pt\/noticias\/2026\/04\/29\/damas-o-seculo-ilustrado-em-imagens-historicas\/#primaryimage\"},\"thumbnailUrl\":\"https:\/\/portaltela.pt\/s.01k8rhncp4jt1\/2026\/04\/2084650.jpg\",\"keywords\":[\"_enfermeiros\",\"_Fran\u00e7a\",\"_hist\u00f3ria\",\"_mulheres\",\"_nobreza\",\"_Portugal\"],\"articleSection\":[\"Curiosidades\"],\"inLanguage\":\"pt-PT\"},{\"@type\":\"WebPage\",\"@id\":\"https:\/\/portaltela.pt\/noticias\/2026\/04\/29\/damas-o-seculo-ilustrado-em-imagens-historicas\/\",\"url\":\"https:\/\/portaltela.pt\/noticias\/2026\/04\/29\/damas-o-seculo-ilustrado-em-imagens-historicas\/\",\"name\":\"Damas: o s\u00e9culo ilustrado em imagens hist\u00f3ricas - Portal Tela Portugal\",\"isPartOf\":{\"@id\":\"https:\/\/portaltela.pt\/#website\"},\"primaryImageOfPage\":{\"@id\":\"https:\/\/portaltela.pt\/noticias\/2026\/04\/29\/damas-o-seculo-ilustrado-em-imagens-historicas\/#primaryimage\"},\"image\":{\"@id\":\"https:\/\/portaltela.pt\/noticias\/2026\/04\/29\/damas-o-seculo-ilustrado-em-imagens-historicas\/#primaryimage\"},\"thumbnailUrl\":\"https:\/\/portaltela.pt\/s.01k8rhncp4jt1\/2026\/04\/2084650.jpg\",\"datePublished\":\"2026-04-29T10:33:01+00:00\",\"author\":{\"@id\":\"https:\/\/portaltela.pt\/#\/schema\/person\/c4278d4a6028830caff9ee44b42d32ed\"},\"breadcrumb\":{\"@id\":\"https:\/\/portaltela.pt\/noticias\/2026\/04\/29\/damas-o-seculo-ilustrado-em-imagens-historicas\/#breadcrumb\"},\"inLanguage\":\"pt-PT\",\"potentialAction\":[{\"@type\":\"ReadAction\",\"target\":[\"https:\/\/portaltela.pt\/noticias\/2026\/04\/29\/damas-o-seculo-ilustrado-em-imagens-historicas\/\"]}]},{\"@type\":\"ImageObject\",\"inLanguage\":\"pt-PT\",\"@id\":\"https:\/\/portaltela.pt\/noticias\/2026\/04\/29\/damas-o-seculo-ilustrado-em-imagens-historicas\/#primaryimage\",\"url\":\"https:\/\/portaltela.pt\/s.01k8rhncp4jt1\/2026\/04\/2084650.jpg\",\"contentUrl\":\"https:\/\/portaltela.pt\/s.01k8rhncp4jt1\/2026\/04\/2084650.jpg\",\"width\":796,\"height\":448,\"caption\":\"Damas, de Cl\u00e1udia Alves, \u00e9 uma das estreias de cinema da semana\"},{\"@type\":\"BreadcrumbList\",\"@id\":\"https:\/\/portaltela.pt\/noticias\/2026\/04\/29\/damas-o-seculo-ilustrado-em-imagens-historicas\/#breadcrumb\",\"itemListElement\":[{\"@type\":\"ListItem\",\"position\":1,\"name\":\"In\u00edcio\",\"item\":\"https:\/\/portaltela.pt\/\"},{\"@type\":\"ListItem\",\"position\":2,\"name\":\"Damas: o s\u00e9culo ilustrado em imagens hist\u00f3ricas\"}]},{\"@type\":\"WebSite\",\"@id\":\"https:\/\/portaltela.pt\/#website\",\"url\":\"https:\/\/portaltela.pt\/\",\"name\":\"Portal Tela Portugal\",\"description\":\"\",\"potentialAction\":[{\"@type\":\"SearchAction\",\"target\":{\"@type\":\"EntryPoint\",\"urlTemplate\":\"https:\/\/portaltela.pt\/?s={search_term_string}\"},\"query-input\":{\"@type\":\"PropertyValueSpecification\",\"valueRequired\":true,\"valueName\":\"search_term_string\"}}],\"inLanguage\":\"pt-PT\"},{\"@type\":\"Person\",\"@id\":\"https:\/\/portaltela.pt\/#\/schema\/person\/c4278d4a6028830caff9ee44b42d32ed\",\"name\":\"Telinha\",\"image\":{\"@type\":\"ImageObject\",\"inLanguage\":\"pt-PT\",\"@id\":\"https:\/\/portaltela.pt\/s.01k8rhncp4jt1\/2025\/11\/talking-bot-125x125.png\",\"url\":\"https:\/\/portaltela.pt\/s.01k8rhncp4jt1\/2025\/11\/talking-bot-125x125.png\",\"contentUrl\":\"https:\/\/portaltela.pt\/s.01k8rhncp4jt1\/2025\/11\/talking-bot-125x125.png\",\"caption\":\"Telinha\"},\"sameAs\":[\"https:\/\/portaltela.pt\/\"],\"url\":\"https:\/\/portaltela.pt\/por\/367410592786\/\"}]}<\/script>\n<!-- \/ Yoast SEO plugin. -->","yoast_head_json":{"title":"Damas: o s\u00e9culo ilustrado em imagens hist\u00f3ricas - Portal Tela Portugal","robots":{"index":"index","follow":"follow","max-snippet":"max-snippet:-1","max-image-preview":"max-image-preview:large","max-video-preview":"max-video-preview:-1"},"og_locale":"pt_PT","og_type":"article","og_title":"Damas: o s\u00e9culo ilustrado em imagens hist\u00f3ricas - Portal Tela Portugal","og_description":"Mulheres da alta sociedade portuguesa participaram na I Guerra Mundial (1914-1918), conforme descoberta de arquivo por Cl\u00e1udia Alves. Foram identificadas como \u201cenfermeiras senhoras\u201d que partiram de Portugal para a frente de batalha. Destino: Ambleteuse, no norte de Fran\u00e7a, a cerca de 300 quil\u00f3metros de Paris. A miss\u00e3o era serem as primeiras guardi\u00e3s de um hospital a ser constru\u00eddo para acompanhar feridos do Corpo Expedicion\u00e1rio Portugu\u00eas.","og_url":"https:\/\/portaltela.pt\/noticias\/2026\/04\/29\/damas-o-seculo-ilustrado-em-imagens-historicas\/","og_site_name":"Portal Tela Portugal","article_published_time":"2026-04-29T10:33:01+00:00","author":"Telinha","twitter_card":"summary_large_image","twitter_misc":{"Escrito por":"Telinha","Tempo estimado de leitura":"1 minuto"},"schema":{"@context":"https:\/\/schema.org","@graph":[{"@type":"Article","@id":"https:\/\/portaltela.pt\/noticias\/2026\/04\/29\/damas-o-seculo-ilustrado-em-imagens-historicas\/#article","isPartOf":{"@id":"https:\/\/portaltela.pt\/noticias\/2026\/04\/29\/damas-o-seculo-ilustrado-em-imagens-historicas\/"},"author":{"name":"Telinha","@id":"https:\/\/portaltela.pt\/#\/schema\/person\/c4278d4a6028830caff9ee44b42d32ed"},"headline":"Damas: o s\u00e9culo ilustrado em imagens hist\u00f3ricas","datePublished":"2026-04-29T10:33:01+00:00","mainEntityOfPage":{"@id":"https:\/\/portaltela.pt\/noticias\/2026\/04\/29\/damas-o-seculo-ilustrado-em-imagens-historicas\/"},"wordCount":228,"image":{"@id":"https:\/\/portaltela.pt\/noticias\/2026\/04\/29\/damas-o-seculo-ilustrado-em-imagens-historicas\/#primaryimage"},"thumbnailUrl":"https:\/\/portaltela.pt\/s.01k8rhncp4jt1\/2026\/04\/2084650.jpg","keywords":["_enfermeiros","_Fran\u00e7a","_hist\u00f3ria","_mulheres","_nobreza","_Portugal"],"articleSection":["Curiosidades"],"inLanguage":"pt-PT"},{"@type":"WebPage","@id":"https:\/\/portaltela.pt\/noticias\/2026\/04\/29\/damas-o-seculo-ilustrado-em-imagens-historicas\/","url":"https:\/\/portaltela.pt\/noticias\/2026\/04\/29\/damas-o-seculo-ilustrado-em-imagens-historicas\/","name":"Damas: o s\u00e9culo ilustrado em imagens hist\u00f3ricas - Portal Tela Portugal","isPartOf":{"@id":"https:\/\/portaltela.pt\/#website"},"primaryImageOfPage":{"@id":"https:\/\/portaltela.pt\/noticias\/2026\/04\/29\/damas-o-seculo-ilustrado-em-imagens-historicas\/#primaryimage"},"image":{"@id":"https:\/\/portaltela.pt\/noticias\/2026\/04\/29\/damas-o-seculo-ilustrado-em-imagens-historicas\/#primaryimage"},"thumbnailUrl":"https:\/\/portaltela.pt\/s.01k8rhncp4jt1\/2026\/04\/2084650.jpg","datePublished":"2026-04-29T10:33:01+00:00","author":{"@id":"https:\/\/portaltela.pt\/#\/schema\/person\/c4278d4a6028830caff9ee44b42d32ed"},"breadcrumb":{"@id":"https:\/\/portaltela.pt\/noticias\/2026\/04\/29\/damas-o-seculo-ilustrado-em-imagens-historicas\/#breadcrumb"},"inLanguage":"pt-PT","potentialAction":[{"@type":"ReadAction","target":["https:\/\/portaltela.pt\/noticias\/2026\/04\/29\/damas-o-seculo-ilustrado-em-imagens-historicas\/"]}]},{"@type":"ImageObject","inLanguage":"pt-PT","@id":"https:\/\/portaltela.pt\/noticias\/2026\/04\/29\/damas-o-seculo-ilustrado-em-imagens-historicas\/#primaryimage","url":"https:\/\/portaltela.pt\/s.01k8rhncp4jt1\/2026\/04\/2084650.jpg","contentUrl":"https:\/\/portaltela.pt\/s.01k8rhncp4jt1\/2026\/04\/2084650.jpg","width":796,"height":448,"caption":"Damas, de Cl\u00e1udia Alves, \u00e9 uma das estreias de cinema da semana"},{"@type":"BreadcrumbList","@id":"https:\/\/portaltela.pt\/noticias\/2026\/04\/29\/damas-o-seculo-ilustrado-em-imagens-historicas\/#breadcrumb","itemListElement":[{"@type":"ListItem","position":1,"name":"In\u00edcio","item":"https:\/\/portaltela.pt\/"},{"@type":"ListItem","position":2,"name":"Damas: o s\u00e9culo ilustrado em imagens hist\u00f3ricas"}]},{"@type":"WebSite","@id":"https:\/\/portaltela.pt\/#website","url":"https:\/\/portaltela.pt\/","name":"Portal Tela Portugal","description":"","potentialAction":[{"@type":"SearchAction","target":{"@type":"EntryPoint","urlTemplate":"https:\/\/portaltela.pt\/?s={search_term_string}"},"query-input":{"@type":"PropertyValueSpecification","valueRequired":true,"valueName":"search_term_string"}}],"inLanguage":"pt-PT"},{"@type":"Person","@id":"https:\/\/portaltela.pt\/#\/schema\/person\/c4278d4a6028830caff9ee44b42d32ed","name":"Telinha","image":{"@type":"ImageObject","inLanguage":"pt-PT","@id":"https:\/\/portaltela.pt\/s.01k8rhncp4jt1\/2025\/11\/talking-bot-125x125.png","url":"https:\/\/portaltela.pt\/s.01k8rhncp4jt1\/2025\/11\/talking-bot-125x125.png","contentUrl":"https:\/\/portaltela.pt\/s.01k8rhncp4jt1\/2025\/11\/talking-bot-125x125.png","caption":"Telinha"},"sameAs":["https:\/\/portaltela.pt\/"],"url":"https:\/\/portaltela.pt\/por\/367410592786\/"}]}},"_links":{"self":[{"href":"https:\/\/portaltela.pt\/api\/wp\/v2\/posts\/461100","targetHints":{"allow":["GET"]}}],"collection":[{"href":"https:\/\/portaltela.pt\/api\/wp\/v2\/posts"}],"about":[{"href":"https:\/\/portaltela.pt\/api\/wp\/v2\/types\/post"}],"author":[{"embeddable":true,"href":"https:\/\/portaltela.pt\/api\/wp\/v2\/users\/2"}],"replies":[{"embeddable":true,"href":"https:\/\/portaltela.pt\/api\/wp\/v2\/comments?post=461100"}],"version-history":[{"count":0,"href":"https:\/\/portaltela.pt\/api\/wp\/v2\/posts\/461100\/revisions"}],"wp:featuredmedia":[{"embeddable":true,"href":"https:\/\/portaltela.pt\/api\/wp\/v2\/media\/461112"}],"wp:attachment":[{"href":"https:\/\/portaltela.pt\/api\/wp\/v2\/media?parent=461100"}],"wp:term":[{"taxonomy":"category","embeddable":true,"href":"https:\/\/portaltela.pt\/api\/wp\/v2\/categories?post=461100"},{"taxonomy":"post_tag","embeddable":true,"href":"https:\/\/portaltela.pt\/api\/wp\/v2\/tags?post=461100"}],"curies":[{"name":"wp","href":"https:\/\/api.w.org\/{rel}","templated":true}]}}