{"id":461098,"date":"2026-04-29T07:32:57","date_gmt":"2026-04-29T10:32:57","guid":{"rendered":"https:\/\/portaltela.pt\/noticias\/2026\/04\/29\/convidados-atuam-na-festa-do-100-o-aniversario-de-david-attenborough\/"},"modified":"2026-04-29T07:32:57","modified_gmt":"2026-04-29T10:32:57","slug":"convidados-atuam-na-festa-do-100-o-aniversario-de-david-attenborough","status":"publish","type":"post","link":"https:\/\/portaltela.pt\/entretenimento\/2026\/04\/29\/convidados-atuam-na-festa-do-100-o-aniversario-de-david-attenborough\/","title":{"rendered":"Convidados atuam na festa do 100.\u00ba anivers\u00e1rio de David Attenborough"},"content":{"rendered":"<p>Sir David Attenborough celebra 100 anos no pr\u00f3ximo m\u00eas, a 8 de Maio, com uma gala no Royal Albert Hall, em Londres. A casa prepara uma noite com figuras do jornalismo e da m\u00fasica, para assinalar oito d\u00e9cadas de carreira do naturalista e divulgador.<\/p>\n<p>Entre os convidados confirmados est\u00e3o Sir Michael Palin e Steve Backshall, comunicadores de renome no Reino Unido. A iniciativa conta ainda com m\u00fasicos que participaram em Planet Earth. A BBC apresenta uma programa\u00e7\u00e3o especial para a ocasi\u00e3o.<\/p>\n<p>Dan Smith, vocalista dos Bastille, vai apresentar uma leitura musical da faixa Pompeii, acompanhada pela BBC Concert Orchestra. A interpreta\u00e7\u00e3o surge na sequ\u00eancia da utiliza\u00e7\u00e3o da can\u00e7\u00e3o em Planet Earth III.<\/p>\n<p>A banda islandesa Sigur R\u00f3\u0301s tamb\u00e9m atua, com o tema Hopp\u00edpolla, ligado a Planet Earth e \u00e0s promo\u00e7\u00f5es de Planet Earth II. A BBC Concert Orchestra executa partituras associadas a momentos marcantes dos programas de Attenborough.<\/p>\n<p>Al\u00e9m disso, sobem ao palco a cantora Sienna Spiro e o harpista Francisco Yglesias, do Paraguai, que interpretar\u00e1 Pajaro Campana, pe\u00e7a de Zoo Quest, o primeiro programa de vida selvagem de Attenborough.<\/p>\n<p>O programa 100 Years on Planet Earth ser\u00e1 emitido no pr\u00f3prio dia do anivers\u00e1rio, na BBC One e no iPlayer. A emissora brit\u00e2nica tamb\u00e9m vai transmitir Making Life on Earth: Attenborough\u2019s Greatest Adventure e Secret Garden, uma nova s\u00e9rie de cinco epis\u00f3dios sobre jardins brit\u00e2nicos e conserva\u00e7\u00e3o de esp\u00e9cies.<\/p>\n","protected":false},"excerpt":{"rendered":"<ul>\n<li>Sir David Attenborough celebra o 100.\u00ba anivers\u00e1rio a 8 de Maio, com uma gala no Royal Albert Hall, em Londres.<\/li>\n<li>Entre os convidados est\u00e3o comunicadores como Sir Michael Palin e Steve Backshall, al\u00e9m de m\u00fasicos ligados a Planet Earth.<\/li>\n<li>Dan Smith, dos Bastille, vai interpretar Pompeii com a BBC Concert Orchestra, ap\u00f3s a faixa ter sido usada em Planet Earth III.<\/li>\n<li>A Sigur R\u00f3s vai atuar a acompanhar o tema Hopp\u00edpolla; Francisco Yglesias, harpista, e Sienna Spiro tamb\u00e9m atuam, incluindo Pajaro Campana de Zoo Quest.<\/li>\n<li>O programa 100 Years on Planet Earth vai para o ar na BBC One e iPlayer, com transmiss\u00f5es adicionais: Making Life on Earth: Attenborough\u2019s Greatest Adventure e Secret Garden.<\/li>\n<\/ul>\n","protected":false},"author":2,"featured_media":461101,"comment_status":"closed","ping_status":"closed","sticky":false,"template":"","format":"standard","meta":{"footnotes":""},"categories":[6675,12],"tags":[8145,7756,9032,8233,8101,8952],"class_list":["post-461098","post","type-post","status-publish","format-standard","has-post-thumbnail","hentry","category-celebridades","category-entretenimento","tag-_assuntos-internacionais","tag-_cultura","tag-_documentarios","tag-_musica","tag-_reino-unido","tag-_televisao"],"yoast_head":"<!-- This site is optimized with the Yoast SEO plugin v27.2 - https:\/\/yoast.com\/product\/yoast-seo-wordpress\/ -->\n<title>Convidados atuam na festa do 100.\u00ba anivers\u00e1rio de David Attenborough - Portal Tela Portugal<\/title>\n<meta name=\"robots\" content=\"index, follow, max-snippet:-1, max-image-preview:large, max-video-preview:-1\" \/>\n<meta property=\"og:locale\" content=\"pt_PT\" \/>\n<meta property=\"og:type\" content=\"article\" \/>\n<meta property=\"og:title\" content=\"Convidados atuam na festa do 100.\u00ba anivers\u00e1rio de David Attenborough - Portal Tela Portugal\" \/>\n<meta property=\"og:description\" content=\"Sir David Attenborough celebra o 100.\u00ba anivers\u00e1rio a 8 de Maio, com uma gala no Royal Albert Hall, em Londres. Entre os convidados est\u00e3o comunicadores como Sir Michael Palin e Steve Backshall, al\u00e9m de m\u00fasicos ligados a Planet Earth. Dan Smith, dos Bastille, vai interpretar Pompeii com a BBC Concert Orchestra, ap\u00f3s a faixa ter sido usada em Planet Earth III. A Sigur R\u00f3s vai atuar a acompanhar o tema Hopp\u00edpolla; Francisco Yglesias, harpista, e Sienna Spiro tamb\u00e9m atuam, incluindo Pajaro Campana de Zoo Quest. O programa 100 Years on Planet Earth vai para o ar na BBC One e iPlayer, com transmiss\u00f5es adicionais: Making Life on Earth: Attenborough\u2019s Greatest Adventure e Secret Garden.\" \/>\n<meta property=\"og:url\" content=\"https:\/\/portaltela.pt\/noticias\/2026\/04\/29\/convidados-atuam-na-festa-do-100-o-aniversario-de-david-attenborough\/\" \/>\n<meta property=\"og:site_name\" content=\"Portal Tela Portugal\" \/>\n<meta property=\"article:published_time\" content=\"2026-04-29T10:32:57+00:00\" \/>\n<meta name=\"author\" content=\"Telinha\" \/>\n<meta name=\"twitter:card\" content=\"summary_large_image\" \/>\n<meta name=\"twitter:label1\" content=\"Escrito por\" \/>\n\t<meta name=\"twitter:data1\" content=\"Telinha\" \/>\n\t<meta name=\"twitter:label2\" content=\"Tempo estimado de leitura\" \/>\n\t<meta name=\"twitter:data2\" content=\"1 minuto\" \/>\n<script type=\"application\/ld+json\" class=\"yoast-schema-graph\">{\"@context\":\"https:\/\/schema.org\",\"@graph\":[{\"@type\":\"Article\",\"@id\":\"https:\/\/portaltela.pt\/noticias\/2026\/04\/29\/convidados-atuam-na-festa-do-100-o-aniversario-de-david-attenborough\/#article\",\"isPartOf\":{\"@id\":\"https:\/\/portaltela.pt\/noticias\/2026\/04\/29\/convidados-atuam-na-festa-do-100-o-aniversario-de-david-attenborough\/\"},\"author\":{\"name\":\"Telinha\",\"@id\":\"https:\/\/portaltela.pt\/#\/schema\/person\/c4278d4a6028830caff9ee44b42d32ed\"},\"headline\":\"Convidados atuam na festa do 100.\u00ba anivers\u00e1rio de David Attenborough\",\"datePublished\":\"2026-04-29T10:32:57+00:00\",\"mainEntityOfPage\":{\"@id\":\"https:\/\/portaltela.pt\/noticias\/2026\/04\/29\/convidados-atuam-na-festa-do-100-o-aniversario-de-david-attenborough\/\"},\"wordCount\":264,\"image\":{\"@id\":\"https:\/\/portaltela.pt\/noticias\/2026\/04\/29\/convidados-atuam-na-festa-do-100-o-aniversario-de-david-attenborough\/#primaryimage\"},\"thumbnailUrl\":\"https:\/\/portaltela.pt\/s.01k8rhncp4jt1\/2026\/04\/1536x864_cmsv2_dc8d09e0-956e-5da1-9227-0a3b19703b92-9740488.jpg\",\"keywords\":[\"_assuntos internacionais\",\"_cultura\",\"_document\u00e1rios\",\"_m\u00fasica\",\"_Reino Unido\",\"_televis\u00e3o\"],\"articleSection\":[\"Celebridades\",\"Entretenimento\"],\"inLanguage\":\"pt-PT\"},{\"@type\":\"WebPage\",\"@id\":\"https:\/\/portaltela.pt\/noticias\/2026\/04\/29\/convidados-atuam-na-festa-do-100-o-aniversario-de-david-attenborough\/\",\"url\":\"https:\/\/portaltela.pt\/noticias\/2026\/04\/29\/convidados-atuam-na-festa-do-100-o-aniversario-de-david-attenborough\/\",\"name\":\"Convidados atuam na festa do 100.\u00ba anivers\u00e1rio de David Attenborough - Portal Tela Portugal\",\"isPartOf\":{\"@id\":\"https:\/\/portaltela.pt\/#website\"},\"primaryImageOfPage\":{\"@id\":\"https:\/\/portaltela.pt\/noticias\/2026\/04\/29\/convidados-atuam-na-festa-do-100-o-aniversario-de-david-attenborough\/#primaryimage\"},\"image\":{\"@id\":\"https:\/\/portaltela.pt\/noticias\/2026\/04\/29\/convidados-atuam-na-festa-do-100-o-aniversario-de-david-attenborough\/#primaryimage\"},\"thumbnailUrl\":\"https:\/\/portaltela.pt\/s.01k8rhncp4jt1\/2026\/04\/1536x864_cmsv2_dc8d09e0-956e-5da1-9227-0a3b19703b92-9740488.jpg\",\"datePublished\":\"2026-04-29T10:32:57+00:00\",\"author\":{\"@id\":\"https:\/\/portaltela.pt\/#\/schema\/person\/c4278d4a6028830caff9ee44b42d32ed\"},\"breadcrumb\":{\"@id\":\"https:\/\/portaltela.pt\/noticias\/2026\/04\/29\/convidados-atuam-na-festa-do-100-o-aniversario-de-david-attenborough\/#breadcrumb\"},\"inLanguage\":\"pt-PT\",\"potentialAction\":[{\"@type\":\"ReadAction\",\"target\":[\"https:\/\/portaltela.pt\/noticias\/2026\/04\/29\/convidados-atuam-na-festa-do-100-o-aniversario-de-david-attenborough\/\"]}]},{\"@type\":\"ImageObject\",\"inLanguage\":\"pt-PT\",\"@id\":\"https:\/\/portaltela.pt\/noticias\/2026\/04\/29\/convidados-atuam-na-festa-do-100-o-aniversario-de-david-attenborough\/#primaryimage\",\"url\":\"https:\/\/portaltela.pt\/s.01k8rhncp4jt1\/2026\/04\/1536x864_cmsv2_dc8d09e0-956e-5da1-9227-0a3b19703b92-9740488.jpg\",\"contentUrl\":\"https:\/\/portaltela.pt\/s.01k8rhncp4jt1\/2026\/04\/1536x864_cmsv2_dc8d09e0-956e-5da1-9227-0a3b19703b92-9740488.jpg\",\"width\":796,\"height\":448,\"caption\":\"Sir David Attenborough \u00e9 nomeado cavaleiro gr\u00e3-cruz da Ordem de S\u00e3o Miguel e S\u00e3o Jorge - 2022\"},{\"@type\":\"BreadcrumbList\",\"@id\":\"https:\/\/portaltela.pt\/noticias\/2026\/04\/29\/convidados-atuam-na-festa-do-100-o-aniversario-de-david-attenborough\/#breadcrumb\",\"itemListElement\":[{\"@type\":\"ListItem\",\"position\":1,\"name\":\"In\u00edcio\",\"item\":\"https:\/\/portaltela.pt\/\"},{\"@type\":\"ListItem\",\"position\":2,\"name\":\"Convidados atuam na festa do 100.\u00ba anivers\u00e1rio de David Attenborough\"}]},{\"@type\":\"WebSite\",\"@id\":\"https:\/\/portaltela.pt\/#website\",\"url\":\"https:\/\/portaltela.pt\/\",\"name\":\"Portal Tela Portugal\",\"description\":\"\",\"potentialAction\":[{\"@type\":\"SearchAction\",\"target\":{\"@type\":\"EntryPoint\",\"urlTemplate\":\"https:\/\/portaltela.pt\/?s={search_term_string}\"},\"query-input\":{\"@type\":\"PropertyValueSpecification\",\"valueRequired\":true,\"valueName\":\"search_term_string\"}}],\"inLanguage\":\"pt-PT\"},{\"@type\":\"Person\",\"@id\":\"https:\/\/portaltela.pt\/#\/schema\/person\/c4278d4a6028830caff9ee44b42d32ed\",\"name\":\"Telinha\",\"image\":{\"@type\":\"ImageObject\",\"inLanguage\":\"pt-PT\",\"@id\":\"https:\/\/portaltela.pt\/s.01k8rhncp4jt1\/2025\/11\/talking-bot-125x125.png\",\"url\":\"https:\/\/portaltela.pt\/s.01k8rhncp4jt1\/2025\/11\/talking-bot-125x125.png\",\"contentUrl\":\"https:\/\/portaltela.pt\/s.01k8rhncp4jt1\/2025\/11\/talking-bot-125x125.png\",\"caption\":\"Telinha\"},\"sameAs\":[\"https:\/\/portaltela.pt\/\"],\"url\":\"https:\/\/portaltela.pt\/por\/367410592786\/\"}]}<\/script>\n<!-- \/ Yoast SEO plugin. -->","yoast_head_json":{"title":"Convidados atuam na festa do 100.\u00ba anivers\u00e1rio de David Attenborough - Portal Tela Portugal","robots":{"index":"index","follow":"follow","max-snippet":"max-snippet:-1","max-image-preview":"max-image-preview:large","max-video-preview":"max-video-preview:-1"},"og_locale":"pt_PT","og_type":"article","og_title":"Convidados atuam na festa do 100.\u00ba anivers\u00e1rio de David Attenborough - Portal Tela Portugal","og_description":"Sir David Attenborough celebra o 100.\u00ba anivers\u00e1rio a 8 de Maio, com uma gala no Royal Albert Hall, em Londres. Entre os convidados est\u00e3o comunicadores como Sir Michael Palin e Steve Backshall, al\u00e9m de m\u00fasicos ligados a Planet Earth. Dan Smith, dos Bastille, vai interpretar Pompeii com a BBC Concert Orchestra, ap\u00f3s a faixa ter sido usada em Planet Earth III. A Sigur R\u00f3s vai atuar a acompanhar o tema Hopp\u00edpolla; Francisco Yglesias, harpista, e Sienna Spiro tamb\u00e9m atuam, incluindo Pajaro Campana de Zoo Quest. O programa 100 Years on Planet Earth vai para o ar na BBC One e iPlayer, com transmiss\u00f5es adicionais: Making Life on Earth: Attenborough\u2019s Greatest Adventure e Secret Garden.","og_url":"https:\/\/portaltela.pt\/noticias\/2026\/04\/29\/convidados-atuam-na-festa-do-100-o-aniversario-de-david-attenborough\/","og_site_name":"Portal Tela Portugal","article_published_time":"2026-04-29T10:32:57+00:00","author":"Telinha","twitter_card":"summary_large_image","twitter_misc":{"Escrito por":"Telinha","Tempo estimado de leitura":"1 minuto"},"schema":{"@context":"https:\/\/schema.org","@graph":[{"@type":"Article","@id":"https:\/\/portaltela.pt\/noticias\/2026\/04\/29\/convidados-atuam-na-festa-do-100-o-aniversario-de-david-attenborough\/#article","isPartOf":{"@id":"https:\/\/portaltela.pt\/noticias\/2026\/04\/29\/convidados-atuam-na-festa-do-100-o-aniversario-de-david-attenborough\/"},"author":{"name":"Telinha","@id":"https:\/\/portaltela.pt\/#\/schema\/person\/c4278d4a6028830caff9ee44b42d32ed"},"headline":"Convidados atuam na festa do 100.\u00ba anivers\u00e1rio de David Attenborough","datePublished":"2026-04-29T10:32:57+00:00","mainEntityOfPage":{"@id":"https:\/\/portaltela.pt\/noticias\/2026\/04\/29\/convidados-atuam-na-festa-do-100-o-aniversario-de-david-attenborough\/"},"wordCount":264,"image":{"@id":"https:\/\/portaltela.pt\/noticias\/2026\/04\/29\/convidados-atuam-na-festa-do-100-o-aniversario-de-david-attenborough\/#primaryimage"},"thumbnailUrl":"https:\/\/portaltela.pt\/s.01k8rhncp4jt1\/2026\/04\/1536x864_cmsv2_dc8d09e0-956e-5da1-9227-0a3b19703b92-9740488.jpg","keywords":["_assuntos internacionais","_cultura","_document\u00e1rios","_m\u00fasica","_Reino Unido","_televis\u00e3o"],"articleSection":["Celebridades","Entretenimento"],"inLanguage":"pt-PT"},{"@type":"WebPage","@id":"https:\/\/portaltela.pt\/noticias\/2026\/04\/29\/convidados-atuam-na-festa-do-100-o-aniversario-de-david-attenborough\/","url":"https:\/\/portaltela.pt\/noticias\/2026\/04\/29\/convidados-atuam-na-festa-do-100-o-aniversario-de-david-attenborough\/","name":"Convidados atuam na festa do 100.\u00ba anivers\u00e1rio de David Attenborough - Portal Tela Portugal","isPartOf":{"@id":"https:\/\/portaltela.pt\/#website"},"primaryImageOfPage":{"@id":"https:\/\/portaltela.pt\/noticias\/2026\/04\/29\/convidados-atuam-na-festa-do-100-o-aniversario-de-david-attenborough\/#primaryimage"},"image":{"@id":"https:\/\/portaltela.pt\/noticias\/2026\/04\/29\/convidados-atuam-na-festa-do-100-o-aniversario-de-david-attenborough\/#primaryimage"},"thumbnailUrl":"https:\/\/portaltela.pt\/s.01k8rhncp4jt1\/2026\/04\/1536x864_cmsv2_dc8d09e0-956e-5da1-9227-0a3b19703b92-9740488.jpg","datePublished":"2026-04-29T10:32:57+00:00","author":{"@id":"https:\/\/portaltela.pt\/#\/schema\/person\/c4278d4a6028830caff9ee44b42d32ed"},"breadcrumb":{"@id":"https:\/\/portaltela.pt\/noticias\/2026\/04\/29\/convidados-atuam-na-festa-do-100-o-aniversario-de-david-attenborough\/#breadcrumb"},"inLanguage":"pt-PT","potentialAction":[{"@type":"ReadAction","target":["https:\/\/portaltela.pt\/noticias\/2026\/04\/29\/convidados-atuam-na-festa-do-100-o-aniversario-de-david-attenborough\/"]}]},{"@type":"ImageObject","inLanguage":"pt-PT","@id":"https:\/\/portaltela.pt\/noticias\/2026\/04\/29\/convidados-atuam-na-festa-do-100-o-aniversario-de-david-attenborough\/#primaryimage","url":"https:\/\/portaltela.pt\/s.01k8rhncp4jt1\/2026\/04\/1536x864_cmsv2_dc8d09e0-956e-5da1-9227-0a3b19703b92-9740488.jpg","contentUrl":"https:\/\/portaltela.pt\/s.01k8rhncp4jt1\/2026\/04\/1536x864_cmsv2_dc8d09e0-956e-5da1-9227-0a3b19703b92-9740488.jpg","width":796,"height":448,"caption":"Sir David Attenborough \u00e9 nomeado cavaleiro gr\u00e3-cruz da Ordem de S\u00e3o Miguel e S\u00e3o Jorge - 2022"},{"@type":"BreadcrumbList","@id":"https:\/\/portaltela.pt\/noticias\/2026\/04\/29\/convidados-atuam-na-festa-do-100-o-aniversario-de-david-attenborough\/#breadcrumb","itemListElement":[{"@type":"ListItem","position":1,"name":"In\u00edcio","item":"https:\/\/portaltela.pt\/"},{"@type":"ListItem","position":2,"name":"Convidados atuam na festa do 100.\u00ba anivers\u00e1rio de David Attenborough"}]},{"@type":"WebSite","@id":"https:\/\/portaltela.pt\/#website","url":"https:\/\/portaltela.pt\/","name":"Portal Tela Portugal","description":"","potentialAction":[{"@type":"SearchAction","target":{"@type":"EntryPoint","urlTemplate":"https:\/\/portaltela.pt\/?s={search_term_string}"},"query-input":{"@type":"PropertyValueSpecification","valueRequired":true,"valueName":"search_term_string"}}],"inLanguage":"pt-PT"},{"@type":"Person","@id":"https:\/\/portaltela.pt\/#\/schema\/person\/c4278d4a6028830caff9ee44b42d32ed","name":"Telinha","image":{"@type":"ImageObject","inLanguage":"pt-PT","@id":"https:\/\/portaltela.pt\/s.01k8rhncp4jt1\/2025\/11\/talking-bot-125x125.png","url":"https:\/\/portaltela.pt\/s.01k8rhncp4jt1\/2025\/11\/talking-bot-125x125.png","contentUrl":"https:\/\/portaltela.pt\/s.01k8rhncp4jt1\/2025\/11\/talking-bot-125x125.png","caption":"Telinha"},"sameAs":["https:\/\/portaltela.pt\/"],"url":"https:\/\/portaltela.pt\/por\/367410592786\/"}]}},"_links":{"self":[{"href":"https:\/\/portaltela.pt\/api\/wp\/v2\/posts\/461098","targetHints":{"allow":["GET"]}}],"collection":[{"href":"https:\/\/portaltela.pt\/api\/wp\/v2\/posts"}],"about":[{"href":"https:\/\/portaltela.pt\/api\/wp\/v2\/types\/post"}],"author":[{"embeddable":true,"href":"https:\/\/portaltela.pt\/api\/wp\/v2\/users\/2"}],"replies":[{"embeddable":true,"href":"https:\/\/portaltela.pt\/api\/wp\/v2\/comments?post=461098"}],"version-history":[{"count":0,"href":"https:\/\/portaltela.pt\/api\/wp\/v2\/posts\/461098\/revisions"}],"wp:featuredmedia":[{"embeddable":true,"href":"https:\/\/portaltela.pt\/api\/wp\/v2\/media\/461101"}],"wp:attachment":[{"href":"https:\/\/portaltela.pt\/api\/wp\/v2\/media?parent=461098"}],"wp:term":[{"taxonomy":"category","embeddable":true,"href":"https:\/\/portaltela.pt\/api\/wp\/v2\/categories?post=461098"},{"taxonomy":"post_tag","embeddable":true,"href":"https:\/\/portaltela.pt\/api\/wp\/v2\/tags?post=461098"}],"curies":[{"name":"wp","href":"https:\/\/api.w.org\/{rel}","templated":true}]}}