{"id":461095,"date":"2026-04-29T07:32:52","date_gmt":"2026-04-29T10:32:52","guid":{"rendered":"https:\/\/portaltela.pt\/noticias\/2026\/04\/29\/trump-figura-em-novos-passaportes-dos-eua-por-250-o-aniversario-da-independencia\/"},"modified":"2026-04-29T07:32:52","modified_gmt":"2026-04-29T10:32:52","slug":"trump-figura-em-novos-passaportes-dos-eua-por-250-o-aniversario-da-independencia","status":"publish","type":"post","link":"https:\/\/portaltela.pt\/noticias\/politica\/2026\/04\/29\/trump-figura-em-novos-passaportes-dos-eua-por-250-o-aniversario-da-independencia\/","title":{"rendered":"Trump figura em novos passaportes dos EUA por 250.\u00ba anivers\u00e1rio da Independ\u00eancia"},"content":{"rendered":"<p>O Departamento de Estado dos EUA anunciou que a imagem de Donald Trump vai figurar em novos passaportes emitidos no \u00e2mbito das celebra\u00e7\u00f5es do 250\u00ba anivers\u00e1rio da Independ\u00eancia dos EUA. A medida envolve o uso de retratos oficiais do ex-presidente, conforme a institui\u00e7\u00e3o.<\/p>\n<p>A decis\u00e3o foi comunicada pelo pr\u00f3prio Departamento de Estado, que n\u00e3o especificou a expetativa de impacto pol\u00edtico nem detalhes log\u00edsticos do processo de produ\u00e7\u00e3o dos novos documentos. A iniciativa marca uma diferencia\u00e7\u00e3o tem\u00e1tica nos passaportes emitidos para este jubileu.<\/p>\n<p>Os novos passaportes v\u00e3o de facto integrar a edi\u00e7\u00e3o comemorativa associada ao 250.\u00ba anivers\u00e1rio de independ\u00eancia, celebrado em 2026. A escolha de incluir a imagem de Trump insere-se numa estrat\u00e9gia de v\u00e1rias personalidades hist\u00f3ricas que j\u00e1 integraram edi\u00e7\u00f5es especiais.<\/p>\n<p>Qualquer explica\u00e7\u00e3o adicional sobre o conceito, custos ou implica\u00e7\u00f5es diplom\u00e1ticas n\u00e3o foi detalhada publicamente pelo Departamento de Estado, segundo os comunicados oficiais dispon\u00edveis. O organismo mant\u00e9m o foco na atualiza\u00e7\u00e3o tem\u00e1tica dos passaportes para o anivers\u00e1rio nacional.<\/p>\n","protected":false},"excerpt":{"rendered":"<ul>\n<li>O Departamento de Estado dos EUA anunciou que Donald Trump vai figurar nos novos passaportes alusivos ao 250.\u00ba anivers\u00e1rio da Independ\u00eancia.<\/li>\n<li>Os passaportes comemorativos estabelecem celebra\u00e7\u00e3o dos 250 anos da independ\u00eancia dos Estados Unidos.<\/li>\n<li>A informa\u00e7\u00e3o foi divulgada pelo Departamento de Estado dos Estados Unidos.<\/li>\n<li>O conte\u00fado completo est\u00e1 dispon\u00edvel apenas para subscritores.<\/li>\n<\/ul>\n","protected":false},"author":2,"featured_media":461097,"comment_status":"closed","ping_status":"closed","sticky":false,"template":"","format":"standard","meta":{"footnotes":""},"categories":[6912,5],"tags":[7986,4953,5146,5661,2832,30],"class_list":["post-461095","post","type-post","status-publish","format-standard","has-post-thumbnail","hentry","category-internacionais","category-politica","tag-_estados-unidos","tag-donald-trump","tag-pessoas-internacionais","tag-pessoas-publicas","tag-politica","tag-presidente"],"yoast_head":"<!-- This site is optimized with the Yoast SEO plugin v27.2 - https:\/\/yoast.com\/product\/yoast-seo-wordpress\/ -->\n<title>Trump figura em novos passaportes dos EUA por 250.\u00ba anivers\u00e1rio da Independ\u00eancia - Portal Tela Portugal<\/title>\n<meta name=\"robots\" content=\"index, follow, max-snippet:-1, max-image-preview:large, max-video-preview:-1\" \/>\n<meta property=\"og:locale\" content=\"pt_PT\" \/>\n<meta property=\"og:type\" content=\"article\" \/>\n<meta property=\"og:title\" content=\"Trump figura em novos passaportes dos EUA por 250.\u00ba anivers\u00e1rio da Independ\u00eancia - Portal Tela Portugal\" \/>\n<meta property=\"og:description\" content=\"O Departamento de Estado dos EUA anunciou que Donald Trump vai figurar nos novos passaportes alusivos ao 250.\u00ba anivers\u00e1rio da Independ\u00eancia. Os passaportes comemorativos estabelecem celebra\u00e7\u00e3o dos 250 anos da independ\u00eancia dos Estados Unidos. A informa\u00e7\u00e3o foi divulgada pelo Departamento de Estado dos Estados Unidos. O conte\u00fado completo est\u00e1 dispon\u00edvel apenas para subscritores.\" \/>\n<meta property=\"og:url\" content=\"https:\/\/portaltela.pt\/noticias\/2026\/04\/29\/trump-figura-em-novos-passaportes-dos-eua-por-250-o-aniversario-da-independencia\/\" \/>\n<meta property=\"og:site_name\" content=\"Portal Tela Portugal\" \/>\n<meta property=\"article:published_time\" content=\"2026-04-29T10:32:52+00:00\" \/>\n<meta name=\"author\" content=\"Telinha\" \/>\n<meta name=\"twitter:card\" content=\"summary_large_image\" \/>\n<meta name=\"twitter:label1\" content=\"Escrito por\" \/>\n\t<meta name=\"twitter:data1\" content=\"Telinha\" \/>\n\t<meta name=\"twitter:label2\" content=\"Tempo estimado de leitura\" \/>\n\t<meta name=\"twitter:data2\" content=\"1 minuto\" \/>\n<script type=\"application\/ld+json\" class=\"yoast-schema-graph\">{\"@context\":\"https:\/\/schema.org\",\"@graph\":[{\"@type\":\"Article\",\"@id\":\"https:\/\/portaltela.pt\/noticias\/2026\/04\/29\/trump-figura-em-novos-passaportes-dos-eua-por-250-o-aniversario-da-independencia\/#article\",\"isPartOf\":{\"@id\":\"https:\/\/portaltela.pt\/noticias\/2026\/04\/29\/trump-figura-em-novos-passaportes-dos-eua-por-250-o-aniversario-da-independencia\/\"},\"author\":{\"name\":\"Telinha\",\"@id\":\"https:\/\/portaltela.pt\/#\/schema\/person\/c4278d4a6028830caff9ee44b42d32ed\"},\"headline\":\"Trump figura em novos passaportes dos EUA por 250.\u00ba anivers\u00e1rio da Independ\u00eancia\",\"datePublished\":\"2026-04-29T10:32:52+00:00\",\"mainEntityOfPage\":{\"@id\":\"https:\/\/portaltela.pt\/noticias\/2026\/04\/29\/trump-figura-em-novos-passaportes-dos-eua-por-250-o-aniversario-da-independencia\/\"},\"wordCount\":197,\"image\":{\"@id\":\"https:\/\/portaltela.pt\/noticias\/2026\/04\/29\/trump-figura-em-novos-passaportes-dos-eua-por-250-o-aniversario-da-independencia\/#primaryimage\"},\"thumbnailUrl\":\"https:\/\/portaltela.pt\/s.01k8rhncp4jt1\/2026\/04\/CACHE_780X1200_ANALOG_WATERMARKED_47014366_74224214_29042026110904.jpg\",\"keywords\":[\"_Estados Unidos\",\"Donald Trump\",\"pessoas internacionais\",\"pessoas p\u00fablicas\",\"pol\u00edtica\",\"presidente\"],\"articleSection\":[\"Internacionais\",\"Pol\u00edtica\"],\"inLanguage\":\"pt-PT\"},{\"@type\":\"WebPage\",\"@id\":\"https:\/\/portaltela.pt\/noticias\/2026\/04\/29\/trump-figura-em-novos-passaportes-dos-eua-por-250-o-aniversario-da-independencia\/\",\"url\":\"https:\/\/portaltela.pt\/noticias\/2026\/04\/29\/trump-figura-em-novos-passaportes-dos-eua-por-250-o-aniversario-da-independencia\/\",\"name\":\"Trump figura em novos passaportes dos EUA por 250.\u00ba anivers\u00e1rio da Independ\u00eancia - Portal Tela Portugal\",\"isPartOf\":{\"@id\":\"https:\/\/portaltela.pt\/#website\"},\"primaryImageOfPage\":{\"@id\":\"https:\/\/portaltela.pt\/noticias\/2026\/04\/29\/trump-figura-em-novos-passaportes-dos-eua-por-250-o-aniversario-da-independencia\/#primaryimage\"},\"image\":{\"@id\":\"https:\/\/portaltela.pt\/noticias\/2026\/04\/29\/trump-figura-em-novos-passaportes-dos-eua-por-250-o-aniversario-da-independencia\/#primaryimage\"},\"thumbnailUrl\":\"https:\/\/portaltela.pt\/s.01k8rhncp4jt1\/2026\/04\/CACHE_780X1200_ANALOG_WATERMARKED_47014366_74224214_29042026110904.jpg\",\"datePublished\":\"2026-04-29T10:32:52+00:00\",\"author\":{\"@id\":\"https:\/\/portaltela.pt\/#\/schema\/person\/c4278d4a6028830caff9ee44b42d32ed\"},\"breadcrumb\":{\"@id\":\"https:\/\/portaltela.pt\/noticias\/2026\/04\/29\/trump-figura-em-novos-passaportes-dos-eua-por-250-o-aniversario-da-independencia\/#breadcrumb\"},\"inLanguage\":\"pt-PT\",\"potentialAction\":[{\"@type\":\"ReadAction\",\"target\":[\"https:\/\/portaltela.pt\/noticias\/2026\/04\/29\/trump-figura-em-novos-passaportes-dos-eua-por-250-o-aniversario-da-independencia\/\"]}]},{\"@type\":\"ImageObject\",\"inLanguage\":\"pt-PT\",\"@id\":\"https:\/\/portaltela.pt\/noticias\/2026\/04\/29\/trump-figura-em-novos-passaportes-dos-eua-por-250-o-aniversario-da-independencia\/#primaryimage\",\"url\":\"https:\/\/portaltela.pt\/s.01k8rhncp4jt1\/2026\/04\/CACHE_780X1200_ANALOG_WATERMARKED_47014366_74224214_29042026110904.jpg\",\"contentUrl\":\"https:\/\/portaltela.pt\/s.01k8rhncp4jt1\/2026\/04\/CACHE_780X1200_ANALOG_WATERMARKED_47014366_74224214_29042026110904.jpg\",\"width\":796,\"height\":448,\"caption\":\"Photo\"},{\"@type\":\"BreadcrumbList\",\"@id\":\"https:\/\/portaltela.pt\/noticias\/2026\/04\/29\/trump-figura-em-novos-passaportes-dos-eua-por-250-o-aniversario-da-independencia\/#breadcrumb\",\"itemListElement\":[{\"@type\":\"ListItem\",\"position\":1,\"name\":\"In\u00edcio\",\"item\":\"https:\/\/portaltela.pt\/\"},{\"@type\":\"ListItem\",\"position\":2,\"name\":\"Trump figura em novos passaportes dos EUA por 250.\u00ba anivers\u00e1rio da Independ\u00eancia\"}]},{\"@type\":\"WebSite\",\"@id\":\"https:\/\/portaltela.pt\/#website\",\"url\":\"https:\/\/portaltela.pt\/\",\"name\":\"Portal Tela Portugal\",\"description\":\"\",\"potentialAction\":[{\"@type\":\"SearchAction\",\"target\":{\"@type\":\"EntryPoint\",\"urlTemplate\":\"https:\/\/portaltela.pt\/?s={search_term_string}\"},\"query-input\":{\"@type\":\"PropertyValueSpecification\",\"valueRequired\":true,\"valueName\":\"search_term_string\"}}],\"inLanguage\":\"pt-PT\"},{\"@type\":\"Person\",\"@id\":\"https:\/\/portaltela.pt\/#\/schema\/person\/c4278d4a6028830caff9ee44b42d32ed\",\"name\":\"Telinha\",\"image\":{\"@type\":\"ImageObject\",\"inLanguage\":\"pt-PT\",\"@id\":\"https:\/\/portaltela.pt\/s.01k8rhncp4jt1\/2025\/11\/talking-bot-125x125.png\",\"url\":\"https:\/\/portaltela.pt\/s.01k8rhncp4jt1\/2025\/11\/talking-bot-125x125.png\",\"contentUrl\":\"https:\/\/portaltela.pt\/s.01k8rhncp4jt1\/2025\/11\/talking-bot-125x125.png\",\"caption\":\"Telinha\"},\"sameAs\":[\"https:\/\/portaltela.pt\/\"],\"url\":\"https:\/\/portaltela.pt\/por\/367410592786\/\"}]}<\/script>\n<!-- \/ Yoast SEO plugin. -->","yoast_head_json":{"title":"Trump figura em novos passaportes dos EUA por 250.\u00ba anivers\u00e1rio da Independ\u00eancia - Portal Tela Portugal","robots":{"index":"index","follow":"follow","max-snippet":"max-snippet:-1","max-image-preview":"max-image-preview:large","max-video-preview":"max-video-preview:-1"},"og_locale":"pt_PT","og_type":"article","og_title":"Trump figura em novos passaportes dos EUA por 250.\u00ba anivers\u00e1rio da Independ\u00eancia - Portal Tela Portugal","og_description":"O Departamento de Estado dos EUA anunciou que Donald Trump vai figurar nos novos passaportes alusivos ao 250.\u00ba anivers\u00e1rio da Independ\u00eancia. Os passaportes comemorativos estabelecem celebra\u00e7\u00e3o dos 250 anos da independ\u00eancia dos Estados Unidos. A informa\u00e7\u00e3o foi divulgada pelo Departamento de Estado dos Estados Unidos. O conte\u00fado completo est\u00e1 dispon\u00edvel apenas para subscritores.","og_url":"https:\/\/portaltela.pt\/noticias\/2026\/04\/29\/trump-figura-em-novos-passaportes-dos-eua-por-250-o-aniversario-da-independencia\/","og_site_name":"Portal Tela Portugal","article_published_time":"2026-04-29T10:32:52+00:00","author":"Telinha","twitter_card":"summary_large_image","twitter_misc":{"Escrito por":"Telinha","Tempo estimado de leitura":"1 minuto"},"schema":{"@context":"https:\/\/schema.org","@graph":[{"@type":"Article","@id":"https:\/\/portaltela.pt\/noticias\/2026\/04\/29\/trump-figura-em-novos-passaportes-dos-eua-por-250-o-aniversario-da-independencia\/#article","isPartOf":{"@id":"https:\/\/portaltela.pt\/noticias\/2026\/04\/29\/trump-figura-em-novos-passaportes-dos-eua-por-250-o-aniversario-da-independencia\/"},"author":{"name":"Telinha","@id":"https:\/\/portaltela.pt\/#\/schema\/person\/c4278d4a6028830caff9ee44b42d32ed"},"headline":"Trump figura em novos passaportes dos EUA por 250.\u00ba anivers\u00e1rio da Independ\u00eancia","datePublished":"2026-04-29T10:32:52+00:00","mainEntityOfPage":{"@id":"https:\/\/portaltela.pt\/noticias\/2026\/04\/29\/trump-figura-em-novos-passaportes-dos-eua-por-250-o-aniversario-da-independencia\/"},"wordCount":197,"image":{"@id":"https:\/\/portaltela.pt\/noticias\/2026\/04\/29\/trump-figura-em-novos-passaportes-dos-eua-por-250-o-aniversario-da-independencia\/#primaryimage"},"thumbnailUrl":"https:\/\/portaltela.pt\/s.01k8rhncp4jt1\/2026\/04\/CACHE_780X1200_ANALOG_WATERMARKED_47014366_74224214_29042026110904.jpg","keywords":["_Estados Unidos","Donald Trump","pessoas internacionais","pessoas p\u00fablicas","pol\u00edtica","presidente"],"articleSection":["Internacionais","Pol\u00edtica"],"inLanguage":"pt-PT"},{"@type":"WebPage","@id":"https:\/\/portaltela.pt\/noticias\/2026\/04\/29\/trump-figura-em-novos-passaportes-dos-eua-por-250-o-aniversario-da-independencia\/","url":"https:\/\/portaltela.pt\/noticias\/2026\/04\/29\/trump-figura-em-novos-passaportes-dos-eua-por-250-o-aniversario-da-independencia\/","name":"Trump figura em novos passaportes dos EUA por 250.\u00ba anivers\u00e1rio da Independ\u00eancia - Portal Tela Portugal","isPartOf":{"@id":"https:\/\/portaltela.pt\/#website"},"primaryImageOfPage":{"@id":"https:\/\/portaltela.pt\/noticias\/2026\/04\/29\/trump-figura-em-novos-passaportes-dos-eua-por-250-o-aniversario-da-independencia\/#primaryimage"},"image":{"@id":"https:\/\/portaltela.pt\/noticias\/2026\/04\/29\/trump-figura-em-novos-passaportes-dos-eua-por-250-o-aniversario-da-independencia\/#primaryimage"},"thumbnailUrl":"https:\/\/portaltela.pt\/s.01k8rhncp4jt1\/2026\/04\/CACHE_780X1200_ANALOG_WATERMARKED_47014366_74224214_29042026110904.jpg","datePublished":"2026-04-29T10:32:52+00:00","author":{"@id":"https:\/\/portaltela.pt\/#\/schema\/person\/c4278d4a6028830caff9ee44b42d32ed"},"breadcrumb":{"@id":"https:\/\/portaltela.pt\/noticias\/2026\/04\/29\/trump-figura-em-novos-passaportes-dos-eua-por-250-o-aniversario-da-independencia\/#breadcrumb"},"inLanguage":"pt-PT","potentialAction":[{"@type":"ReadAction","target":["https:\/\/portaltela.pt\/noticias\/2026\/04\/29\/trump-figura-em-novos-passaportes-dos-eua-por-250-o-aniversario-da-independencia\/"]}]},{"@type":"ImageObject","inLanguage":"pt-PT","@id":"https:\/\/portaltela.pt\/noticias\/2026\/04\/29\/trump-figura-em-novos-passaportes-dos-eua-por-250-o-aniversario-da-independencia\/#primaryimage","url":"https:\/\/portaltela.pt\/s.01k8rhncp4jt1\/2026\/04\/CACHE_780X1200_ANALOG_WATERMARKED_47014366_74224214_29042026110904.jpg","contentUrl":"https:\/\/portaltela.pt\/s.01k8rhncp4jt1\/2026\/04\/CACHE_780X1200_ANALOG_WATERMARKED_47014366_74224214_29042026110904.jpg","width":796,"height":448,"caption":"Photo"},{"@type":"BreadcrumbList","@id":"https:\/\/portaltela.pt\/noticias\/2026\/04\/29\/trump-figura-em-novos-passaportes-dos-eua-por-250-o-aniversario-da-independencia\/#breadcrumb","itemListElement":[{"@type":"ListItem","position":1,"name":"In\u00edcio","item":"https:\/\/portaltela.pt\/"},{"@type":"ListItem","position":2,"name":"Trump figura em novos passaportes dos EUA por 250.\u00ba anivers\u00e1rio da Independ\u00eancia"}]},{"@type":"WebSite","@id":"https:\/\/portaltela.pt\/#website","url":"https:\/\/portaltela.pt\/","name":"Portal Tela Portugal","description":"","potentialAction":[{"@type":"SearchAction","target":{"@type":"EntryPoint","urlTemplate":"https:\/\/portaltela.pt\/?s={search_term_string}"},"query-input":{"@type":"PropertyValueSpecification","valueRequired":true,"valueName":"search_term_string"}}],"inLanguage":"pt-PT"},{"@type":"Person","@id":"https:\/\/portaltela.pt\/#\/schema\/person\/c4278d4a6028830caff9ee44b42d32ed","name":"Telinha","image":{"@type":"ImageObject","inLanguage":"pt-PT","@id":"https:\/\/portaltela.pt\/s.01k8rhncp4jt1\/2025\/11\/talking-bot-125x125.png","url":"https:\/\/portaltela.pt\/s.01k8rhncp4jt1\/2025\/11\/talking-bot-125x125.png","contentUrl":"https:\/\/portaltela.pt\/s.01k8rhncp4jt1\/2025\/11\/talking-bot-125x125.png","caption":"Telinha"},"sameAs":["https:\/\/portaltela.pt\/"],"url":"https:\/\/portaltela.pt\/por\/367410592786\/"}]}},"_links":{"self":[{"href":"https:\/\/portaltela.pt\/api\/wp\/v2\/posts\/461095","targetHints":{"allow":["GET"]}}],"collection":[{"href":"https:\/\/portaltela.pt\/api\/wp\/v2\/posts"}],"about":[{"href":"https:\/\/portaltela.pt\/api\/wp\/v2\/types\/post"}],"author":[{"embeddable":true,"href":"https:\/\/portaltela.pt\/api\/wp\/v2\/users\/2"}],"replies":[{"embeddable":true,"href":"https:\/\/portaltela.pt\/api\/wp\/v2\/comments?post=461095"}],"version-history":[{"count":0,"href":"https:\/\/portaltela.pt\/api\/wp\/v2\/posts\/461095\/revisions"}],"wp:featuredmedia":[{"embeddable":true,"href":"https:\/\/portaltela.pt\/api\/wp\/v2\/media\/461097"}],"wp:attachment":[{"href":"https:\/\/portaltela.pt\/api\/wp\/v2\/media?parent=461095"}],"wp:term":[{"taxonomy":"category","embeddable":true,"href":"https:\/\/portaltela.pt\/api\/wp\/v2\/categories?post=461095"},{"taxonomy":"post_tag","embeddable":true,"href":"https:\/\/portaltela.pt\/api\/wp\/v2\/tags?post=461095"}],"curies":[{"name":"wp","href":"https:\/\/api.w.org\/{rel}","templated":true}]}}