{"id":461086,"date":"2026-04-29T07:18:12","date_gmt":"2026-04-29T10:18:12","guid":{"rendered":"https:\/\/portaltela.pt\/noticias\/2026\/04\/29\/nome-de-germano-silva-aparece-numa-pagina-do-jn\/"},"modified":"2026-04-29T07:18:12","modified_gmt":"2026-04-29T10:18:12","slug":"nome-de-germano-silva-aparece-numa-pagina-do-jn","status":"publish","type":"post","link":"https:\/\/portaltela.pt\/lazer\/2026\/04\/29\/nome-de-germano-silva-aparece-numa-pagina-do-jn\/","title":{"rendered":"Nome de Germano Silva aparece numa p\u00e1gina do JN"},"content":{"rendered":"<p>Germano Silva, jornalista, escritor e historiador, recorda os seus primeiros passos no jornalismo, h\u00e1 70 anos, quando ainda n\u00e3o havia escolas formais na profiss\u00e3o. Na altura, aprenderam-se muito nos chefes de reda\u00e7\u00e3o e nos mestres que orientavam os jovens rep\u00f3rteres.<\/p>\n<p>Um deles foi Manuel Ramos, uma figura marcante do jornalismo que orientou gera\u00e7\u00f5es. Ramos avaliava a criatividade dos aprendizes com m\u00e9todos \u00fanicos e atentos. Pediu a Silva que percorresse ruas da cidade, com a orienta\u00e7\u00e3o de observar e ouvir.<\/p>\n<p>De regresso \u00e0 reda\u00e7\u00e3o, Silva apresentou o resultado da digress\u00e3o: um texto baseado num momento especial observado na rua. Ramos devolveu o texto com corre\u00e7\u00f5es discretas e encorajou-o a assinar a cr\u00f3nica, o que levou \u00e0 primeira publica\u00e7\u00e3o do seu nome no JN.<\/p>\n<p><strong>Recorda\u00e7\u00e3o de in\u00edcio de carreira<\/strong><\/p>\n<p>A experi\u00eancia descrita por Silva mostra a import\u00e2ncia de orientar jovens profissionais no jornalismo da \u00e9poca. Aos 94 anos, o jornalista mant\u00e9m a mem\u00f3ria da aprendizagem e do papel fundamental de mentores na forma\u00e7\u00e3o dos jornalistas que moldaram a imprensa portuguesa.<\/p>\n","protected":false},"excerpt":{"rendered":"<ul>\n<li>Germano Silva, jornalista, escritor e historiador, tem 94 anos e recorda os seus primeiros passos no jornalismo.<\/li>\n<li>H\u00e1 70 anos iniciou a carreira, numa \u00e9poca sem escolas de jornalismo, mas com mestres na reda\u00e7\u00e3o.<\/li>\n<li>O mentor que mais o marcou foi Manuel Ramos, uma lenda do jornalismo que soube \u201ccozinhar\u201d um jornal.<\/li>\n<li>Ramos pediu-lhe que percorresse ruas da cidade e, ao voltar, escrevesse uma cr\u00f3nica sobre um momento especial que tivesse visto.<\/li>\n<li>A cr\u00f3nica saiu em tr\u00eas linguados e, ao final, foi aconselhado a assinar; assim o seu nome ficou impresso pela primeira vez numa p\u00e1gina do Jornal de Not\u00edcias (JN).<\/li>\n<\/ul>\n","protected":false},"author":2,"featured_media":461088,"comment_status":"closed","ping_status":"closed","sticky":false,"template":"","format":"standard","meta":{"footnotes":""},"categories":[7375,7381],"tags":[9195,7983,7995,8421,8402,8062],"class_list":["post-461086","post","type-post","status-publish","format-standard","has-post-thumbnail","hentry","category-cultura","category-lazer","tag-_arquivos","tag-_historia","tag-_imprensa","tag-_jornalistas","tag-_memoria-publica","tag-_portugal"],"yoast_head":"<!-- This site is optimized with the Yoast SEO plugin v27.2 - https:\/\/yoast.com\/product\/yoast-seo-wordpress\/ -->\n<title>Nome de Germano Silva aparece numa p\u00e1gina do JN - Portal Tela Portugal<\/title>\n<meta name=\"robots\" content=\"index, follow, max-snippet:-1, max-image-preview:large, max-video-preview:-1\" \/>\n<meta property=\"og:locale\" content=\"pt_PT\" \/>\n<meta property=\"og:type\" content=\"article\" \/>\n<meta property=\"og:title\" content=\"Nome de Germano Silva aparece numa p\u00e1gina do JN - Portal Tela Portugal\" \/>\n<meta property=\"og:description\" content=\"Germano Silva, jornalista, escritor e historiador, tem 94 anos e recorda os seus primeiros passos no jornalismo. H\u00e1 70 anos iniciou a carreira, numa \u00e9poca sem escolas de jornalismo, mas com mestres na reda\u00e7\u00e3o. O mentor que mais o marcou foi Manuel Ramos, uma lenda do jornalismo que soube \u201ccozinhar\u201d um jornal. Ramos pediu-lhe que percorresse ruas da cidade e, ao voltar, escrevesse uma cr\u00f3nica sobre um momento especial que tivesse visto. A cr\u00f3nica saiu em tr\u00eas linguados e, ao final, foi aconselhado a assinar; assim o seu nome ficou impresso pela primeira vez numa p\u00e1gina do Jornal de Not\u00edcias (JN).\" \/>\n<meta property=\"og:url\" content=\"https:\/\/portaltela.pt\/noticias\/2026\/04\/29\/nome-de-germano-silva-aparece-numa-pagina-do-jn\/\" \/>\n<meta property=\"og:site_name\" content=\"Portal Tela Portugal\" \/>\n<meta property=\"article:published_time\" content=\"2026-04-29T10:18:12+00:00\" \/>\n<meta name=\"author\" content=\"Telinha\" \/>\n<meta name=\"twitter:card\" content=\"summary_large_image\" \/>\n<meta name=\"twitter:label1\" content=\"Escrito por\" \/>\n\t<meta name=\"twitter:data1\" content=\"Telinha\" \/>\n\t<meta name=\"twitter:label2\" content=\"Tempo estimado de leitura\" \/>\n\t<meta name=\"twitter:data2\" content=\"1 minuto\" \/>\n<script type=\"application\/ld+json\" class=\"yoast-schema-graph\">{\"@context\":\"https:\/\/schema.org\",\"@graph\":[{\"@type\":\"Article\",\"@id\":\"https:\/\/portaltela.pt\/noticias\/2026\/04\/29\/nome-de-germano-silva-aparece-numa-pagina-do-jn\/#article\",\"isPartOf\":{\"@id\":\"https:\/\/portaltela.pt\/noticias\/2026\/04\/29\/nome-de-germano-silva-aparece-numa-pagina-do-jn\/\"},\"author\":{\"name\":\"Telinha\",\"@id\":\"https:\/\/portaltela.pt\/#\/schema\/person\/c4278d4a6028830caff9ee44b42d32ed\"},\"headline\":\"Nome de Germano Silva aparece numa p\u00e1gina do JN\",\"datePublished\":\"2026-04-29T10:18:12+00:00\",\"mainEntityOfPage\":{\"@id\":\"https:\/\/portaltela.pt\/noticias\/2026\/04\/29\/nome-de-germano-silva-aparece-numa-pagina-do-jn\/\"},\"wordCount\":193,\"image\":{\"@id\":\"https:\/\/portaltela.pt\/noticias\/2026\/04\/29\/nome-de-germano-silva-aparece-numa-pagina-do-jn\/#primaryimage\"},\"thumbnailUrl\":\"https:\/\/portaltela.pt\/s.01k8rhncp4jt1\/2026\/04\/b08930a0-1036-4869-a8cc-2b373d8330af_1200x675.jpg\",\"keywords\":[\"_arquivos\",\"_hist\u00f3ria\",\"_imprensa\",\"_jornalistas\",\"_mem\u00f3ria p\u00fablica\",\"_Portugal\"],\"articleSection\":[\"Cultura\",\"Lazer\"],\"inLanguage\":\"pt-PT\"},{\"@type\":\"WebPage\",\"@id\":\"https:\/\/portaltela.pt\/noticias\/2026\/04\/29\/nome-de-germano-silva-aparece-numa-pagina-do-jn\/\",\"url\":\"https:\/\/portaltela.pt\/noticias\/2026\/04\/29\/nome-de-germano-silva-aparece-numa-pagina-do-jn\/\",\"name\":\"Nome de Germano Silva aparece numa p\u00e1gina do JN - Portal Tela Portugal\",\"isPartOf\":{\"@id\":\"https:\/\/portaltela.pt\/#website\"},\"primaryImageOfPage\":{\"@id\":\"https:\/\/portaltela.pt\/noticias\/2026\/04\/29\/nome-de-germano-silva-aparece-numa-pagina-do-jn\/#primaryimage\"},\"image\":{\"@id\":\"https:\/\/portaltela.pt\/noticias\/2026\/04\/29\/nome-de-germano-silva-aparece-numa-pagina-do-jn\/#primaryimage\"},\"thumbnailUrl\":\"https:\/\/portaltela.pt\/s.01k8rhncp4jt1\/2026\/04\/b08930a0-1036-4869-a8cc-2b373d8330af_1200x675.jpg\",\"datePublished\":\"2026-04-29T10:18:12+00:00\",\"author\":{\"@id\":\"https:\/\/portaltela.pt\/#\/schema\/person\/c4278d4a6028830caff9ee44b42d32ed\"},\"breadcrumb\":{\"@id\":\"https:\/\/portaltela.pt\/noticias\/2026\/04\/29\/nome-de-germano-silva-aparece-numa-pagina-do-jn\/#breadcrumb\"},\"inLanguage\":\"pt-PT\",\"potentialAction\":[{\"@type\":\"ReadAction\",\"target\":[\"https:\/\/portaltela.pt\/noticias\/2026\/04\/29\/nome-de-germano-silva-aparece-numa-pagina-do-jn\/\"]}]},{\"@type\":\"ImageObject\",\"inLanguage\":\"pt-PT\",\"@id\":\"https:\/\/portaltela.pt\/noticias\/2026\/04\/29\/nome-de-germano-silva-aparece-numa-pagina-do-jn\/#primaryimage\",\"url\":\"https:\/\/portaltela.pt\/s.01k8rhncp4jt1\/2026\/04\/b08930a0-1036-4869-a8cc-2b373d8330af_1200x675.jpg\",\"contentUrl\":\"https:\/\/portaltela.pt\/s.01k8rhncp4jt1\/2026\/04\/b08930a0-1036-4869-a8cc-2b373d8330af_1200x675.jpg\",\"width\":796,\"height\":448,\"caption\":\"A 1 de maio, estar\u00e1 na Feira do Livro Antigo do Porto, no mercado do Bom Sucesso, \u00e0 conversa com o livreiro Nuno Canavez, da Livraria Acad\u00e9mica, de quem \u00e9 amigo h\u00e1 mais de 70 anos. O momento \u00e9 moderado por Joel Cleto e come\u00e7a \u00e0s 18 horas. Dia 14 de maio, pelas 17 horas, est\u00e1 na Faculdade de Engenharia da Universidade do Porto para falar do abastecimento de \u00e1gua \u00e0 cidade\"},{\"@type\":\"BreadcrumbList\",\"@id\":\"https:\/\/portaltela.pt\/noticias\/2026\/04\/29\/nome-de-germano-silva-aparece-numa-pagina-do-jn\/#breadcrumb\",\"itemListElement\":[{\"@type\":\"ListItem\",\"position\":1,\"name\":\"In\u00edcio\",\"item\":\"https:\/\/portaltela.pt\/\"},{\"@type\":\"ListItem\",\"position\":2,\"name\":\"Nome de Germano Silva aparece numa p\u00e1gina do JN\"}]},{\"@type\":\"WebSite\",\"@id\":\"https:\/\/portaltela.pt\/#website\",\"url\":\"https:\/\/portaltela.pt\/\",\"name\":\"Portal Tela Portugal\",\"description\":\"\",\"potentialAction\":[{\"@type\":\"SearchAction\",\"target\":{\"@type\":\"EntryPoint\",\"urlTemplate\":\"https:\/\/portaltela.pt\/?s={search_term_string}\"},\"query-input\":{\"@type\":\"PropertyValueSpecification\",\"valueRequired\":true,\"valueName\":\"search_term_string\"}}],\"inLanguage\":\"pt-PT\"},{\"@type\":\"Person\",\"@id\":\"https:\/\/portaltela.pt\/#\/schema\/person\/c4278d4a6028830caff9ee44b42d32ed\",\"name\":\"Telinha\",\"image\":{\"@type\":\"ImageObject\",\"inLanguage\":\"pt-PT\",\"@id\":\"https:\/\/portaltela.pt\/s.01k8rhncp4jt1\/2025\/11\/talking-bot-125x125.png\",\"url\":\"https:\/\/portaltela.pt\/s.01k8rhncp4jt1\/2025\/11\/talking-bot-125x125.png\",\"contentUrl\":\"https:\/\/portaltela.pt\/s.01k8rhncp4jt1\/2025\/11\/talking-bot-125x125.png\",\"caption\":\"Telinha\"},\"sameAs\":[\"https:\/\/portaltela.pt\/\"],\"url\":\"https:\/\/portaltela.pt\/por\/367410592786\/\"}]}<\/script>\n<!-- \/ Yoast SEO plugin. -->","yoast_head_json":{"title":"Nome de Germano Silva aparece numa p\u00e1gina do JN - Portal Tela Portugal","robots":{"index":"index","follow":"follow","max-snippet":"max-snippet:-1","max-image-preview":"max-image-preview:large","max-video-preview":"max-video-preview:-1"},"og_locale":"pt_PT","og_type":"article","og_title":"Nome de Germano Silva aparece numa p\u00e1gina do JN - Portal Tela Portugal","og_description":"Germano Silva, jornalista, escritor e historiador, tem 94 anos e recorda os seus primeiros passos no jornalismo. H\u00e1 70 anos iniciou a carreira, numa \u00e9poca sem escolas de jornalismo, mas com mestres na reda\u00e7\u00e3o. O mentor que mais o marcou foi Manuel Ramos, uma lenda do jornalismo que soube \u201ccozinhar\u201d um jornal. Ramos pediu-lhe que percorresse ruas da cidade e, ao voltar, escrevesse uma cr\u00f3nica sobre um momento especial que tivesse visto. A cr\u00f3nica saiu em tr\u00eas linguados e, ao final, foi aconselhado a assinar; assim o seu nome ficou impresso pela primeira vez numa p\u00e1gina do Jornal de Not\u00edcias (JN).","og_url":"https:\/\/portaltela.pt\/noticias\/2026\/04\/29\/nome-de-germano-silva-aparece-numa-pagina-do-jn\/","og_site_name":"Portal Tela Portugal","article_published_time":"2026-04-29T10:18:12+00:00","author":"Telinha","twitter_card":"summary_large_image","twitter_misc":{"Escrito por":"Telinha","Tempo estimado de leitura":"1 minuto"},"schema":{"@context":"https:\/\/schema.org","@graph":[{"@type":"Article","@id":"https:\/\/portaltela.pt\/noticias\/2026\/04\/29\/nome-de-germano-silva-aparece-numa-pagina-do-jn\/#article","isPartOf":{"@id":"https:\/\/portaltela.pt\/noticias\/2026\/04\/29\/nome-de-germano-silva-aparece-numa-pagina-do-jn\/"},"author":{"name":"Telinha","@id":"https:\/\/portaltela.pt\/#\/schema\/person\/c4278d4a6028830caff9ee44b42d32ed"},"headline":"Nome de Germano Silva aparece numa p\u00e1gina do JN","datePublished":"2026-04-29T10:18:12+00:00","mainEntityOfPage":{"@id":"https:\/\/portaltela.pt\/noticias\/2026\/04\/29\/nome-de-germano-silva-aparece-numa-pagina-do-jn\/"},"wordCount":193,"image":{"@id":"https:\/\/portaltela.pt\/noticias\/2026\/04\/29\/nome-de-germano-silva-aparece-numa-pagina-do-jn\/#primaryimage"},"thumbnailUrl":"https:\/\/portaltela.pt\/s.01k8rhncp4jt1\/2026\/04\/b08930a0-1036-4869-a8cc-2b373d8330af_1200x675.jpg","keywords":["_arquivos","_hist\u00f3ria","_imprensa","_jornalistas","_mem\u00f3ria p\u00fablica","_Portugal"],"articleSection":["Cultura","Lazer"],"inLanguage":"pt-PT"},{"@type":"WebPage","@id":"https:\/\/portaltela.pt\/noticias\/2026\/04\/29\/nome-de-germano-silva-aparece-numa-pagina-do-jn\/","url":"https:\/\/portaltela.pt\/noticias\/2026\/04\/29\/nome-de-germano-silva-aparece-numa-pagina-do-jn\/","name":"Nome de Germano Silva aparece numa p\u00e1gina do JN - Portal Tela Portugal","isPartOf":{"@id":"https:\/\/portaltela.pt\/#website"},"primaryImageOfPage":{"@id":"https:\/\/portaltela.pt\/noticias\/2026\/04\/29\/nome-de-germano-silva-aparece-numa-pagina-do-jn\/#primaryimage"},"image":{"@id":"https:\/\/portaltela.pt\/noticias\/2026\/04\/29\/nome-de-germano-silva-aparece-numa-pagina-do-jn\/#primaryimage"},"thumbnailUrl":"https:\/\/portaltela.pt\/s.01k8rhncp4jt1\/2026\/04\/b08930a0-1036-4869-a8cc-2b373d8330af_1200x675.jpg","datePublished":"2026-04-29T10:18:12+00:00","author":{"@id":"https:\/\/portaltela.pt\/#\/schema\/person\/c4278d4a6028830caff9ee44b42d32ed"},"breadcrumb":{"@id":"https:\/\/portaltela.pt\/noticias\/2026\/04\/29\/nome-de-germano-silva-aparece-numa-pagina-do-jn\/#breadcrumb"},"inLanguage":"pt-PT","potentialAction":[{"@type":"ReadAction","target":["https:\/\/portaltela.pt\/noticias\/2026\/04\/29\/nome-de-germano-silva-aparece-numa-pagina-do-jn\/"]}]},{"@type":"ImageObject","inLanguage":"pt-PT","@id":"https:\/\/portaltela.pt\/noticias\/2026\/04\/29\/nome-de-germano-silva-aparece-numa-pagina-do-jn\/#primaryimage","url":"https:\/\/portaltela.pt\/s.01k8rhncp4jt1\/2026\/04\/b08930a0-1036-4869-a8cc-2b373d8330af_1200x675.jpg","contentUrl":"https:\/\/portaltela.pt\/s.01k8rhncp4jt1\/2026\/04\/b08930a0-1036-4869-a8cc-2b373d8330af_1200x675.jpg","width":796,"height":448,"caption":"A 1 de maio, estar\u00e1 na Feira do Livro Antigo do Porto, no mercado do Bom Sucesso, \u00e0 conversa com o livreiro Nuno Canavez, da Livraria Acad\u00e9mica, de quem \u00e9 amigo h\u00e1 mais de 70 anos. O momento \u00e9 moderado por Joel Cleto e come\u00e7a \u00e0s 18 horas. Dia 14 de maio, pelas 17 horas, est\u00e1 na Faculdade de Engenharia da Universidade do Porto para falar do abastecimento de \u00e1gua \u00e0 cidade"},{"@type":"BreadcrumbList","@id":"https:\/\/portaltela.pt\/noticias\/2026\/04\/29\/nome-de-germano-silva-aparece-numa-pagina-do-jn\/#breadcrumb","itemListElement":[{"@type":"ListItem","position":1,"name":"In\u00edcio","item":"https:\/\/portaltela.pt\/"},{"@type":"ListItem","position":2,"name":"Nome de Germano Silva aparece numa p\u00e1gina do JN"}]},{"@type":"WebSite","@id":"https:\/\/portaltela.pt\/#website","url":"https:\/\/portaltela.pt\/","name":"Portal Tela Portugal","description":"","potentialAction":[{"@type":"SearchAction","target":{"@type":"EntryPoint","urlTemplate":"https:\/\/portaltela.pt\/?s={search_term_string}"},"query-input":{"@type":"PropertyValueSpecification","valueRequired":true,"valueName":"search_term_string"}}],"inLanguage":"pt-PT"},{"@type":"Person","@id":"https:\/\/portaltela.pt\/#\/schema\/person\/c4278d4a6028830caff9ee44b42d32ed","name":"Telinha","image":{"@type":"ImageObject","inLanguage":"pt-PT","@id":"https:\/\/portaltela.pt\/s.01k8rhncp4jt1\/2025\/11\/talking-bot-125x125.png","url":"https:\/\/portaltela.pt\/s.01k8rhncp4jt1\/2025\/11\/talking-bot-125x125.png","contentUrl":"https:\/\/portaltela.pt\/s.01k8rhncp4jt1\/2025\/11\/talking-bot-125x125.png","caption":"Telinha"},"sameAs":["https:\/\/portaltela.pt\/"],"url":"https:\/\/portaltela.pt\/por\/367410592786\/"}]}},"_links":{"self":[{"href":"https:\/\/portaltela.pt\/api\/wp\/v2\/posts\/461086","targetHints":{"allow":["GET"]}}],"collection":[{"href":"https:\/\/portaltela.pt\/api\/wp\/v2\/posts"}],"about":[{"href":"https:\/\/portaltela.pt\/api\/wp\/v2\/types\/post"}],"author":[{"embeddable":true,"href":"https:\/\/portaltela.pt\/api\/wp\/v2\/users\/2"}],"replies":[{"embeddable":true,"href":"https:\/\/portaltela.pt\/api\/wp\/v2\/comments?post=461086"}],"version-history":[{"count":0,"href":"https:\/\/portaltela.pt\/api\/wp\/v2\/posts\/461086\/revisions"}],"wp:featuredmedia":[{"embeddable":true,"href":"https:\/\/portaltela.pt\/api\/wp\/v2\/media\/461088"}],"wp:attachment":[{"href":"https:\/\/portaltela.pt\/api\/wp\/v2\/media?parent=461086"}],"wp:term":[{"taxonomy":"category","embeddable":true,"href":"https:\/\/portaltela.pt\/api\/wp\/v2\/categories?post=461086"},{"taxonomy":"post_tag","embeddable":true,"href":"https:\/\/portaltela.pt\/api\/wp\/v2\/tags?post=461086"}],"curies":[{"name":"wp","href":"https:\/\/api.w.org\/{rel}","templated":true}]}}