{"id":461083,"date":"2026-04-29T07:18:04","date_gmt":"2026-04-29T10:18:04","guid":{"rendered":"https:\/\/portaltela.pt\/noticias\/2026\/04\/29\/quatro-equipas-portuguesas-vao-a-champions-a-proxima-epoca\/"},"modified":"2026-04-29T07:18:04","modified_gmt":"2026-04-29T10:18:04","slug":"quatro-equipas-portuguesas-vao-a-champions-a-proxima-epoca","status":"publish","type":"post","link":"https:\/\/portaltela.pt\/desporto\/futebol\/2026\/04\/29\/quatro-equipas-portuguesas-vao-a-champions-a-proxima-epoca\/","title":{"rendered":"Quatro equipas portuguesas v\u00e3o \u00e0 Champions \u00e0 pr\u00f3xima \u00e9poca"},"content":{"rendered":"<p>Portugal ainda pode colocar quatro equipas na Liga dos Campe\u00f5es na pr\u00f3xima \u00e9poca, caso v\u00e1rias condi\u00e7\u00f5es se cumpram, incluindo o apuramento do Sp. Braga para a final da Liga Europa.<\/p>\n<p>Com 20.100 pontos, o pa\u00eds ocupa a 4.\u00aa posi\u00e7\u00e3o no ranking de pa\u00edses em 2025\/26, atr\u00e1s de Inglaterra, Espanha e Alemanha. Ainda assim, Portugal pode terminar em 2.\u00ba caso Espanha e Alemanha falhem na fase de meias-finais.<\/p>\n<p>Para melhorar a posi\u00e7\u00e3o, alem\u00e3s e espanholas teriam de ser eliminadas nas meias-finais. O Atl\u00e9tico de Madrid defronta o Arsenal na primeira m\u00e3o, enquanto o Rayo Vallecano joga com o Estrasburgo na Liga Confer\u00eancia.<\/p>\n<p>Na Alemanha, o Bayern j\u00e1 foi derrotado na primeira m\u00e3o frente ao PSG. O Friburgo ainda disputa o jogo frente ao Braga, sendo que a equipa portuguesa precisa vencer os dois encontros para manter a corrida.<\/p>\n<p>Caso o Braga atinja a final da Liga Europa e, nessa altura, ven\u00e7a o advers\u00e1rio, haveria ainda o obst\u00e1culo do vencedor da eliminat\u00f3ria entre Aston Villa e Nottingham Forest para conquistar o t\u00edtulo europeu.<\/p>\n<p>Se tudo se confirmar, o Braga garantir\u00e1 presen\u00e7a na fase de grupos da Liga dos Campe\u00f5es via Liga Europa. O Porto e o Benfica manteriam as posi\u00e7\u00f5es 1.\u00ba e 2.\u00ba, enquanto o Sporting subiria ao 3.\u00ba lugar para a 3.\u00aa pr\u00e9-eliminat\u00f3ria.<\/p>\n<p>Al\u00e9m disso, o Famalic\u00e3o poderia assegurar uma vaga in\u00e9dita na fase de grupos da Liga Europa, enquanto o Gil Vicente obteria o acesso \u00e0 2.\u00aa pr\u00e9-eliminat\u00f3ria da Liga Confer\u00eancia.<\/p>\n","protected":false},"excerpt":{"rendered":"<ul>\n<li>Portugal pode ter quatro equipas na Liga dos Campe\u00f5es na pr\u00f3xima \u00e9poca, dependendo de v\u00e1rias condi\u00e7\u00f5es, incluindo o Sp. Braga vencer a Liga Europa 2025\/26.<\/li>\n<li>O pa\u00eds est\u00e1 no ranking da UEFA em quarto lugar para a \u00e9poca 2025\/26, com Inglaterra, Espanha e Alemanha \u00e0 frente, e existe uma vaga extra para a associa\u00e7\u00e3o com melhor coeficiente.<\/li>\n<li>Para Portugal alcan\u00e7ar essa vaga extra, as equipes espanholas e alem\u00e3s teriam de falhar nas meias\u2011finais, e o Friburgo precisaria perder para manter a hip\u00f3tese bracarense.<\/li>\n<li>Se o Braga chegar \u00e0 final da Liga Europa e vencer, e o vencedor entre Aston Villa e Nottingham Forest vencer tamb\u00e9m, Portugal poderia ter Porto, Benfica e Braga na Champions, e Sporting na 3.\u00aa pr\u00e9-eliminat\u00f3ria.<\/li>\n<li>Em cen\u00e1rio extremo, Famalic\u00e3o entraria na Liga Europa e Gil Vicente qualificaria para a 2.\u00aa pr\u00e9-eliminat\u00f3ria da Liga Confer\u00eancia.<\/li>\n<\/ul>\n","protected":false},"author":2,"featured_media":461085,"comment_status":"closed","ping_status":"closed","sticky":false,"template":"","format":"standard","meta":{"footnotes":""},"categories":[21,24],"tags":[1946,1207,3577,1396,982,1652],"class_list":["post-461083","post","type-post","status-publish","format-standard","has-post-thumbnail","hentry","category-desporto","category-futebol","tag-benfica","tag-braga","tag-champions-league","tag-famalicao","tag-porto","tag-sporting"],"yoast_head":"<!-- This site is optimized with the Yoast SEO plugin v27.2 - https:\/\/yoast.com\/product\/yoast-seo-wordpress\/ -->\n<title>Quatro equipas portuguesas v\u00e3o \u00e0 Champions \u00e0 pr\u00f3xima \u00e9poca - Portal Tela Portugal<\/title>\n<meta name=\"robots\" content=\"index, follow, max-snippet:-1, max-image-preview:large, max-video-preview:-1\" \/>\n<meta property=\"og:locale\" content=\"pt_PT\" \/>\n<meta property=\"og:type\" content=\"article\" \/>\n<meta property=\"og:title\" content=\"Quatro equipas portuguesas v\u00e3o \u00e0 Champions \u00e0 pr\u00f3xima \u00e9poca - Portal Tela Portugal\" \/>\n<meta property=\"og:description\" content=\"Portugal pode ter quatro equipas na Liga dos Campe\u00f5es na pr\u00f3xima \u00e9poca, dependendo de v\u00e1rias condi\u00e7\u00f5es, incluindo o Sp. Braga vencer a Liga Europa 2025\/26. O pa\u00eds est\u00e1 no ranking da UEFA em quarto lugar para a \u00e9poca 2025\/26, com Inglaterra, Espanha e Alemanha \u00e0 frente, e existe uma vaga extra para a associa\u00e7\u00e3o com melhor coeficiente. Para Portugal alcan\u00e7ar essa vaga extra, as equipes espanholas e alem\u00e3s teriam de falhar nas meias\u2011finais, e o Friburgo precisaria perder para manter a hip\u00f3tese bracarense. Se o Braga chegar \u00e0 final da Liga Europa e vencer, e o vencedor entre Aston Villa e Nottingham Forest vencer tamb\u00e9m, Portugal poderia ter Porto, Benfica e Braga na Champions, e Sporting na 3.\u00aa pr\u00e9-eliminat\u00f3ria. Em cen\u00e1rio extremo, Famalic\u00e3o entraria na Liga Europa e Gil Vicente qualificaria para a 2.\u00aa pr\u00e9-eliminat\u00f3ria da Liga Confer\u00eancia.\" \/>\n<meta property=\"og:url\" content=\"https:\/\/portaltela.pt\/noticias\/2026\/04\/29\/quatro-equipas-portuguesas-vao-a-champions-a-proxima-epoca\/\" \/>\n<meta property=\"og:site_name\" content=\"Portal Tela Portugal\" \/>\n<meta property=\"article:published_time\" content=\"2026-04-29T10:18:04+00:00\" \/>\n<meta name=\"author\" content=\"Telinha\" \/>\n<meta name=\"twitter:card\" content=\"summary_large_image\" \/>\n<meta name=\"twitter:label1\" content=\"Escrito por\" \/>\n\t<meta name=\"twitter:data1\" content=\"Telinha\" \/>\n\t<meta name=\"twitter:label2\" content=\"Tempo estimado de leitura\" \/>\n\t<meta name=\"twitter:data2\" content=\"1 minuto\" \/>\n<script type=\"application\/ld+json\" class=\"yoast-schema-graph\">{\"@context\":\"https:\/\/schema.org\",\"@graph\":[{\"@type\":\"Article\",\"@id\":\"https:\/\/portaltela.pt\/noticias\/2026\/04\/29\/quatro-equipas-portuguesas-vao-a-champions-a-proxima-epoca\/#article\",\"isPartOf\":{\"@id\":\"https:\/\/portaltela.pt\/noticias\/2026\/04\/29\/quatro-equipas-portuguesas-vao-a-champions-a-proxima-epoca\/\"},\"author\":{\"name\":\"Telinha\",\"@id\":\"https:\/\/portaltela.pt\/#\/schema\/person\/c4278d4a6028830caff9ee44b42d32ed\"},\"headline\":\"Quatro equipas portuguesas v\u00e3o \u00e0 Champions \u00e0 pr\u00f3xima \u00e9poca\",\"datePublished\":\"2026-04-29T10:18:04+00:00\",\"mainEntityOfPage\":{\"@id\":\"https:\/\/portaltela.pt\/noticias\/2026\/04\/29\/quatro-equipas-portuguesas-vao-a-champions-a-proxima-epoca\/\"},\"wordCount\":270,\"image\":{\"@id\":\"https:\/\/portaltela.pt\/noticias\/2026\/04\/29\/quatro-equipas-portuguesas-vao-a-champions-a-proxima-epoca\/#primaryimage\"},\"thumbnailUrl\":\"https:\/\/portaltela.pt\/s.01k8rhncp4jt1\/2026\/04\/img_920x518uu2026-04-29-11-00-45-2435870.jpg\",\"keywords\":[\"Benfica\",\"Braga\",\"Champions League\",\"Famalic\u00e3o\",\"Porto\",\"Sporting\"],\"articleSection\":[\"Desporto\",\"Futebol\"],\"inLanguage\":\"pt-PT\"},{\"@type\":\"WebPage\",\"@id\":\"https:\/\/portaltela.pt\/noticias\/2026\/04\/29\/quatro-equipas-portuguesas-vao-a-champions-a-proxima-epoca\/\",\"url\":\"https:\/\/portaltela.pt\/noticias\/2026\/04\/29\/quatro-equipas-portuguesas-vao-a-champions-a-proxima-epoca\/\",\"name\":\"Quatro equipas portuguesas v\u00e3o \u00e0 Champions \u00e0 pr\u00f3xima \u00e9poca - Portal Tela Portugal\",\"isPartOf\":{\"@id\":\"https:\/\/portaltela.pt\/#website\"},\"primaryImageOfPage\":{\"@id\":\"https:\/\/portaltela.pt\/noticias\/2026\/04\/29\/quatro-equipas-portuguesas-vao-a-champions-a-proxima-epoca\/#primaryimage\"},\"image\":{\"@id\":\"https:\/\/portaltela.pt\/noticias\/2026\/04\/29\/quatro-equipas-portuguesas-vao-a-champions-a-proxima-epoca\/#primaryimage\"},\"thumbnailUrl\":\"https:\/\/portaltela.pt\/s.01k8rhncp4jt1\/2026\/04\/img_920x518uu2026-04-29-11-00-45-2435870.jpg\",\"datePublished\":\"2026-04-29T10:18:04+00:00\",\"author\":{\"@id\":\"https:\/\/portaltela.pt\/#\/schema\/person\/c4278d4a6028830caff9ee44b42d32ed\"},\"breadcrumb\":{\"@id\":\"https:\/\/portaltela.pt\/noticias\/2026\/04\/29\/quatro-equipas-portuguesas-vao-a-champions-a-proxima-epoca\/#breadcrumb\"},\"inLanguage\":\"pt-PT\",\"potentialAction\":[{\"@type\":\"ReadAction\",\"target\":[\"https:\/\/portaltela.pt\/noticias\/2026\/04\/29\/quatro-equipas-portuguesas-vao-a-champions-a-proxima-epoca\/\"]}]},{\"@type\":\"ImageObject\",\"inLanguage\":\"pt-PT\",\"@id\":\"https:\/\/portaltela.pt\/noticias\/2026\/04\/29\/quatro-equipas-portuguesas-vao-a-champions-a-proxima-epoca\/#primaryimage\",\"url\":\"https:\/\/portaltela.pt\/s.01k8rhncp4jt1\/2026\/04\/img_920x518uu2026-04-29-11-00-45-2435870.jpg\",\"contentUrl\":\"https:\/\/portaltela.pt\/s.01k8rhncp4jt1\/2026\/04\/img_920x518uu2026-04-29-11-00-45-2435870.jpg\",\"width\":796,\"height\":448,\"caption\":\"Jogadores do Sp. Braga festejam apuramento para as meias-finais da Liga Europa\"},{\"@type\":\"BreadcrumbList\",\"@id\":\"https:\/\/portaltela.pt\/noticias\/2026\/04\/29\/quatro-equipas-portuguesas-vao-a-champions-a-proxima-epoca\/#breadcrumb\",\"itemListElement\":[{\"@type\":\"ListItem\",\"position\":1,\"name\":\"In\u00edcio\",\"item\":\"https:\/\/portaltela.pt\/\"},{\"@type\":\"ListItem\",\"position\":2,\"name\":\"Quatro equipas portuguesas v\u00e3o \u00e0 Champions \u00e0 pr\u00f3xima \u00e9poca\"}]},{\"@type\":\"WebSite\",\"@id\":\"https:\/\/portaltela.pt\/#website\",\"url\":\"https:\/\/portaltela.pt\/\",\"name\":\"Portal Tela Portugal\",\"description\":\"\",\"potentialAction\":[{\"@type\":\"SearchAction\",\"target\":{\"@type\":\"EntryPoint\",\"urlTemplate\":\"https:\/\/portaltela.pt\/?s={search_term_string}\"},\"query-input\":{\"@type\":\"PropertyValueSpecification\",\"valueRequired\":true,\"valueName\":\"search_term_string\"}}],\"inLanguage\":\"pt-PT\"},{\"@type\":\"Person\",\"@id\":\"https:\/\/portaltela.pt\/#\/schema\/person\/c4278d4a6028830caff9ee44b42d32ed\",\"name\":\"Telinha\",\"image\":{\"@type\":\"ImageObject\",\"inLanguage\":\"pt-PT\",\"@id\":\"https:\/\/portaltela.pt\/s.01k8rhncp4jt1\/2025\/11\/talking-bot-125x125.png\",\"url\":\"https:\/\/portaltela.pt\/s.01k8rhncp4jt1\/2025\/11\/talking-bot-125x125.png\",\"contentUrl\":\"https:\/\/portaltela.pt\/s.01k8rhncp4jt1\/2025\/11\/talking-bot-125x125.png\",\"caption\":\"Telinha\"},\"sameAs\":[\"https:\/\/portaltela.pt\/\"],\"url\":\"https:\/\/portaltela.pt\/por\/367410592786\/\"}]}<\/script>\n<!-- \/ Yoast SEO plugin. -->","yoast_head_json":{"title":"Quatro equipas portuguesas v\u00e3o \u00e0 Champions \u00e0 pr\u00f3xima \u00e9poca - Portal Tela Portugal","robots":{"index":"index","follow":"follow","max-snippet":"max-snippet:-1","max-image-preview":"max-image-preview:large","max-video-preview":"max-video-preview:-1"},"og_locale":"pt_PT","og_type":"article","og_title":"Quatro equipas portuguesas v\u00e3o \u00e0 Champions \u00e0 pr\u00f3xima \u00e9poca - Portal Tela Portugal","og_description":"Portugal pode ter quatro equipas na Liga dos Campe\u00f5es na pr\u00f3xima \u00e9poca, dependendo de v\u00e1rias condi\u00e7\u00f5es, incluindo o Sp. Braga vencer a Liga Europa 2025\/26. O pa\u00eds est\u00e1 no ranking da UEFA em quarto lugar para a \u00e9poca 2025\/26, com Inglaterra, Espanha e Alemanha \u00e0 frente, e existe uma vaga extra para a associa\u00e7\u00e3o com melhor coeficiente. Para Portugal alcan\u00e7ar essa vaga extra, as equipes espanholas e alem\u00e3s teriam de falhar nas meias\u2011finais, e o Friburgo precisaria perder para manter a hip\u00f3tese bracarense. Se o Braga chegar \u00e0 final da Liga Europa e vencer, e o vencedor entre Aston Villa e Nottingham Forest vencer tamb\u00e9m, Portugal poderia ter Porto, Benfica e Braga na Champions, e Sporting na 3.\u00aa pr\u00e9-eliminat\u00f3ria. Em cen\u00e1rio extremo, Famalic\u00e3o entraria na Liga Europa e Gil Vicente qualificaria para a 2.\u00aa pr\u00e9-eliminat\u00f3ria da Liga Confer\u00eancia.","og_url":"https:\/\/portaltela.pt\/noticias\/2026\/04\/29\/quatro-equipas-portuguesas-vao-a-champions-a-proxima-epoca\/","og_site_name":"Portal Tela Portugal","article_published_time":"2026-04-29T10:18:04+00:00","author":"Telinha","twitter_card":"summary_large_image","twitter_misc":{"Escrito por":"Telinha","Tempo estimado de leitura":"1 minuto"},"schema":{"@context":"https:\/\/schema.org","@graph":[{"@type":"Article","@id":"https:\/\/portaltela.pt\/noticias\/2026\/04\/29\/quatro-equipas-portuguesas-vao-a-champions-a-proxima-epoca\/#article","isPartOf":{"@id":"https:\/\/portaltela.pt\/noticias\/2026\/04\/29\/quatro-equipas-portuguesas-vao-a-champions-a-proxima-epoca\/"},"author":{"name":"Telinha","@id":"https:\/\/portaltela.pt\/#\/schema\/person\/c4278d4a6028830caff9ee44b42d32ed"},"headline":"Quatro equipas portuguesas v\u00e3o \u00e0 Champions \u00e0 pr\u00f3xima \u00e9poca","datePublished":"2026-04-29T10:18:04+00:00","mainEntityOfPage":{"@id":"https:\/\/portaltela.pt\/noticias\/2026\/04\/29\/quatro-equipas-portuguesas-vao-a-champions-a-proxima-epoca\/"},"wordCount":270,"image":{"@id":"https:\/\/portaltela.pt\/noticias\/2026\/04\/29\/quatro-equipas-portuguesas-vao-a-champions-a-proxima-epoca\/#primaryimage"},"thumbnailUrl":"https:\/\/portaltela.pt\/s.01k8rhncp4jt1\/2026\/04\/img_920x518uu2026-04-29-11-00-45-2435870.jpg","keywords":["Benfica","Braga","Champions League","Famalic\u00e3o","Porto","Sporting"],"articleSection":["Desporto","Futebol"],"inLanguage":"pt-PT"},{"@type":"WebPage","@id":"https:\/\/portaltela.pt\/noticias\/2026\/04\/29\/quatro-equipas-portuguesas-vao-a-champions-a-proxima-epoca\/","url":"https:\/\/portaltela.pt\/noticias\/2026\/04\/29\/quatro-equipas-portuguesas-vao-a-champions-a-proxima-epoca\/","name":"Quatro equipas portuguesas v\u00e3o \u00e0 Champions \u00e0 pr\u00f3xima \u00e9poca - Portal Tela Portugal","isPartOf":{"@id":"https:\/\/portaltela.pt\/#website"},"primaryImageOfPage":{"@id":"https:\/\/portaltela.pt\/noticias\/2026\/04\/29\/quatro-equipas-portuguesas-vao-a-champions-a-proxima-epoca\/#primaryimage"},"image":{"@id":"https:\/\/portaltela.pt\/noticias\/2026\/04\/29\/quatro-equipas-portuguesas-vao-a-champions-a-proxima-epoca\/#primaryimage"},"thumbnailUrl":"https:\/\/portaltela.pt\/s.01k8rhncp4jt1\/2026\/04\/img_920x518uu2026-04-29-11-00-45-2435870.jpg","datePublished":"2026-04-29T10:18:04+00:00","author":{"@id":"https:\/\/portaltela.pt\/#\/schema\/person\/c4278d4a6028830caff9ee44b42d32ed"},"breadcrumb":{"@id":"https:\/\/portaltela.pt\/noticias\/2026\/04\/29\/quatro-equipas-portuguesas-vao-a-champions-a-proxima-epoca\/#breadcrumb"},"inLanguage":"pt-PT","potentialAction":[{"@type":"ReadAction","target":["https:\/\/portaltela.pt\/noticias\/2026\/04\/29\/quatro-equipas-portuguesas-vao-a-champions-a-proxima-epoca\/"]}]},{"@type":"ImageObject","inLanguage":"pt-PT","@id":"https:\/\/portaltela.pt\/noticias\/2026\/04\/29\/quatro-equipas-portuguesas-vao-a-champions-a-proxima-epoca\/#primaryimage","url":"https:\/\/portaltela.pt\/s.01k8rhncp4jt1\/2026\/04\/img_920x518uu2026-04-29-11-00-45-2435870.jpg","contentUrl":"https:\/\/portaltela.pt\/s.01k8rhncp4jt1\/2026\/04\/img_920x518uu2026-04-29-11-00-45-2435870.jpg","width":796,"height":448,"caption":"Jogadores do Sp. Braga festejam apuramento para as meias-finais da Liga Europa"},{"@type":"BreadcrumbList","@id":"https:\/\/portaltela.pt\/noticias\/2026\/04\/29\/quatro-equipas-portuguesas-vao-a-champions-a-proxima-epoca\/#breadcrumb","itemListElement":[{"@type":"ListItem","position":1,"name":"In\u00edcio","item":"https:\/\/portaltela.pt\/"},{"@type":"ListItem","position":2,"name":"Quatro equipas portuguesas v\u00e3o \u00e0 Champions \u00e0 pr\u00f3xima \u00e9poca"}]},{"@type":"WebSite","@id":"https:\/\/portaltela.pt\/#website","url":"https:\/\/portaltela.pt\/","name":"Portal Tela Portugal","description":"","potentialAction":[{"@type":"SearchAction","target":{"@type":"EntryPoint","urlTemplate":"https:\/\/portaltela.pt\/?s={search_term_string}"},"query-input":{"@type":"PropertyValueSpecification","valueRequired":true,"valueName":"search_term_string"}}],"inLanguage":"pt-PT"},{"@type":"Person","@id":"https:\/\/portaltela.pt\/#\/schema\/person\/c4278d4a6028830caff9ee44b42d32ed","name":"Telinha","image":{"@type":"ImageObject","inLanguage":"pt-PT","@id":"https:\/\/portaltela.pt\/s.01k8rhncp4jt1\/2025\/11\/talking-bot-125x125.png","url":"https:\/\/portaltela.pt\/s.01k8rhncp4jt1\/2025\/11\/talking-bot-125x125.png","contentUrl":"https:\/\/portaltela.pt\/s.01k8rhncp4jt1\/2025\/11\/talking-bot-125x125.png","caption":"Telinha"},"sameAs":["https:\/\/portaltela.pt\/"],"url":"https:\/\/portaltela.pt\/por\/367410592786\/"}]}},"_links":{"self":[{"href":"https:\/\/portaltela.pt\/api\/wp\/v2\/posts\/461083","targetHints":{"allow":["GET"]}}],"collection":[{"href":"https:\/\/portaltela.pt\/api\/wp\/v2\/posts"}],"about":[{"href":"https:\/\/portaltela.pt\/api\/wp\/v2\/types\/post"}],"author":[{"embeddable":true,"href":"https:\/\/portaltela.pt\/api\/wp\/v2\/users\/2"}],"replies":[{"embeddable":true,"href":"https:\/\/portaltela.pt\/api\/wp\/v2\/comments?post=461083"}],"version-history":[{"count":0,"href":"https:\/\/portaltela.pt\/api\/wp\/v2\/posts\/461083\/revisions"}],"wp:featuredmedia":[{"embeddable":true,"href":"https:\/\/portaltela.pt\/api\/wp\/v2\/media\/461085"}],"wp:attachment":[{"href":"https:\/\/portaltela.pt\/api\/wp\/v2\/media?parent=461083"}],"wp:term":[{"taxonomy":"category","embeddable":true,"href":"https:\/\/portaltela.pt\/api\/wp\/v2\/categories?post=461083"},{"taxonomy":"post_tag","embeddable":true,"href":"https:\/\/portaltela.pt\/api\/wp\/v2\/tags?post=461083"}],"curies":[{"name":"wp","href":"https:\/\/api.w.org\/{rel}","templated":true}]}}