{"id":461078,"date":"2026-04-29T07:17:56","date_gmt":"2026-04-29T10:17:56","guid":{"rendered":"https:\/\/portaltela.pt\/noticias\/2026\/04\/29\/acidente-numa-feira-em-sevilha-deixa-quatro-feridos\/"},"modified":"2026-04-29T07:17:56","modified_gmt":"2026-04-29T10:17:56","slug":"acidente-numa-feira-em-sevilha-deixa-quatro-feridos","status":"publish","type":"post","link":"https:\/\/portaltela.pt\/acidentes\/2026\/04\/29\/acidente-numa-feira-em-sevilha-deixa-quatro-feridos\/","title":{"rendered":"Acidente numa feira em Sevilha deixa quatro feridos"},"content":{"rendered":"<p>Um divertimento desprendeu-se na Feira de Abril, em Sevilha, no s\u00e1bado, provocando quatro feridos ligeiros. Duas das v\u00edtimas s\u00e3o crian\u00e7as; foram assistidas no local. A atra\u00e7\u00e3o foi isolada pela organiza\u00e7\u00e3o.<\/p>\n<p>As autoridades trabalham para determinar as causas do incidente, que ainda n\u00e3o foi apurado de forma conclusiva. Peritos j\u00e1 estiveram no recinto para inspe\u00e7\u00e3o inicial e recolha de dados junto de testemunhas.<\/p>\n<p>O acidente ocorreu na zona expositiva da feira durante a tarde, segundo informa\u00e7\u00f5es antevn\u00eddas pela Pol\u00edcia e pelos servi\u00e7os de emerg\u00eancia. O epis\u00f3dio permanece sob investiga\u00e7\u00e3o para esclarecer responsabilidades.<\/p>\n<h3>Investiga\u00e7\u00e3o em curso<\/h3>\n<p>A Pol\u00edcia Nacional e equipas de emerg\u00eancia continuam a recolher depoimentos e a avaliar a \u00e1rea. N\u00e3o h\u00e1 confirma\u00e7\u00e3o de falha espec\u00edfica ou de neglig\u00eancia, at\u00e9 ao momento, e as circunst\u00e2ncias permanecem por confirmar.<\/p>\n","protected":false},"excerpt":{"rendered":"<ul>\n<li>Um divertimento desprendeu\u2011se na Feira de Abril, em Sevilha, no s\u00e1bado.<\/li>\n<li>Quatro pessoas ficaram feridas ligeiramente.<\/li>\n<li>Duas das v\u00edtimas s\u00e3o crian\u00e7as, que receberam assist\u00eancia no local.<\/li>\n<li>O incidente encontra\u2011se em investiga\u00e7\u00e3o pelas autoridades competentes.<\/li>\n<\/ul>\n","protected":false},"author":2,"featured_media":461081,"comment_status":"closed","ping_status":"closed","sticky":false,"template":"","format":"standard","meta":{"footnotes":""},"categories":[6849],"tags":[8341,8202,8767,6472,1220],"class_list":["post-461078","post","type-post","status-publish","format-standard","has-post-thumbnail","hentry","category-acidentes","tag-_acidente","tag-_feridos","tag-_investigacao","tag-feiras","tag-sevilha"],"yoast_head":"<!-- This site is optimized with the Yoast SEO plugin v27.2 - https:\/\/yoast.com\/product\/yoast-seo-wordpress\/ -->\n<title>Acidente numa feira em Sevilha deixa quatro feridos - Portal Tela Portugal<\/title>\n<meta name=\"robots\" content=\"index, follow, max-snippet:-1, max-image-preview:large, max-video-preview:-1\" \/>\n<meta property=\"og:locale\" content=\"pt_PT\" \/>\n<meta property=\"og:type\" content=\"article\" \/>\n<meta property=\"og:title\" content=\"Acidente numa feira em Sevilha deixa quatro feridos - Portal Tela Portugal\" \/>\n<meta property=\"og:description\" content=\"Um divertimento desprendeu\u2011se na Feira de Abril, em Sevilha, no s\u00e1bado. Quatro pessoas ficaram feridas ligeiramente. Duas das v\u00edtimas s\u00e3o crian\u00e7as, que receberam assist\u00eancia no local. O incidente encontra\u2011se em investiga\u00e7\u00e3o pelas autoridades competentes.\" \/>\n<meta property=\"og:url\" content=\"https:\/\/portaltela.pt\/noticias\/2026\/04\/29\/acidente-numa-feira-em-sevilha-deixa-quatro-feridos\/\" \/>\n<meta property=\"og:site_name\" content=\"Portal Tela Portugal\" \/>\n<meta property=\"article:published_time\" content=\"2026-04-29T10:17:56+00:00\" \/>\n<meta name=\"author\" content=\"Telinha\" \/>\n<meta name=\"twitter:card\" content=\"summary_large_image\" \/>\n<meta name=\"twitter:label1\" content=\"Escrito por\" \/>\n\t<meta name=\"twitter:data1\" content=\"Telinha\" \/>\n\t<meta name=\"twitter:label2\" content=\"Tempo estimado de leitura\" \/>\n\t<meta name=\"twitter:data2\" content=\"1 minuto\" \/>\n<script type=\"application\/ld+json\" class=\"yoast-schema-graph\">{\"@context\":\"https:\/\/schema.org\",\"@graph\":[{\"@type\":\"Article\",\"@id\":\"https:\/\/portaltela.pt\/noticias\/2026\/04\/29\/acidente-numa-feira-em-sevilha-deixa-quatro-feridos\/#article\",\"isPartOf\":{\"@id\":\"https:\/\/portaltela.pt\/noticias\/2026\/04\/29\/acidente-numa-feira-em-sevilha-deixa-quatro-feridos\/\"},\"author\":{\"name\":\"Telinha\",\"@id\":\"https:\/\/portaltela.pt\/#\/schema\/person\/c4278d4a6028830caff9ee44b42d32ed\"},\"headline\":\"Acidente numa feira em Sevilha deixa quatro feridos\",\"datePublished\":\"2026-04-29T10:17:56+00:00\",\"mainEntityOfPage\":{\"@id\":\"https:\/\/portaltela.pt\/noticias\/2026\/04\/29\/acidente-numa-feira-em-sevilha-deixa-quatro-feridos\/\"},\"wordCount\":159,\"image\":{\"@id\":\"https:\/\/portaltela.pt\/noticias\/2026\/04\/29\/acidente-numa-feira-em-sevilha-deixa-quatro-feridos\/#primaryimage\"},\"thumbnailUrl\":\"https:\/\/portaltela.pt\/s.01k8rhncp4jt1\/2026\/04\/b0a03188-5e08-49af-8c36-00b57e17b029_1200x675.jpg\",\"keywords\":[\"_acidente\",\"_feridos\",\"_investiga\u00e7\u00e3o\",\"feiras\",\"Sevilha\"],\"articleSection\":[\"Acidentes\"],\"inLanguage\":\"pt-PT\"},{\"@type\":\"WebPage\",\"@id\":\"https:\/\/portaltela.pt\/noticias\/2026\/04\/29\/acidente-numa-feira-em-sevilha-deixa-quatro-feridos\/\",\"url\":\"https:\/\/portaltela.pt\/noticias\/2026\/04\/29\/acidente-numa-feira-em-sevilha-deixa-quatro-feridos\/\",\"name\":\"Acidente numa feira em Sevilha deixa quatro feridos - Portal Tela Portugal\",\"isPartOf\":{\"@id\":\"https:\/\/portaltela.pt\/#website\"},\"primaryImageOfPage\":{\"@id\":\"https:\/\/portaltela.pt\/noticias\/2026\/04\/29\/acidente-numa-feira-em-sevilha-deixa-quatro-feridos\/#primaryimage\"},\"image\":{\"@id\":\"https:\/\/portaltela.pt\/noticias\/2026\/04\/29\/acidente-numa-feira-em-sevilha-deixa-quatro-feridos\/#primaryimage\"},\"thumbnailUrl\":\"https:\/\/portaltela.pt\/s.01k8rhncp4jt1\/2026\/04\/b0a03188-5e08-49af-8c36-00b57e17b029_1200x675.jpg\",\"datePublished\":\"2026-04-29T10:17:56+00:00\",\"author\":{\"@id\":\"https:\/\/portaltela.pt\/#\/schema\/person\/c4278d4a6028830caff9ee44b42d32ed\"},\"breadcrumb\":{\"@id\":\"https:\/\/portaltela.pt\/noticias\/2026\/04\/29\/acidente-numa-feira-em-sevilha-deixa-quatro-feridos\/#breadcrumb\"},\"inLanguage\":\"pt-PT\",\"potentialAction\":[{\"@type\":\"ReadAction\",\"target\":[\"https:\/\/portaltela.pt\/noticias\/2026\/04\/29\/acidente-numa-feira-em-sevilha-deixa-quatro-feridos\/\"]}]},{\"@type\":\"ImageObject\",\"inLanguage\":\"pt-PT\",\"@id\":\"https:\/\/portaltela.pt\/noticias\/2026\/04\/29\/acidente-numa-feira-em-sevilha-deixa-quatro-feridos\/#primaryimage\",\"url\":\"https:\/\/portaltela.pt\/s.01k8rhncp4jt1\/2026\/04\/b0a03188-5e08-49af-8c36-00b57e17b029_1200x675.jpg\",\"contentUrl\":\"https:\/\/portaltela.pt\/s.01k8rhncp4jt1\/2026\/04\/b0a03188-5e08-49af-8c36-00b57e17b029_1200x675.jpg\",\"width\":796,\"height\":448,\"caption\":\"Photo\"},{\"@type\":\"BreadcrumbList\",\"@id\":\"https:\/\/portaltela.pt\/noticias\/2026\/04\/29\/acidente-numa-feira-em-sevilha-deixa-quatro-feridos\/#breadcrumb\",\"itemListElement\":[{\"@type\":\"ListItem\",\"position\":1,\"name\":\"In\u00edcio\",\"item\":\"https:\/\/portaltela.pt\/\"},{\"@type\":\"ListItem\",\"position\":2,\"name\":\"Acidente numa feira em Sevilha deixa quatro feridos\"}]},{\"@type\":\"WebSite\",\"@id\":\"https:\/\/portaltela.pt\/#website\",\"url\":\"https:\/\/portaltela.pt\/\",\"name\":\"Portal Tela Portugal\",\"description\":\"\",\"potentialAction\":[{\"@type\":\"SearchAction\",\"target\":{\"@type\":\"EntryPoint\",\"urlTemplate\":\"https:\/\/portaltela.pt\/?s={search_term_string}\"},\"query-input\":{\"@type\":\"PropertyValueSpecification\",\"valueRequired\":true,\"valueName\":\"search_term_string\"}}],\"inLanguage\":\"pt-PT\"},{\"@type\":\"Person\",\"@id\":\"https:\/\/portaltela.pt\/#\/schema\/person\/c4278d4a6028830caff9ee44b42d32ed\",\"name\":\"Telinha\",\"image\":{\"@type\":\"ImageObject\",\"inLanguage\":\"pt-PT\",\"@id\":\"https:\/\/portaltela.pt\/s.01k8rhncp4jt1\/2025\/11\/talking-bot-125x125.png\",\"url\":\"https:\/\/portaltela.pt\/s.01k8rhncp4jt1\/2025\/11\/talking-bot-125x125.png\",\"contentUrl\":\"https:\/\/portaltela.pt\/s.01k8rhncp4jt1\/2025\/11\/talking-bot-125x125.png\",\"caption\":\"Telinha\"},\"sameAs\":[\"https:\/\/portaltela.pt\/\"],\"url\":\"https:\/\/portaltela.pt\/por\/367410592786\/\"}]}<\/script>\n<!-- \/ Yoast SEO plugin. -->","yoast_head_json":{"title":"Acidente numa feira em Sevilha deixa quatro feridos - Portal Tela Portugal","robots":{"index":"index","follow":"follow","max-snippet":"max-snippet:-1","max-image-preview":"max-image-preview:large","max-video-preview":"max-video-preview:-1"},"og_locale":"pt_PT","og_type":"article","og_title":"Acidente numa feira em Sevilha deixa quatro feridos - Portal Tela Portugal","og_description":"Um divertimento desprendeu\u2011se na Feira de Abril, em Sevilha, no s\u00e1bado. Quatro pessoas ficaram feridas ligeiramente. Duas das v\u00edtimas s\u00e3o crian\u00e7as, que receberam assist\u00eancia no local. O incidente encontra\u2011se em investiga\u00e7\u00e3o pelas autoridades competentes.","og_url":"https:\/\/portaltela.pt\/noticias\/2026\/04\/29\/acidente-numa-feira-em-sevilha-deixa-quatro-feridos\/","og_site_name":"Portal Tela Portugal","article_published_time":"2026-04-29T10:17:56+00:00","author":"Telinha","twitter_card":"summary_large_image","twitter_misc":{"Escrito por":"Telinha","Tempo estimado de leitura":"1 minuto"},"schema":{"@context":"https:\/\/schema.org","@graph":[{"@type":"Article","@id":"https:\/\/portaltela.pt\/noticias\/2026\/04\/29\/acidente-numa-feira-em-sevilha-deixa-quatro-feridos\/#article","isPartOf":{"@id":"https:\/\/portaltela.pt\/noticias\/2026\/04\/29\/acidente-numa-feira-em-sevilha-deixa-quatro-feridos\/"},"author":{"name":"Telinha","@id":"https:\/\/portaltela.pt\/#\/schema\/person\/c4278d4a6028830caff9ee44b42d32ed"},"headline":"Acidente numa feira em Sevilha deixa quatro feridos","datePublished":"2026-04-29T10:17:56+00:00","mainEntityOfPage":{"@id":"https:\/\/portaltela.pt\/noticias\/2026\/04\/29\/acidente-numa-feira-em-sevilha-deixa-quatro-feridos\/"},"wordCount":159,"image":{"@id":"https:\/\/portaltela.pt\/noticias\/2026\/04\/29\/acidente-numa-feira-em-sevilha-deixa-quatro-feridos\/#primaryimage"},"thumbnailUrl":"https:\/\/portaltela.pt\/s.01k8rhncp4jt1\/2026\/04\/b0a03188-5e08-49af-8c36-00b57e17b029_1200x675.jpg","keywords":["_acidente","_feridos","_investiga\u00e7\u00e3o","feiras","Sevilha"],"articleSection":["Acidentes"],"inLanguage":"pt-PT"},{"@type":"WebPage","@id":"https:\/\/portaltela.pt\/noticias\/2026\/04\/29\/acidente-numa-feira-em-sevilha-deixa-quatro-feridos\/","url":"https:\/\/portaltela.pt\/noticias\/2026\/04\/29\/acidente-numa-feira-em-sevilha-deixa-quatro-feridos\/","name":"Acidente numa feira em Sevilha deixa quatro feridos - Portal Tela Portugal","isPartOf":{"@id":"https:\/\/portaltela.pt\/#website"},"primaryImageOfPage":{"@id":"https:\/\/portaltela.pt\/noticias\/2026\/04\/29\/acidente-numa-feira-em-sevilha-deixa-quatro-feridos\/#primaryimage"},"image":{"@id":"https:\/\/portaltela.pt\/noticias\/2026\/04\/29\/acidente-numa-feira-em-sevilha-deixa-quatro-feridos\/#primaryimage"},"thumbnailUrl":"https:\/\/portaltela.pt\/s.01k8rhncp4jt1\/2026\/04\/b0a03188-5e08-49af-8c36-00b57e17b029_1200x675.jpg","datePublished":"2026-04-29T10:17:56+00:00","author":{"@id":"https:\/\/portaltela.pt\/#\/schema\/person\/c4278d4a6028830caff9ee44b42d32ed"},"breadcrumb":{"@id":"https:\/\/portaltela.pt\/noticias\/2026\/04\/29\/acidente-numa-feira-em-sevilha-deixa-quatro-feridos\/#breadcrumb"},"inLanguage":"pt-PT","potentialAction":[{"@type":"ReadAction","target":["https:\/\/portaltela.pt\/noticias\/2026\/04\/29\/acidente-numa-feira-em-sevilha-deixa-quatro-feridos\/"]}]},{"@type":"ImageObject","inLanguage":"pt-PT","@id":"https:\/\/portaltela.pt\/noticias\/2026\/04\/29\/acidente-numa-feira-em-sevilha-deixa-quatro-feridos\/#primaryimage","url":"https:\/\/portaltela.pt\/s.01k8rhncp4jt1\/2026\/04\/b0a03188-5e08-49af-8c36-00b57e17b029_1200x675.jpg","contentUrl":"https:\/\/portaltela.pt\/s.01k8rhncp4jt1\/2026\/04\/b0a03188-5e08-49af-8c36-00b57e17b029_1200x675.jpg","width":796,"height":448,"caption":"Photo"},{"@type":"BreadcrumbList","@id":"https:\/\/portaltela.pt\/noticias\/2026\/04\/29\/acidente-numa-feira-em-sevilha-deixa-quatro-feridos\/#breadcrumb","itemListElement":[{"@type":"ListItem","position":1,"name":"In\u00edcio","item":"https:\/\/portaltela.pt\/"},{"@type":"ListItem","position":2,"name":"Acidente numa feira em Sevilha deixa quatro feridos"}]},{"@type":"WebSite","@id":"https:\/\/portaltela.pt\/#website","url":"https:\/\/portaltela.pt\/","name":"Portal Tela Portugal","description":"","potentialAction":[{"@type":"SearchAction","target":{"@type":"EntryPoint","urlTemplate":"https:\/\/portaltela.pt\/?s={search_term_string}"},"query-input":{"@type":"PropertyValueSpecification","valueRequired":true,"valueName":"search_term_string"}}],"inLanguage":"pt-PT"},{"@type":"Person","@id":"https:\/\/portaltela.pt\/#\/schema\/person\/c4278d4a6028830caff9ee44b42d32ed","name":"Telinha","image":{"@type":"ImageObject","inLanguage":"pt-PT","@id":"https:\/\/portaltela.pt\/s.01k8rhncp4jt1\/2025\/11\/talking-bot-125x125.png","url":"https:\/\/portaltela.pt\/s.01k8rhncp4jt1\/2025\/11\/talking-bot-125x125.png","contentUrl":"https:\/\/portaltela.pt\/s.01k8rhncp4jt1\/2025\/11\/talking-bot-125x125.png","caption":"Telinha"},"sameAs":["https:\/\/portaltela.pt\/"],"url":"https:\/\/portaltela.pt\/por\/367410592786\/"}]}},"_links":{"self":[{"href":"https:\/\/portaltela.pt\/api\/wp\/v2\/posts\/461078","targetHints":{"allow":["GET"]}}],"collection":[{"href":"https:\/\/portaltela.pt\/api\/wp\/v2\/posts"}],"about":[{"href":"https:\/\/portaltela.pt\/api\/wp\/v2\/types\/post"}],"author":[{"embeddable":true,"href":"https:\/\/portaltela.pt\/api\/wp\/v2\/users\/2"}],"replies":[{"embeddable":true,"href":"https:\/\/portaltela.pt\/api\/wp\/v2\/comments?post=461078"}],"version-history":[{"count":0,"href":"https:\/\/portaltela.pt\/api\/wp\/v2\/posts\/461078\/revisions"}],"wp:featuredmedia":[{"embeddable":true,"href":"https:\/\/portaltela.pt\/api\/wp\/v2\/media\/461081"}],"wp:attachment":[{"href":"https:\/\/portaltela.pt\/api\/wp\/v2\/media?parent=461078"}],"wp:term":[{"taxonomy":"category","embeddable":true,"href":"https:\/\/portaltela.pt\/api\/wp\/v2\/categories?post=461078"},{"taxonomy":"post_tag","embeddable":true,"href":"https:\/\/portaltela.pt\/api\/wp\/v2\/tags?post=461078"}],"curies":[{"name":"wp","href":"https:\/\/api.w.org\/{rel}","templated":true}]}}