{"id":461073,"date":"2026-04-29T07:03:34","date_gmt":"2026-04-29T10:03:34","guid":{"rendered":"https:\/\/portaltela.pt\/noticias\/2026\/04\/29\/mourinho-elogia-francesco-farioli-e-ignora-real-madrid\/"},"modified":"2026-04-29T07:03:34","modified_gmt":"2026-04-29T10:03:34","slug":"mourinho-elogia-francesco-farioli-e-ignora-real-madrid","status":"publish","type":"post","link":"https:\/\/portaltela.pt\/desporto\/futebol\/2026\/04\/29\/mourinho-elogia-francesco-farioli-e-ignora-real-madrid\/","title":{"rendered":"Mourinho elogia Francesco Farioli e ignora Real Madrid"},"content":{"rendered":"<p>Jos\u00e9 Mourinho deslocou-se a It\u00e1lia nesta ter\u00e7a-feira para assuntos comerciais e concedeu uma entrevista em que abordou o futuro, entre outros temas. O t\u00e9cnico do Benfica afirmou que o objetivo imediato \u00e9 levar a equipa lisboeta \u00e0 Liga dos Campe\u00f5es.<\/p>\n<p>Sobre a hip\u00f3tese de treinar uma sele\u00e7\u00e3o nacional, Mourinho disse que ainda n\u00e3o \u00e9 o momento. Refletiu que s\u00f3 pensa na vida ligada ao futebol de clubes, com treinadores, vit\u00f3rias e derrotas de treino di\u00e1rio.<\/p>\n<p>Relativamente ao Mundial 2026, o treinador apontou que h\u00e1 equipas que v\u00e3o ao torneio apenas para perder e defendeu que a verdadeira festa come\u00e7a j\u00e1 nos quartos de final. Afirmou ainda que Portugal tem potencial para vencer.<\/p>\n<p>Mourinho comentou tamb\u00e9m o percurso de Francesco Farioli, treinador italiano do F C Porto, reconhecendo-lhe m\u00e9rito e previs\u00f5es de t\u00edtulo. Disse que o Porto merece vencer o campeonato e que n\u00e3o pretende comparar-se com o seu estilo.<\/p>\n","protected":false},"excerpt":{"rendered":"<ul>\n<li>Jos\u00e9 Mourinho viajou a It\u00e1lia na ter\u00e7a-feira para compromissos comerciais e concedeu uma entrevista ao Corriere dello Sport.<\/li>\n<li>O treinador do Benfica afirmou que o pr\u00f3ximo objetivo \u00e9 levar o Benfica \u00e0 Liga dos Campe\u00f5es.<\/li>\n<li>Rejeitou a hip\u00f3tese de se tornar selecionador nacional, dizendo que ainda n\u00e3o chegou a hora.<\/li>\n<li>Sobre o Mundial de 2026, comentou que h\u00e1 equipas que v\u00e3o apenas para perder e que a verdadeira festa come\u00e7a nos quartos de final; Portugal tem potencial para vencer.<\/li>\n<li>Falando de Francesco Farioli, reconheceu-lhe m\u00e9rito e afirmou que o F. C. Porto merece vencer o campeonato, sem exageros, recusando compara\u00e7\u00f5es com si pr\u00f3prio.<\/li>\n<\/ul>\n","protected":false},"author":2,"featured_media":461076,"comment_status":"closed","ping_status":"closed","sticky":false,"template":"","format":"standard","meta":{"footnotes":""},"categories":[21,24],"tags":[1946,32,1786,3310,982,2714],"class_list":["post-461073","post","type-post","status-publish","format-standard","has-post-thumbnail","hentry","category-desporto","category-futebol","tag-benfica","tag-futebol","tag-liga","tag-mourinho","tag-porto","tag-real-madrid"],"yoast_head":"<!-- This site is optimized with the Yoast SEO plugin v27.2 - https:\/\/yoast.com\/product\/yoast-seo-wordpress\/ -->\n<title>Mourinho elogia Francesco Farioli e ignora Real Madrid - Portal Tela Portugal<\/title>\n<meta name=\"robots\" content=\"index, follow, max-snippet:-1, max-image-preview:large, max-video-preview:-1\" \/>\n<meta property=\"og:locale\" content=\"pt_PT\" \/>\n<meta property=\"og:type\" content=\"article\" \/>\n<meta property=\"og:title\" content=\"Mourinho elogia Francesco Farioli e ignora Real Madrid - Portal Tela Portugal\" \/>\n<meta property=\"og:description\" content=\"Jos\u00e9 Mourinho viajou a It\u00e1lia na ter\u00e7a-feira para compromissos comerciais e concedeu uma entrevista ao Corriere dello Sport. O treinador do Benfica afirmou que o pr\u00f3ximo objetivo \u00e9 levar o Benfica \u00e0 Liga dos Campe\u00f5es. Rejeitou a hip\u00f3tese de se tornar selecionador nacional, dizendo que ainda n\u00e3o chegou a hora. Sobre o Mundial de 2026, comentou que h\u00e1 equipas que v\u00e3o apenas para perder e que a verdadeira festa come\u00e7a nos quartos de final; Portugal tem potencial para vencer. Falando de Francesco Farioli, reconheceu-lhe m\u00e9rito e afirmou que o F. C. Porto merece vencer o campeonato, sem exageros, recusando compara\u00e7\u00f5es com si pr\u00f3prio.\" \/>\n<meta property=\"og:url\" content=\"https:\/\/portaltela.pt\/noticias\/2026\/04\/29\/mourinho-elogia-francesco-farioli-e-ignora-real-madrid\/\" \/>\n<meta property=\"og:site_name\" content=\"Portal Tela Portugal\" \/>\n<meta property=\"article:published_time\" content=\"2026-04-29T10:03:34+00:00\" \/>\n<meta name=\"author\" content=\"Telinha\" \/>\n<meta name=\"twitter:card\" content=\"summary_large_image\" \/>\n<meta name=\"twitter:label1\" content=\"Escrito por\" \/>\n\t<meta name=\"twitter:data1\" content=\"Telinha\" \/>\n\t<meta name=\"twitter:label2\" content=\"Tempo estimado de leitura\" \/>\n\t<meta name=\"twitter:data2\" content=\"1 minuto\" \/>\n<script type=\"application\/ld+json\" class=\"yoast-schema-graph\">{\"@context\":\"https:\/\/schema.org\",\"@graph\":[{\"@type\":\"Article\",\"@id\":\"https:\/\/portaltela.pt\/noticias\/2026\/04\/29\/mourinho-elogia-francesco-farioli-e-ignora-real-madrid\/#article\",\"isPartOf\":{\"@id\":\"https:\/\/portaltela.pt\/noticias\/2026\/04\/29\/mourinho-elogia-francesco-farioli-e-ignora-real-madrid\/\"},\"author\":{\"name\":\"Telinha\",\"@id\":\"https:\/\/portaltela.pt\/#\/schema\/person\/c4278d4a6028830caff9ee44b42d32ed\"},\"headline\":\"Mourinho elogia Francesco Farioli e ignora Real Madrid\",\"datePublished\":\"2026-04-29T10:03:34+00:00\",\"mainEntityOfPage\":{\"@id\":\"https:\/\/portaltela.pt\/noticias\/2026\/04\/29\/mourinho-elogia-francesco-farioli-e-ignora-real-madrid\/\"},\"wordCount\":169,\"image\":{\"@id\":\"https:\/\/portaltela.pt\/noticias\/2026\/04\/29\/mourinho-elogia-francesco-farioli-e-ignora-real-madrid\/#primaryimage\"},\"thumbnailUrl\":\"https:\/\/portaltela.pt\/s.01k8rhncp4jt1\/2026\/04\/image-102.webp\",\"keywords\":[\"Benfica\",\"futebol\",\"Liga\",\"Mourinho\",\"Porto\",\"Real Madrid\"],\"articleSection\":[\"Desporto\",\"Futebol\"],\"inLanguage\":\"pt-PT\"},{\"@type\":\"WebPage\",\"@id\":\"https:\/\/portaltela.pt\/noticias\/2026\/04\/29\/mourinho-elogia-francesco-farioli-e-ignora-real-madrid\/\",\"url\":\"https:\/\/portaltela.pt\/noticias\/2026\/04\/29\/mourinho-elogia-francesco-farioli-e-ignora-real-madrid\/\",\"name\":\"Mourinho elogia Francesco Farioli e ignora Real Madrid - Portal Tela Portugal\",\"isPartOf\":{\"@id\":\"https:\/\/portaltela.pt\/#website\"},\"primaryImageOfPage\":{\"@id\":\"https:\/\/portaltela.pt\/noticias\/2026\/04\/29\/mourinho-elogia-francesco-farioli-e-ignora-real-madrid\/#primaryimage\"},\"image\":{\"@id\":\"https:\/\/portaltela.pt\/noticias\/2026\/04\/29\/mourinho-elogia-francesco-farioli-e-ignora-real-madrid\/#primaryimage\"},\"thumbnailUrl\":\"https:\/\/portaltela.pt\/s.01k8rhncp4jt1\/2026\/04\/image-102.webp\",\"datePublished\":\"2026-04-29T10:03:34+00:00\",\"author\":{\"@id\":\"https:\/\/portaltela.pt\/#\/schema\/person\/c4278d4a6028830caff9ee44b42d32ed\"},\"breadcrumb\":{\"@id\":\"https:\/\/portaltela.pt\/noticias\/2026\/04\/29\/mourinho-elogia-francesco-farioli-e-ignora-real-madrid\/#breadcrumb\"},\"inLanguage\":\"pt-PT\",\"potentialAction\":[{\"@type\":\"ReadAction\",\"target\":[\"https:\/\/portaltela.pt\/noticias\/2026\/04\/29\/mourinho-elogia-francesco-farioli-e-ignora-real-madrid\/\"]}]},{\"@type\":\"ImageObject\",\"inLanguage\":\"pt-PT\",\"@id\":\"https:\/\/portaltela.pt\/noticias\/2026\/04\/29\/mourinho-elogia-francesco-farioli-e-ignora-real-madrid\/#primaryimage\",\"url\":\"https:\/\/portaltela.pt\/s.01k8rhncp4jt1\/2026\/04\/image-102.webp\",\"contentUrl\":\"https:\/\/portaltela.pt\/s.01k8rhncp4jt1\/2026\/04\/image-102.webp\",\"width\":1200,\"height\":799,\"caption\":\"Jos\u00e9 Mourinho quer levar o Benfica \u00e0 Liga dos Campe\u00f5es\"},{\"@type\":\"BreadcrumbList\",\"@id\":\"https:\/\/portaltela.pt\/noticias\/2026\/04\/29\/mourinho-elogia-francesco-farioli-e-ignora-real-madrid\/#breadcrumb\",\"itemListElement\":[{\"@type\":\"ListItem\",\"position\":1,\"name\":\"In\u00edcio\",\"item\":\"https:\/\/portaltela.pt\/\"},{\"@type\":\"ListItem\",\"position\":2,\"name\":\"Mourinho elogia Francesco Farioli e ignora Real Madrid\"}]},{\"@type\":\"WebSite\",\"@id\":\"https:\/\/portaltela.pt\/#website\",\"url\":\"https:\/\/portaltela.pt\/\",\"name\":\"Portal Tela Portugal\",\"description\":\"\",\"potentialAction\":[{\"@type\":\"SearchAction\",\"target\":{\"@type\":\"EntryPoint\",\"urlTemplate\":\"https:\/\/portaltela.pt\/?s={search_term_string}\"},\"query-input\":{\"@type\":\"PropertyValueSpecification\",\"valueRequired\":true,\"valueName\":\"search_term_string\"}}],\"inLanguage\":\"pt-PT\"},{\"@type\":\"Person\",\"@id\":\"https:\/\/portaltela.pt\/#\/schema\/person\/c4278d4a6028830caff9ee44b42d32ed\",\"name\":\"Telinha\",\"image\":{\"@type\":\"ImageObject\",\"inLanguage\":\"pt-PT\",\"@id\":\"https:\/\/portaltela.pt\/s.01k8rhncp4jt1\/2025\/11\/talking-bot-125x125.png\",\"url\":\"https:\/\/portaltela.pt\/s.01k8rhncp4jt1\/2025\/11\/talking-bot-125x125.png\",\"contentUrl\":\"https:\/\/portaltela.pt\/s.01k8rhncp4jt1\/2025\/11\/talking-bot-125x125.png\",\"caption\":\"Telinha\"},\"sameAs\":[\"https:\/\/portaltela.pt\/\"],\"url\":\"https:\/\/portaltela.pt\/por\/367410592786\/\"}]}<\/script>\n<!-- \/ Yoast SEO plugin. -->","yoast_head_json":{"title":"Mourinho elogia Francesco Farioli e ignora Real Madrid - Portal Tela Portugal","robots":{"index":"index","follow":"follow","max-snippet":"max-snippet:-1","max-image-preview":"max-image-preview:large","max-video-preview":"max-video-preview:-1"},"og_locale":"pt_PT","og_type":"article","og_title":"Mourinho elogia Francesco Farioli e ignora Real Madrid - Portal Tela Portugal","og_description":"Jos\u00e9 Mourinho viajou a It\u00e1lia na ter\u00e7a-feira para compromissos comerciais e concedeu uma entrevista ao Corriere dello Sport. O treinador do Benfica afirmou que o pr\u00f3ximo objetivo \u00e9 levar o Benfica \u00e0 Liga dos Campe\u00f5es. Rejeitou a hip\u00f3tese de se tornar selecionador nacional, dizendo que ainda n\u00e3o chegou a hora. Sobre o Mundial de 2026, comentou que h\u00e1 equipas que v\u00e3o apenas para perder e que a verdadeira festa come\u00e7a nos quartos de final; Portugal tem potencial para vencer. Falando de Francesco Farioli, reconheceu-lhe m\u00e9rito e afirmou que o F. C. Porto merece vencer o campeonato, sem exageros, recusando compara\u00e7\u00f5es com si pr\u00f3prio.","og_url":"https:\/\/portaltela.pt\/noticias\/2026\/04\/29\/mourinho-elogia-francesco-farioli-e-ignora-real-madrid\/","og_site_name":"Portal Tela Portugal","article_published_time":"2026-04-29T10:03:34+00:00","author":"Telinha","twitter_card":"summary_large_image","twitter_misc":{"Escrito por":"Telinha","Tempo estimado de leitura":"1 minuto"},"schema":{"@context":"https:\/\/schema.org","@graph":[{"@type":"Article","@id":"https:\/\/portaltela.pt\/noticias\/2026\/04\/29\/mourinho-elogia-francesco-farioli-e-ignora-real-madrid\/#article","isPartOf":{"@id":"https:\/\/portaltela.pt\/noticias\/2026\/04\/29\/mourinho-elogia-francesco-farioli-e-ignora-real-madrid\/"},"author":{"name":"Telinha","@id":"https:\/\/portaltela.pt\/#\/schema\/person\/c4278d4a6028830caff9ee44b42d32ed"},"headline":"Mourinho elogia Francesco Farioli e ignora Real Madrid","datePublished":"2026-04-29T10:03:34+00:00","mainEntityOfPage":{"@id":"https:\/\/portaltela.pt\/noticias\/2026\/04\/29\/mourinho-elogia-francesco-farioli-e-ignora-real-madrid\/"},"wordCount":169,"image":{"@id":"https:\/\/portaltela.pt\/noticias\/2026\/04\/29\/mourinho-elogia-francesco-farioli-e-ignora-real-madrid\/#primaryimage"},"thumbnailUrl":"https:\/\/portaltela.pt\/s.01k8rhncp4jt1\/2026\/04\/image-102.webp","keywords":["Benfica","futebol","Liga","Mourinho","Porto","Real Madrid"],"articleSection":["Desporto","Futebol"],"inLanguage":"pt-PT"},{"@type":"WebPage","@id":"https:\/\/portaltela.pt\/noticias\/2026\/04\/29\/mourinho-elogia-francesco-farioli-e-ignora-real-madrid\/","url":"https:\/\/portaltela.pt\/noticias\/2026\/04\/29\/mourinho-elogia-francesco-farioli-e-ignora-real-madrid\/","name":"Mourinho elogia Francesco Farioli e ignora Real Madrid - Portal Tela Portugal","isPartOf":{"@id":"https:\/\/portaltela.pt\/#website"},"primaryImageOfPage":{"@id":"https:\/\/portaltela.pt\/noticias\/2026\/04\/29\/mourinho-elogia-francesco-farioli-e-ignora-real-madrid\/#primaryimage"},"image":{"@id":"https:\/\/portaltela.pt\/noticias\/2026\/04\/29\/mourinho-elogia-francesco-farioli-e-ignora-real-madrid\/#primaryimage"},"thumbnailUrl":"https:\/\/portaltela.pt\/s.01k8rhncp4jt1\/2026\/04\/image-102.webp","datePublished":"2026-04-29T10:03:34+00:00","author":{"@id":"https:\/\/portaltela.pt\/#\/schema\/person\/c4278d4a6028830caff9ee44b42d32ed"},"breadcrumb":{"@id":"https:\/\/portaltela.pt\/noticias\/2026\/04\/29\/mourinho-elogia-francesco-farioli-e-ignora-real-madrid\/#breadcrumb"},"inLanguage":"pt-PT","potentialAction":[{"@type":"ReadAction","target":["https:\/\/portaltela.pt\/noticias\/2026\/04\/29\/mourinho-elogia-francesco-farioli-e-ignora-real-madrid\/"]}]},{"@type":"ImageObject","inLanguage":"pt-PT","@id":"https:\/\/portaltela.pt\/noticias\/2026\/04\/29\/mourinho-elogia-francesco-farioli-e-ignora-real-madrid\/#primaryimage","url":"https:\/\/portaltela.pt\/s.01k8rhncp4jt1\/2026\/04\/image-102.webp","contentUrl":"https:\/\/portaltela.pt\/s.01k8rhncp4jt1\/2026\/04\/image-102.webp","width":1200,"height":799,"caption":"Jos\u00e9 Mourinho quer levar o Benfica \u00e0 Liga dos Campe\u00f5es"},{"@type":"BreadcrumbList","@id":"https:\/\/portaltela.pt\/noticias\/2026\/04\/29\/mourinho-elogia-francesco-farioli-e-ignora-real-madrid\/#breadcrumb","itemListElement":[{"@type":"ListItem","position":1,"name":"In\u00edcio","item":"https:\/\/portaltela.pt\/"},{"@type":"ListItem","position":2,"name":"Mourinho elogia Francesco Farioli e ignora Real Madrid"}]},{"@type":"WebSite","@id":"https:\/\/portaltela.pt\/#website","url":"https:\/\/portaltela.pt\/","name":"Portal Tela Portugal","description":"","potentialAction":[{"@type":"SearchAction","target":{"@type":"EntryPoint","urlTemplate":"https:\/\/portaltela.pt\/?s={search_term_string}"},"query-input":{"@type":"PropertyValueSpecification","valueRequired":true,"valueName":"search_term_string"}}],"inLanguage":"pt-PT"},{"@type":"Person","@id":"https:\/\/portaltela.pt\/#\/schema\/person\/c4278d4a6028830caff9ee44b42d32ed","name":"Telinha","image":{"@type":"ImageObject","inLanguage":"pt-PT","@id":"https:\/\/portaltela.pt\/s.01k8rhncp4jt1\/2025\/11\/talking-bot-125x125.png","url":"https:\/\/portaltela.pt\/s.01k8rhncp4jt1\/2025\/11\/talking-bot-125x125.png","contentUrl":"https:\/\/portaltela.pt\/s.01k8rhncp4jt1\/2025\/11\/talking-bot-125x125.png","caption":"Telinha"},"sameAs":["https:\/\/portaltela.pt\/"],"url":"https:\/\/portaltela.pt\/por\/367410592786\/"}]}},"_links":{"self":[{"href":"https:\/\/portaltela.pt\/api\/wp\/v2\/posts\/461073","targetHints":{"allow":["GET"]}}],"collection":[{"href":"https:\/\/portaltela.pt\/api\/wp\/v2\/posts"}],"about":[{"href":"https:\/\/portaltela.pt\/api\/wp\/v2\/types\/post"}],"author":[{"embeddable":true,"href":"https:\/\/portaltela.pt\/api\/wp\/v2\/users\/2"}],"replies":[{"embeddable":true,"href":"https:\/\/portaltela.pt\/api\/wp\/v2\/comments?post=461073"}],"version-history":[{"count":0,"href":"https:\/\/portaltela.pt\/api\/wp\/v2\/posts\/461073\/revisions"}],"wp:featuredmedia":[{"embeddable":true,"href":"https:\/\/portaltela.pt\/api\/wp\/v2\/media\/461076"}],"wp:attachment":[{"href":"https:\/\/portaltela.pt\/api\/wp\/v2\/media?parent=461073"}],"wp:term":[{"taxonomy":"category","embeddable":true,"href":"https:\/\/portaltela.pt\/api\/wp\/v2\/categories?post=461073"},{"taxonomy":"post_tag","embeddable":true,"href":"https:\/\/portaltela.pt\/api\/wp\/v2\/tags?post=461073"}],"curies":[{"name":"wp","href":"https:\/\/api.w.org\/{rel}","templated":true}]}}