{"id":461069,"date":"2026-04-29T07:03:24","date_gmt":"2026-04-29T10:03:24","guid":{"rendered":"https:\/\/portaltela.pt\/noticias\/2026\/04\/29\/tapsoba-renova-contrato-com-o-bayer-leverkusen\/"},"modified":"2026-04-29T07:03:24","modified_gmt":"2026-04-29T10:03:24","slug":"tapsoba-renova-contrato-com-o-bayer-leverkusen","status":"publish","type":"post","link":"https:\/\/portaltela.pt\/desporto\/futebol\/2026\/04\/29\/tapsoba-renova-contrato-com-o-bayer-leverkusen\/","title":{"rendered":"Tapsoba renova contrato com o Bayer Leverkusen"},"content":{"rendered":"<p>O Bayer Leverkusen anunciou a renova\u00e7\u00e3o com o defesa Edmond Tapsoba at\u00e9 2031. A not\u00edcia foi revelada nesta quarta-feira pelo clube alem\u00e3o.<\/p>\n<p>O internacional do Burkina Faso chegou ao Leverkusen em 2020, vindo do Vit\u00f3ria de Guimar\u00e3es por 20,2 milh\u00f5es de euros. Contou com 267 jogos pelo clube at\u00e9 ao momento, com 13 golos e 6 assist\u00eancias.<\/p>\n<p>Tapsoba tem sido uma pe\u00e7a-chave na conquista da Bundesliga de 2023\/24 e na Ta\u00e7a da Alemanha da mesma \u00e9poca, contribuindo para o goleiro e para o desempenho global da equipa, segundo o clube.<\/p>\n<p>Em comunicado aos meios de comunica\u00e7\u00e3o do Leverkusen, o defesa descreveu a renova\u00e7\u00e3o como algo extraordin\u00e1rio e emocional, referindo que o Leverkusen se tornou uma segunda casa com muitos amigos e momentos memor\u00e1veis, e que o objetivo \u00e9 voltar a alcan\u00e7ar grandes t\u00edtulos no futuro.<\/p>\n","protected":false},"excerpt":{"rendered":"<ul>\n<li>O Bayer Leverkusen anunciou a renova\u00e7\u00e3o contratual com o central Edmond Tapsoba at\u00e9 2031.<\/li>\n<li>Tapsoba foi contratado ao V. Guimar\u00e3es por 20,2 milh\u00f5es de euros no mercado de inverno de 2020.<\/li>\n<li>O internacional burquinabense soma 267 jogos pelo Leverkusen, com 13 golos e 6 assist\u00eancias.<\/li>\n<li>Foi fundamental na conquista da Bundesliga na temporada 2023\/24 e na Ta\u00e7a da Alemanha nesse mesmo ciclo.<\/li>\n<li>O jogador descreveu a renova\u00e7\u00e3o como algo extraordin\u00e1rio e emocional, considerand o Leverkusen uma \u201csegunda casa\u201d.<\/li>\n<\/ul>\n","protected":false},"author":2,"featured_media":461071,"comment_status":"closed","ping_status":"closed","sticky":false,"template":"","format":"standard","meta":{"footnotes":""},"categories":[21,24],"tags":[2256,6574,32,81,242,9930],"class_list":["post-461069","post","type-post","status-publish","format-standard","has-post-thumbnail","hentry","category-desporto","category-futebol","tag-burkina-faso","tag-defesa","tag-futebol","tag-internacionais","tag-jogadores","tag-taca-da-alemanha"],"yoast_head":"<!-- This site is optimized with the Yoast SEO plugin v27.2 - https:\/\/yoast.com\/product\/yoast-seo-wordpress\/ -->\n<title>Tapsoba renova contrato com o Bayer Leverkusen - Portal Tela Portugal<\/title>\n<meta name=\"robots\" content=\"index, follow, max-snippet:-1, max-image-preview:large, max-video-preview:-1\" \/>\n<meta property=\"og:locale\" content=\"pt_PT\" \/>\n<meta property=\"og:type\" content=\"article\" \/>\n<meta property=\"og:title\" content=\"Tapsoba renova contrato com o Bayer Leverkusen - Portal Tela Portugal\" \/>\n<meta property=\"og:description\" content=\"O Bayer Leverkusen anunciou a renova\u00e7\u00e3o contratual com o central Edmond Tapsoba at\u00e9 2031. Tapsoba foi contratado ao V. Guimar\u00e3es por 20,2 milh\u00f5es de euros no mercado de inverno de 2020. O internacional burquinabense soma 267 jogos pelo Leverkusen, com 13 golos e 6 assist\u00eancias. Foi fundamental na conquista da Bundesliga na temporada 2023\/24 e na Ta\u00e7a da Alemanha nesse mesmo ciclo. O jogador descreveu a renova\u00e7\u00e3o como algo extraordin\u00e1rio e emocional, considerand o Leverkusen uma \u201csegunda casa\u201d.\" \/>\n<meta property=\"og:url\" content=\"https:\/\/portaltela.pt\/noticias\/2026\/04\/29\/tapsoba-renova-contrato-com-o-bayer-leverkusen\/\" \/>\n<meta property=\"og:site_name\" content=\"Portal Tela Portugal\" \/>\n<meta property=\"article:published_time\" content=\"2026-04-29T10:03:24+00:00\" \/>\n<meta name=\"author\" content=\"Telinha\" \/>\n<meta name=\"twitter:card\" content=\"summary_large_image\" \/>\n<meta name=\"twitter:label1\" content=\"Escrito por\" \/>\n\t<meta name=\"twitter:data1\" content=\"Telinha\" \/>\n\t<meta name=\"twitter:label2\" content=\"Tempo estimado de leitura\" \/>\n\t<meta name=\"twitter:data2\" content=\"1 minuto\" \/>\n<script type=\"application\/ld+json\" class=\"yoast-schema-graph\">{\"@context\":\"https:\/\/schema.org\",\"@graph\":[{\"@type\":\"Article\",\"@id\":\"https:\/\/portaltela.pt\/noticias\/2026\/04\/29\/tapsoba-renova-contrato-com-o-bayer-leverkusen\/#article\",\"isPartOf\":{\"@id\":\"https:\/\/portaltela.pt\/noticias\/2026\/04\/29\/tapsoba-renova-contrato-com-o-bayer-leverkusen\/\"},\"author\":{\"name\":\"Telinha\",\"@id\":\"https:\/\/portaltela.pt\/#\/schema\/person\/c4278d4a6028830caff9ee44b42d32ed\"},\"headline\":\"Tapsoba renova contrato com o Bayer Leverkusen\",\"datePublished\":\"2026-04-29T10:03:24+00:00\",\"mainEntityOfPage\":{\"@id\":\"https:\/\/portaltela.pt\/noticias\/2026\/04\/29\/tapsoba-renova-contrato-com-o-bayer-leverkusen\/\"},\"wordCount\":149,\"image\":{\"@id\":\"https:\/\/portaltela.pt\/noticias\/2026\/04\/29\/tapsoba-renova-contrato-com-o-bayer-leverkusen\/#primaryimage\"},\"thumbnailUrl\":\"https:\/\/portaltela.pt\/s.01k8rhncp4jt1\/2026\/04\/img_920x518uu2026-04-29-10-49-18-2435868-im-639130565729517016.jpg\",\"keywords\":[\"Burkina Faso\",\"defesa\",\"futebol\",\"internacionais\",\"jogadores\",\"Ta\u00e7a da Alemanha\"],\"articleSection\":[\"Desporto\",\"Futebol\"],\"inLanguage\":\"pt-PT\"},{\"@type\":\"WebPage\",\"@id\":\"https:\/\/portaltela.pt\/noticias\/2026\/04\/29\/tapsoba-renova-contrato-com-o-bayer-leverkusen\/\",\"url\":\"https:\/\/portaltela.pt\/noticias\/2026\/04\/29\/tapsoba-renova-contrato-com-o-bayer-leverkusen\/\",\"name\":\"Tapsoba renova contrato com o Bayer Leverkusen - Portal Tela Portugal\",\"isPartOf\":{\"@id\":\"https:\/\/portaltela.pt\/#website\"},\"primaryImageOfPage\":{\"@id\":\"https:\/\/portaltela.pt\/noticias\/2026\/04\/29\/tapsoba-renova-contrato-com-o-bayer-leverkusen\/#primaryimage\"},\"image\":{\"@id\":\"https:\/\/portaltela.pt\/noticias\/2026\/04\/29\/tapsoba-renova-contrato-com-o-bayer-leverkusen\/#primaryimage\"},\"thumbnailUrl\":\"https:\/\/portaltela.pt\/s.01k8rhncp4jt1\/2026\/04\/img_920x518uu2026-04-29-10-49-18-2435868-im-639130565729517016.jpg\",\"datePublished\":\"2026-04-29T10:03:24+00:00\",\"author\":{\"@id\":\"https:\/\/portaltela.pt\/#\/schema\/person\/c4278d4a6028830caff9ee44b42d32ed\"},\"breadcrumb\":{\"@id\":\"https:\/\/portaltela.pt\/noticias\/2026\/04\/29\/tapsoba-renova-contrato-com-o-bayer-leverkusen\/#breadcrumb\"},\"inLanguage\":\"pt-PT\",\"potentialAction\":[{\"@type\":\"ReadAction\",\"target\":[\"https:\/\/portaltela.pt\/noticias\/2026\/04\/29\/tapsoba-renova-contrato-com-o-bayer-leverkusen\/\"]}]},{\"@type\":\"ImageObject\",\"inLanguage\":\"pt-PT\",\"@id\":\"https:\/\/portaltela.pt\/noticias\/2026\/04\/29\/tapsoba-renova-contrato-com-o-bayer-leverkusen\/#primaryimage\",\"url\":\"https:\/\/portaltela.pt\/s.01k8rhncp4jt1\/2026\/04\/img_920x518uu2026-04-29-10-49-18-2435868-im-639130565729517016.jpg\",\"contentUrl\":\"https:\/\/portaltela.pt\/s.01k8rhncp4jt1\/2026\/04\/img_920x518uu2026-04-29-10-49-18-2435868-im-639130565729517016.jpg\",\"width\":796,\"height\":448,\"caption\":\"Tapsoba em a\u00e7\u00e3o frente ao Bayern Munique\"},{\"@type\":\"BreadcrumbList\",\"@id\":\"https:\/\/portaltela.pt\/noticias\/2026\/04\/29\/tapsoba-renova-contrato-com-o-bayer-leverkusen\/#breadcrumb\",\"itemListElement\":[{\"@type\":\"ListItem\",\"position\":1,\"name\":\"In\u00edcio\",\"item\":\"https:\/\/portaltela.pt\/\"},{\"@type\":\"ListItem\",\"position\":2,\"name\":\"Tapsoba renova contrato com o Bayer Leverkusen\"}]},{\"@type\":\"WebSite\",\"@id\":\"https:\/\/portaltela.pt\/#website\",\"url\":\"https:\/\/portaltela.pt\/\",\"name\":\"Portal Tela Portugal\",\"description\":\"\",\"potentialAction\":[{\"@type\":\"SearchAction\",\"target\":{\"@type\":\"EntryPoint\",\"urlTemplate\":\"https:\/\/portaltela.pt\/?s={search_term_string}\"},\"query-input\":{\"@type\":\"PropertyValueSpecification\",\"valueRequired\":true,\"valueName\":\"search_term_string\"}}],\"inLanguage\":\"pt-PT\"},{\"@type\":\"Person\",\"@id\":\"https:\/\/portaltela.pt\/#\/schema\/person\/c4278d4a6028830caff9ee44b42d32ed\",\"name\":\"Telinha\",\"image\":{\"@type\":\"ImageObject\",\"inLanguage\":\"pt-PT\",\"@id\":\"https:\/\/portaltela.pt\/s.01k8rhncp4jt1\/2025\/11\/talking-bot-125x125.png\",\"url\":\"https:\/\/portaltela.pt\/s.01k8rhncp4jt1\/2025\/11\/talking-bot-125x125.png\",\"contentUrl\":\"https:\/\/portaltela.pt\/s.01k8rhncp4jt1\/2025\/11\/talking-bot-125x125.png\",\"caption\":\"Telinha\"},\"sameAs\":[\"https:\/\/portaltela.pt\/\"],\"url\":\"https:\/\/portaltela.pt\/por\/367410592786\/\"}]}<\/script>\n<!-- \/ Yoast SEO plugin. -->","yoast_head_json":{"title":"Tapsoba renova contrato com o Bayer Leverkusen - Portal Tela Portugal","robots":{"index":"index","follow":"follow","max-snippet":"max-snippet:-1","max-image-preview":"max-image-preview:large","max-video-preview":"max-video-preview:-1"},"og_locale":"pt_PT","og_type":"article","og_title":"Tapsoba renova contrato com o Bayer Leverkusen - Portal Tela Portugal","og_description":"O Bayer Leverkusen anunciou a renova\u00e7\u00e3o contratual com o central Edmond Tapsoba at\u00e9 2031. Tapsoba foi contratado ao V. Guimar\u00e3es por 20,2 milh\u00f5es de euros no mercado de inverno de 2020. O internacional burquinabense soma 267 jogos pelo Leverkusen, com 13 golos e 6 assist\u00eancias. Foi fundamental na conquista da Bundesliga na temporada 2023\/24 e na Ta\u00e7a da Alemanha nesse mesmo ciclo. O jogador descreveu a renova\u00e7\u00e3o como algo extraordin\u00e1rio e emocional, considerand o Leverkusen uma \u201csegunda casa\u201d.","og_url":"https:\/\/portaltela.pt\/noticias\/2026\/04\/29\/tapsoba-renova-contrato-com-o-bayer-leverkusen\/","og_site_name":"Portal Tela Portugal","article_published_time":"2026-04-29T10:03:24+00:00","author":"Telinha","twitter_card":"summary_large_image","twitter_misc":{"Escrito por":"Telinha","Tempo estimado de leitura":"1 minuto"},"schema":{"@context":"https:\/\/schema.org","@graph":[{"@type":"Article","@id":"https:\/\/portaltela.pt\/noticias\/2026\/04\/29\/tapsoba-renova-contrato-com-o-bayer-leverkusen\/#article","isPartOf":{"@id":"https:\/\/portaltela.pt\/noticias\/2026\/04\/29\/tapsoba-renova-contrato-com-o-bayer-leverkusen\/"},"author":{"name":"Telinha","@id":"https:\/\/portaltela.pt\/#\/schema\/person\/c4278d4a6028830caff9ee44b42d32ed"},"headline":"Tapsoba renova contrato com o Bayer Leverkusen","datePublished":"2026-04-29T10:03:24+00:00","mainEntityOfPage":{"@id":"https:\/\/portaltela.pt\/noticias\/2026\/04\/29\/tapsoba-renova-contrato-com-o-bayer-leverkusen\/"},"wordCount":149,"image":{"@id":"https:\/\/portaltela.pt\/noticias\/2026\/04\/29\/tapsoba-renova-contrato-com-o-bayer-leverkusen\/#primaryimage"},"thumbnailUrl":"https:\/\/portaltela.pt\/s.01k8rhncp4jt1\/2026\/04\/img_920x518uu2026-04-29-10-49-18-2435868-im-639130565729517016.jpg","keywords":["Burkina Faso","defesa","futebol","internacionais","jogadores","Ta\u00e7a da Alemanha"],"articleSection":["Desporto","Futebol"],"inLanguage":"pt-PT"},{"@type":"WebPage","@id":"https:\/\/portaltela.pt\/noticias\/2026\/04\/29\/tapsoba-renova-contrato-com-o-bayer-leverkusen\/","url":"https:\/\/portaltela.pt\/noticias\/2026\/04\/29\/tapsoba-renova-contrato-com-o-bayer-leverkusen\/","name":"Tapsoba renova contrato com o Bayer Leverkusen - Portal Tela Portugal","isPartOf":{"@id":"https:\/\/portaltela.pt\/#website"},"primaryImageOfPage":{"@id":"https:\/\/portaltela.pt\/noticias\/2026\/04\/29\/tapsoba-renova-contrato-com-o-bayer-leverkusen\/#primaryimage"},"image":{"@id":"https:\/\/portaltela.pt\/noticias\/2026\/04\/29\/tapsoba-renova-contrato-com-o-bayer-leverkusen\/#primaryimage"},"thumbnailUrl":"https:\/\/portaltela.pt\/s.01k8rhncp4jt1\/2026\/04\/img_920x518uu2026-04-29-10-49-18-2435868-im-639130565729517016.jpg","datePublished":"2026-04-29T10:03:24+00:00","author":{"@id":"https:\/\/portaltela.pt\/#\/schema\/person\/c4278d4a6028830caff9ee44b42d32ed"},"breadcrumb":{"@id":"https:\/\/portaltela.pt\/noticias\/2026\/04\/29\/tapsoba-renova-contrato-com-o-bayer-leverkusen\/#breadcrumb"},"inLanguage":"pt-PT","potentialAction":[{"@type":"ReadAction","target":["https:\/\/portaltela.pt\/noticias\/2026\/04\/29\/tapsoba-renova-contrato-com-o-bayer-leverkusen\/"]}]},{"@type":"ImageObject","inLanguage":"pt-PT","@id":"https:\/\/portaltela.pt\/noticias\/2026\/04\/29\/tapsoba-renova-contrato-com-o-bayer-leverkusen\/#primaryimage","url":"https:\/\/portaltela.pt\/s.01k8rhncp4jt1\/2026\/04\/img_920x518uu2026-04-29-10-49-18-2435868-im-639130565729517016.jpg","contentUrl":"https:\/\/portaltela.pt\/s.01k8rhncp4jt1\/2026\/04\/img_920x518uu2026-04-29-10-49-18-2435868-im-639130565729517016.jpg","width":796,"height":448,"caption":"Tapsoba em a\u00e7\u00e3o frente ao Bayern Munique"},{"@type":"BreadcrumbList","@id":"https:\/\/portaltela.pt\/noticias\/2026\/04\/29\/tapsoba-renova-contrato-com-o-bayer-leverkusen\/#breadcrumb","itemListElement":[{"@type":"ListItem","position":1,"name":"In\u00edcio","item":"https:\/\/portaltela.pt\/"},{"@type":"ListItem","position":2,"name":"Tapsoba renova contrato com o Bayer Leverkusen"}]},{"@type":"WebSite","@id":"https:\/\/portaltela.pt\/#website","url":"https:\/\/portaltela.pt\/","name":"Portal Tela Portugal","description":"","potentialAction":[{"@type":"SearchAction","target":{"@type":"EntryPoint","urlTemplate":"https:\/\/portaltela.pt\/?s={search_term_string}"},"query-input":{"@type":"PropertyValueSpecification","valueRequired":true,"valueName":"search_term_string"}}],"inLanguage":"pt-PT"},{"@type":"Person","@id":"https:\/\/portaltela.pt\/#\/schema\/person\/c4278d4a6028830caff9ee44b42d32ed","name":"Telinha","image":{"@type":"ImageObject","inLanguage":"pt-PT","@id":"https:\/\/portaltela.pt\/s.01k8rhncp4jt1\/2025\/11\/talking-bot-125x125.png","url":"https:\/\/portaltela.pt\/s.01k8rhncp4jt1\/2025\/11\/talking-bot-125x125.png","contentUrl":"https:\/\/portaltela.pt\/s.01k8rhncp4jt1\/2025\/11\/talking-bot-125x125.png","caption":"Telinha"},"sameAs":["https:\/\/portaltela.pt\/"],"url":"https:\/\/portaltela.pt\/por\/367410592786\/"}]}},"_links":{"self":[{"href":"https:\/\/portaltela.pt\/api\/wp\/v2\/posts\/461069","targetHints":{"allow":["GET"]}}],"collection":[{"href":"https:\/\/portaltela.pt\/api\/wp\/v2\/posts"}],"about":[{"href":"https:\/\/portaltela.pt\/api\/wp\/v2\/types\/post"}],"author":[{"embeddable":true,"href":"https:\/\/portaltela.pt\/api\/wp\/v2\/users\/2"}],"replies":[{"embeddable":true,"href":"https:\/\/portaltela.pt\/api\/wp\/v2\/comments?post=461069"}],"version-history":[{"count":0,"href":"https:\/\/portaltela.pt\/api\/wp\/v2\/posts\/461069\/revisions"}],"wp:featuredmedia":[{"embeddable":true,"href":"https:\/\/portaltela.pt\/api\/wp\/v2\/media\/461071"}],"wp:attachment":[{"href":"https:\/\/portaltela.pt\/api\/wp\/v2\/media?parent=461069"}],"wp:term":[{"taxonomy":"category","embeddable":true,"href":"https:\/\/portaltela.pt\/api\/wp\/v2\/categories?post=461069"},{"taxonomy":"post_tag","embeddable":true,"href":"https:\/\/portaltela.pt\/api\/wp\/v2\/tags?post=461069"}],"curies":[{"name":"wp","href":"https:\/\/api.w.org\/{rel}","templated":true}]}}