{"id":461066,"date":"2026-04-29T07:03:21","date_gmt":"2026-04-29T10:03:21","guid":{"rendered":"https:\/\/portaltela.pt\/noticias\/2026\/04\/29\/clube-dos-poetas-mortos-estreia-se-com-forte-procura-e-reflexao-sobre-liberdade\/"},"modified":"2026-04-29T07:03:21","modified_gmt":"2026-04-29T10:03:21","slug":"clube-dos-poetas-mortos-estreia-se-com-forte-procura-e-reflexao-sobre-liberdade","status":"publish","type":"post","link":"https:\/\/portaltela.pt\/noticias\/2026\/04\/29\/clube-dos-poetas-mortos-estreia-se-com-forte-procura-e-reflexao-sobre-liberdade\/","title":{"rendered":"Clube dos Poetas Mortos estreia-se com forte procura e reflex\u00e3o sobre liberdade"},"content":{"rendered":"<p>O espet\u00e1culo teatral &#8220;Clube dos Poetas Mortos&#8221; estreou-se com procura expressiva, refletindo sobre a liberdade. A not\u00edcia apresenta a estreia como o ponto central, sem ainda divulgar dados adicionais sobre o elenco ou o local.<\/p>\n<p>A produ\u00e7\u00e3o tem como eixo tem\u00e1tico a liberdade, gerando interesse entre o p\u00fablico e contribuindo para o debate sobre esse conceito. A reportagem n\u00e3o confirma data, cidade ou respons\u00e1veis envolvidos.<\/p>\n<p>N\u00e3o foram fornecidos detalhes oficiais sobre quando ocorreu a estreia nem onde decorreu, mantendo o foco na informa\u00e7\u00e3o dispon\u00edvel: a estreia ocorreu e atraiu forte procura, com apelo \u00e0 reflex\u00e3o sobre liberdade.<\/p>\n","protected":false},"excerpt":{"rendered":"<ul>\n<li>\u201cClube dos Poetas Mortos\u201d estreia-se com forte procura do p\u00fablico.<\/li>\n<li>A estreia provoca reflex\u00e3o sobre a liberdade.<\/li>\n<li>O conte\u00fado fornecido n\u00e3o detalha datas, locais ou n\u00fameros adicionais.<\/li>\n<li>N\u00e3o h\u00e1 informa\u00e7\u00f5es sobre o formato ou o elenco no trecho apresentado.<\/li>\n<\/ul>\n","protected":false},"author":2,"featured_media":461070,"comment_status":"closed","ping_status":"closed","sticky":false,"template":"","format":"standard","meta":{"footnotes":""},"categories":[7375,1],"tags":[145,2116,2920,7911,119],"class_list":["post-461066","post","type-post","status-publish","format-standard","has-post-thumbnail","hentry","category-cultura","category-noticias","tag-cultura","tag-espetaculos","tag-liberdade-de-expressao","tag-poetas","tag-teatro"],"yoast_head":"<!-- This site is optimized with the Yoast SEO plugin v27.2 - https:\/\/yoast.com\/product\/yoast-seo-wordpress\/ -->\n<title>Clube dos Poetas Mortos estreia-se com forte procura e reflex\u00e3o sobre liberdade - Portal Tela Portugal<\/title>\n<meta name=\"robots\" content=\"index, follow, max-snippet:-1, max-image-preview:large, max-video-preview:-1\" \/>\n<meta property=\"og:locale\" content=\"pt_PT\" \/>\n<meta property=\"og:type\" content=\"article\" \/>\n<meta property=\"og:title\" content=\"Clube dos Poetas Mortos estreia-se com forte procura e reflex\u00e3o sobre liberdade - Portal Tela Portugal\" \/>\n<meta property=\"og:description\" content=\"\u201cClube dos Poetas Mortos\u201d estreia-se com forte procura do p\u00fablico. A estreia provoca reflex\u00e3o sobre a liberdade. O conte\u00fado fornecido n\u00e3o detalha datas, locais ou n\u00fameros adicionais. N\u00e3o h\u00e1 informa\u00e7\u00f5es sobre o formato ou o elenco no trecho apresentado.\" \/>\n<meta property=\"og:url\" content=\"https:\/\/portaltela.pt\/noticias\/2026\/04\/29\/clube-dos-poetas-mortos-estreia-se-com-forte-procura-e-reflexao-sobre-liberdade\/\" \/>\n<meta property=\"og:site_name\" content=\"Portal Tela Portugal\" \/>\n<meta property=\"article:published_time\" content=\"2026-04-29T10:03:21+00:00\" \/>\n<meta name=\"author\" content=\"Telinha\" \/>\n<meta name=\"twitter:card\" content=\"summary_large_image\" \/>\n<meta name=\"twitter:label1\" content=\"Escrito por\" \/>\n\t<meta name=\"twitter:data1\" content=\"Telinha\" \/>\n\t<meta name=\"twitter:label2\" content=\"Tempo estimado de leitura\" \/>\n\t<meta name=\"twitter:data2\" content=\"1 minuto\" \/>\n<script type=\"application\/ld+json\" class=\"yoast-schema-graph\">{\"@context\":\"https:\/\/schema.org\",\"@graph\":[{\"@type\":\"Article\",\"@id\":\"https:\/\/portaltela.pt\/noticias\/2026\/04\/29\/clube-dos-poetas-mortos-estreia-se-com-forte-procura-e-reflexao-sobre-liberdade\/#article\",\"isPartOf\":{\"@id\":\"https:\/\/portaltela.pt\/noticias\/2026\/04\/29\/clube-dos-poetas-mortos-estreia-se-com-forte-procura-e-reflexao-sobre-liberdade\/\"},\"author\":{\"name\":\"Telinha\",\"@id\":\"https:\/\/portaltela.pt\/#\/schema\/person\/c4278d4a6028830caff9ee44b42d32ed\"},\"headline\":\"Clube dos Poetas Mortos estreia-se com forte procura e reflex\u00e3o sobre liberdade\",\"datePublished\":\"2026-04-29T10:03:21+00:00\",\"mainEntityOfPage\":{\"@id\":\"https:\/\/portaltela.pt\/noticias\/2026\/04\/29\/clube-dos-poetas-mortos-estreia-se-com-forte-procura-e-reflexao-sobre-liberdade\/\"},\"wordCount\":120,\"image\":{\"@id\":\"https:\/\/portaltela.pt\/noticias\/2026\/04\/29\/clube-dos-poetas-mortos-estreia-se-com-forte-procura-e-reflexao-sobre-liberdade\/#primaryimage\"},\"thumbnailUrl\":\"https:\/\/portaltela.pt\/s.01k8rhncp4jt1\/2026\/04\/CACHE_780X1200_ANALOG_WATERMARKED_42295308_2345901_07022024073234.jpg\",\"keywords\":[\"cultura\",\"espet\u00e1culos\",\"liberdade de express\u00e3o\",\"poetas\",\"teatro\"],\"articleSection\":[\"Cultura\",\"Not\u00edcias\"],\"inLanguage\":\"pt-PT\"},{\"@type\":\"WebPage\",\"@id\":\"https:\/\/portaltela.pt\/noticias\/2026\/04\/29\/clube-dos-poetas-mortos-estreia-se-com-forte-procura-e-reflexao-sobre-liberdade\/\",\"url\":\"https:\/\/portaltela.pt\/noticias\/2026\/04\/29\/clube-dos-poetas-mortos-estreia-se-com-forte-procura-e-reflexao-sobre-liberdade\/\",\"name\":\"Clube dos Poetas Mortos estreia-se com forte procura e reflex\u00e3o sobre liberdade - Portal Tela Portugal\",\"isPartOf\":{\"@id\":\"https:\/\/portaltela.pt\/#website\"},\"primaryImageOfPage\":{\"@id\":\"https:\/\/portaltela.pt\/noticias\/2026\/04\/29\/clube-dos-poetas-mortos-estreia-se-com-forte-procura-e-reflexao-sobre-liberdade\/#primaryimage\"},\"image\":{\"@id\":\"https:\/\/portaltela.pt\/noticias\/2026\/04\/29\/clube-dos-poetas-mortos-estreia-se-com-forte-procura-e-reflexao-sobre-liberdade\/#primaryimage\"},\"thumbnailUrl\":\"https:\/\/portaltela.pt\/s.01k8rhncp4jt1\/2026\/04\/CACHE_780X1200_ANALOG_WATERMARKED_42295308_2345901_07022024073234.jpg\",\"datePublished\":\"2026-04-29T10:03:21+00:00\",\"author\":{\"@id\":\"https:\/\/portaltela.pt\/#\/schema\/person\/c4278d4a6028830caff9ee44b42d32ed\"},\"breadcrumb\":{\"@id\":\"https:\/\/portaltela.pt\/noticias\/2026\/04\/29\/clube-dos-poetas-mortos-estreia-se-com-forte-procura-e-reflexao-sobre-liberdade\/#breadcrumb\"},\"inLanguage\":\"pt-PT\",\"potentialAction\":[{\"@type\":\"ReadAction\",\"target\":[\"https:\/\/portaltela.pt\/noticias\/2026\/04\/29\/clube-dos-poetas-mortos-estreia-se-com-forte-procura-e-reflexao-sobre-liberdade\/\"]}]},{\"@type\":\"ImageObject\",\"inLanguage\":\"pt-PT\",\"@id\":\"https:\/\/portaltela.pt\/noticias\/2026\/04\/29\/clube-dos-poetas-mortos-estreia-se-com-forte-procura-e-reflexao-sobre-liberdade\/#primaryimage\",\"url\":\"https:\/\/portaltela.pt\/s.01k8rhncp4jt1\/2026\/04\/CACHE_780X1200_ANALOG_WATERMARKED_42295308_2345901_07022024073234.jpg\",\"contentUrl\":\"https:\/\/portaltela.pt\/s.01k8rhncp4jt1\/2026\/04\/CACHE_780X1200_ANALOG_WATERMARKED_42295308_2345901_07022024073234.jpg\",\"width\":796,\"height\":448,\"caption\":\"\u201cClube dos Poetas Mortos\u201d estreia-se com forte procura e apelo \u00e0 reflex\u00e3o sobre liberdade\"},{\"@type\":\"BreadcrumbList\",\"@id\":\"https:\/\/portaltela.pt\/noticias\/2026\/04\/29\/clube-dos-poetas-mortos-estreia-se-com-forte-procura-e-reflexao-sobre-liberdade\/#breadcrumb\",\"itemListElement\":[{\"@type\":\"ListItem\",\"position\":1,\"name\":\"In\u00edcio\",\"item\":\"https:\/\/portaltela.pt\/\"},{\"@type\":\"ListItem\",\"position\":2,\"name\":\"Clube dos Poetas Mortos estreia-se com forte procura e reflex\u00e3o sobre liberdade\"}]},{\"@type\":\"WebSite\",\"@id\":\"https:\/\/portaltela.pt\/#website\",\"url\":\"https:\/\/portaltela.pt\/\",\"name\":\"Portal Tela Portugal\",\"description\":\"\",\"potentialAction\":[{\"@type\":\"SearchAction\",\"target\":{\"@type\":\"EntryPoint\",\"urlTemplate\":\"https:\/\/portaltela.pt\/?s={search_term_string}\"},\"query-input\":{\"@type\":\"PropertyValueSpecification\",\"valueRequired\":true,\"valueName\":\"search_term_string\"}}],\"inLanguage\":\"pt-PT\"},{\"@type\":\"Person\",\"@id\":\"https:\/\/portaltela.pt\/#\/schema\/person\/c4278d4a6028830caff9ee44b42d32ed\",\"name\":\"Telinha\",\"image\":{\"@type\":\"ImageObject\",\"inLanguage\":\"pt-PT\",\"@id\":\"https:\/\/portaltela.pt\/s.01k8rhncp4jt1\/2025\/11\/talking-bot-125x125.png\",\"url\":\"https:\/\/portaltela.pt\/s.01k8rhncp4jt1\/2025\/11\/talking-bot-125x125.png\",\"contentUrl\":\"https:\/\/portaltela.pt\/s.01k8rhncp4jt1\/2025\/11\/talking-bot-125x125.png\",\"caption\":\"Telinha\"},\"sameAs\":[\"https:\/\/portaltela.pt\/\"],\"url\":\"https:\/\/portaltela.pt\/por\/367410592786\/\"}]}<\/script>\n<!-- \/ Yoast SEO plugin. -->","yoast_head_json":{"title":"Clube dos Poetas Mortos estreia-se com forte procura e reflex\u00e3o sobre liberdade - Portal Tela Portugal","robots":{"index":"index","follow":"follow","max-snippet":"max-snippet:-1","max-image-preview":"max-image-preview:large","max-video-preview":"max-video-preview:-1"},"og_locale":"pt_PT","og_type":"article","og_title":"Clube dos Poetas Mortos estreia-se com forte procura e reflex\u00e3o sobre liberdade - Portal Tela Portugal","og_description":"\u201cClube dos Poetas Mortos\u201d estreia-se com forte procura do p\u00fablico. A estreia provoca reflex\u00e3o sobre a liberdade. O conte\u00fado fornecido n\u00e3o detalha datas, locais ou n\u00fameros adicionais. N\u00e3o h\u00e1 informa\u00e7\u00f5es sobre o formato ou o elenco no trecho apresentado.","og_url":"https:\/\/portaltela.pt\/noticias\/2026\/04\/29\/clube-dos-poetas-mortos-estreia-se-com-forte-procura-e-reflexao-sobre-liberdade\/","og_site_name":"Portal Tela Portugal","article_published_time":"2026-04-29T10:03:21+00:00","author":"Telinha","twitter_card":"summary_large_image","twitter_misc":{"Escrito por":"Telinha","Tempo estimado de leitura":"1 minuto"},"schema":{"@context":"https:\/\/schema.org","@graph":[{"@type":"Article","@id":"https:\/\/portaltela.pt\/noticias\/2026\/04\/29\/clube-dos-poetas-mortos-estreia-se-com-forte-procura-e-reflexao-sobre-liberdade\/#article","isPartOf":{"@id":"https:\/\/portaltela.pt\/noticias\/2026\/04\/29\/clube-dos-poetas-mortos-estreia-se-com-forte-procura-e-reflexao-sobre-liberdade\/"},"author":{"name":"Telinha","@id":"https:\/\/portaltela.pt\/#\/schema\/person\/c4278d4a6028830caff9ee44b42d32ed"},"headline":"Clube dos Poetas Mortos estreia-se com forte procura e reflex\u00e3o sobre liberdade","datePublished":"2026-04-29T10:03:21+00:00","mainEntityOfPage":{"@id":"https:\/\/portaltela.pt\/noticias\/2026\/04\/29\/clube-dos-poetas-mortos-estreia-se-com-forte-procura-e-reflexao-sobre-liberdade\/"},"wordCount":120,"image":{"@id":"https:\/\/portaltela.pt\/noticias\/2026\/04\/29\/clube-dos-poetas-mortos-estreia-se-com-forte-procura-e-reflexao-sobre-liberdade\/#primaryimage"},"thumbnailUrl":"https:\/\/portaltela.pt\/s.01k8rhncp4jt1\/2026\/04\/CACHE_780X1200_ANALOG_WATERMARKED_42295308_2345901_07022024073234.jpg","keywords":["cultura","espet\u00e1culos","liberdade de express\u00e3o","poetas","teatro"],"articleSection":["Cultura","Not\u00edcias"],"inLanguage":"pt-PT"},{"@type":"WebPage","@id":"https:\/\/portaltela.pt\/noticias\/2026\/04\/29\/clube-dos-poetas-mortos-estreia-se-com-forte-procura-e-reflexao-sobre-liberdade\/","url":"https:\/\/portaltela.pt\/noticias\/2026\/04\/29\/clube-dos-poetas-mortos-estreia-se-com-forte-procura-e-reflexao-sobre-liberdade\/","name":"Clube dos Poetas Mortos estreia-se com forte procura e reflex\u00e3o sobre liberdade - Portal Tela Portugal","isPartOf":{"@id":"https:\/\/portaltela.pt\/#website"},"primaryImageOfPage":{"@id":"https:\/\/portaltela.pt\/noticias\/2026\/04\/29\/clube-dos-poetas-mortos-estreia-se-com-forte-procura-e-reflexao-sobre-liberdade\/#primaryimage"},"image":{"@id":"https:\/\/portaltela.pt\/noticias\/2026\/04\/29\/clube-dos-poetas-mortos-estreia-se-com-forte-procura-e-reflexao-sobre-liberdade\/#primaryimage"},"thumbnailUrl":"https:\/\/portaltela.pt\/s.01k8rhncp4jt1\/2026\/04\/CACHE_780X1200_ANALOG_WATERMARKED_42295308_2345901_07022024073234.jpg","datePublished":"2026-04-29T10:03:21+00:00","author":{"@id":"https:\/\/portaltela.pt\/#\/schema\/person\/c4278d4a6028830caff9ee44b42d32ed"},"breadcrumb":{"@id":"https:\/\/portaltela.pt\/noticias\/2026\/04\/29\/clube-dos-poetas-mortos-estreia-se-com-forte-procura-e-reflexao-sobre-liberdade\/#breadcrumb"},"inLanguage":"pt-PT","potentialAction":[{"@type":"ReadAction","target":["https:\/\/portaltela.pt\/noticias\/2026\/04\/29\/clube-dos-poetas-mortos-estreia-se-com-forte-procura-e-reflexao-sobre-liberdade\/"]}]},{"@type":"ImageObject","inLanguage":"pt-PT","@id":"https:\/\/portaltela.pt\/noticias\/2026\/04\/29\/clube-dos-poetas-mortos-estreia-se-com-forte-procura-e-reflexao-sobre-liberdade\/#primaryimage","url":"https:\/\/portaltela.pt\/s.01k8rhncp4jt1\/2026\/04\/CACHE_780X1200_ANALOG_WATERMARKED_42295308_2345901_07022024073234.jpg","contentUrl":"https:\/\/portaltela.pt\/s.01k8rhncp4jt1\/2026\/04\/CACHE_780X1200_ANALOG_WATERMARKED_42295308_2345901_07022024073234.jpg","width":796,"height":448,"caption":"\u201cClube dos Poetas Mortos\u201d estreia-se com forte procura e apelo \u00e0 reflex\u00e3o sobre liberdade"},{"@type":"BreadcrumbList","@id":"https:\/\/portaltela.pt\/noticias\/2026\/04\/29\/clube-dos-poetas-mortos-estreia-se-com-forte-procura-e-reflexao-sobre-liberdade\/#breadcrumb","itemListElement":[{"@type":"ListItem","position":1,"name":"In\u00edcio","item":"https:\/\/portaltela.pt\/"},{"@type":"ListItem","position":2,"name":"Clube dos Poetas Mortos estreia-se com forte procura e reflex\u00e3o sobre liberdade"}]},{"@type":"WebSite","@id":"https:\/\/portaltela.pt\/#website","url":"https:\/\/portaltela.pt\/","name":"Portal Tela Portugal","description":"","potentialAction":[{"@type":"SearchAction","target":{"@type":"EntryPoint","urlTemplate":"https:\/\/portaltela.pt\/?s={search_term_string}"},"query-input":{"@type":"PropertyValueSpecification","valueRequired":true,"valueName":"search_term_string"}}],"inLanguage":"pt-PT"},{"@type":"Person","@id":"https:\/\/portaltela.pt\/#\/schema\/person\/c4278d4a6028830caff9ee44b42d32ed","name":"Telinha","image":{"@type":"ImageObject","inLanguage":"pt-PT","@id":"https:\/\/portaltela.pt\/s.01k8rhncp4jt1\/2025\/11\/talking-bot-125x125.png","url":"https:\/\/portaltela.pt\/s.01k8rhncp4jt1\/2025\/11\/talking-bot-125x125.png","contentUrl":"https:\/\/portaltela.pt\/s.01k8rhncp4jt1\/2025\/11\/talking-bot-125x125.png","caption":"Telinha"},"sameAs":["https:\/\/portaltela.pt\/"],"url":"https:\/\/portaltela.pt\/por\/367410592786\/"}]}},"_links":{"self":[{"href":"https:\/\/portaltela.pt\/api\/wp\/v2\/posts\/461066","targetHints":{"allow":["GET"]}}],"collection":[{"href":"https:\/\/portaltela.pt\/api\/wp\/v2\/posts"}],"about":[{"href":"https:\/\/portaltela.pt\/api\/wp\/v2\/types\/post"}],"author":[{"embeddable":true,"href":"https:\/\/portaltela.pt\/api\/wp\/v2\/users\/2"}],"replies":[{"embeddable":true,"href":"https:\/\/portaltela.pt\/api\/wp\/v2\/comments?post=461066"}],"version-history":[{"count":0,"href":"https:\/\/portaltela.pt\/api\/wp\/v2\/posts\/461066\/revisions"}],"wp:featuredmedia":[{"embeddable":true,"href":"https:\/\/portaltela.pt\/api\/wp\/v2\/media\/461070"}],"wp:attachment":[{"href":"https:\/\/portaltela.pt\/api\/wp\/v2\/media?parent=461066"}],"wp:term":[{"taxonomy":"category","embeddable":true,"href":"https:\/\/portaltela.pt\/api\/wp\/v2\/categories?post=461066"},{"taxonomy":"post_tag","embeddable":true,"href":"https:\/\/portaltela.pt\/api\/wp\/v2\/tags?post=461066"}],"curies":[{"name":"wp","href":"https:\/\/api.w.org\/{rel}","templated":true}]}}