{"id":461055,"date":"2026-04-29T07:03:02","date_gmt":"2026-04-29T10:03:02","guid":{"rendered":"https:\/\/portaltela.pt\/noticias\/2026\/04\/29\/cacas-f-16-da-romenia-acionados-apos-aviso-de-drones\/"},"modified":"2026-04-29T07:03:02","modified_gmt":"2026-04-29T10:03:02","slug":"cacas-f-16-da-romenia-acionados-apos-aviso-de-drones","status":"publish","type":"post","link":"https:\/\/portaltela.pt\/noticias\/2026\/04\/29\/cacas-f-16-da-romenia-acionados-apos-aviso-de-drones\/","title":{"rendered":"Ca\u00e7as F-16 da Rom\u00e9nia acionados ap\u00f3s aviso de drones"},"content":{"rendered":"<p>O texto reporta que ca\u00e7as F-16 da Rom\u00e9nia foram ativados ap\u00f3s um aviso relativo \u00e0 passagem de drones. A decis\u00e3o de mobilizar as aeronaves teve como objetivo responder a um poss\u00edvel risco de incurs\u00e3o a\u00e9rea.<\/p>\n<p>N\u00e3o \u00e9 poss\u00edvel confirmar, com base no conte\u00fado dispon\u00edvel, quando ou onde este incidente ocorreu exatamente, nem quais entidades estiveram envolvidas al\u00e9m da For\u00e7a A\u00e9rea Rom\u00e9nsa. Os detalhes adicionais n\u00e3o est\u00e3o dispon\u00edveis sem subscri\u00e7\u00e3o.<\/p>\n<p>Segundo a informa\u00e7\u00e3o recolhida, o artigo completo encontra-se behind paywall, com motivos n\u00e3o especificados no an\u00fancio. A publica\u00e7\u00e3o n\u00e3o apresenta posi\u00e7\u00f5es ou opini\u00f5es, limitando-se a informar o sucedido conforme o material acess\u00edvel.<\/p>\n","protected":false},"excerpt":{"rendered":"<ul>\n<li>Ca\u00e7as F\u201116 da Rom\u00e9nia foram ativados ap\u00f3s um aviso de passagem de drones.<\/li>\n<li>O conte\u00fado completo da not\u00edcia est\u00e1 dispon\u00edvel apenas para subscritores.<\/li>\n<li>O excerto n\u00e3o revela o local exato nem a data do incidente.<\/li>\n<li>N\u00e3o s\u00e3o divulgados detalhes adicionais no trecho dispon\u00edvel.<\/li>\n<\/ul>\n","protected":false},"author":2,"featured_media":461058,"comment_status":"closed","ping_status":"closed","sticky":false,"template":"","format":"standard","meta":{"footnotes":""},"categories":[6804,1],"tags":[7910,7890,8552,8423,8587,7888],"class_list":["post-461055","post","type-post","status-publish","format-standard","has-post-thumbnail","hentry","category-guerra","category-noticias","tag-_a-aeronautica","tag-_aeroportos","tag-_avioes","tag-_drones","tag-_forca-aerea","tag-_seguranca"],"yoast_head":"<!-- This site is optimized with the Yoast SEO plugin v27.2 - https:\/\/yoast.com\/product\/yoast-seo-wordpress\/ -->\n<title>Ca\u00e7as F-16 da Rom\u00e9nia acionados ap\u00f3s aviso de drones - Portal Tela Portugal<\/title>\n<meta name=\"robots\" content=\"index, follow, max-snippet:-1, max-image-preview:large, max-video-preview:-1\" \/>\n<meta property=\"og:locale\" content=\"pt_PT\" \/>\n<meta property=\"og:type\" content=\"article\" \/>\n<meta property=\"og:title\" content=\"Ca\u00e7as F-16 da Rom\u00e9nia acionados ap\u00f3s aviso de drones - Portal Tela Portugal\" \/>\n<meta property=\"og:description\" content=\"Ca\u00e7as F\u201116 da Rom\u00e9nia foram ativados ap\u00f3s um aviso de passagem de drones. O conte\u00fado completo da not\u00edcia est\u00e1 dispon\u00edvel apenas para subscritores. O excerto n\u00e3o revela o local exato nem a data do incidente. N\u00e3o s\u00e3o divulgados detalhes adicionais no trecho dispon\u00edvel.\" \/>\n<meta property=\"og:url\" content=\"https:\/\/portaltela.pt\/noticias\/2026\/04\/29\/cacas-f-16-da-romenia-acionados-apos-aviso-de-drones\/\" \/>\n<meta property=\"og:site_name\" content=\"Portal Tela Portugal\" \/>\n<meta property=\"article:published_time\" content=\"2026-04-29T10:03:02+00:00\" \/>\n<meta name=\"author\" content=\"Telinha\" \/>\n<meta name=\"twitter:card\" content=\"summary_large_image\" \/>\n<meta name=\"twitter:label1\" content=\"Escrito por\" \/>\n\t<meta name=\"twitter:data1\" content=\"Telinha\" \/>\n\t<meta name=\"twitter:label2\" content=\"Tempo estimado de leitura\" \/>\n\t<meta name=\"twitter:data2\" content=\"1 minuto\" \/>\n<script type=\"application\/ld+json\" class=\"yoast-schema-graph\">{\"@context\":\"https:\/\/schema.org\",\"@graph\":[{\"@type\":\"Article\",\"@id\":\"https:\/\/portaltela.pt\/noticias\/2026\/04\/29\/cacas-f-16-da-romenia-acionados-apos-aviso-de-drones\/#article\",\"isPartOf\":{\"@id\":\"https:\/\/portaltela.pt\/noticias\/2026\/04\/29\/cacas-f-16-da-romenia-acionados-apos-aviso-de-drones\/\"},\"author\":{\"name\":\"Telinha\",\"@id\":\"https:\/\/portaltela.pt\/#\/schema\/person\/c4278d4a6028830caff9ee44b42d32ed\"},\"headline\":\"Ca\u00e7as F-16 da Rom\u00e9nia acionados ap\u00f3s aviso de drones\",\"datePublished\":\"2026-04-29T10:03:02+00:00\",\"mainEntityOfPage\":{\"@id\":\"https:\/\/portaltela.pt\/noticias\/2026\/04\/29\/cacas-f-16-da-romenia-acionados-apos-aviso-de-drones\/\"},\"wordCount\":138,\"image\":{\"@id\":\"https:\/\/portaltela.pt\/noticias\/2026\/04\/29\/cacas-f-16-da-romenia-acionados-apos-aviso-de-drones\/#primaryimage\"},\"thumbnailUrl\":\"https:\/\/portaltela.pt\/s.01k8rhncp4jt1\/2026\/04\/CACHE_780X1200_ANALOG_WATERMARKED_21318884_1488069_07032019124622.jpg\",\"keywords\":[\"_a aeron\u00e1utica\",\"_aeroportos\",\"_avi\u00f5es\",\"_drones\",\"_For\u00e7a A\u00e9rea\",\"_seguran\u00e7a\"],\"articleSection\":[\"Guerra\",\"Not\u00edcias\"],\"inLanguage\":\"pt-PT\"},{\"@type\":\"WebPage\",\"@id\":\"https:\/\/portaltela.pt\/noticias\/2026\/04\/29\/cacas-f-16-da-romenia-acionados-apos-aviso-de-drones\/\",\"url\":\"https:\/\/portaltela.pt\/noticias\/2026\/04\/29\/cacas-f-16-da-romenia-acionados-apos-aviso-de-drones\/\",\"name\":\"Ca\u00e7as F-16 da Rom\u00e9nia acionados ap\u00f3s aviso de drones - Portal Tela Portugal\",\"isPartOf\":{\"@id\":\"https:\/\/portaltela.pt\/#website\"},\"primaryImageOfPage\":{\"@id\":\"https:\/\/portaltela.pt\/noticias\/2026\/04\/29\/cacas-f-16-da-romenia-acionados-apos-aviso-de-drones\/#primaryimage\"},\"image\":{\"@id\":\"https:\/\/portaltela.pt\/noticias\/2026\/04\/29\/cacas-f-16-da-romenia-acionados-apos-aviso-de-drones\/#primaryimage\"},\"thumbnailUrl\":\"https:\/\/portaltela.pt\/s.01k8rhncp4jt1\/2026\/04\/CACHE_780X1200_ANALOG_WATERMARKED_21318884_1488069_07032019124622.jpg\",\"datePublished\":\"2026-04-29T10:03:02+00:00\",\"author\":{\"@id\":\"https:\/\/portaltela.pt\/#\/schema\/person\/c4278d4a6028830caff9ee44b42d32ed\"},\"breadcrumb\":{\"@id\":\"https:\/\/portaltela.pt\/noticias\/2026\/04\/29\/cacas-f-16-da-romenia-acionados-apos-aviso-de-drones\/#breadcrumb\"},\"inLanguage\":\"pt-PT\",\"potentialAction\":[{\"@type\":\"ReadAction\",\"target\":[\"https:\/\/portaltela.pt\/noticias\/2026\/04\/29\/cacas-f-16-da-romenia-acionados-apos-aviso-de-drones\/\"]}]},{\"@type\":\"ImageObject\",\"inLanguage\":\"pt-PT\",\"@id\":\"https:\/\/portaltela.pt\/noticias\/2026\/04\/29\/cacas-f-16-da-romenia-acionados-apos-aviso-de-drones\/#primaryimage\",\"url\":\"https:\/\/portaltela.pt\/s.01k8rhncp4jt1\/2026\/04\/CACHE_780X1200_ANALOG_WATERMARKED_21318884_1488069_07032019124622.jpg\",\"contentUrl\":\"https:\/\/portaltela.pt\/s.01k8rhncp4jt1\/2026\/04\/CACHE_780X1200_ANALOG_WATERMARKED_21318884_1488069_07032019124622.jpg\",\"width\":768,\"height\":512,\"caption\":\"Ca\u00e7as F-16 da Rom\u00e9nia ativados ap\u00f3s aviso de passagem de drones\"},{\"@type\":\"BreadcrumbList\",\"@id\":\"https:\/\/portaltela.pt\/noticias\/2026\/04\/29\/cacas-f-16-da-romenia-acionados-apos-aviso-de-drones\/#breadcrumb\",\"itemListElement\":[{\"@type\":\"ListItem\",\"position\":1,\"name\":\"In\u00edcio\",\"item\":\"https:\/\/portaltela.pt\/\"},{\"@type\":\"ListItem\",\"position\":2,\"name\":\"Ca\u00e7as F-16 da Rom\u00e9nia acionados ap\u00f3s aviso de drones\"}]},{\"@type\":\"WebSite\",\"@id\":\"https:\/\/portaltela.pt\/#website\",\"url\":\"https:\/\/portaltela.pt\/\",\"name\":\"Portal Tela Portugal\",\"description\":\"\",\"potentialAction\":[{\"@type\":\"SearchAction\",\"target\":{\"@type\":\"EntryPoint\",\"urlTemplate\":\"https:\/\/portaltela.pt\/?s={search_term_string}\"},\"query-input\":{\"@type\":\"PropertyValueSpecification\",\"valueRequired\":true,\"valueName\":\"search_term_string\"}}],\"inLanguage\":\"pt-PT\"},{\"@type\":\"Person\",\"@id\":\"https:\/\/portaltela.pt\/#\/schema\/person\/c4278d4a6028830caff9ee44b42d32ed\",\"name\":\"Telinha\",\"image\":{\"@type\":\"ImageObject\",\"inLanguage\":\"pt-PT\",\"@id\":\"https:\/\/portaltela.pt\/s.01k8rhncp4jt1\/2025\/11\/talking-bot-125x125.png\",\"url\":\"https:\/\/portaltela.pt\/s.01k8rhncp4jt1\/2025\/11\/talking-bot-125x125.png\",\"contentUrl\":\"https:\/\/portaltela.pt\/s.01k8rhncp4jt1\/2025\/11\/talking-bot-125x125.png\",\"caption\":\"Telinha\"},\"sameAs\":[\"https:\/\/portaltela.pt\/\"],\"url\":\"https:\/\/portaltela.pt\/por\/367410592786\/\"}]}<\/script>\n<!-- \/ Yoast SEO plugin. -->","yoast_head_json":{"title":"Ca\u00e7as F-16 da Rom\u00e9nia acionados ap\u00f3s aviso de drones - Portal Tela Portugal","robots":{"index":"index","follow":"follow","max-snippet":"max-snippet:-1","max-image-preview":"max-image-preview:large","max-video-preview":"max-video-preview:-1"},"og_locale":"pt_PT","og_type":"article","og_title":"Ca\u00e7as F-16 da Rom\u00e9nia acionados ap\u00f3s aviso de drones - Portal Tela Portugal","og_description":"Ca\u00e7as F\u201116 da Rom\u00e9nia foram ativados ap\u00f3s um aviso de passagem de drones. O conte\u00fado completo da not\u00edcia est\u00e1 dispon\u00edvel apenas para subscritores. O excerto n\u00e3o revela o local exato nem a data do incidente. N\u00e3o s\u00e3o divulgados detalhes adicionais no trecho dispon\u00edvel.","og_url":"https:\/\/portaltela.pt\/noticias\/2026\/04\/29\/cacas-f-16-da-romenia-acionados-apos-aviso-de-drones\/","og_site_name":"Portal Tela Portugal","article_published_time":"2026-04-29T10:03:02+00:00","author":"Telinha","twitter_card":"summary_large_image","twitter_misc":{"Escrito por":"Telinha","Tempo estimado de leitura":"1 minuto"},"schema":{"@context":"https:\/\/schema.org","@graph":[{"@type":"Article","@id":"https:\/\/portaltela.pt\/noticias\/2026\/04\/29\/cacas-f-16-da-romenia-acionados-apos-aviso-de-drones\/#article","isPartOf":{"@id":"https:\/\/portaltela.pt\/noticias\/2026\/04\/29\/cacas-f-16-da-romenia-acionados-apos-aviso-de-drones\/"},"author":{"name":"Telinha","@id":"https:\/\/portaltela.pt\/#\/schema\/person\/c4278d4a6028830caff9ee44b42d32ed"},"headline":"Ca\u00e7as F-16 da Rom\u00e9nia acionados ap\u00f3s aviso de drones","datePublished":"2026-04-29T10:03:02+00:00","mainEntityOfPage":{"@id":"https:\/\/portaltela.pt\/noticias\/2026\/04\/29\/cacas-f-16-da-romenia-acionados-apos-aviso-de-drones\/"},"wordCount":138,"image":{"@id":"https:\/\/portaltela.pt\/noticias\/2026\/04\/29\/cacas-f-16-da-romenia-acionados-apos-aviso-de-drones\/#primaryimage"},"thumbnailUrl":"https:\/\/portaltela.pt\/s.01k8rhncp4jt1\/2026\/04\/CACHE_780X1200_ANALOG_WATERMARKED_21318884_1488069_07032019124622.jpg","keywords":["_a aeron\u00e1utica","_aeroportos","_avi\u00f5es","_drones","_For\u00e7a A\u00e9rea","_seguran\u00e7a"],"articleSection":["Guerra","Not\u00edcias"],"inLanguage":"pt-PT"},{"@type":"WebPage","@id":"https:\/\/portaltela.pt\/noticias\/2026\/04\/29\/cacas-f-16-da-romenia-acionados-apos-aviso-de-drones\/","url":"https:\/\/portaltela.pt\/noticias\/2026\/04\/29\/cacas-f-16-da-romenia-acionados-apos-aviso-de-drones\/","name":"Ca\u00e7as F-16 da Rom\u00e9nia acionados ap\u00f3s aviso de drones - Portal Tela Portugal","isPartOf":{"@id":"https:\/\/portaltela.pt\/#website"},"primaryImageOfPage":{"@id":"https:\/\/portaltela.pt\/noticias\/2026\/04\/29\/cacas-f-16-da-romenia-acionados-apos-aviso-de-drones\/#primaryimage"},"image":{"@id":"https:\/\/portaltela.pt\/noticias\/2026\/04\/29\/cacas-f-16-da-romenia-acionados-apos-aviso-de-drones\/#primaryimage"},"thumbnailUrl":"https:\/\/portaltela.pt\/s.01k8rhncp4jt1\/2026\/04\/CACHE_780X1200_ANALOG_WATERMARKED_21318884_1488069_07032019124622.jpg","datePublished":"2026-04-29T10:03:02+00:00","author":{"@id":"https:\/\/portaltela.pt\/#\/schema\/person\/c4278d4a6028830caff9ee44b42d32ed"},"breadcrumb":{"@id":"https:\/\/portaltela.pt\/noticias\/2026\/04\/29\/cacas-f-16-da-romenia-acionados-apos-aviso-de-drones\/#breadcrumb"},"inLanguage":"pt-PT","potentialAction":[{"@type":"ReadAction","target":["https:\/\/portaltela.pt\/noticias\/2026\/04\/29\/cacas-f-16-da-romenia-acionados-apos-aviso-de-drones\/"]}]},{"@type":"ImageObject","inLanguage":"pt-PT","@id":"https:\/\/portaltela.pt\/noticias\/2026\/04\/29\/cacas-f-16-da-romenia-acionados-apos-aviso-de-drones\/#primaryimage","url":"https:\/\/portaltela.pt\/s.01k8rhncp4jt1\/2026\/04\/CACHE_780X1200_ANALOG_WATERMARKED_21318884_1488069_07032019124622.jpg","contentUrl":"https:\/\/portaltela.pt\/s.01k8rhncp4jt1\/2026\/04\/CACHE_780X1200_ANALOG_WATERMARKED_21318884_1488069_07032019124622.jpg","width":768,"height":512,"caption":"Ca\u00e7as F-16 da Rom\u00e9nia ativados ap\u00f3s aviso de passagem de drones"},{"@type":"BreadcrumbList","@id":"https:\/\/portaltela.pt\/noticias\/2026\/04\/29\/cacas-f-16-da-romenia-acionados-apos-aviso-de-drones\/#breadcrumb","itemListElement":[{"@type":"ListItem","position":1,"name":"In\u00edcio","item":"https:\/\/portaltela.pt\/"},{"@type":"ListItem","position":2,"name":"Ca\u00e7as F-16 da Rom\u00e9nia acionados ap\u00f3s aviso de drones"}]},{"@type":"WebSite","@id":"https:\/\/portaltela.pt\/#website","url":"https:\/\/portaltela.pt\/","name":"Portal Tela Portugal","description":"","potentialAction":[{"@type":"SearchAction","target":{"@type":"EntryPoint","urlTemplate":"https:\/\/portaltela.pt\/?s={search_term_string}"},"query-input":{"@type":"PropertyValueSpecification","valueRequired":true,"valueName":"search_term_string"}}],"inLanguage":"pt-PT"},{"@type":"Person","@id":"https:\/\/portaltela.pt\/#\/schema\/person\/c4278d4a6028830caff9ee44b42d32ed","name":"Telinha","image":{"@type":"ImageObject","inLanguage":"pt-PT","@id":"https:\/\/portaltela.pt\/s.01k8rhncp4jt1\/2025\/11\/talking-bot-125x125.png","url":"https:\/\/portaltela.pt\/s.01k8rhncp4jt1\/2025\/11\/talking-bot-125x125.png","contentUrl":"https:\/\/portaltela.pt\/s.01k8rhncp4jt1\/2025\/11\/talking-bot-125x125.png","caption":"Telinha"},"sameAs":["https:\/\/portaltela.pt\/"],"url":"https:\/\/portaltela.pt\/por\/367410592786\/"}]}},"_links":{"self":[{"href":"https:\/\/portaltela.pt\/api\/wp\/v2\/posts\/461055","targetHints":{"allow":["GET"]}}],"collection":[{"href":"https:\/\/portaltela.pt\/api\/wp\/v2\/posts"}],"about":[{"href":"https:\/\/portaltela.pt\/api\/wp\/v2\/types\/post"}],"author":[{"embeddable":true,"href":"https:\/\/portaltela.pt\/api\/wp\/v2\/users\/2"}],"replies":[{"embeddable":true,"href":"https:\/\/portaltela.pt\/api\/wp\/v2\/comments?post=461055"}],"version-history":[{"count":0,"href":"https:\/\/portaltela.pt\/api\/wp\/v2\/posts\/461055\/revisions"}],"wp:featuredmedia":[{"embeddable":true,"href":"https:\/\/portaltela.pt\/api\/wp\/v2\/media\/461058"}],"wp:attachment":[{"href":"https:\/\/portaltela.pt\/api\/wp\/v2\/media?parent=461055"}],"wp:term":[{"taxonomy":"category","embeddable":true,"href":"https:\/\/portaltela.pt\/api\/wp\/v2\/categories?post=461055"},{"taxonomy":"post_tag","embeddable":true,"href":"https:\/\/portaltela.pt\/api\/wp\/v2\/tags?post=461055"}],"curies":[{"name":"wp","href":"https:\/\/api.w.org\/{rel}","templated":true}]}}