{"id":461053,"date":"2026-04-29T07:02:57","date_gmt":"2026-04-29T10:02:57","guid":{"rendered":"https:\/\/portaltela.pt\/noticias\/2026\/04\/29\/duarte-cordeiro-responde-a-pedro-nuno-santos-sobre-alvo-da-fala\/"},"modified":"2026-04-29T07:02:57","modified_gmt":"2026-04-29T10:02:57","slug":"duarte-cordeiro-responde-a-pedro-nuno-santos-sobre-alvo-da-fala","status":"publish","type":"post","link":"https:\/\/portaltela.pt\/noticias\/politica\/2026\/04\/29\/duarte-cordeiro-responde-a-pedro-nuno-santos-sobre-alvo-da-fala\/","title":{"rendered":"Duarte Cordeiro responde a Pedro Nuno Santos sobre alvo da fala"},"content":{"rendered":"<p>Duarte Cordeiro, ex-ministro do Ambiente, respondeu a Pedro Nuno Santos, rejeitando a leitura de que as suas palavras visavam o PS ou os socialistas em geral. A rea\u00e7\u00e3o surge ap\u00f3s o regresso de Pedro Nuno Santos ao Parlamento, em contexto de cr\u00edticas sobre t\u00e1ticas pol\u00edticas.<\/p>\n<p>Cordeiro afirmou que, se a cr\u00edtica chegasse a ele, falha o alvo, e recusou acompanhar o tom das considera\u00e7\u00f5es de Santos. Garantiu manter a sua posi\u00e7\u00e3o de nunca ter admitido uma candidatura em 2029 e destacou a sua vida pol\u00edtica como transparente, sem entrar em promessas futuras.<\/p>\n<p>O antigo ministro sublinhou que a pol\u00e9mica criada era dispens\u00e1vel e n\u00e3o acrescenta valor ao debate p\u00fablico. Disse ainda que n\u00e3o pretende explicar-se sobre o seu futuro pol\u00edtico nem sobre poss\u00edveis planos para o p\u00f3s-Carneiro no PS.<\/p>\n<h3>Rea\u00e7\u00e3o e contexto<\/h3>\n<p>Na interven\u00e7\u00e3o televisiva, Cordeiro defendeu que as prioridades dos portugueses devem orientar o trabalho dos pol\u00edticos, enfatizando a necessidade de focar nos problemas do pa\u00eds. Questionado sobre o alvo da cr\u00edtica, afirmou n\u00e3o saber a quem se dirigia Santos.<\/p>\n<p>O pol\u00edtico acrescentou que as suas convic\u00e7\u00f5es o levaram a tomar decis\u00f5es dif\u00edceis, sem reconhecer que isso implique algum apoio a uma corrida interna ao poder. Reiterou que, neste momento, est\u00e1 concentrado na vida profissional, sem revelar planos para 2029.<\/p>\n<p>Cordeiro j\u00e1 havia dito que n\u00e3o est\u00e1 a preparar qualquer candidatura a secret\u00e1rio-geral do PS, afastando d\u00favidas sobre o seu envolvimento na lideran\u00e7a. Afirmou que n\u00e3o precisa de justificar ou explicar as suas escolhas p\u00fablicas.<\/p>\n","protected":false},"excerpt":{"rendered":"<ul>\n<li>Duarte Cordeiro reagiu a Pedro Nuno Santos, dizendo que, se a cr\u00edtica fosse dirigida a si, \u201cfalha o alvo\u201d e que n\u00e3o acompanha esse tipo de considera\u00e7\u00f5es.<\/li>\n<li>O antigo ministro do Ambiente demarcou-se de acusa\u00e7\u00f5es de \u201ctacticismo\u201d e classificou a pol\u00e9mica como dispens\u00e1vel e sem interesse p\u00fablico.<\/li>\n<li>Garantiu que n\u00e3o est\u00e1 a preparar qualquer candidatura e admite ter dificuldade em prever a sua vida em 2029, quando se realizam as legislativas, se a legislatura terminar nesse ano.<\/li>\n<li>Disse estar concentrado na vida profissional e manteve a postura de transpar\u00eancia que, assegura, sempre pautou a atua\u00e7\u00e3o pol\u00edtica.<\/li>\n<li>Relembrou ter recusado o convite de Jos\u00e9 Lu\u00eds Carneiro para integrar os \u00f3rg\u00e3os dirigentes do partido, reiterando que n\u00e3o est\u00e1 a preparar nenhuma candidatura a secret\u00e1rio-geral do PS.<\/li>\n<\/ul>\n","protected":false},"author":2,"featured_media":461054,"comment_status":"closed","ping_status":"closed","sticky":false,"template":"","format":"standard","meta":{"footnotes":""},"categories":[1,5],"tags":[38,6802,1732,2832,7892,2144],"class_list":["post-461053","post","type-post","status-publish","format-standard","has-post-thumbnail","hentry","category-noticias","category-politica","tag-conflitos","tag-lideranca","tag-partidos","tag-politica","tag-politica-interna","tag-ps"],"yoast_head":"<!-- This site is optimized with the Yoast SEO plugin v27.2 - https:\/\/yoast.com\/product\/yoast-seo-wordpress\/ -->\n<title>Duarte Cordeiro responde a Pedro Nuno Santos sobre alvo da fala - Portal Tela Portugal<\/title>\n<meta name=\"robots\" content=\"index, follow, max-snippet:-1, max-image-preview:large, max-video-preview:-1\" \/>\n<meta property=\"og:locale\" content=\"pt_PT\" \/>\n<meta property=\"og:type\" content=\"article\" \/>\n<meta property=\"og:title\" content=\"Duarte Cordeiro responde a Pedro Nuno Santos sobre alvo da fala - Portal Tela Portugal\" \/>\n<meta property=\"og:description\" content=\"Duarte Cordeiro reagiu a Pedro Nuno Santos, dizendo que, se a cr\u00edtica fosse dirigida a si, \u201cfalha o alvo\u201d e que n\u00e3o acompanha esse tipo de considera\u00e7\u00f5es. O antigo ministro do Ambiente demarcou-se de acusa\u00e7\u00f5es de \u201ctacticismo\u201d e classificou a pol\u00e9mica como dispens\u00e1vel e sem interesse p\u00fablico. Garantiu que n\u00e3o est\u00e1 a preparar qualquer candidatura e admite ter dificuldade em prever a sua vida em 2029, quando se realizam as legislativas, se a legislatura terminar nesse ano. Disse estar concentrado na vida profissional e manteve a postura de transpar\u00eancia que, assegura, sempre pautou a atua\u00e7\u00e3o pol\u00edtica. Relembrou ter recusado o convite de Jos\u00e9 Lu\u00eds Carneiro para integrar os \u00f3rg\u00e3os dirigentes do partido, reiterando que n\u00e3o est\u00e1 a preparar nenhuma candidatura a secret\u00e1rio-geral do PS.\" \/>\n<meta property=\"og:url\" content=\"https:\/\/portaltela.pt\/noticias\/2026\/04\/29\/duarte-cordeiro-responde-a-pedro-nuno-santos-sobre-alvo-da-fala\/\" \/>\n<meta property=\"og:site_name\" content=\"Portal Tela Portugal\" \/>\n<meta property=\"article:published_time\" content=\"2026-04-29T10:02:57+00:00\" \/>\n<meta name=\"author\" content=\"Telinha\" \/>\n<meta name=\"twitter:card\" content=\"summary_large_image\" \/>\n<meta name=\"twitter:label1\" content=\"Escrito por\" \/>\n\t<meta name=\"twitter:data1\" content=\"Telinha\" \/>\n\t<meta name=\"twitter:label2\" content=\"Tempo estimado de leitura\" \/>\n\t<meta name=\"twitter:data2\" content=\"1 minuto\" \/>\n<script type=\"application\/ld+json\" class=\"yoast-schema-graph\">{\"@context\":\"https:\/\/schema.org\",\"@graph\":[{\"@type\":\"Article\",\"@id\":\"https:\/\/portaltela.pt\/noticias\/2026\/04\/29\/duarte-cordeiro-responde-a-pedro-nuno-santos-sobre-alvo-da-fala\/#article\",\"isPartOf\":{\"@id\":\"https:\/\/portaltela.pt\/noticias\/2026\/04\/29\/duarte-cordeiro-responde-a-pedro-nuno-santos-sobre-alvo-da-fala\/\"},\"author\":{\"name\":\"Telinha\",\"@id\":\"https:\/\/portaltela.pt\/#\/schema\/person\/c4278d4a6028830caff9ee44b42d32ed\"},\"headline\":\"Duarte Cordeiro responde a Pedro Nuno Santos sobre alvo da fala\",\"datePublished\":\"2026-04-29T10:02:57+00:00\",\"mainEntityOfPage\":{\"@id\":\"https:\/\/portaltela.pt\/noticias\/2026\/04\/29\/duarte-cordeiro-responde-a-pedro-nuno-santos-sobre-alvo-da-fala\/\"},\"wordCount\":288,\"image\":{\"@id\":\"https:\/\/portaltela.pt\/noticias\/2026\/04\/29\/duarte-cordeiro-responde-a-pedro-nuno-santos-sobre-alvo-da-fala\/#primaryimage\"},\"thumbnailUrl\":\"https:\/\/portaltela.pt\/s.01k8rhncp4jt1\/2026\/04\/2084784.jpg\",\"keywords\":[\"conflitos\",\"lideran\u00e7a\",\"partidos\",\"pol\u00edtica\",\"pol\u00edtica interna\",\"PS\"],\"articleSection\":[\"Not\u00edcias\",\"Pol\u00edtica\"],\"inLanguage\":\"pt-PT\"},{\"@type\":\"WebPage\",\"@id\":\"https:\/\/portaltela.pt\/noticias\/2026\/04\/29\/duarte-cordeiro-responde-a-pedro-nuno-santos-sobre-alvo-da-fala\/\",\"url\":\"https:\/\/portaltela.pt\/noticias\/2026\/04\/29\/duarte-cordeiro-responde-a-pedro-nuno-santos-sobre-alvo-da-fala\/\",\"name\":\"Duarte Cordeiro responde a Pedro Nuno Santos sobre alvo da fala - Portal Tela Portugal\",\"isPartOf\":{\"@id\":\"https:\/\/portaltela.pt\/#website\"},\"primaryImageOfPage\":{\"@id\":\"https:\/\/portaltela.pt\/noticias\/2026\/04\/29\/duarte-cordeiro-responde-a-pedro-nuno-santos-sobre-alvo-da-fala\/#primaryimage\"},\"image\":{\"@id\":\"https:\/\/portaltela.pt\/noticias\/2026\/04\/29\/duarte-cordeiro-responde-a-pedro-nuno-santos-sobre-alvo-da-fala\/#primaryimage\"},\"thumbnailUrl\":\"https:\/\/portaltela.pt\/s.01k8rhncp4jt1\/2026\/04\/2084784.jpg\",\"datePublished\":\"2026-04-29T10:02:57+00:00\",\"author\":{\"@id\":\"https:\/\/portaltela.pt\/#\/schema\/person\/c4278d4a6028830caff9ee44b42d32ed\"},\"breadcrumb\":{\"@id\":\"https:\/\/portaltela.pt\/noticias\/2026\/04\/29\/duarte-cordeiro-responde-a-pedro-nuno-santos-sobre-alvo-da-fala\/#breadcrumb\"},\"inLanguage\":\"pt-PT\",\"potentialAction\":[{\"@type\":\"ReadAction\",\"target\":[\"https:\/\/portaltela.pt\/noticias\/2026\/04\/29\/duarte-cordeiro-responde-a-pedro-nuno-santos-sobre-alvo-da-fala\/\"]}]},{\"@type\":\"ImageObject\",\"inLanguage\":\"pt-PT\",\"@id\":\"https:\/\/portaltela.pt\/noticias\/2026\/04\/29\/duarte-cordeiro-responde-a-pedro-nuno-santos-sobre-alvo-da-fala\/#primaryimage\",\"url\":\"https:\/\/portaltela.pt\/s.01k8rhncp4jt1\/2026\/04\/2084784.jpg\",\"contentUrl\":\"https:\/\/portaltela.pt\/s.01k8rhncp4jt1\/2026\/04\/2084784.jpg\",\"width\":796,\"height\":448,\"caption\":\"Cordeiro continua a garantir n\u00e3o estar a preparar candidatura \u00e0 lideran\u00e7a do PS, mas diz n\u00e3o conseguir antecipar o que pode acontecer em 2029\"},{\"@type\":\"BreadcrumbList\",\"@id\":\"https:\/\/portaltela.pt\/noticias\/2026\/04\/29\/duarte-cordeiro-responde-a-pedro-nuno-santos-sobre-alvo-da-fala\/#breadcrumb\",\"itemListElement\":[{\"@type\":\"ListItem\",\"position\":1,\"name\":\"In\u00edcio\",\"item\":\"https:\/\/portaltela.pt\/\"},{\"@type\":\"ListItem\",\"position\":2,\"name\":\"Duarte Cordeiro responde a Pedro Nuno Santos sobre alvo da fala\"}]},{\"@type\":\"WebSite\",\"@id\":\"https:\/\/portaltela.pt\/#website\",\"url\":\"https:\/\/portaltela.pt\/\",\"name\":\"Portal Tela Portugal\",\"description\":\"\",\"potentialAction\":[{\"@type\":\"SearchAction\",\"target\":{\"@type\":\"EntryPoint\",\"urlTemplate\":\"https:\/\/portaltela.pt\/?s={search_term_string}\"},\"query-input\":{\"@type\":\"PropertyValueSpecification\",\"valueRequired\":true,\"valueName\":\"search_term_string\"}}],\"inLanguage\":\"pt-PT\"},{\"@type\":\"Person\",\"@id\":\"https:\/\/portaltela.pt\/#\/schema\/person\/c4278d4a6028830caff9ee44b42d32ed\",\"name\":\"Telinha\",\"image\":{\"@type\":\"ImageObject\",\"inLanguage\":\"pt-PT\",\"@id\":\"https:\/\/portaltela.pt\/s.01k8rhncp4jt1\/2025\/11\/talking-bot-125x125.png\",\"url\":\"https:\/\/portaltela.pt\/s.01k8rhncp4jt1\/2025\/11\/talking-bot-125x125.png\",\"contentUrl\":\"https:\/\/portaltela.pt\/s.01k8rhncp4jt1\/2025\/11\/talking-bot-125x125.png\",\"caption\":\"Telinha\"},\"sameAs\":[\"https:\/\/portaltela.pt\/\"],\"url\":\"https:\/\/portaltela.pt\/por\/367410592786\/\"}]}<\/script>\n<!-- \/ Yoast SEO plugin. -->","yoast_head_json":{"title":"Duarte Cordeiro responde a Pedro Nuno Santos sobre alvo da fala - Portal Tela Portugal","robots":{"index":"index","follow":"follow","max-snippet":"max-snippet:-1","max-image-preview":"max-image-preview:large","max-video-preview":"max-video-preview:-1"},"og_locale":"pt_PT","og_type":"article","og_title":"Duarte Cordeiro responde a Pedro Nuno Santos sobre alvo da fala - Portal Tela Portugal","og_description":"Duarte Cordeiro reagiu a Pedro Nuno Santos, dizendo que, se a cr\u00edtica fosse dirigida a si, \u201cfalha o alvo\u201d e que n\u00e3o acompanha esse tipo de considera\u00e7\u00f5es. O antigo ministro do Ambiente demarcou-se de acusa\u00e7\u00f5es de \u201ctacticismo\u201d e classificou a pol\u00e9mica como dispens\u00e1vel e sem interesse p\u00fablico. Garantiu que n\u00e3o est\u00e1 a preparar qualquer candidatura e admite ter dificuldade em prever a sua vida em 2029, quando se realizam as legislativas, se a legislatura terminar nesse ano. Disse estar concentrado na vida profissional e manteve a postura de transpar\u00eancia que, assegura, sempre pautou a atua\u00e7\u00e3o pol\u00edtica. Relembrou ter recusado o convite de Jos\u00e9 Lu\u00eds Carneiro para integrar os \u00f3rg\u00e3os dirigentes do partido, reiterando que n\u00e3o est\u00e1 a preparar nenhuma candidatura a secret\u00e1rio-geral do PS.","og_url":"https:\/\/portaltela.pt\/noticias\/2026\/04\/29\/duarte-cordeiro-responde-a-pedro-nuno-santos-sobre-alvo-da-fala\/","og_site_name":"Portal Tela Portugal","article_published_time":"2026-04-29T10:02:57+00:00","author":"Telinha","twitter_card":"summary_large_image","twitter_misc":{"Escrito por":"Telinha","Tempo estimado de leitura":"1 minuto"},"schema":{"@context":"https:\/\/schema.org","@graph":[{"@type":"Article","@id":"https:\/\/portaltela.pt\/noticias\/2026\/04\/29\/duarte-cordeiro-responde-a-pedro-nuno-santos-sobre-alvo-da-fala\/#article","isPartOf":{"@id":"https:\/\/portaltela.pt\/noticias\/2026\/04\/29\/duarte-cordeiro-responde-a-pedro-nuno-santos-sobre-alvo-da-fala\/"},"author":{"name":"Telinha","@id":"https:\/\/portaltela.pt\/#\/schema\/person\/c4278d4a6028830caff9ee44b42d32ed"},"headline":"Duarte Cordeiro responde a Pedro Nuno Santos sobre alvo da fala","datePublished":"2026-04-29T10:02:57+00:00","mainEntityOfPage":{"@id":"https:\/\/portaltela.pt\/noticias\/2026\/04\/29\/duarte-cordeiro-responde-a-pedro-nuno-santos-sobre-alvo-da-fala\/"},"wordCount":288,"image":{"@id":"https:\/\/portaltela.pt\/noticias\/2026\/04\/29\/duarte-cordeiro-responde-a-pedro-nuno-santos-sobre-alvo-da-fala\/#primaryimage"},"thumbnailUrl":"https:\/\/portaltela.pt\/s.01k8rhncp4jt1\/2026\/04\/2084784.jpg","keywords":["conflitos","lideran\u00e7a","partidos","pol\u00edtica","pol\u00edtica interna","PS"],"articleSection":["Not\u00edcias","Pol\u00edtica"],"inLanguage":"pt-PT"},{"@type":"WebPage","@id":"https:\/\/portaltela.pt\/noticias\/2026\/04\/29\/duarte-cordeiro-responde-a-pedro-nuno-santos-sobre-alvo-da-fala\/","url":"https:\/\/portaltela.pt\/noticias\/2026\/04\/29\/duarte-cordeiro-responde-a-pedro-nuno-santos-sobre-alvo-da-fala\/","name":"Duarte Cordeiro responde a Pedro Nuno Santos sobre alvo da fala - Portal Tela Portugal","isPartOf":{"@id":"https:\/\/portaltela.pt\/#website"},"primaryImageOfPage":{"@id":"https:\/\/portaltela.pt\/noticias\/2026\/04\/29\/duarte-cordeiro-responde-a-pedro-nuno-santos-sobre-alvo-da-fala\/#primaryimage"},"image":{"@id":"https:\/\/portaltela.pt\/noticias\/2026\/04\/29\/duarte-cordeiro-responde-a-pedro-nuno-santos-sobre-alvo-da-fala\/#primaryimage"},"thumbnailUrl":"https:\/\/portaltela.pt\/s.01k8rhncp4jt1\/2026\/04\/2084784.jpg","datePublished":"2026-04-29T10:02:57+00:00","author":{"@id":"https:\/\/portaltela.pt\/#\/schema\/person\/c4278d4a6028830caff9ee44b42d32ed"},"breadcrumb":{"@id":"https:\/\/portaltela.pt\/noticias\/2026\/04\/29\/duarte-cordeiro-responde-a-pedro-nuno-santos-sobre-alvo-da-fala\/#breadcrumb"},"inLanguage":"pt-PT","potentialAction":[{"@type":"ReadAction","target":["https:\/\/portaltela.pt\/noticias\/2026\/04\/29\/duarte-cordeiro-responde-a-pedro-nuno-santos-sobre-alvo-da-fala\/"]}]},{"@type":"ImageObject","inLanguage":"pt-PT","@id":"https:\/\/portaltela.pt\/noticias\/2026\/04\/29\/duarte-cordeiro-responde-a-pedro-nuno-santos-sobre-alvo-da-fala\/#primaryimage","url":"https:\/\/portaltela.pt\/s.01k8rhncp4jt1\/2026\/04\/2084784.jpg","contentUrl":"https:\/\/portaltela.pt\/s.01k8rhncp4jt1\/2026\/04\/2084784.jpg","width":796,"height":448,"caption":"Cordeiro continua a garantir n\u00e3o estar a preparar candidatura \u00e0 lideran\u00e7a do PS, mas diz n\u00e3o conseguir antecipar o que pode acontecer em 2029"},{"@type":"BreadcrumbList","@id":"https:\/\/portaltela.pt\/noticias\/2026\/04\/29\/duarte-cordeiro-responde-a-pedro-nuno-santos-sobre-alvo-da-fala\/#breadcrumb","itemListElement":[{"@type":"ListItem","position":1,"name":"In\u00edcio","item":"https:\/\/portaltela.pt\/"},{"@type":"ListItem","position":2,"name":"Duarte Cordeiro responde a Pedro Nuno Santos sobre alvo da fala"}]},{"@type":"WebSite","@id":"https:\/\/portaltela.pt\/#website","url":"https:\/\/portaltela.pt\/","name":"Portal Tela Portugal","description":"","potentialAction":[{"@type":"SearchAction","target":{"@type":"EntryPoint","urlTemplate":"https:\/\/portaltela.pt\/?s={search_term_string}"},"query-input":{"@type":"PropertyValueSpecification","valueRequired":true,"valueName":"search_term_string"}}],"inLanguage":"pt-PT"},{"@type":"Person","@id":"https:\/\/portaltela.pt\/#\/schema\/person\/c4278d4a6028830caff9ee44b42d32ed","name":"Telinha","image":{"@type":"ImageObject","inLanguage":"pt-PT","@id":"https:\/\/portaltela.pt\/s.01k8rhncp4jt1\/2025\/11\/talking-bot-125x125.png","url":"https:\/\/portaltela.pt\/s.01k8rhncp4jt1\/2025\/11\/talking-bot-125x125.png","contentUrl":"https:\/\/portaltela.pt\/s.01k8rhncp4jt1\/2025\/11\/talking-bot-125x125.png","caption":"Telinha"},"sameAs":["https:\/\/portaltela.pt\/"],"url":"https:\/\/portaltela.pt\/por\/367410592786\/"}]}},"_links":{"self":[{"href":"https:\/\/portaltela.pt\/api\/wp\/v2\/posts\/461053","targetHints":{"allow":["GET"]}}],"collection":[{"href":"https:\/\/portaltela.pt\/api\/wp\/v2\/posts"}],"about":[{"href":"https:\/\/portaltela.pt\/api\/wp\/v2\/types\/post"}],"author":[{"embeddable":true,"href":"https:\/\/portaltela.pt\/api\/wp\/v2\/users\/2"}],"replies":[{"embeddable":true,"href":"https:\/\/portaltela.pt\/api\/wp\/v2\/comments?post=461053"}],"version-history":[{"count":0,"href":"https:\/\/portaltela.pt\/api\/wp\/v2\/posts\/461053\/revisions"}],"wp:featuredmedia":[{"embeddable":true,"href":"https:\/\/portaltela.pt\/api\/wp\/v2\/media\/461054"}],"wp:attachment":[{"href":"https:\/\/portaltela.pt\/api\/wp\/v2\/media?parent=461053"}],"wp:term":[{"taxonomy":"category","embeddable":true,"href":"https:\/\/portaltela.pt\/api\/wp\/v2\/categories?post=461053"},{"taxonomy":"post_tag","embeddable":true,"href":"https:\/\/portaltela.pt\/api\/wp\/v2\/tags?post=461053"}],"curies":[{"name":"wp","href":"https:\/\/api.w.org\/{rel}","templated":true}]}}