{"id":461039,"date":"2026-04-29T06:47:55","date_gmt":"2026-04-29T09:47:55","guid":{"rendered":"https:\/\/portaltela.pt\/noticias\/2026\/04\/29\/bruxelas-exige-meta-mudar-regras-para-bloquear-menores-de-13-nas-redes\/"},"modified":"2026-04-29T06:47:55","modified_gmt":"2026-04-29T09:47:55","slug":"bruxelas-exige-meta-mudar-regras-para-bloquear-menores-de-13-nas-redes","status":"publish","type":"post","link":"https:\/\/portaltela.pt\/tecnologia\/2026\/04\/29\/bruxelas-exige-meta-mudar-regras-para-bloquear-menores-de-13-nas-redes\/","title":{"rendered":"Bruxelas exige Meta mudar regras para bloquear menores de 13 nas redes"},"content":{"rendered":"<p>A Comiss\u00e3o Europeia emitiu uma posi\u00e7\u00e3o dura sobre a Meta, propriet\u00e1ria do Facebook e do Instagram, acusando a empresa de violar o Digital Services Act (DSA) ao permitir o acesso de menores de 13 anos \u00e0s redes sociais. Bruxelas sustenta que as medidas de cumprimento s\u00e3o ineficazes e n\u00e3o impedem o acesso.<\/p>\n<p>A equipa de Ursula von der Leyen indica que as regras n\u00e3o s\u00e3o cumpridas de forma adequada, n\u00e3o identificando nem eliminando prontamente a presen\u00e7a de menores de 13 anos. A ferramenta de den\u00fancia \u00e9 considerada dificultosa e pouco eficaz, exigindo v\u00e1rios cliques para aceder ao formul\u00e1rio.<\/p>\n<p>A Comiss\u00e3o acrescenta que as condi\u00e7\u00f5es gerais da Meta indicam que os servi\u00e7os n\u00e3o se destinam a menores, mas sustenta que o risco de menores acederem \u00e9 subestimado. Dados da UE mostram que cerca de 10-12% das crian\u00e7as com menos de 13 anos j\u00e1 acedem ao Instagram e\/ou ao Facebook.<\/p>\n<p>A equipa de von der Leyen aponta ainda que a Meta tem ignorado provas cient\u00edficas sobre vulnerabilidade de crian\u00e7as mais novas face a plataformas digitais. A Meta deve responder por escrito \u00e0s conclus\u00f5es preliminares e pode corrigir as viola\u00e7\u00f5es identificadas.<\/p>\n<p>Caso persista o incumprimento, a Comiss\u00e3o pode aplicar uma coima at\u00e9 6% do volume de neg\u00f3cios global da empresa e impor san\u00e7\u00f5es adicionais para cumprimento. A a\u00e7\u00e3o surge num momento em que outros pa\u00edses t\u00eam restringido o acesso de adolescentes a redes sociais.<\/p>\n<p>O Instagram e o Facebook j\u00e1 foram alvo de medidas da UE para refor\u00e7ar a verifica\u00e7\u00e3o de idade no espa\u00e7o europeu, tema que persiste \u00e0 luz deste aviso de Bruxelas. A decis\u00e3o final depende das respostas da Meta aos documentos de investiga\u00e7\u00e3o.<\/p>\n","protected":false},"excerpt":{"rendered":"<ul>\n<li>A Comiss\u00e3o Europeia acusa a Meta de violar o Digital Services Act ao permitir o acesso de menores de 13 anos ao Facebook e ao Instagram, sem identificar adequadamente os riscos.<\/li>\n<li>Bruxelas afirma que as medidas da Meta para cumprir a idade m\u00ednima n\u00e3o s\u00e3o eficazes e n\u00e3o impedem adequadamente o acesso de menores.<\/li>\n<li>A UE diz que a ferramenta de den\u00fancia \u00e9 dif\u00edcil de utilizar, exigindo at\u00e9 sete cliques e sem pr\u00e9-preenchimento autom\u00e1tico com dados do utilizador.<\/li>\n<li>A Comiss\u00e3o aponta que cerca de dez a doze por cento das crian\u00e7as com menos de 13 anos acedem ao Instagram e ao Facebook, contrariando as provas dispon\u00edveis na UE.<\/li>\n<li>A Meta tem de responder por escrito e, se persistir o incumprimento, pode enfrentar coimas de at\u00e9 seis por cento do volume de neg\u00f3cios mundial, entre outras san\u00e7\u00f5es para obrigar o cumprimento.<\/li>\n<\/ul>\n","protected":false},"author":2,"featured_media":461042,"comment_status":"closed","ping_status":"closed","sticky":false,"template":"","format":"standard","meta":{"footnotes":""},"categories":[6716],"tags":[8845,8489,8097,8157,8695,8056],"class_list":["post-461039","post","type-post","status-publish","format-standard","has-post-thumbnail","hentry","category-tecnologia","tag-_comissao-europeia","tag-_protecao-de-dados","tag-_protecao-de-menores","tag-_redes-sociais","tag-_seguranca-digital","tag-_uniao-europeia"],"yoast_head":"<!-- This site is optimized with the Yoast SEO plugin v27.2 - https:\/\/yoast.com\/product\/yoast-seo-wordpress\/ -->\n<title>Bruxelas exige Meta mudar regras para bloquear menores de 13 nas redes - Portal Tela Portugal<\/title>\n<meta name=\"robots\" content=\"index, follow, max-snippet:-1, max-image-preview:large, max-video-preview:-1\" \/>\n<meta property=\"og:locale\" content=\"pt_PT\" \/>\n<meta property=\"og:type\" content=\"article\" \/>\n<meta property=\"og:title\" content=\"Bruxelas exige Meta mudar regras para bloquear menores de 13 nas redes - Portal Tela Portugal\" \/>\n<meta property=\"og:description\" content=\"A Comiss\u00e3o Europeia acusa a Meta de violar o Digital Services Act ao permitir o acesso de menores de 13 anos ao Facebook e ao Instagram, sem identificar adequadamente os riscos. Bruxelas afirma que as medidas da Meta para cumprir a idade m\u00ednima n\u00e3o s\u00e3o eficazes e n\u00e3o impedem adequadamente o acesso de menores. A UE diz que a ferramenta de den\u00fancia \u00e9 dif\u00edcil de utilizar, exigindo at\u00e9 sete cliques e sem pr\u00e9-preenchimento autom\u00e1tico com dados do utilizador. A Comiss\u00e3o aponta que cerca de dez a doze por cento das crian\u00e7as com menos de 13 anos acedem ao Instagram e ao Facebook, contrariando as provas dispon\u00edveis na UE. A Meta tem de responder por escrito e, se persistir o incumprimento, pode enfrentar coimas de at\u00e9 seis por cento do volume de neg\u00f3cios mundial, entre outras san\u00e7\u00f5es para obrigar o cumprimento.\" \/>\n<meta property=\"og:url\" content=\"https:\/\/portaltela.pt\/noticias\/2026\/04\/29\/bruxelas-exige-meta-mudar-regras-para-bloquear-menores-de-13-nas-redes\/\" \/>\n<meta property=\"og:site_name\" content=\"Portal Tela Portugal\" \/>\n<meta property=\"article:published_time\" content=\"2026-04-29T09:47:55+00:00\" \/>\n<meta name=\"author\" content=\"Telinha\" \/>\n<meta name=\"twitter:card\" content=\"summary_large_image\" \/>\n<meta name=\"twitter:label1\" content=\"Escrito por\" \/>\n\t<meta name=\"twitter:data1\" content=\"Telinha\" \/>\n\t<meta name=\"twitter:label2\" content=\"Tempo estimado de leitura\" \/>\n\t<meta name=\"twitter:data2\" content=\"1 minuto\" \/>\n<script type=\"application\/ld+json\" class=\"yoast-schema-graph\">{\"@context\":\"https:\/\/schema.org\",\"@graph\":[{\"@type\":\"Article\",\"@id\":\"https:\/\/portaltela.pt\/noticias\/2026\/04\/29\/bruxelas-exige-meta-mudar-regras-para-bloquear-menores-de-13-nas-redes\/#article\",\"isPartOf\":{\"@id\":\"https:\/\/portaltela.pt\/noticias\/2026\/04\/29\/bruxelas-exige-meta-mudar-regras-para-bloquear-menores-de-13-nas-redes\/\"},\"author\":{\"name\":\"Telinha\",\"@id\":\"https:\/\/portaltela.pt\/#\/schema\/person\/c4278d4a6028830caff9ee44b42d32ed\"},\"headline\":\"Bruxelas exige Meta mudar regras para bloquear menores de 13 nas redes\",\"datePublished\":\"2026-04-29T09:47:55+00:00\",\"mainEntityOfPage\":{\"@id\":\"https:\/\/portaltela.pt\/noticias\/2026\/04\/29\/bruxelas-exige-meta-mudar-regras-para-bloquear-menores-de-13-nas-redes\/\"},\"wordCount\":310,\"image\":{\"@id\":\"https:\/\/portaltela.pt\/noticias\/2026\/04\/29\/bruxelas-exige-meta-mudar-regras-para-bloquear-menores-de-13-nas-redes\/#primaryimage\"},\"thumbnailUrl\":\"https:\/\/portaltela.pt\/s.01k8rhncp4jt1\/2026\/04\/img_920x518uu2026-04-29-10-37-11-2435864.jpg\",\"keywords\":[\"_Comiss\u00e3o Europeia\",\"_prote\u00e7\u00e3o de dados\",\"_prote\u00e7\u00e3o de menores\",\"_redes sociais\",\"_seguran\u00e7a digital\",\"_Uni\u00e3o Europeia\"],\"articleSection\":[\"Tecnologia\"],\"inLanguage\":\"pt-PT\"},{\"@type\":\"WebPage\",\"@id\":\"https:\/\/portaltela.pt\/noticias\/2026\/04\/29\/bruxelas-exige-meta-mudar-regras-para-bloquear-menores-de-13-nas-redes\/\",\"url\":\"https:\/\/portaltela.pt\/noticias\/2026\/04\/29\/bruxelas-exige-meta-mudar-regras-para-bloquear-menores-de-13-nas-redes\/\",\"name\":\"Bruxelas exige Meta mudar regras para bloquear menores de 13 nas redes - Portal Tela Portugal\",\"isPartOf\":{\"@id\":\"https:\/\/portaltela.pt\/#website\"},\"primaryImageOfPage\":{\"@id\":\"https:\/\/portaltela.pt\/noticias\/2026\/04\/29\/bruxelas-exige-meta-mudar-regras-para-bloquear-menores-de-13-nas-redes\/#primaryimage\"},\"image\":{\"@id\":\"https:\/\/portaltela.pt\/noticias\/2026\/04\/29\/bruxelas-exige-meta-mudar-regras-para-bloquear-menores-de-13-nas-redes\/#primaryimage\"},\"thumbnailUrl\":\"https:\/\/portaltela.pt\/s.01k8rhncp4jt1\/2026\/04\/img_920x518uu2026-04-29-10-37-11-2435864.jpg\",\"datePublished\":\"2026-04-29T09:47:55+00:00\",\"author\":{\"@id\":\"https:\/\/portaltela.pt\/#\/schema\/person\/c4278d4a6028830caff9ee44b42d32ed\"},\"breadcrumb\":{\"@id\":\"https:\/\/portaltela.pt\/noticias\/2026\/04\/29\/bruxelas-exige-meta-mudar-regras-para-bloquear-menores-de-13-nas-redes\/#breadcrumb\"},\"inLanguage\":\"pt-PT\",\"potentialAction\":[{\"@type\":\"ReadAction\",\"target\":[\"https:\/\/portaltela.pt\/noticias\/2026\/04\/29\/bruxelas-exige-meta-mudar-regras-para-bloquear-menores-de-13-nas-redes\/\"]}]},{\"@type\":\"ImageObject\",\"inLanguage\":\"pt-PT\",\"@id\":\"https:\/\/portaltela.pt\/noticias\/2026\/04\/29\/bruxelas-exige-meta-mudar-regras-para-bloquear-menores-de-13-nas-redes\/#primaryimage\",\"url\":\"https:\/\/portaltela.pt\/s.01k8rhncp4jt1\/2026\/04\/img_920x518uu2026-04-29-10-37-11-2435864.jpg\",\"contentUrl\":\"https:\/\/portaltela.pt\/s.01k8rhncp4jt1\/2026\/04\/img_920x518uu2026-04-29-10-37-11-2435864.jpg\",\"width\":796,\"height\":448,\"caption\":\"Mark Zuckerberg, CEO da Meta.\"},{\"@type\":\"BreadcrumbList\",\"@id\":\"https:\/\/portaltela.pt\/noticias\/2026\/04\/29\/bruxelas-exige-meta-mudar-regras-para-bloquear-menores-de-13-nas-redes\/#breadcrumb\",\"itemListElement\":[{\"@type\":\"ListItem\",\"position\":1,\"name\":\"In\u00edcio\",\"item\":\"https:\/\/portaltela.pt\/\"},{\"@type\":\"ListItem\",\"position\":2,\"name\":\"Bruxelas exige Meta mudar regras para bloquear menores de 13 nas redes\"}]},{\"@type\":\"WebSite\",\"@id\":\"https:\/\/portaltela.pt\/#website\",\"url\":\"https:\/\/portaltela.pt\/\",\"name\":\"Portal Tela Portugal\",\"description\":\"\",\"potentialAction\":[{\"@type\":\"SearchAction\",\"target\":{\"@type\":\"EntryPoint\",\"urlTemplate\":\"https:\/\/portaltela.pt\/?s={search_term_string}\"},\"query-input\":{\"@type\":\"PropertyValueSpecification\",\"valueRequired\":true,\"valueName\":\"search_term_string\"}}],\"inLanguage\":\"pt-PT\"},{\"@type\":\"Person\",\"@id\":\"https:\/\/portaltela.pt\/#\/schema\/person\/c4278d4a6028830caff9ee44b42d32ed\",\"name\":\"Telinha\",\"image\":{\"@type\":\"ImageObject\",\"inLanguage\":\"pt-PT\",\"@id\":\"https:\/\/portaltela.pt\/s.01k8rhncp4jt1\/2025\/11\/talking-bot-125x125.png\",\"url\":\"https:\/\/portaltela.pt\/s.01k8rhncp4jt1\/2025\/11\/talking-bot-125x125.png\",\"contentUrl\":\"https:\/\/portaltela.pt\/s.01k8rhncp4jt1\/2025\/11\/talking-bot-125x125.png\",\"caption\":\"Telinha\"},\"sameAs\":[\"https:\/\/portaltela.pt\/\"],\"url\":\"https:\/\/portaltela.pt\/por\/367410592786\/\"}]}<\/script>\n<!-- \/ Yoast SEO plugin. -->","yoast_head_json":{"title":"Bruxelas exige Meta mudar regras para bloquear menores de 13 nas redes - Portal Tela Portugal","robots":{"index":"index","follow":"follow","max-snippet":"max-snippet:-1","max-image-preview":"max-image-preview:large","max-video-preview":"max-video-preview:-1"},"og_locale":"pt_PT","og_type":"article","og_title":"Bruxelas exige Meta mudar regras para bloquear menores de 13 nas redes - Portal Tela Portugal","og_description":"A Comiss\u00e3o Europeia acusa a Meta de violar o Digital Services Act ao permitir o acesso de menores de 13 anos ao Facebook e ao Instagram, sem identificar adequadamente os riscos. Bruxelas afirma que as medidas da Meta para cumprir a idade m\u00ednima n\u00e3o s\u00e3o eficazes e n\u00e3o impedem adequadamente o acesso de menores. A UE diz que a ferramenta de den\u00fancia \u00e9 dif\u00edcil de utilizar, exigindo at\u00e9 sete cliques e sem pr\u00e9-preenchimento autom\u00e1tico com dados do utilizador. A Comiss\u00e3o aponta que cerca de dez a doze por cento das crian\u00e7as com menos de 13 anos acedem ao Instagram e ao Facebook, contrariando as provas dispon\u00edveis na UE. A Meta tem de responder por escrito e, se persistir o incumprimento, pode enfrentar coimas de at\u00e9 seis por cento do volume de neg\u00f3cios mundial, entre outras san\u00e7\u00f5es para obrigar o cumprimento.","og_url":"https:\/\/portaltela.pt\/noticias\/2026\/04\/29\/bruxelas-exige-meta-mudar-regras-para-bloquear-menores-de-13-nas-redes\/","og_site_name":"Portal Tela Portugal","article_published_time":"2026-04-29T09:47:55+00:00","author":"Telinha","twitter_card":"summary_large_image","twitter_misc":{"Escrito por":"Telinha","Tempo estimado de leitura":"1 minuto"},"schema":{"@context":"https:\/\/schema.org","@graph":[{"@type":"Article","@id":"https:\/\/portaltela.pt\/noticias\/2026\/04\/29\/bruxelas-exige-meta-mudar-regras-para-bloquear-menores-de-13-nas-redes\/#article","isPartOf":{"@id":"https:\/\/portaltela.pt\/noticias\/2026\/04\/29\/bruxelas-exige-meta-mudar-regras-para-bloquear-menores-de-13-nas-redes\/"},"author":{"name":"Telinha","@id":"https:\/\/portaltela.pt\/#\/schema\/person\/c4278d4a6028830caff9ee44b42d32ed"},"headline":"Bruxelas exige Meta mudar regras para bloquear menores de 13 nas redes","datePublished":"2026-04-29T09:47:55+00:00","mainEntityOfPage":{"@id":"https:\/\/portaltela.pt\/noticias\/2026\/04\/29\/bruxelas-exige-meta-mudar-regras-para-bloquear-menores-de-13-nas-redes\/"},"wordCount":310,"image":{"@id":"https:\/\/portaltela.pt\/noticias\/2026\/04\/29\/bruxelas-exige-meta-mudar-regras-para-bloquear-menores-de-13-nas-redes\/#primaryimage"},"thumbnailUrl":"https:\/\/portaltela.pt\/s.01k8rhncp4jt1\/2026\/04\/img_920x518uu2026-04-29-10-37-11-2435864.jpg","keywords":["_Comiss\u00e3o Europeia","_prote\u00e7\u00e3o de dados","_prote\u00e7\u00e3o de menores","_redes sociais","_seguran\u00e7a digital","_Uni\u00e3o Europeia"],"articleSection":["Tecnologia"],"inLanguage":"pt-PT"},{"@type":"WebPage","@id":"https:\/\/portaltela.pt\/noticias\/2026\/04\/29\/bruxelas-exige-meta-mudar-regras-para-bloquear-menores-de-13-nas-redes\/","url":"https:\/\/portaltela.pt\/noticias\/2026\/04\/29\/bruxelas-exige-meta-mudar-regras-para-bloquear-menores-de-13-nas-redes\/","name":"Bruxelas exige Meta mudar regras para bloquear menores de 13 nas redes - Portal Tela Portugal","isPartOf":{"@id":"https:\/\/portaltela.pt\/#website"},"primaryImageOfPage":{"@id":"https:\/\/portaltela.pt\/noticias\/2026\/04\/29\/bruxelas-exige-meta-mudar-regras-para-bloquear-menores-de-13-nas-redes\/#primaryimage"},"image":{"@id":"https:\/\/portaltela.pt\/noticias\/2026\/04\/29\/bruxelas-exige-meta-mudar-regras-para-bloquear-menores-de-13-nas-redes\/#primaryimage"},"thumbnailUrl":"https:\/\/portaltela.pt\/s.01k8rhncp4jt1\/2026\/04\/img_920x518uu2026-04-29-10-37-11-2435864.jpg","datePublished":"2026-04-29T09:47:55+00:00","author":{"@id":"https:\/\/portaltela.pt\/#\/schema\/person\/c4278d4a6028830caff9ee44b42d32ed"},"breadcrumb":{"@id":"https:\/\/portaltela.pt\/noticias\/2026\/04\/29\/bruxelas-exige-meta-mudar-regras-para-bloquear-menores-de-13-nas-redes\/#breadcrumb"},"inLanguage":"pt-PT","potentialAction":[{"@type":"ReadAction","target":["https:\/\/portaltela.pt\/noticias\/2026\/04\/29\/bruxelas-exige-meta-mudar-regras-para-bloquear-menores-de-13-nas-redes\/"]}]},{"@type":"ImageObject","inLanguage":"pt-PT","@id":"https:\/\/portaltela.pt\/noticias\/2026\/04\/29\/bruxelas-exige-meta-mudar-regras-para-bloquear-menores-de-13-nas-redes\/#primaryimage","url":"https:\/\/portaltela.pt\/s.01k8rhncp4jt1\/2026\/04\/img_920x518uu2026-04-29-10-37-11-2435864.jpg","contentUrl":"https:\/\/portaltela.pt\/s.01k8rhncp4jt1\/2026\/04\/img_920x518uu2026-04-29-10-37-11-2435864.jpg","width":796,"height":448,"caption":"Mark Zuckerberg, CEO da Meta."},{"@type":"BreadcrumbList","@id":"https:\/\/portaltela.pt\/noticias\/2026\/04\/29\/bruxelas-exige-meta-mudar-regras-para-bloquear-menores-de-13-nas-redes\/#breadcrumb","itemListElement":[{"@type":"ListItem","position":1,"name":"In\u00edcio","item":"https:\/\/portaltela.pt\/"},{"@type":"ListItem","position":2,"name":"Bruxelas exige Meta mudar regras para bloquear menores de 13 nas redes"}]},{"@type":"WebSite","@id":"https:\/\/portaltela.pt\/#website","url":"https:\/\/portaltela.pt\/","name":"Portal Tela Portugal","description":"","potentialAction":[{"@type":"SearchAction","target":{"@type":"EntryPoint","urlTemplate":"https:\/\/portaltela.pt\/?s={search_term_string}"},"query-input":{"@type":"PropertyValueSpecification","valueRequired":true,"valueName":"search_term_string"}}],"inLanguage":"pt-PT"},{"@type":"Person","@id":"https:\/\/portaltela.pt\/#\/schema\/person\/c4278d4a6028830caff9ee44b42d32ed","name":"Telinha","image":{"@type":"ImageObject","inLanguage":"pt-PT","@id":"https:\/\/portaltela.pt\/s.01k8rhncp4jt1\/2025\/11\/talking-bot-125x125.png","url":"https:\/\/portaltela.pt\/s.01k8rhncp4jt1\/2025\/11\/talking-bot-125x125.png","contentUrl":"https:\/\/portaltela.pt\/s.01k8rhncp4jt1\/2025\/11\/talking-bot-125x125.png","caption":"Telinha"},"sameAs":["https:\/\/portaltela.pt\/"],"url":"https:\/\/portaltela.pt\/por\/367410592786\/"}]}},"_links":{"self":[{"href":"https:\/\/portaltela.pt\/api\/wp\/v2\/posts\/461039","targetHints":{"allow":["GET"]}}],"collection":[{"href":"https:\/\/portaltela.pt\/api\/wp\/v2\/posts"}],"about":[{"href":"https:\/\/portaltela.pt\/api\/wp\/v2\/types\/post"}],"author":[{"embeddable":true,"href":"https:\/\/portaltela.pt\/api\/wp\/v2\/users\/2"}],"replies":[{"embeddable":true,"href":"https:\/\/portaltela.pt\/api\/wp\/v2\/comments?post=461039"}],"version-history":[{"count":0,"href":"https:\/\/portaltela.pt\/api\/wp\/v2\/posts\/461039\/revisions"}],"wp:featuredmedia":[{"embeddable":true,"href":"https:\/\/portaltela.pt\/api\/wp\/v2\/media\/461042"}],"wp:attachment":[{"href":"https:\/\/portaltela.pt\/api\/wp\/v2\/media?parent=461039"}],"wp:term":[{"taxonomy":"category","embeddable":true,"href":"https:\/\/portaltela.pt\/api\/wp\/v2\/categories?post=461039"},{"taxonomy":"post_tag","embeddable":true,"href":"https:\/\/portaltela.pt\/api\/wp\/v2\/tags?post=461039"}],"curies":[{"name":"wp","href":"https:\/\/api.w.org\/{rel}","templated":true}]}}