{"id":461037,"date":"2026-04-29T06:47:53","date_gmt":"2026-04-29T09:47:53","guid":{"rendered":"https:\/\/portaltela.pt\/noticias\/2026\/04\/29\/quase-100-motoristas-e-operadores-tvde-protestam-em-lisboa\/"},"modified":"2026-04-29T06:47:53","modified_gmt":"2026-04-29T09:47:53","slug":"quase-100-motoristas-e-operadores-tvde-protestam-em-lisboa","status":"publish","type":"post","link":"https:\/\/portaltela.pt\/sociedade\/2026\/04\/29\/quase-100-motoristas-e-operadores-tvde-protestam-em-lisboa\/","title":{"rendered":"Quase 100 motoristas e operadores TVDE protestam em Lisboa"},"content":{"rendered":"<p>Cerca de 100 motoristas e operadores TVDE concentraram-se junto ao Campo Grande, em Lisboa, nesta quarta-feira. O protesto exige aumento urgente das tarifas, rejei\u00e7\u00e3o da entrada do t\u00e1xi no regime TVDE e apoio ao pre\u00e7o dos combust\u00edveis. O objetivo \u00e9 manter o setor sob as regras atuais e alertar o Governo.<\/p>\n<p>Os manifestantes previam seguir a p\u00e9 para as sedes da Bolt, na Avenida da Liberdade, e da Uber, na Avenida Barbosa du Bocage, com uma passagem prevista pela Assembleia da Rep\u00fablica por volta das 13:00. Um dos intervenientes utilizou um megafone para convocar os colegas a fazerem barulho e a manter o foco no objetivo da a\u00e7\u00e3o.<\/p>\n<p>Entre as reivindica\u00e7\u00f5es est\u00e3o o aumento das tarifas por parte das plataformas, a rejei\u00e7\u00e3o de mudan\u00e7as que permitem o t\u00e1xi entrar no regime TVDE e um apelo ao Governo para apoiar o setor face aos custos com combust\u00edveis. Organiza\u00e7\u00f5es associadas ao movimento confirmaram a ades\u00e3o e repetiram o alinhamento em tr\u00eas pontos-chave.<\/p>\n<p>Segundo Ivo Fernandes, da Associa\u00e7\u00e3o Portuguesa de Transportadores em Autom\u00f3veis Descaracterizados (APTAD), e Victor Soares, da ANM-TVDE, o protesto reflecte reivindica\u00e7\u00f5es comuns apesar de diferen\u00e7as internas. Promotores e criadores de conte\u00fado ligados ao TVDE integram o movimento, incluindo Bruno Benedito, Tiago TVDE do tuga, Rui TVDE e Am\u00e9rico Matos.<\/p>\n<p>Durante a manh\u00e3, os organizadores entregaram em m\u00e3os um caderno reivindicativo dirigido \u00e0s plataformas e aos decisores pol\u00edticos. Em paralelo, um grupo que se identifica como trabalhadores de Glovo, Uber Eats e TVDE anunciou uma paralisa\u00e7\u00e3o de 24 horas para o mesmo dia.<\/p>\n<p>Dados oficiais da plataforma de monitoriza\u00e7\u00e3o do Instituto da Mobilidade e dos Transportes, em parceria com a Uber e a Bolt, indicam que, em mar\u00e7o, estavam ativos 39.615 motoristas certificados e 14.649 operadores ativos no conjunto do pa\u00eds. As cifras ajudam a fundamentar a mobiliza\u00e7\u00e3o do setor.<\/p>\n","protected":false},"excerpt":{"rendered":"<ul>\n<li>Cerca de 100 motoristas e operadores TVDE concentram-se junto ao Campo Grande, em Lisboa, exigindo aumento das tarifas, exclus\u00e3o do t\u00e1xi no setor e apoio aos combust\u00edveis.<\/li>\n<li>Protesto prev\u00ea marcha a p\u00e9 at\u00e9 \u00e0s sedes da Bolt, na Avenida da Liberdade, e da Uber, na Avenida Barbosa du Bocage, com chegada prevista \u00e0 Assembleia da Rep\u00fablica por volta das 13h.<\/li>\n<li>Um dos manifestantes pediu aos colegas para ligarem as apps, mas n\u00e3o aceitarem servi\u00e7os, num ato de protesto com megafone e coro de assobios, palmas e apitos.<\/li>\n<li>As reivindica\u00e7\u00f5es centrais s\u00e3o o aumento urgente das tarifas, a rejei\u00e7\u00e3o da entrada do t\u00e1xi no regime TVDE e o apoio ao aumento do pre\u00e7o dos combust\u00edveis.<\/li>\n<li>O movimento \u00e9 promovido pela Associa\u00e7\u00e3o Portuguesa de Transportadores em Autom\u00f3veis Descaracterizados (APTAD) e pela Associa\u00e7\u00e3o Nacional Movimento \u2014 TVDE (ANM-TVDE); dados oficiais indicam 39.615 motoristas certificados ativos e 14.649 operadores ativos em mar\u00e7o.<\/li>\n<\/ul>\n","protected":false},"author":2,"featured_media":461041,"comment_status":"closed","ping_status":"closed","sticky":false,"template":"","format":"standard","meta":{"footnotes":""},"categories":[1,6871],"tags":[7974,8319,8652,8042,8287,9064],"class_list":["post-461037","post","type-post","status-publish","format-standard","has-post-thumbnail","hentry","category-noticias","category-sociedade","tag-_lisboa","tag-_mobilidade-urbana","tag-_protestos","tag-_trabalhadores","tag-_transporte","tag-_transporte-publico"],"yoast_head":"<!-- This site is optimized with the Yoast SEO plugin v27.2 - https:\/\/yoast.com\/product\/yoast-seo-wordpress\/ -->\n<title>Quase 100 motoristas e operadores TVDE protestam em Lisboa - Portal Tela Portugal<\/title>\n<meta name=\"robots\" content=\"index, follow, max-snippet:-1, max-image-preview:large, max-video-preview:-1\" \/>\n<meta property=\"og:locale\" content=\"pt_PT\" \/>\n<meta property=\"og:type\" content=\"article\" \/>\n<meta property=\"og:title\" content=\"Quase 100 motoristas e operadores TVDE protestam em Lisboa - Portal Tela Portugal\" \/>\n<meta property=\"og:description\" content=\"Cerca de 100 motoristas e operadores TVDE concentram-se junto ao Campo Grande, em Lisboa, exigindo aumento das tarifas, exclus\u00e3o do t\u00e1xi no setor e apoio aos combust\u00edveis. Protesto prev\u00ea marcha a p\u00e9 at\u00e9 \u00e0s sedes da Bolt, na Avenida da Liberdade, e da Uber, na Avenida Barbosa du Bocage, com chegada prevista \u00e0 Assembleia da Rep\u00fablica por volta das 13h. Um dos manifestantes pediu aos colegas para ligarem as apps, mas n\u00e3o aceitarem servi\u00e7os, num ato de protesto com megafone e coro de assobios, palmas e apitos. As reivindica\u00e7\u00f5es centrais s\u00e3o o aumento urgente das tarifas, a rejei\u00e7\u00e3o da entrada do t\u00e1xi no regime TVDE e o apoio ao aumento do pre\u00e7o dos combust\u00edveis. O movimento \u00e9 promovido pela Associa\u00e7\u00e3o Portuguesa de Transportadores em Autom\u00f3veis Descaracterizados (APTAD) e pela Associa\u00e7\u00e3o Nacional Movimento \u2014 TVDE (ANM-TVDE); dados oficiais indicam 39.615 motoristas certificados ativos e 14.649 operadores ativos em mar\u00e7o.\" \/>\n<meta property=\"og:url\" content=\"https:\/\/portaltela.pt\/noticias\/2026\/04\/29\/quase-100-motoristas-e-operadores-tvde-protestam-em-lisboa\/\" \/>\n<meta property=\"og:site_name\" content=\"Portal Tela Portugal\" \/>\n<meta property=\"article:published_time\" content=\"2026-04-29T09:47:53+00:00\" \/>\n<meta name=\"author\" content=\"Telinha\" \/>\n<meta name=\"twitter:card\" content=\"summary_large_image\" \/>\n<meta name=\"twitter:label1\" content=\"Escrito por\" \/>\n\t<meta name=\"twitter:data1\" content=\"Telinha\" \/>\n\t<meta name=\"twitter:label2\" content=\"Tempo estimado de leitura\" \/>\n\t<meta name=\"twitter:data2\" content=\"2 minutos\" \/>\n<script type=\"application\/ld+json\" class=\"yoast-schema-graph\">{\"@context\":\"https:\/\/schema.org\",\"@graph\":[{\"@type\":\"Article\",\"@id\":\"https:\/\/portaltela.pt\/noticias\/2026\/04\/29\/quase-100-motoristas-e-operadores-tvde-protestam-em-lisboa\/#article\",\"isPartOf\":{\"@id\":\"https:\/\/portaltela.pt\/noticias\/2026\/04\/29\/quase-100-motoristas-e-operadores-tvde-protestam-em-lisboa\/\"},\"author\":{\"name\":\"Telinha\",\"@id\":\"https:\/\/portaltela.pt\/#\/schema\/person\/c4278d4a6028830caff9ee44b42d32ed\"},\"headline\":\"Quase 100 motoristas e operadores TVDE protestam em Lisboa\",\"datePublished\":\"2026-04-29T09:47:53+00:00\",\"mainEntityOfPage\":{\"@id\":\"https:\/\/portaltela.pt\/noticias\/2026\/04\/29\/quase-100-motoristas-e-operadores-tvde-protestam-em-lisboa\/\"},\"wordCount\":329,\"image\":{\"@id\":\"https:\/\/portaltela.pt\/noticias\/2026\/04\/29\/quase-100-motoristas-e-operadores-tvde-protestam-em-lisboa\/#primaryimage\"},\"thumbnailUrl\":\"https:\/\/portaltela.pt\/s.01k8rhncp4jt1\/2026\/04\/img_1500x1000uu2023-03-08-20-21-42-1296861.jpg\",\"keywords\":[\"_Lisboa\",\"_mobilidade urbana\",\"_protestos\",\"_trabalhadores\",\"_transporte\",\"_transporte p\u00fablico\"],\"articleSection\":[\"Not\u00edcias\",\"Sociedade\"],\"inLanguage\":\"pt-PT\"},{\"@type\":\"WebPage\",\"@id\":\"https:\/\/portaltela.pt\/noticias\/2026\/04\/29\/quase-100-motoristas-e-operadores-tvde-protestam-em-lisboa\/\",\"url\":\"https:\/\/portaltela.pt\/noticias\/2026\/04\/29\/quase-100-motoristas-e-operadores-tvde-protestam-em-lisboa\/\",\"name\":\"Quase 100 motoristas e operadores TVDE protestam em Lisboa - Portal Tela Portugal\",\"isPartOf\":{\"@id\":\"https:\/\/portaltela.pt\/#website\"},\"primaryImageOfPage\":{\"@id\":\"https:\/\/portaltela.pt\/noticias\/2026\/04\/29\/quase-100-motoristas-e-operadores-tvde-protestam-em-lisboa\/#primaryimage\"},\"image\":{\"@id\":\"https:\/\/portaltela.pt\/noticias\/2026\/04\/29\/quase-100-motoristas-e-operadores-tvde-protestam-em-lisboa\/#primaryimage\"},\"thumbnailUrl\":\"https:\/\/portaltela.pt\/s.01k8rhncp4jt1\/2026\/04\/img_1500x1000uu2023-03-08-20-21-42-1296861.jpg\",\"datePublished\":\"2026-04-29T09:47:53+00:00\",\"author\":{\"@id\":\"https:\/\/portaltela.pt\/#\/schema\/person\/c4278d4a6028830caff9ee44b42d32ed\"},\"breadcrumb\":{\"@id\":\"https:\/\/portaltela.pt\/noticias\/2026\/04\/29\/quase-100-motoristas-e-operadores-tvde-protestam-em-lisboa\/#breadcrumb\"},\"inLanguage\":\"pt-PT\",\"potentialAction\":[{\"@type\":\"ReadAction\",\"target\":[\"https:\/\/portaltela.pt\/noticias\/2026\/04\/29\/quase-100-motoristas-e-operadores-tvde-protestam-em-lisboa\/\"]}]},{\"@type\":\"ImageObject\",\"inLanguage\":\"pt-PT\",\"@id\":\"https:\/\/portaltela.pt\/noticias\/2026\/04\/29\/quase-100-motoristas-e-operadores-tvde-protestam-em-lisboa\/#primaryimage\",\"url\":\"https:\/\/portaltela.pt\/s.01k8rhncp4jt1\/2026\/04\/img_1500x1000uu2023-03-08-20-21-42-1296861.jpg\",\"contentUrl\":\"https:\/\/portaltela.pt\/s.01k8rhncp4jt1\/2026\/04\/img_1500x1000uu2023-03-08-20-21-42-1296861.jpg\",\"width\":796,\"height\":448,\"caption\":\"Motorista, uber, tvde, condutor\"},{\"@type\":\"BreadcrumbList\",\"@id\":\"https:\/\/portaltela.pt\/noticias\/2026\/04\/29\/quase-100-motoristas-e-operadores-tvde-protestam-em-lisboa\/#breadcrumb\",\"itemListElement\":[{\"@type\":\"ListItem\",\"position\":1,\"name\":\"In\u00edcio\",\"item\":\"https:\/\/portaltela.pt\/\"},{\"@type\":\"ListItem\",\"position\":2,\"name\":\"Quase 100 motoristas e operadores TVDE protestam em Lisboa\"}]},{\"@type\":\"WebSite\",\"@id\":\"https:\/\/portaltela.pt\/#website\",\"url\":\"https:\/\/portaltela.pt\/\",\"name\":\"Portal Tela Portugal\",\"description\":\"\",\"potentialAction\":[{\"@type\":\"SearchAction\",\"target\":{\"@type\":\"EntryPoint\",\"urlTemplate\":\"https:\/\/portaltela.pt\/?s={search_term_string}\"},\"query-input\":{\"@type\":\"PropertyValueSpecification\",\"valueRequired\":true,\"valueName\":\"search_term_string\"}}],\"inLanguage\":\"pt-PT\"},{\"@type\":\"Person\",\"@id\":\"https:\/\/portaltela.pt\/#\/schema\/person\/c4278d4a6028830caff9ee44b42d32ed\",\"name\":\"Telinha\",\"image\":{\"@type\":\"ImageObject\",\"inLanguage\":\"pt-PT\",\"@id\":\"https:\/\/portaltela.pt\/s.01k8rhncp4jt1\/2025\/11\/talking-bot-125x125.png\",\"url\":\"https:\/\/portaltela.pt\/s.01k8rhncp4jt1\/2025\/11\/talking-bot-125x125.png\",\"contentUrl\":\"https:\/\/portaltela.pt\/s.01k8rhncp4jt1\/2025\/11\/talking-bot-125x125.png\",\"caption\":\"Telinha\"},\"sameAs\":[\"https:\/\/portaltela.pt\/\"],\"url\":\"https:\/\/portaltela.pt\/por\/367410592786\/\"}]}<\/script>\n<!-- \/ Yoast SEO plugin. -->","yoast_head_json":{"title":"Quase 100 motoristas e operadores TVDE protestam em Lisboa - Portal Tela Portugal","robots":{"index":"index","follow":"follow","max-snippet":"max-snippet:-1","max-image-preview":"max-image-preview:large","max-video-preview":"max-video-preview:-1"},"og_locale":"pt_PT","og_type":"article","og_title":"Quase 100 motoristas e operadores TVDE protestam em Lisboa - Portal Tela Portugal","og_description":"Cerca de 100 motoristas e operadores TVDE concentram-se junto ao Campo Grande, em Lisboa, exigindo aumento das tarifas, exclus\u00e3o do t\u00e1xi no setor e apoio aos combust\u00edveis. Protesto prev\u00ea marcha a p\u00e9 at\u00e9 \u00e0s sedes da Bolt, na Avenida da Liberdade, e da Uber, na Avenida Barbosa du Bocage, com chegada prevista \u00e0 Assembleia da Rep\u00fablica por volta das 13h. Um dos manifestantes pediu aos colegas para ligarem as apps, mas n\u00e3o aceitarem servi\u00e7os, num ato de protesto com megafone e coro de assobios, palmas e apitos. As reivindica\u00e7\u00f5es centrais s\u00e3o o aumento urgente das tarifas, a rejei\u00e7\u00e3o da entrada do t\u00e1xi no regime TVDE e o apoio ao aumento do pre\u00e7o dos combust\u00edveis. O movimento \u00e9 promovido pela Associa\u00e7\u00e3o Portuguesa de Transportadores em Autom\u00f3veis Descaracterizados (APTAD) e pela Associa\u00e7\u00e3o Nacional Movimento \u2014 TVDE (ANM-TVDE); dados oficiais indicam 39.615 motoristas certificados ativos e 14.649 operadores ativos em mar\u00e7o.","og_url":"https:\/\/portaltela.pt\/noticias\/2026\/04\/29\/quase-100-motoristas-e-operadores-tvde-protestam-em-lisboa\/","og_site_name":"Portal Tela Portugal","article_published_time":"2026-04-29T09:47:53+00:00","author":"Telinha","twitter_card":"summary_large_image","twitter_misc":{"Escrito por":"Telinha","Tempo estimado de leitura":"2 minutos"},"schema":{"@context":"https:\/\/schema.org","@graph":[{"@type":"Article","@id":"https:\/\/portaltela.pt\/noticias\/2026\/04\/29\/quase-100-motoristas-e-operadores-tvde-protestam-em-lisboa\/#article","isPartOf":{"@id":"https:\/\/portaltela.pt\/noticias\/2026\/04\/29\/quase-100-motoristas-e-operadores-tvde-protestam-em-lisboa\/"},"author":{"name":"Telinha","@id":"https:\/\/portaltela.pt\/#\/schema\/person\/c4278d4a6028830caff9ee44b42d32ed"},"headline":"Quase 100 motoristas e operadores TVDE protestam em Lisboa","datePublished":"2026-04-29T09:47:53+00:00","mainEntityOfPage":{"@id":"https:\/\/portaltela.pt\/noticias\/2026\/04\/29\/quase-100-motoristas-e-operadores-tvde-protestam-em-lisboa\/"},"wordCount":329,"image":{"@id":"https:\/\/portaltela.pt\/noticias\/2026\/04\/29\/quase-100-motoristas-e-operadores-tvde-protestam-em-lisboa\/#primaryimage"},"thumbnailUrl":"https:\/\/portaltela.pt\/s.01k8rhncp4jt1\/2026\/04\/img_1500x1000uu2023-03-08-20-21-42-1296861.jpg","keywords":["_Lisboa","_mobilidade urbana","_protestos","_trabalhadores","_transporte","_transporte p\u00fablico"],"articleSection":["Not\u00edcias","Sociedade"],"inLanguage":"pt-PT"},{"@type":"WebPage","@id":"https:\/\/portaltela.pt\/noticias\/2026\/04\/29\/quase-100-motoristas-e-operadores-tvde-protestam-em-lisboa\/","url":"https:\/\/portaltela.pt\/noticias\/2026\/04\/29\/quase-100-motoristas-e-operadores-tvde-protestam-em-lisboa\/","name":"Quase 100 motoristas e operadores TVDE protestam em Lisboa - Portal Tela Portugal","isPartOf":{"@id":"https:\/\/portaltela.pt\/#website"},"primaryImageOfPage":{"@id":"https:\/\/portaltela.pt\/noticias\/2026\/04\/29\/quase-100-motoristas-e-operadores-tvde-protestam-em-lisboa\/#primaryimage"},"image":{"@id":"https:\/\/portaltela.pt\/noticias\/2026\/04\/29\/quase-100-motoristas-e-operadores-tvde-protestam-em-lisboa\/#primaryimage"},"thumbnailUrl":"https:\/\/portaltela.pt\/s.01k8rhncp4jt1\/2026\/04\/img_1500x1000uu2023-03-08-20-21-42-1296861.jpg","datePublished":"2026-04-29T09:47:53+00:00","author":{"@id":"https:\/\/portaltela.pt\/#\/schema\/person\/c4278d4a6028830caff9ee44b42d32ed"},"breadcrumb":{"@id":"https:\/\/portaltela.pt\/noticias\/2026\/04\/29\/quase-100-motoristas-e-operadores-tvde-protestam-em-lisboa\/#breadcrumb"},"inLanguage":"pt-PT","potentialAction":[{"@type":"ReadAction","target":["https:\/\/portaltela.pt\/noticias\/2026\/04\/29\/quase-100-motoristas-e-operadores-tvde-protestam-em-lisboa\/"]}]},{"@type":"ImageObject","inLanguage":"pt-PT","@id":"https:\/\/portaltela.pt\/noticias\/2026\/04\/29\/quase-100-motoristas-e-operadores-tvde-protestam-em-lisboa\/#primaryimage","url":"https:\/\/portaltela.pt\/s.01k8rhncp4jt1\/2026\/04\/img_1500x1000uu2023-03-08-20-21-42-1296861.jpg","contentUrl":"https:\/\/portaltela.pt\/s.01k8rhncp4jt1\/2026\/04\/img_1500x1000uu2023-03-08-20-21-42-1296861.jpg","width":796,"height":448,"caption":"Motorista, uber, tvde, condutor"},{"@type":"BreadcrumbList","@id":"https:\/\/portaltela.pt\/noticias\/2026\/04\/29\/quase-100-motoristas-e-operadores-tvde-protestam-em-lisboa\/#breadcrumb","itemListElement":[{"@type":"ListItem","position":1,"name":"In\u00edcio","item":"https:\/\/portaltela.pt\/"},{"@type":"ListItem","position":2,"name":"Quase 100 motoristas e operadores TVDE protestam em Lisboa"}]},{"@type":"WebSite","@id":"https:\/\/portaltela.pt\/#website","url":"https:\/\/portaltela.pt\/","name":"Portal Tela Portugal","description":"","potentialAction":[{"@type":"SearchAction","target":{"@type":"EntryPoint","urlTemplate":"https:\/\/portaltela.pt\/?s={search_term_string}"},"query-input":{"@type":"PropertyValueSpecification","valueRequired":true,"valueName":"search_term_string"}}],"inLanguage":"pt-PT"},{"@type":"Person","@id":"https:\/\/portaltela.pt\/#\/schema\/person\/c4278d4a6028830caff9ee44b42d32ed","name":"Telinha","image":{"@type":"ImageObject","inLanguage":"pt-PT","@id":"https:\/\/portaltela.pt\/s.01k8rhncp4jt1\/2025\/11\/talking-bot-125x125.png","url":"https:\/\/portaltela.pt\/s.01k8rhncp4jt1\/2025\/11\/talking-bot-125x125.png","contentUrl":"https:\/\/portaltela.pt\/s.01k8rhncp4jt1\/2025\/11\/talking-bot-125x125.png","caption":"Telinha"},"sameAs":["https:\/\/portaltela.pt\/"],"url":"https:\/\/portaltela.pt\/por\/367410592786\/"}]}},"_links":{"self":[{"href":"https:\/\/portaltela.pt\/api\/wp\/v2\/posts\/461037","targetHints":{"allow":["GET"]}}],"collection":[{"href":"https:\/\/portaltela.pt\/api\/wp\/v2\/posts"}],"about":[{"href":"https:\/\/portaltela.pt\/api\/wp\/v2\/types\/post"}],"author":[{"embeddable":true,"href":"https:\/\/portaltela.pt\/api\/wp\/v2\/users\/2"}],"replies":[{"embeddable":true,"href":"https:\/\/portaltela.pt\/api\/wp\/v2\/comments?post=461037"}],"version-history":[{"count":0,"href":"https:\/\/portaltela.pt\/api\/wp\/v2\/posts\/461037\/revisions"}],"wp:featuredmedia":[{"embeddable":true,"href":"https:\/\/portaltela.pt\/api\/wp\/v2\/media\/461041"}],"wp:attachment":[{"href":"https:\/\/portaltela.pt\/api\/wp\/v2\/media?parent=461037"}],"wp:term":[{"taxonomy":"category","embeddable":true,"href":"https:\/\/portaltela.pt\/api\/wp\/v2\/categories?post=461037"},{"taxonomy":"post_tag","embeddable":true,"href":"https:\/\/portaltela.pt\/api\/wp\/v2\/tags?post=461037"}],"curies":[{"name":"wp","href":"https:\/\/api.w.org\/{rel}","templated":true}]}}